{"id":116,"date":"2022-03-24T14:26:15","date_gmt":"2022-03-24T14:26:15","guid":{"rendered":"https:\/\/editions.grandpalaisrmn.fr\/blog\/?p=116"},"modified":"2022-08-26T09:41:39","modified_gmt":"2022-08-26T09:41:39","slug":"linvite-des-editions-darco","status":"publish","type":"post","link":"https:\/\/editions.grandpalaisrmn.fr\/blog\/linvite-des-editions-darco\/","title":{"rendered":"L\u2019invit\u00e9 des \u00e9ditions\u00a0: Darco"},"content":{"rendered":"<p class=\"Chapeau_Article\">Tous les mois, les \u00e9ditions invitent une personnalit\u00e9 \u00e0 choisir un ou plusieurs titres parmi leur catalogue. La s\u00e9lection et les commentaires livr\u00e9s par cet invit\u00e9 \u00e9clairent sans nul doute sa personnalit\u00e9\u00a0: \u00ab\u00a0Dis-moi ce que tu lis, je te dirai qui tu es.\u00a0\u00bb (Fran\u00e7ois Mauriac)<\/p>\n<p><img loading=\"lazy\" decoding=\"async\" class=\"alignnone wp-image-123\" src=\"https:\/\/editions.grandpalaisrmn.fr\/blog\/wp-content\/uploads\/2022\/03\/Darco-300x250.jpg\" alt=\"\" width=\"1024\" height=\"853\" srcset=\"https:\/\/editions.grandpalaisrmn.fr\/blog\/wp-content\/uploads\/2022\/03\/Darco-300x250.jpg 300w, https:\/\/editions.grandpalaisrmn.fr\/blog\/wp-content\/uploads\/2022\/03\/Darco-768x641.jpg 768w, https:\/\/editions.grandpalaisrmn.fr\/blog\/wp-content\/uploads\/2022\/03\/Darco.jpg 989w\" sizes=\"(max-width: 1024px) 100vw, 1024px\" \/><\/p>\n<p>La s\u00e9lection de Darco\u00a0:<br \/>\nIl est artiste peintre et l\u2019un des pionniers du graffiti. Pour notre maison d\u2019\u00e9dition, il a con\u00e7u la couverture, la jaquette et le packaging de la version collector du <a href=\"https:\/\/editions.grandpalaisrmn.fr\/fr\/editions\/EK197884\">catalogue <em>Hip-Hop 360<\/em><\/a>\u00a0: une \u0153uvre originale en tirage limit\u00e9, qui accompagne l\u2019exposition \u00e9ponyme \u00e0 la Philharmonie de Paris.<\/p>\n<p><img loading=\"lazy\" decoding=\"async\" class=\"wp-image-128 aligncenter\" src=\"https:\/\/editions.grandpalaisrmn.fr\/blog\/wp-content\/uploads\/2022\/03\/selection_Darco-300x117.jpg\" alt=\"\" width=\"900\" height=\"351\" srcset=\"https:\/\/editions.grandpalaisrmn.fr\/blog\/wp-content\/uploads\/2022\/03\/selection_Darco-300x117.jpg 300w, https:\/\/editions.grandpalaisrmn.fr\/blog\/wp-content\/uploads\/2022\/03\/selection_Darco-768x300.jpg 768w, https:\/\/editions.grandpalaisrmn.fr\/blog\/wp-content\/uploads\/2022\/03\/selection_Darco.jpg 900w\" sizes=\"(max-width: 900px) 100vw, 900px\" \/><\/p>\n<p><a href=\"https:\/\/editions.grandpalaisrmn.fr\/fr\/editions\/EK197875\"><em><strong>Ultime combat. Arts martiaux d\u2019Asie.<\/strong><\/em> Le catalogue de l\u2019exposition au mus\u00e9e du quai Branly \u2013 Jacques Chirac (qui s\u2019est achev\u00e9e le 16 janvier 2022).<\/a><\/p>\n<p>\u00ab\u00a0<em>J\u2019aime les beaux livres d\u2019images. J\u2019appr\u00e9cie autant le contenu que l\u2019objet, qui peut \u00eatre noble.<\/em><br \/>\n<em>Voici un catalogue qui m\u2019a impressionn\u00e9 par sa facture, la technique de sa fabrication, le choix du papier. Il reproduit certaines grandes affiches de cin\u00e9ma placard\u00e9es sur les murs des rues de mon enfance, et r\u00e9veille des souvenirs.<\/em><br \/>\n<em>Je me suis int\u00e9ress\u00e9 tr\u00e8s t\u00f4t aux arts martiaux, qui ont influenc\u00e9 mon rapport \u00e0 l\u2019espace et, au-del\u00e0, mon travail. Je peins \u00e0 la bombe et je projette de la peinture sur un support, sans avoir de contact. Je cherche le geste parfait, \u00e0 la fois spontan\u00e9 et technique, entre geste martial et artistique. Une chor\u00e9graphie en quelque sorte<\/em>.\u00a0\u00bb<\/p>\n<p>&nbsp;<\/p>\n<p><a href=\"https:\/\/editions.grandpalaisrmn.fr\/fr\/editions\/EC106391\"><em><strong>Kupka. Pionnier de l\u2019abstraction.<\/strong><\/em> Le catalogue de l\u2019exposition aux Galeries nationales du Grand Palais (2018).<\/a><\/p>\n<p>\u00ab\u00a0<em>C\u2019est l\u2019histoire de Kupka qui m\u2019int\u00e9resse, plus que ses \u0153uvres. Le catalogue pr\u00e9sente bien l\u2019\u00e9volution de son travail, peut-\u00eatre m\u00e9connu du grand public. Ce qui m\u2019int\u00e9resse, c\u2019est cette \u00e9volution du figuratif vers l\u2019abstraction totale.<\/em><br \/>\n<em>Dans mon travail d\u2019artiste, mon but n\u2019est pas de garder une lettre pour qu\u2019on puisse la lire, mais d\u2019en faire une image esth\u00e9tique. Je prends un symbole, un alphabet, et je les transforme pour les rendre totalement abstraits.\u00a0<\/em>\u00bb<\/p>\n<p>&nbsp;<\/p>\n<p><a href=\"https:\/\/editions.grandpalaisrmn.fr\/fr\/editions\/EK196351\"><em><strong>Herg\u00e9.<\/strong><\/em> Le catalogue de l\u2019exposition aux Galeries nationales du Grand Palais (2016).<\/a><\/p>\n<p>\u00ab\u00a0<em>Le catalogue n\u2019est pas juste un \u00e9ni\u00e8me livre sur Herg\u00e9. J\u2019admire sa facture avec une couverture tr\u00e8s \u00e9paisse, des changements de papiers, des zooms sur les dessins et les croquis.<\/em><br \/>\n<em>Ce catalogue m\u2019a fait voyager et m\u2019a rappel\u00e9 l\u2019ambiance des bandes dessin\u00e9es de Tintin, que j\u2019adorais lire, enfant. Mes premi\u00e8res BD m\u2019ont conduit au dessin et m\u2019ont int\u00e9ress\u00e9 \u00e0 l\u2019histoire, car Tintin et ses amis traversent des moments-cl\u00e9s du <span class=\"pcap\">xx<\/span><sup>e<\/sup> si\u00e8cle. La lecture des BD m\u2019a aid\u00e9 aussi \u00e0 apprendre le fran\u00e7ais, quand je suis arriv\u00e9 en France, tout petit ! J\u2019aime la ligne claire d\u2019Herg\u00e9\u00a0; ce trait de contour qu\u2019on retrouve dans le graffiti, dans les dessins des lettres. Cela a d\u00fb sans doute influencer mon \u00e9veil artistique.<br \/>\nL\u2019expression visuelle a toujours \u00e9t\u00e9 mon langage, mon refuge. L\u00e0 o\u00f9 je me sens le plus \u00e0 l\u2019aise. Tout gamin, je dessinais partout. Je ne m\u2019ennuyais jamais\u2026 Je m\u2019asseyais et je dessinais l\u00e0 o\u00f9 je pouvais, en d\u00e9bordant toujours sur les tables, les murs. Peindre son environnement fait partie de l\u2019\u00eatre humain. C\u2019est un instinct, une partie de l\u2019humanit\u00e9. Chez moi, c\u2019est naturel\u00a0! Les villas romaines, les tombeaux \u00e9gyptiens, l\u2019art pari\u00e9tal des grottes\u00a0: on retrouve toujours des images et des couleurs incroyables sur des lieux fr\u00e9quent\u00e9s.<\/em>\u00a0\u00bb<\/p>\n<div class=\"CallToAction\">\n<p>Consultez les catalogues recommand\u00e9s par Darco :<br \/>\n<a href=\"https:\/\/editions.grandpalaisrmn.fr\/fr\/editions\/EK197875\">Ultime combat<\/a><br \/>\n<a href=\"https:\/\/editions.grandpalaisrmn.fr\/fr\/editions\/EC106391\">Kupka<\/a><br \/>\n<a href=\"https:\/\/editions.grandpalaisrmn.fr\/fr\/editions\/EK196351\">Herg\u00e9<\/a><\/p>\n<p><a href=\"https:\/\/editions.grandpalaisrmn.fr\/blog\/le-collector-hip-hop-360-une-performance-artistique\/\">D\u00e9couvrez la fabrication du catalogue <br class=\"br-500\" \/>collector Hip-Hop 360<\/a><\/p>\n<\/div>\n","protected":false},"excerpt":{"rendered":"<p>Tous les mois, les \u00e9ditions invitent une personnalit\u00e9 \u00e0 choisir un ou plusieurs titres parmi leur catalogue. La s\u00e9lection et les commentaires livr\u00e9s par cet invit\u00e9 \u00e9clairent sans nul doute sa personnalit\u00e9\u00a0: \u00ab\u00a0Dis-moi ce que tu lis, je te dirai qui tu es.\u00a0\u00bb (Fran\u00e7ois Mauriac) La s\u00e9lection de Darco\u00a0: Il est artiste peintre et l\u2019un&#8230;<\/p>\n","protected":false},"author":1,"featured_media":0,"comment_status":"open","ping_status":"closed","sticky":false,"template":"","format":"standard","meta":{"footnotes":""},"categories":[5],"tags":[],"class_list":["post-116","post","type-post","status-publish","format-standard","hentry","category-evenement"],"yoast_head":"<!-- This site is optimized with the Yoast SEO plugin v22.7 - https:\/\/yoast.com\/wordpress\/plugins\/seo\/ -->\n<title>L\u2019invit\u00e9 des \u00e9ditions\u00a0: Darco - Actualit\u00e9s de GrandPalaisRmn\u00c9ditions<\/title>\n<meta name=\"robots\" content=\"index, follow, max-snippet:-1, max-image-preview:large, max-video-preview:-1\" \/>\n<link rel=\"canonical\" href=\"https:\/\/editions.grandpalaisrmn.fr\/blog\/linvite-des-editions-darco\/\" \/>\n<meta property=\"og:locale\" content=\"fr_FR\" \/>\n<meta property=\"og:type\" content=\"article\" \/>\n<meta property=\"og:title\" content=\"L\u2019invit\u00e9 des \u00e9ditions\u00a0: Darco - Actualit\u00e9s de GrandPalaisRmn\u00c9ditions\" \/>\n<meta property=\"og:description\" content=\"Tous les mois, les \u00e9ditions invitent une personnalit\u00e9 \u00e0 choisir un ou plusieurs titres parmi leur catalogue. La s\u00e9lection et les commentaires livr\u00e9s par cet invit\u00e9 \u00e9clairent sans nul doute sa personnalit\u00e9\u00a0: \u00ab\u00a0Dis-moi ce que tu lis, je te dirai qui tu es.\u00a0\u00bb (Fran\u00e7ois Mauriac) La s\u00e9lection de Darco\u00a0: Il est artiste peintre et l\u2019un...\" \/>\n<meta property=\"og:url\" content=\"https:\/\/editions.grandpalaisrmn.fr\/blog\/linvite-des-editions-darco\/\" \/>\n<meta property=\"og:site_name\" content=\"Actualit\u00e9s de GrandPalaisRmn\u00c9ditions\" \/>\n<meta property=\"article:publisher\" content=\"https:\/\/www.facebook.com\/EditionsRmnGP\/\" \/>\n<meta property=\"article:published_time\" content=\"2022-03-24T14:26:15+00:00\" \/>\n<meta property=\"article:modified_time\" content=\"2022-08-26T09:41:39+00:00\" \/>\n<meta property=\"og:image\" content=\"https:\/\/editions.grandpalaisrmn.fr\/blog\/wp-content\/uploads\/2022\/03\/Darco-300x250.jpg\" \/>\n<meta name=\"author\" content=\"admin\" \/>\n<meta name=\"twitter:card\" content=\"summary_large_image\" \/>\n<meta name=\"twitter:label1\" content=\"\u00c9crit par\" \/>\n\t<meta name=\"twitter:data1\" content=\"admin\" \/>\n\t<meta name=\"twitter:label2\" content=\"Dur\u00e9e de lecture estim\u00e9e\" \/>\n\t<meta name=\"twitter:data2\" content=\"3 minutes\" \/>\n<script type=\"application\/ld+json\" class=\"yoast-schema-graph\">{\"@context\":\"https:\/\/schema.org\",\"@graph\":[{\"@type\":\"Article\",\"@id\":\"https:\/\/editions.grandpalaisrmn.fr\/blog\/linvite-des-editions-darco\/#article\",\"isPartOf\":{\"@id\":\"https:\/\/editions.grandpalaisrmn.fr\/blog\/linvite-des-editions-darco\/\"},\"author\":{\"name\":\"admin\",\"@id\":\"https:\/\/editions.grandpalaisrmn.fr\/blog\/#\/schema\/person\/df4f655e9df6cfe1d48590c891fe6b82\"},\"headline\":\"L\u2019invit\u00e9 des \u00e9ditions\u00a0: Darco\",\"datePublished\":\"2022-03-24T14:26:15+00:00\",\"dateModified\":\"2022-08-26T09:41:39+00:00\",\"mainEntityOfPage\":{\"@id\":\"https:\/\/editions.grandpalaisrmn.fr\/blog\/linvite-des-editions-darco\/\"},\"wordCount\":629,\"commentCount\":0,\"publisher\":{\"@id\":\"https:\/\/editions.grandpalaisrmn.fr\/blog\/#organization\"},\"image\":{\"@id\":\"https:\/\/editions.grandpalaisrmn.fr\/blog\/linvite-des-editions-darco\/#primaryimage\"},\"thumbnailUrl\":\"https:\/\/editions.grandpalaisrmn.fr\/blog\/wp-content\/uploads\/2022\/03\/Darco-300x250.jpg\",\"articleSection\":[\"\u00c9v\u00e8nement\"],\"inLanguage\":\"fr-FR\",\"potentialAction\":[{\"@type\":\"CommentAction\",\"name\":\"Comment\",\"target\":[\"https:\/\/editions.grandpalaisrmn.fr\/blog\/linvite-des-editions-darco\/#respond\"]}]},{\"@type\":\"WebPage\",\"@id\":\"https:\/\/editions.grandpalaisrmn.fr\/blog\/linvite-des-editions-darco\/\",\"url\":\"https:\/\/editions.grandpalaisrmn.fr\/blog\/linvite-des-editions-darco\/\",\"name\":\"L\u2019invit\u00e9 des \u00e9ditions\u00a0: Darco - Actualit\u00e9s de GrandPalaisRmn\u00c9ditions\",\"isPartOf\":{\"@id\":\"https:\/\/editions.grandpalaisrmn.fr\/blog\/#website\"},\"primaryImageOfPage\":{\"@id\":\"https:\/\/editions.grandpalaisrmn.fr\/blog\/linvite-des-editions-darco\/#primaryimage\"},\"image\":{\"@id\":\"https:\/\/editions.grandpalaisrmn.fr\/blog\/linvite-des-editions-darco\/#primaryimage\"},\"thumbnailUrl\":\"https:\/\/editions.grandpalaisrmn.fr\/blog\/wp-content\/uploads\/2022\/03\/Darco-300x250.jpg\",\"datePublished\":\"2022-03-24T14:26:15+00:00\",\"dateModified\":\"2022-08-26T09:41:39+00:00\",\"breadcrumb\":{\"@id\":\"https:\/\/editions.grandpalaisrmn.fr\/blog\/linvite-des-editions-darco\/#breadcrumb\"},\"inLanguage\":\"fr-FR\",\"potentialAction\":[{\"@type\":\"ReadAction\",\"target\":[\"https:\/\/editions.grandpalaisrmn.fr\/blog\/linvite-des-editions-darco\/\"]}]},{\"@type\":\"ImageObject\",\"inLanguage\":\"fr-FR\",\"@id\":\"https:\/\/editions.grandpalaisrmn.fr\/blog\/linvite-des-editions-darco\/#primaryimage\",\"url\":\"https:\/\/editions.grandpalaisrmn.fr\/blog\/wp-content\/uploads\/2022\/03\/Darco.jpg\",\"contentUrl\":\"https:\/\/editions.grandpalaisrmn.fr\/blog\/wp-content\/uploads\/2022\/03\/Darco.jpg\",\"width\":989,\"height\":825},{\"@type\":\"BreadcrumbList\",\"@id\":\"https:\/\/editions.grandpalaisrmn.fr\/blog\/linvite-des-editions-darco\/#breadcrumb\",\"itemListElement\":[{\"@type\":\"ListItem\",\"position\":1,\"name\":\"Accueil\",\"item\":\"https:\/\/editions.grandpalaisrmn.fr\/blog\/\"},{\"@type\":\"ListItem\",\"position\":2,\"name\":\"L\u2019invit\u00e9 des \u00e9ditions\u00a0: Darco\"}]},{\"@type\":\"WebSite\",\"@id\":\"https:\/\/editions.grandpalaisrmn.fr\/blog\/#website\",\"url\":\"https:\/\/editions.grandpalaisrmn.fr\/blog\/\",\"name\":\"Actualit\u00e9s de GrandPalaisRmn\u00c9ditions\",\"description\":\"\",\"publisher\":{\"@id\":\"https:\/\/editions.grandpalaisrmn.fr\/blog\/#organization\"},\"potentialAction\":[{\"@type\":\"SearchAction\",\"target\":{\"@type\":\"EntryPoint\",\"urlTemplate\":\"https:\/\/editions.grandpalaisrmn.fr\/blog\/?s={search_term_string}\"},\"query-input\":\"required name=search_term_string\"}],\"inLanguage\":\"fr-FR\"},{\"@type\":\"Organization\",\"@id\":\"https:\/\/editions.grandpalaisrmn.fr\/blog\/#organization\",\"name\":\"Les \u00e9ditions de la Rmn-GP\",\"url\":\"https:\/\/editions.grandpalaisrmn.fr\/blog\/\",\"logo\":{\"@type\":\"ImageObject\",\"inLanguage\":\"fr-FR\",\"@id\":\"https:\/\/editions.grandpalaisrmn.fr\/blog\/#\/schema\/logo\/image\/\",\"url\":\"https:\/\/editions.grandpalaisrmn.fr\/blog\/wp-content\/uploads\/2022\/06\/RMN-GP_logoNoir.png\",\"contentUrl\":\"https:\/\/editions.grandpalaisrmn.fr\/blog\/wp-content\/uploads\/2022\/06\/RMN-GP_logoNoir.png\",\"width\":787,\"height\":788,\"caption\":\"Les \u00e9ditions de la Rmn-GP\"},\"image\":{\"@id\":\"https:\/\/editions.grandpalaisrmn.fr\/blog\/#\/schema\/logo\/image\/\"},\"sameAs\":[\"https:\/\/www.facebook.com\/EditionsRmnGP\/\",\"https:\/\/www.pinterest.fr\/editionsRmnGP\",\"https:\/\/www.instagram.com\/les_editions_de_la_rmngp\/\"]},{\"@type\":\"Person\",\"@id\":\"https:\/\/editions.grandpalaisrmn.fr\/blog\/#\/schema\/person\/df4f655e9df6cfe1d48590c891fe6b82\",\"name\":\"admin\",\"image\":{\"@type\":\"ImageObject\",\"inLanguage\":\"fr-FR\",\"@id\":\"https:\/\/editions.grandpalaisrmn.fr\/blog\/#\/schema\/person\/image\/\",\"url\":\"https:\/\/secure.gravatar.com\/avatar\/2beb26b736c247331cd5f9cb1f595938?s=96&d=mm&r=g\",\"contentUrl\":\"https:\/\/secure.gravatar.com\/avatar\/2beb26b736c247331cd5f9cb1f595938?s=96&d=mm&r=g\",\"caption\":\"admin\"},\"sameAs\":[\"https:\/\/ppeditions.labrmngp.fr\/blog\"],\"url\":\"https:\/\/editions.grandpalaisrmn.fr\/blog\/author\/blog-admin_editions\/\"}]}<\/script>\n<!-- \/ Yoast SEO plugin. -->","yoast_head_json":{"title":"L\u2019invit\u00e9 des \u00e9ditions\u00a0: Darco - Actualit\u00e9s de GrandPalaisRmn\u00c9ditions","robots":{"index":"index","follow":"follow","max-snippet":"max-snippet:-1","max-image-preview":"max-image-preview:large","max-video-preview":"max-video-preview:-1"},"canonical":"https:\/\/editions.grandpalaisrmn.fr\/blog\/linvite-des-editions-darco\/","og_locale":"fr_FR","og_type":"article","og_title":"L\u2019invit\u00e9 des \u00e9ditions\u00a0: Darco - Actualit\u00e9s de GrandPalaisRmn\u00c9ditions","og_description":"Tous les mois, les \u00e9ditions invitent une personnalit\u00e9 \u00e0 choisir un ou plusieurs titres parmi leur catalogue. La s\u00e9lection et les commentaires livr\u00e9s par cet invit\u00e9 \u00e9clairent sans nul doute sa personnalit\u00e9\u00a0: \u00ab\u00a0Dis-moi ce que tu lis, je te dirai qui tu es.\u00a0\u00bb (Fran\u00e7ois Mauriac) La s\u00e9lection de Darco\u00a0: Il est artiste peintre et l\u2019un...","og_url":"https:\/\/editions.grandpalaisrmn.fr\/blog\/linvite-des-editions-darco\/","og_site_name":"Actualit\u00e9s de GrandPalaisRmn\u00c9ditions","article_publisher":"https:\/\/www.facebook.com\/EditionsRmnGP\/","article_published_time":"2022-03-24T14:26:15+00:00","article_modified_time":"2022-08-26T09:41:39+00:00","og_image":[{"url":"https:\/\/editions.grandpalaisrmn.fr\/blog\/wp-content\/uploads\/2022\/03\/Darco-300x250.jpg"}],"author":"admin","twitter_card":"summary_large_image","twitter_misc":{"\u00c9crit par":"admin","Dur\u00e9e de lecture estim\u00e9e":"3 minutes"},"schema":{"@context":"https:\/\/schema.org","@graph":[{"@type":"Article","@id":"https:\/\/editions.grandpalaisrmn.fr\/blog\/linvite-des-editions-darco\/#article","isPartOf":{"@id":"https:\/\/editions.grandpalaisrmn.fr\/blog\/linvite-des-editions-darco\/"},"author":{"name":"admin","@id":"https:\/\/editions.grandpalaisrmn.fr\/blog\/#\/schema\/person\/df4f655e9df6cfe1d48590c891fe6b82"},"headline":"L\u2019invit\u00e9 des \u00e9ditions\u00a0: Darco","datePublished":"2022-03-24T14:26:15+00:00","dateModified":"2022-08-26T09:41:39+00:00","mainEntityOfPage":{"@id":"https:\/\/editions.grandpalaisrmn.fr\/blog\/linvite-des-editions-darco\/"},"wordCount":629,"commentCount":0,"publisher":{"@id":"https:\/\/editions.grandpalaisrmn.fr\/blog\/#organization"},"image":{"@id":"https:\/\/editions.grandpalaisrmn.fr\/blog\/linvite-des-editions-darco\/#primaryimage"},"thumbnailUrl":"https:\/\/editions.grandpalaisrmn.fr\/blog\/wp-content\/uploads\/2022\/03\/Darco-300x250.jpg","articleSection":["\u00c9v\u00e8nement"],"inLanguage":"fr-FR","potentialAction":[{"@type":"CommentAction","name":"Comment","target":["https:\/\/editions.grandpalaisrmn.fr\/blog\/linvite-des-editions-darco\/#respond"]}]},{"@type":"WebPage","@id":"https:\/\/editions.grandpalaisrmn.fr\/blog\/linvite-des-editions-darco\/","url":"https:\/\/editions.grandpalaisrmn.fr\/blog\/linvite-des-editions-darco\/","name":"L\u2019invit\u00e9 des \u00e9ditions\u00a0: Darco - Actualit\u00e9s de GrandPalaisRmn\u00c9ditions","isPartOf":{"@id":"https:\/\/editions.grandpalaisrmn.fr\/blog\/#website"},"primaryImageOfPage":{"@id":"https:\/\/editions.grandpalaisrmn.fr\/blog\/linvite-des-editions-darco\/#primaryimage"},"image":{"@id":"https:\/\/editions.grandpalaisrmn.fr\/blog\/linvite-des-editions-darco\/#primaryimage"},"thumbnailUrl":"https:\/\/editions.grandpalaisrmn.fr\/blog\/wp-content\/uploads\/2022\/03\/Darco-300x250.jpg","datePublished":"2022-03-24T14:26:15+00:00","dateModified":"2022-08-26T09:41:39+00:00","breadcrumb":{"@id":"https:\/\/editions.grandpalaisrmn.fr\/blog\/linvite-des-editions-darco\/#breadcrumb"},"inLanguage":"fr-FR","potentialAction":[{"@type":"ReadAction","target":["https:\/\/editions.grandpalaisrmn.fr\/blog\/linvite-des-editions-darco\/"]}]},{"@type":"ImageObject","inLanguage":"fr-FR","@id":"https:\/\/editions.grandpalaisrmn.fr\/blog\/linvite-des-editions-darco\/#primaryimage","url":"https:\/\/editions.grandpalaisrmn.fr\/blog\/wp-content\/uploads\/2022\/03\/Darco.jpg","contentUrl":"https:\/\/editions.grandpalaisrmn.fr\/blog\/wp-content\/uploads\/2022\/03\/Darco.jpg","width":989,"height":825},{"@type":"BreadcrumbList","@id":"https:\/\/editions.grandpalaisrmn.fr\/blog\/linvite-des-editions-darco\/#breadcrumb","itemListElement":[{"@type":"ListItem","position":1,"name":"Accueil","item":"https:\/\/editions.grandpalaisrmn.fr\/blog\/"},{"@type":"ListItem","position":2,"name":"L\u2019invit\u00e9 des \u00e9ditions\u00a0: Darco"}]},{"@type":"WebSite","@id":"https:\/\/editions.grandpalaisrmn.fr\/blog\/#website","url":"https:\/\/editions.grandpalaisrmn.fr\/blog\/","name":"Actualit\u00e9s de GrandPalaisRmn\u00c9ditions","description":"","publisher":{"@id":"https:\/\/editions.grandpalaisrmn.fr\/blog\/#organization"},"potentialAction":[{"@type":"SearchAction","target":{"@type":"EntryPoint","urlTemplate":"https:\/\/editions.grandpalaisrmn.fr\/blog\/?s={search_term_string}"},"query-input":"required name=search_term_string"}],"inLanguage":"fr-FR"},{"@type":"Organization","@id":"https:\/\/editions.grandpalaisrmn.fr\/blog\/#organization","name":"Les \u00e9ditions de la Rmn-GP","url":"https:\/\/editions.grandpalaisrmn.fr\/blog\/","logo":{"@type":"ImageObject","inLanguage":"fr-FR","@id":"https:\/\/editions.grandpalaisrmn.fr\/blog\/#\/schema\/logo\/image\/","url":"https:\/\/editions.grandpalaisrmn.fr\/blog\/wp-content\/uploads\/2022\/06\/RMN-GP_logoNoir.png","contentUrl":"https:\/\/editions.grandpalaisrmn.fr\/blog\/wp-content\/uploads\/2022\/06\/RMN-GP_logoNoir.png","width":787,"height":788,"caption":"Les \u00e9ditions de la Rmn-GP"},"image":{"@id":"https:\/\/editions.grandpalaisrmn.fr\/blog\/#\/schema\/logo\/image\/"},"sameAs":["https:\/\/www.facebook.com\/EditionsRmnGP\/","https:\/\/www.pinterest.fr\/editionsRmnGP","https:\/\/www.instagram.com\/les_editions_de_la_rmngp\/"]},{"@type":"Person","@id":"https:\/\/editions.grandpalaisrmn.fr\/blog\/#\/schema\/person\/df4f655e9df6cfe1d48590c891fe6b82","name":"admin","image":{"@type":"ImageObject","inLanguage":"fr-FR","@id":"https:\/\/editions.grandpalaisrmn.fr\/blog\/#\/schema\/person\/image\/","url":"https:\/\/secure.gravatar.com\/avatar\/2beb26b736c247331cd5f9cb1f595938?s=96&d=mm&r=g","contentUrl":"https:\/\/secure.gravatar.com\/avatar\/2beb26b736c247331cd5f9cb1f595938?s=96&d=mm&r=g","caption":"admin"},"sameAs":["https:\/\/ppeditions.labrmngp.fr\/blog"],"url":"https:\/\/editions.grandpalaisrmn.fr\/blog\/author\/blog-admin_editions\/"}]}},"_links":{"self":[{"href":"https:\/\/editions.grandpalaisrmn.fr\/blog\/wp-json\/wp\/v2\/posts\/116"}],"collection":[{"href":"https:\/\/editions.grandpalaisrmn.fr\/blog\/wp-json\/wp\/v2\/posts"}],"about":[{"href":"https:\/\/editions.grandpalaisrmn.fr\/blog\/wp-json\/wp\/v2\/types\/post"}],"author":[{"embeddable":true,"href":"https:\/\/editions.grandpalaisrmn.fr\/blog\/wp-json\/wp\/v2\/users\/1"}],"replies":[{"embeddable":true,"href":"https:\/\/editions.grandpalaisrmn.fr\/blog\/wp-json\/wp\/v2\/comments?post=116"}],"version-history":[{"count":23,"href":"https:\/\/editions.grandpalaisrmn.fr\/blog\/wp-json\/wp\/v2\/posts\/116\/revisions"}],"predecessor-version":[{"id":407,"href":"https:\/\/editions.grandpalaisrmn.fr\/blog\/wp-json\/wp\/v2\/posts\/116\/revisions\/407"}],"wp:attachment":[{"href":"https:\/\/editions.grandpalaisrmn.fr\/blog\/wp-json\/wp\/v2\/media?parent=116"}],"wp:term":[{"taxonomy":"category","embeddable":true,"href":"https:\/\/editions.grandpalaisrmn.fr\/blog\/wp-json\/wp\/v2\/categories?post=116"},{"taxonomy":"post_tag","embeddable":true,"href":"https:\/\/editions.grandpalaisrmn.fr\/blog\/wp-json\/wp\/v2\/tags?post=116"}],"curies":[{"name":"wp","href":"https:\/\/api.w.org\/{rel}","templated":true}]}}