{"id":1214,"date":"2023-11-20T11:38:47","date_gmt":"2023-11-20T11:38:47","guid":{"rendered":"https:\/\/editions.grandpalaisrmn.fr\/blog\/?p=1214"},"modified":"2026-02-10T13:47:30","modified_gmt":"2026-02-10T13:47:30","slug":"podcast-en-avant-les-histoires-de-lart","status":"publish","type":"post","link":"https:\/\/editions.grandpalaisrmn.fr\/blog\/podcast-en-avant-les-histoires-de-lart\/","title":{"rendered":"<em>En avant les histoires de l\u2019art !<\/em> : de l&rsquo;album au podcast.  Nos \u00e9ditions font entendre leur voix avec Merlin"},"content":{"rendered":"<p class=\"Chapeau_Article\">Nos \u00e9ditions lancent leur premier podcast Jeunesse sur l\u2019histoire de l\u2019art, une adaptation audio d&rsquo;<em>En avant les histoires de l\u2019art !<\/em> propos\u00e9e sur l&rsquo;enceinte Merlin.<br \/>\nCl\u00e9mence Simon, l\u2019autrice des contenus, et Marie Baranger, productrice, d\u00e9voilent pour nos \u00e9ditions les coulisses de cette nouvelle production.<\/p>\n<figure id=\"attachment_1264\" aria-describedby=\"caption-attachment-1264\" style=\"width: 1024px\" class=\"wp-caption aligncenter\"><img loading=\"lazy\" decoding=\"async\" class=\"size-full wp-image-1264\" src=\"https:\/\/editions.grandpalaisrmn.fr\/blog\/wp-content\/uploads\/2023\/11\/article_10-01.jpg\" alt=\"Un enfant \u00e9coute le podcast\" width=\"1024\" height=\"773\" srcset=\"https:\/\/editions.grandpalaisrmn.fr\/blog\/wp-content\/uploads\/2023\/11\/article_10-01.jpg 1024w, https:\/\/editions.grandpalaisrmn.fr\/blog\/wp-content\/uploads\/2023\/11\/article_10-01-300x226.jpg 300w, https:\/\/editions.grandpalaisrmn.fr\/blog\/wp-content\/uploads\/2023\/11\/article_10-01-768x580.jpg 768w\" sizes=\"(max-width: 1024px) 100vw, 1024px\" \/><figcaption id=\"caption-attachment-1264\" class=\"wp-caption-text\"><em> En avant les histoires de l&rsquo;art ! sur l&rsquo;enceinte Merlin \u00a9 GrandPalaisRmn\u00c9ditions, 2023<\/em><\/figcaption><\/figure>\n<p>\u00ab\u00a0Tu veux dire, c\u2019est ce portrait qui a fait scandale\u00a0? [\u2026] Rapha\u00ebl, tu m\u2019as emmen\u00e9e au ch\u00e2teau de Versailles. J\u2019ai toujours r\u00eav\u00e9 de le visiter. C\u2019est par l\u00e0, la galerie des Glaces\u00a0?<br \/>\n&#8211; Rosa, reviens. Tu joueras les touristes apr\u00e8s\u00a0!\u00a0\u00bb<br \/>\nLes bruits de pas laissent bient\u00f4t place \u00e0 de joyeux chants d\u2019oiseaux\u00a0: tandis que Rapha\u00ebl traverse les jardins du ch\u00e2teau avec Rosa, sa jeune \u00e9l\u00e8ve, il lui raconte l\u2019histoire d\u2019\u00c9lisabeth Vig\u00e9e-Le Brun, l\u2019une des rares femmes peintres \u00e0 une \u00e9poque o\u00f9 ce m\u00e9tier \u00e9tait traditionnellement r\u00e9serv\u00e9 aux hommes, et l\u2019emm\u00e8ne d\u00e9couvrir son \u0153uvre phare, le <em>Portrait de Marie-Antoinette \u00e0 la rose.<\/em><\/p>\n<p>Attentif, Marcello \u00e9coute l\u2019un des dix \u00e9pisodes audio d\u2019<em>En avant les histoires de l\u2019art\u00a0! <\/em>sur Merlin, son petit transistor cubique, au look vintage, qu\u2019il emm\u00e8ne partout avec lui.<br \/>\nChacun des \u00e9pisodes de la s\u00e9rie raconte les aventures d\u2019une petite fille apprentie peintre, Rosa, et de son ma\u00eetre d\u2019art, Rapha\u00ebl, qui lui fait d\u00e9couvrir les secrets des chefs-d\u2019\u0153uvre les plus c\u00e9l\u00e8bres en explorant les mus\u00e9es et les ch\u00e2teaux qui les exposent.<br \/>\n\u00ab L\u2019int\u00e9r\u00eat du podcast pour le jeune public est qu\u2019il propose des histoires sans \u00e9cran ; il d\u00e9veloppe l\u2019imaginaire et la cr\u00e9ativit\u00e9 des enfants, explique Marie Baranger. Le podcast existe depuis plus de quinze ans, mais, en France, il a \u00e9t\u00e9 propuls\u00e9 pendant le premier confinement, il y a trois ans. Cette alternative aux \u00e9crans propose un r\u00e9cit intime qui divertit, informe et permet de s\u2019\u00e9vader du quotidien. Elle int\u00e9resse beaucoup le corps enseignant, qui s\u2019en empare aujourd\u2019hui. \u00bb<\/p>\n<p>Pour fabriquer ces histoires d\u2019art \u00e0 \u00e9couter, nos \u00e9ditions ont r\u00e9uni diff\u00e9rents acteurs de la production de podcast. Un groupe de travail s\u2019est constitu\u00e9 autour de Cl\u00e9mence Simon, l\u2019autrice de l\u2019album <a href=\"https:\/\/editions.grandpalaisrmn.fr\/fr\/editions\/JA107939\"><em>En avant les histoires de l\u2019art !<\/em><\/a>, de Marie Baranger, productrice \u00e0 la soci\u00e9t\u00e9 Clap Audio, d\u2019H\u00e9l\u00e8ne George, responsable du d\u00e9veloppement de <a href=\"https:\/\/www.hello-merlin.com\/\" target=\"_blank\" rel=\"noopener\">Merlin<\/a> et, du c\u00f4t\u00e9 de nos \u00e9ditions, du bin\u00f4me form\u00e9 par notre responsable commerciale, Marie Potdevin, et par notre directrice, Sophie Laporte.<\/p>\n<p>\u00ab Nous avons commenc\u00e9 par s\u00e9lectionner dix \u0153uvres parmi les trente-quatre que propose l\u2019album, en privil\u00e9giant des artistes et des peintures susceptibles de toucher les enfants et qui permettent de retracer les p\u00e9riodes importantes de l\u2019histoire de l\u2019art, de la plus ancienne \u00e0 la plus r\u00e9cente, raconte Cl\u00e9mence Simon. Une fois les \u0153uvres s\u00e9lectionn\u00e9es, pour dynamiser le r\u00e9cit et proposer une immersion aux enfants, nous avons choisi de raconter l\u2019histoire \u00e0 travers un dialogue initiatique entre deux personnages : Rapha\u00ebl, un ma\u00eetre d\u2019atelier comme il en existait, notamment, \u00e0 la Renaissance, et Rosa, une jeune apprentie.<br \/>\nJ\u2019ai propos\u00e9 assez rapidement le pr\u00e9nom de Rosa, en hommage \u00e0 Rosa Bonheur, une femme d\u2019avant-garde en mati\u00e8re d\u2019\u00e9mancipation, qui a su int\u00e9grer les contraintes de son temps tout en cherchant \u00e0 les d\u00e9tourner, pour tracer sa route. Ses \u0153uvres avaient r\u00e9cemment fait l\u2019objet d\u2019une r\u00e9trospective au <a href=\"https:\/\/editions.grandpalaisrmn.fr\/fr\/editions\/GB106433\">mus\u00e9e d\u2019Orsay<\/a> ; j\u2019avais travaill\u00e9 sur les audioguides de l\u2019exposition et sur un num\u00e9ro sp\u00e9cial pour la revue DADA. Pour le pr\u00e9nom de Rapha\u00ebl, le choix a \u00e9t\u00e9 un peu plus long. C\u2019est Marie Baranger, la productrice, qui a propos\u00e9 ce pr\u00e9nom mixte \u00e0 consonance artistique.<br \/>\nEnsuite, j\u2019ai commenc\u00e9 l\u2019\u00e9criture. Nous n\u2019allions pas reprendre le texte tel quel ; il fallait que je l\u2019oralise, en imaginant les interactions entre les personnages, en leur donnant corps. Au fur et \u00e0 mesure de l\u2019\u00e9criture, je partageais mes textes dans un dossier sur le cloud, avec mes suggestions de rythmes, de d\u00e9coupages et d\u2019habillages sonores. Chacune de nous faisait alors ses commentaires et je r\u00e9ajustais mon travail. Notre groupe \u00e9tait tr\u00e8s agr\u00e9able, toujours dans le dialogue, l\u2019\u00e9change et la confiance. Enfin, Jocelyn Salabert, ing\u00e9nieur du son et musicien, a finalis\u00e9 l\u2019habillage sonore, et a ajout\u00e9 un jingle qui constitue l\u2019identit\u00e9 de la s\u00e9rie. \u00bb<\/p>\n<figure id=\"attachment_1261\" aria-describedby=\"caption-attachment-1261\" style=\"width: 900px\" class=\"wp-caption aligncenter\"><img loading=\"lazy\" decoding=\"async\" class=\"size-full wp-image-1261\" src=\"https:\/\/editions.grandpalaisrmn.fr\/blog\/wp-content\/uploads\/2023\/11\/article_10-04-1.jpg\" alt=\"Cl\u00e9mence Simon pause en tenant un exemplaire de l'album dans ses bras\" width=\"900\" height=\"1121\" srcset=\"https:\/\/editions.grandpalaisrmn.fr\/blog\/wp-content\/uploads\/2023\/11\/article_10-04-1.jpg 900w, https:\/\/editions.grandpalaisrmn.fr\/blog\/wp-content\/uploads\/2023\/11\/article_10-04-1-241x300.jpg 241w, https:\/\/editions.grandpalaisrmn.fr\/blog\/wp-content\/uploads\/2023\/11\/article_10-04-1-822x1024.jpg 822w, https:\/\/editions.grandpalaisrmn.fr\/blog\/wp-content\/uploads\/2023\/11\/article_10-04-1-768x957.jpg 768w, https:\/\/editions.grandpalaisrmn.fr\/blog\/wp-content\/uploads\/2023\/11\/article_10-04-1-617x768.jpg 617w\" sizes=\"(max-width: 900px) 100vw, 900px\" \/><figcaption id=\"caption-attachment-1261\" class=\"wp-caption-text\">Cl\u00e9mence Simon, autrice de l\u2019album <em>En avant les histoires de l\u2019art !, <\/em>et de son adaptation audio pour Merlin<\/figcaption><\/figure>\n<p>Compl\u00e9mentaires de l\u2019\u00e9crit, ces histoires sensorielles, qui enrichissent notre catalogue, proposent une approche d\u00e9complex\u00e9e de l\u2019histoire de l\u2019art \u00e0 un public que les mus\u00e9es pourraient intimider. C\u2019est l\u2019avis de l\u2019autrice, Cl\u00e9mence Simon, qui souligne le r\u00f4le majeur des livres dans son amour des arts : \u00ab Dans ma biblioth\u00e8que, j\u2019ai encore les livres de <a href=\"https:\/\/editions.grandpalaisrmn.fr\/fr\/editions\/par-auteur\/sellier_marie\">Marie Sellier<\/a>, \u00e9dit\u00e9s par GrandPalaisRmn\u00c9ditions dans les ann\u00e9es 1990, que mon p\u00e8re me ramenait souvent de ses balades \u00e0 Paris et des mus\u00e9es qu\u2019il visitait. Ils ont forg\u00e9 mon regard et ma curiosit\u00e9 artistique. C\u2019est \u00e0 travers des titres comme <em>M comme Matisse<\/em> que ma passion pour l\u2019art est n\u00e9e.<br \/>\nDans le podcast, il y a une vraie volont\u00e9 de d\u00e9mocratiser l\u2019histoire de l\u2019art, qui me touche particuli\u00e8rement. J\u2019ai envie que ces immersions sonores touchent assez les enfants pour leur donner envie de feuilleter les ouvrages sur l\u2019art, de venir voir les \u0153uvres in situ, et enfin, que ces productions audio soient consid\u00e9r\u00e9es comme une initiation \u00e0 la curiosit\u00e9, une invitation \u00e0 la d\u00e9couverte.\u00a0\u00bb<\/p>\n<div class=\"CallToAction\">\n<p><a href=\"https:\/\/editions.grandpalaisrmn.fr\/fr\/editions\/JA107939\">Feuilletez l&rsquo;album<\/a><\/p>\n<p><a href=\"https:\/\/editions.grandpalaisrmn.fr\/fr\/editions\/par-categorie\/jeunesse\">D\u00e9couvrez nos ouvrages Jeunesse<\/a><\/p>\n<p><a href=\"https:\/\/www.hello-merlin.com\/produit\/en-avant-les-histoires-de-lart\/\">Acc\u00e9dez au podcast sur la plateforme Merlin<\/a><\/p>\n<p><a href=\"https:\/\/editions.grandpalaisrmn.fr\/fr\/editions\/lettre-information\">Suivez notre actualit\u00e9 et abonnez-vous \u00e0 notre magazine<\/a><\/p>\n<\/div>\n","protected":false},"excerpt":{"rendered":"<p>Nos \u00e9ditions lancent leur premier podcast Jeunesse sur l\u2019histoire de l\u2019art, une adaptation audio d&rsquo;En avant les histoires de l\u2019art ! propos\u00e9e sur l&rsquo;enceinte Merlin. Cl\u00e9mence Simon, l\u2019autrice des contenus, et Marie Baranger, productrice, d\u00e9voilent pour nos \u00e9ditions les coulisses de cette nouvelle production. \u00ab\u00a0Tu veux dire, c\u2019est ce portrait qui a fait scandale\u00a0? [\u2026]&#8230;<\/p>\n","protected":false},"author":1,"featured_media":0,"comment_status":"closed","ping_status":"closed","sticky":false,"template":"","format":"standard","meta":{"footnotes":""},"categories":[3,4],"tags":[],"class_list":["post-1214","post","type-post","status-publish","format-standard","hentry","category-edition","category-partenariats"],"yoast_head":"<!-- This site is optimized with the Yoast SEO plugin v22.7 - https:\/\/yoast.com\/wordpress\/plugins\/seo\/ -->\n<title>Podcast Jeunesse En avant les histoires de l\u2019art !<\/title>\n<meta name=\"description\" content=\"Les \u00e9ditions de la Rmn-GP s&#039;associent avec Merlin et lancent leur premier podcast, nous vous racontons les coulisses de cette nouvelle production\" \/>\n<meta name=\"robots\" content=\"index, follow, max-snippet:-1, max-image-preview:large, max-video-preview:-1\" \/>\n<link rel=\"canonical\" href=\"https:\/\/editions.grandpalaisrmn.fr\/blog\/podcast-en-avant-les-histoires-de-lart\/\" \/>\n<meta property=\"og:locale\" content=\"fr_FR\" \/>\n<meta property=\"og:type\" content=\"article\" \/>\n<meta property=\"og:title\" content=\"En avant les histoires de l\u2019art !, de l&#039;album au podcast. Nos \u00e9ditions font entendre leur voix avec Merlin\" \/>\n<meta property=\"og:description\" content=\"Les \u00e9ditions de la Rmn-GP s&#039;associent avec Merlin et lancent leur premier podcast, nous vous racontons les coulisses de cette nouvelle production\" \/>\n<meta property=\"og:url\" content=\"https:\/\/editions.grandpalaisrmn.fr\/blog\/podcast-en-avant-les-histoires-de-lart\/\" \/>\n<meta property=\"og:site_name\" content=\"Actualit\u00e9s de GrandPalaisRmn\u00c9ditions\" \/>\n<meta property=\"article:publisher\" content=\"https:\/\/www.facebook.com\/EditionsRmnGP\/\" \/>\n<meta property=\"article:published_time\" content=\"2023-11-20T11:38:47+00:00\" \/>\n<meta property=\"article:modified_time\" content=\"2026-02-10T13:47:30+00:00\" \/>\n<meta property=\"og:image\" content=\"https:\/\/editions.grandpalaisrmn.fr\/blog\/wp-content\/uploads\/2023\/11\/article_10-01.jpg\" \/>\n<meta name=\"author\" content=\"admin\" \/>\n<meta name=\"twitter:card\" content=\"summary_large_image\" \/>\n<meta name=\"twitter:title\" content=\"En avant les histoires de l\u2019art !, de l&#039;album au podcast. Nos \u00e9ditions font entendre leur voix avec Merlin\" \/>\n<meta name=\"twitter:label1\" content=\"\u00c9crit par\" \/>\n\t<meta name=\"twitter:data1\" content=\"admin\" \/>\n\t<meta name=\"twitter:label2\" content=\"Dur\u00e9e de lecture estim\u00e9e\" \/>\n\t<meta name=\"twitter:data2\" content=\"5 minutes\" \/>\n<script type=\"application\/ld+json\" class=\"yoast-schema-graph\">{\"@context\":\"https:\/\/schema.org\",\"@graph\":[{\"@type\":\"Article\",\"@id\":\"https:\/\/editions.grandpalaisrmn.fr\/blog\/podcast-en-avant-les-histoires-de-lart\/#article\",\"isPartOf\":{\"@id\":\"https:\/\/editions.grandpalaisrmn.fr\/blog\/podcast-en-avant-les-histoires-de-lart\/\"},\"author\":{\"name\":\"admin\",\"@id\":\"https:\/\/editions.grandpalaisrmn.fr\/blog\/#\/schema\/person\/df4f655e9df6cfe1d48590c891fe6b82\"},\"headline\":\"En avant les histoires de l\u2019art ! : de l&rsquo;album au podcast. Nos \u00e9ditions font entendre leur voix avec Merlin\",\"datePublished\":\"2023-11-20T11:38:47+00:00\",\"dateModified\":\"2026-02-10T13:47:30+00:00\",\"mainEntityOfPage\":{\"@id\":\"https:\/\/editions.grandpalaisrmn.fr\/blog\/podcast-en-avant-les-histoires-de-lart\/\"},\"wordCount\":1049,\"publisher\":{\"@id\":\"https:\/\/editions.grandpalaisrmn.fr\/blog\/#organization\"},\"image\":{\"@id\":\"https:\/\/editions.grandpalaisrmn.fr\/blog\/podcast-en-avant-les-histoires-de-lart\/#primaryimage\"},\"thumbnailUrl\":\"https:\/\/editions.grandpalaisrmn.fr\/blog\/wp-content\/uploads\/2023\/11\/article_10-01.jpg\",\"articleSection\":[\"\u00c9dition\",\"Partenariats\"],\"inLanguage\":\"fr-FR\"},{\"@type\":\"WebPage\",\"@id\":\"https:\/\/editions.grandpalaisrmn.fr\/blog\/podcast-en-avant-les-histoires-de-lart\/\",\"url\":\"https:\/\/editions.grandpalaisrmn.fr\/blog\/podcast-en-avant-les-histoires-de-lart\/\",\"name\":\"Podcast Jeunesse En avant les histoires de l\u2019art !\",\"isPartOf\":{\"@id\":\"https:\/\/editions.grandpalaisrmn.fr\/blog\/#website\"},\"primaryImageOfPage\":{\"@id\":\"https:\/\/editions.grandpalaisrmn.fr\/blog\/podcast-en-avant-les-histoires-de-lart\/#primaryimage\"},\"image\":{\"@id\":\"https:\/\/editions.grandpalaisrmn.fr\/blog\/podcast-en-avant-les-histoires-de-lart\/#primaryimage\"},\"thumbnailUrl\":\"https:\/\/editions.grandpalaisrmn.fr\/blog\/wp-content\/uploads\/2023\/11\/article_10-01.jpg\",\"datePublished\":\"2023-11-20T11:38:47+00:00\",\"dateModified\":\"2026-02-10T13:47:30+00:00\",\"description\":\"Les \u00e9ditions de la Rmn-GP s'associent avec Merlin et lancent leur premier podcast, nous vous racontons les coulisses de cette nouvelle production\",\"breadcrumb\":{\"@id\":\"https:\/\/editions.grandpalaisrmn.fr\/blog\/podcast-en-avant-les-histoires-de-lart\/#breadcrumb\"},\"inLanguage\":\"fr-FR\",\"potentialAction\":[{\"@type\":\"ReadAction\",\"target\":[\"https:\/\/editions.grandpalaisrmn.fr\/blog\/podcast-en-avant-les-histoires-de-lart\/\"]}]},{\"@type\":\"ImageObject\",\"inLanguage\":\"fr-FR\",\"@id\":\"https:\/\/editions.grandpalaisrmn.fr\/blog\/podcast-en-avant-les-histoires-de-lart\/#primaryimage\",\"url\":\"https:\/\/editions.grandpalaisrmn.fr\/blog\/wp-content\/uploads\/2023\/11\/article_10-01.jpg\",\"contentUrl\":\"https:\/\/editions.grandpalaisrmn.fr\/blog\/wp-content\/uploads\/2023\/11\/article_10-01.jpg\",\"width\":1024,\"height\":773,\"caption\":\"En avant les histoires de l'art ! sur l'enceinte Merlin \u00a9 les \u00e9ditions de la Rmn-GP, 2023\"},{\"@type\":\"BreadcrumbList\",\"@id\":\"https:\/\/editions.grandpalaisrmn.fr\/blog\/podcast-en-avant-les-histoires-de-lart\/#breadcrumb\",\"itemListElement\":[{\"@type\":\"ListItem\",\"position\":1,\"name\":\"Accueil\",\"item\":\"https:\/\/editions.grandpalaisrmn.fr\/blog\/\"},{\"@type\":\"ListItem\",\"position\":2,\"name\":\"En avant les histoires de l\u2019art ! : de l&rsquo;album au podcast. Nos \u00e9ditions font entendre leur voix avec Merlin\"}]},{\"@type\":\"WebSite\",\"@id\":\"https:\/\/editions.grandpalaisrmn.fr\/blog\/#website\",\"url\":\"https:\/\/editions.grandpalaisrmn.fr\/blog\/\",\"name\":\"Actualit\u00e9s de GrandPalaisRmn\u00c9ditions\",\"description\":\"\",\"publisher\":{\"@id\":\"https:\/\/editions.grandpalaisrmn.fr\/blog\/#organization\"},\"potentialAction\":[{\"@type\":\"SearchAction\",\"target\":{\"@type\":\"EntryPoint\",\"urlTemplate\":\"https:\/\/editions.grandpalaisrmn.fr\/blog\/?s={search_term_string}\"},\"query-input\":\"required name=search_term_string\"}],\"inLanguage\":\"fr-FR\"},{\"@type\":\"Organization\",\"@id\":\"https:\/\/editions.grandpalaisrmn.fr\/blog\/#organization\",\"name\":\"Les \u00e9ditions de la Rmn-GP\",\"url\":\"https:\/\/editions.grandpalaisrmn.fr\/blog\/\",\"logo\":{\"@type\":\"ImageObject\",\"inLanguage\":\"fr-FR\",\"@id\":\"https:\/\/editions.grandpalaisrmn.fr\/blog\/#\/schema\/logo\/image\/\",\"url\":\"https:\/\/editions.grandpalaisrmn.fr\/blog\/wp-content\/uploads\/2022\/06\/RMN-GP_logoNoir.png\",\"contentUrl\":\"https:\/\/editions.grandpalaisrmn.fr\/blog\/wp-content\/uploads\/2022\/06\/RMN-GP_logoNoir.png\",\"width\":787,\"height\":788,\"caption\":\"Les \u00e9ditions de la Rmn-GP\"},\"image\":{\"@id\":\"https:\/\/editions.grandpalaisrmn.fr\/blog\/#\/schema\/logo\/image\/\"},\"sameAs\":[\"https:\/\/www.facebook.com\/EditionsRmnGP\/\",\"https:\/\/www.pinterest.fr\/editionsRmnGP\",\"https:\/\/www.instagram.com\/les_editions_de_la_rmngp\/\"]},{\"@type\":\"Person\",\"@id\":\"https:\/\/editions.grandpalaisrmn.fr\/blog\/#\/schema\/person\/df4f655e9df6cfe1d48590c891fe6b82\",\"name\":\"admin\",\"image\":{\"@type\":\"ImageObject\",\"inLanguage\":\"fr-FR\",\"@id\":\"https:\/\/editions.grandpalaisrmn.fr\/blog\/#\/schema\/person\/image\/\",\"url\":\"https:\/\/secure.gravatar.com\/avatar\/2beb26b736c247331cd5f9cb1f595938?s=96&d=mm&r=g\",\"contentUrl\":\"https:\/\/secure.gravatar.com\/avatar\/2beb26b736c247331cd5f9cb1f595938?s=96&d=mm&r=g\",\"caption\":\"admin\"},\"sameAs\":[\"https:\/\/ppeditions.labrmngp.fr\/blog\"],\"url\":\"https:\/\/editions.grandpalaisrmn.fr\/blog\/author\/blog-admin_editions\/\"}]}<\/script>\n<!-- \/ Yoast SEO plugin. -->","yoast_head_json":{"title":"Podcast Jeunesse En avant les histoires de l\u2019art !","description":"Les \u00e9ditions de la Rmn-GP s'associent avec Merlin et lancent leur premier podcast, nous vous racontons les coulisses de cette nouvelle production","robots":{"index":"index","follow":"follow","max-snippet":"max-snippet:-1","max-image-preview":"max-image-preview:large","max-video-preview":"max-video-preview:-1"},"canonical":"https:\/\/editions.grandpalaisrmn.fr\/blog\/podcast-en-avant-les-histoires-de-lart\/","og_locale":"fr_FR","og_type":"article","og_title":"En avant les histoires de l\u2019art !, de l'album au podcast. Nos \u00e9ditions font entendre leur voix avec Merlin","og_description":"Les \u00e9ditions de la Rmn-GP s'associent avec Merlin et lancent leur premier podcast, nous vous racontons les coulisses de cette nouvelle production","og_url":"https:\/\/editions.grandpalaisrmn.fr\/blog\/podcast-en-avant-les-histoires-de-lart\/","og_site_name":"Actualit\u00e9s de GrandPalaisRmn\u00c9ditions","article_publisher":"https:\/\/www.facebook.com\/EditionsRmnGP\/","article_published_time":"2023-11-20T11:38:47+00:00","article_modified_time":"2026-02-10T13:47:30+00:00","og_image":[{"url":"https:\/\/editions.grandpalaisrmn.fr\/blog\/wp-content\/uploads\/2023\/11\/article_10-01.jpg"}],"author":"admin","twitter_card":"summary_large_image","twitter_title":"En avant les histoires de l\u2019art !, de l'album au podcast. Nos \u00e9ditions font entendre leur voix avec Merlin","twitter_misc":{"\u00c9crit par":"admin","Dur\u00e9e de lecture estim\u00e9e":"5 minutes"},"schema":{"@context":"https:\/\/schema.org","@graph":[{"@type":"Article","@id":"https:\/\/editions.grandpalaisrmn.fr\/blog\/podcast-en-avant-les-histoires-de-lart\/#article","isPartOf":{"@id":"https:\/\/editions.grandpalaisrmn.fr\/blog\/podcast-en-avant-les-histoires-de-lart\/"},"author":{"name":"admin","@id":"https:\/\/editions.grandpalaisrmn.fr\/blog\/#\/schema\/person\/df4f655e9df6cfe1d48590c891fe6b82"},"headline":"En avant les histoires de l\u2019art ! : de l&rsquo;album au podcast. Nos \u00e9ditions font entendre leur voix avec Merlin","datePublished":"2023-11-20T11:38:47+00:00","dateModified":"2026-02-10T13:47:30+00:00","mainEntityOfPage":{"@id":"https:\/\/editions.grandpalaisrmn.fr\/blog\/podcast-en-avant-les-histoires-de-lart\/"},"wordCount":1049,"publisher":{"@id":"https:\/\/editions.grandpalaisrmn.fr\/blog\/#organization"},"image":{"@id":"https:\/\/editions.grandpalaisrmn.fr\/blog\/podcast-en-avant-les-histoires-de-lart\/#primaryimage"},"thumbnailUrl":"https:\/\/editions.grandpalaisrmn.fr\/blog\/wp-content\/uploads\/2023\/11\/article_10-01.jpg","articleSection":["\u00c9dition","Partenariats"],"inLanguage":"fr-FR"},{"@type":"WebPage","@id":"https:\/\/editions.grandpalaisrmn.fr\/blog\/podcast-en-avant-les-histoires-de-lart\/","url":"https:\/\/editions.grandpalaisrmn.fr\/blog\/podcast-en-avant-les-histoires-de-lart\/","name":"Podcast Jeunesse En avant les histoires de l\u2019art !","isPartOf":{"@id":"https:\/\/editions.grandpalaisrmn.fr\/blog\/#website"},"primaryImageOfPage":{"@id":"https:\/\/editions.grandpalaisrmn.fr\/blog\/podcast-en-avant-les-histoires-de-lart\/#primaryimage"},"image":{"@id":"https:\/\/editions.grandpalaisrmn.fr\/blog\/podcast-en-avant-les-histoires-de-lart\/#primaryimage"},"thumbnailUrl":"https:\/\/editions.grandpalaisrmn.fr\/blog\/wp-content\/uploads\/2023\/11\/article_10-01.jpg","datePublished":"2023-11-20T11:38:47+00:00","dateModified":"2026-02-10T13:47:30+00:00","description":"Les \u00e9ditions de la Rmn-GP s'associent avec Merlin et lancent leur premier podcast, nous vous racontons les coulisses de cette nouvelle production","breadcrumb":{"@id":"https:\/\/editions.grandpalaisrmn.fr\/blog\/podcast-en-avant-les-histoires-de-lart\/#breadcrumb"},"inLanguage":"fr-FR","potentialAction":[{"@type":"ReadAction","target":["https:\/\/editions.grandpalaisrmn.fr\/blog\/podcast-en-avant-les-histoires-de-lart\/"]}]},{"@type":"ImageObject","inLanguage":"fr-FR","@id":"https:\/\/editions.grandpalaisrmn.fr\/blog\/podcast-en-avant-les-histoires-de-lart\/#primaryimage","url":"https:\/\/editions.grandpalaisrmn.fr\/blog\/wp-content\/uploads\/2023\/11\/article_10-01.jpg","contentUrl":"https:\/\/editions.grandpalaisrmn.fr\/blog\/wp-content\/uploads\/2023\/11\/article_10-01.jpg","width":1024,"height":773,"caption":"En avant les histoires de l'art ! sur l'enceinte Merlin \u00a9 les \u00e9ditions de la Rmn-GP, 2023"},{"@type":"BreadcrumbList","@id":"https:\/\/editions.grandpalaisrmn.fr\/blog\/podcast-en-avant-les-histoires-de-lart\/#breadcrumb","itemListElement":[{"@type":"ListItem","position":1,"name":"Accueil","item":"https:\/\/editions.grandpalaisrmn.fr\/blog\/"},{"@type":"ListItem","position":2,"name":"En avant les histoires de l\u2019art ! : de l&rsquo;album au podcast. Nos \u00e9ditions font entendre leur voix avec Merlin"}]},{"@type":"WebSite","@id":"https:\/\/editions.grandpalaisrmn.fr\/blog\/#website","url":"https:\/\/editions.grandpalaisrmn.fr\/blog\/","name":"Actualit\u00e9s de GrandPalaisRmn\u00c9ditions","description":"","publisher":{"@id":"https:\/\/editions.grandpalaisrmn.fr\/blog\/#organization"},"potentialAction":[{"@type":"SearchAction","target":{"@type":"EntryPoint","urlTemplate":"https:\/\/editions.grandpalaisrmn.fr\/blog\/?s={search_term_string}"},"query-input":"required name=search_term_string"}],"inLanguage":"fr-FR"},{"@type":"Organization","@id":"https:\/\/editions.grandpalaisrmn.fr\/blog\/#organization","name":"Les \u00e9ditions de la Rmn-GP","url":"https:\/\/editions.grandpalaisrmn.fr\/blog\/","logo":{"@type":"ImageObject","inLanguage":"fr-FR","@id":"https:\/\/editions.grandpalaisrmn.fr\/blog\/#\/schema\/logo\/image\/","url":"https:\/\/editions.grandpalaisrmn.fr\/blog\/wp-content\/uploads\/2022\/06\/RMN-GP_logoNoir.png","contentUrl":"https:\/\/editions.grandpalaisrmn.fr\/blog\/wp-content\/uploads\/2022\/06\/RMN-GP_logoNoir.png","width":787,"height":788,"caption":"Les \u00e9ditions de la Rmn-GP"},"image":{"@id":"https:\/\/editions.grandpalaisrmn.fr\/blog\/#\/schema\/logo\/image\/"},"sameAs":["https:\/\/www.facebook.com\/EditionsRmnGP\/","https:\/\/www.pinterest.fr\/editionsRmnGP","https:\/\/www.instagram.com\/les_editions_de_la_rmngp\/"]},{"@type":"Person","@id":"https:\/\/editions.grandpalaisrmn.fr\/blog\/#\/schema\/person\/df4f655e9df6cfe1d48590c891fe6b82","name":"admin","image":{"@type":"ImageObject","inLanguage":"fr-FR","@id":"https:\/\/editions.grandpalaisrmn.fr\/blog\/#\/schema\/person\/image\/","url":"https:\/\/secure.gravatar.com\/avatar\/2beb26b736c247331cd5f9cb1f595938?s=96&d=mm&r=g","contentUrl":"https:\/\/secure.gravatar.com\/avatar\/2beb26b736c247331cd5f9cb1f595938?s=96&d=mm&r=g","caption":"admin"},"sameAs":["https:\/\/ppeditions.labrmngp.fr\/blog"],"url":"https:\/\/editions.grandpalaisrmn.fr\/blog\/author\/blog-admin_editions\/"}]}},"_links":{"self":[{"href":"https:\/\/editions.grandpalaisrmn.fr\/blog\/wp-json\/wp\/v2\/posts\/1214"}],"collection":[{"href":"https:\/\/editions.grandpalaisrmn.fr\/blog\/wp-json\/wp\/v2\/posts"}],"about":[{"href":"https:\/\/editions.grandpalaisrmn.fr\/blog\/wp-json\/wp\/v2\/types\/post"}],"author":[{"embeddable":true,"href":"https:\/\/editions.grandpalaisrmn.fr\/blog\/wp-json\/wp\/v2\/users\/1"}],"replies":[{"embeddable":true,"href":"https:\/\/editions.grandpalaisrmn.fr\/blog\/wp-json\/wp\/v2\/comments?post=1214"}],"version-history":[{"count":49,"href":"https:\/\/editions.grandpalaisrmn.fr\/blog\/wp-json\/wp\/v2\/posts\/1214\/revisions"}],"predecessor-version":[{"id":2691,"href":"https:\/\/editions.grandpalaisrmn.fr\/blog\/wp-json\/wp\/v2\/posts\/1214\/revisions\/2691"}],"wp:attachment":[{"href":"https:\/\/editions.grandpalaisrmn.fr\/blog\/wp-json\/wp\/v2\/media?parent=1214"}],"wp:term":[{"taxonomy":"category","embeddable":true,"href":"https:\/\/editions.grandpalaisrmn.fr\/blog\/wp-json\/wp\/v2\/categories?post=1214"},{"taxonomy":"post_tag","embeddable":true,"href":"https:\/\/editions.grandpalaisrmn.fr\/blog\/wp-json\/wp\/v2\/tags?post=1214"}],"curies":[{"name":"wp","href":"https:\/\/api.w.org\/{rel}","templated":true}]}}