{"id":1277,"date":"2023-12-12T14:41:57","date_gmt":"2023-12-12T14:41:57","guid":{"rendered":"https:\/\/editions.grandpalaisrmn.fr\/blog\/?p=1277"},"modified":"2024-11-07T13:15:57","modified_gmt":"2024-11-07T13:15:57","slug":"nouveau-pourquoi-cest-connu-design-centre-pompidou","status":"publish","type":"post","link":"https:\/\/editions.grandpalaisrmn.fr\/blog\/nouveau-pourquoi-cest-connu-design-centre-pompidou\/","title":{"rendered":"La collection \u00ab Pourquoi c\u2019est connu ? \u00bb : l\u2019histoire d\u2019une transmission"},"content":{"rendered":"<p class=\"Chapeau_Article\"><strong>\u00c0 l\u2019occasion de la parution du <em>Fabuleux destin des ic\u00f4nes du design<\/em> conserv\u00e9es au Centre Pompidou, Vincent Brocvielle nous raconte la gen\u00e8se de la collection \u00ab Pourquoi c\u2019est connu\u00a0?\u00a0\u00bb, con\u00e7ue comme autant d\u2019enqu\u00eates sur les myst\u00e8res de l\u2019art.<\/strong><\/p>\n<figure id=\"attachment_1330\" aria-describedby=\"caption-attachment-1330\" style=\"width: 1024px\" class=\"wp-caption aligncenter\"><img loading=\"lazy\" decoding=\"async\" class=\"size-full wp-image-1330\" src=\"https:\/\/editions.grandpalaisrmn.fr\/blog\/wp-content\/uploads\/2023\/12\/article_11-01.jpg\" alt=\"\" width=\"1024\" height=\"622\" srcset=\"https:\/\/editions.grandpalaisrmn.fr\/blog\/wp-content\/uploads\/2023\/12\/article_11-01.jpg 1024w, https:\/\/editions.grandpalaisrmn.fr\/blog\/wp-content\/uploads\/2023\/12\/article_11-01-300x182.jpg 300w, https:\/\/editions.grandpalaisrmn.fr\/blog\/wp-content\/uploads\/2023\/12\/article_11-01-768x467.jpg 768w\" sizes=\"(max-width: 1024px) 100vw, 1024px\" \/><figcaption id=\"caption-attachment-1330\" class=\"wp-caption-text\">Collection<\/figcaption><\/figure>\n<p>L\u2019histoire de la collection commence en\u00a02016. En oncle attentionn\u00e9 et d\u00e9sireux de transmettre sa passion pour l\u2019art, Vincent Brocvielle invite sa ni\u00e8ce \u00e0 d\u00e9couvrir les merveilles de Madrid. Si la France a <a href=\"https:\/\/editions.grandpalaisrmn.fr\/fr\/editions\/GB107413\">le Louvre<\/a>, l\u2019Espagne a le Prado. La visite du mus\u00e9e madril\u00e8ne, avec la d\u00e9couverte du <em>Tres de Mayo, <\/em>de Goya, ou du <em>Jardin des d\u00e9lices, <\/em>de Bosch<em>,<\/em> est un incontournable pour cet historien de l\u2019art et philosophe. Pass\u00e9 l\u2019entr\u00e9e solennelle, ils p\u00e9n\u00e8trent dans la grande galerie centrale et se dirigent tout droit vers <em>Les M\u00e9nines,<\/em> de Vel\u00e1zquez, mais un attroupement devant la large toile les en emp\u00eache. Interloqu\u00e9e devant une telle foule fascin\u00e9e, la jeune fille se tourne alors vers son oncle et lui demande : \u00ab Mais pourquoi c\u2019est connu ? \u00bb.<br \/>\nVincent Brocvielle se souvient d\u2019avoir alors ressenti comme un vertige : \u00ab C\u2019\u00e9tait une question \u00e0 la fois \u00e9vidente et tr\u00e8s d\u00e9stabilisante. Ce tableau est l\u2019un des plus comment\u00e9s et d\u00e9tourn\u00e9s de l\u2019histoire de l\u2019art. Allais-je lui pr\u00e9senter une analyse de l\u2019\u0153uvre, lui parler de l\u2019interpr\u00e9tation de Michel Foucault, du miroir qui refl\u00e8te le couple royal, de Vel\u00e1zquez qui se peint lui-m\u00eame dans la sc\u00e8ne, ou encore des conditions dans lesquelles <em>Les M\u00e9nines<\/em> ont \u00e9t\u00e9 r\u00e9alis\u00e9es\u00a0? Chacune de ces r\u00e9ponses, prise individuellement, n\u2019\u00e9tait pas satisfaisante pour une adolescente\u00a0! Mais ce qui pouvait le devenir, \u00e0 l\u2019inverse, c\u2019\u00e9tait de raconter l\u2019\u0153uvre \u00e0 partir d\u2019un d\u00e9tail, d\u2019une anecdote et d\u2019en d\u00e9rouler le fil. \u00c0 mon sens, toutes les histoires cumul\u00e9es participent \u00e0 la c\u00e9l\u00e9brit\u00e9 d\u2019une \u0153uvre. C\u2019est ainsi qu\u2019a germ\u00e9 l\u2019id\u00e9e de cette collection.<br \/>\n\u00c0 mon retour \u00e0 Paris, j\u2019ai eu la chance de croiser, dans l\u2019all\u00e9e centrale du Salon du Livre, Sophie Laporte, votre directrice, avec laquelle j\u2019avais travaill\u00e9 auparavant chez Flammarion. Partageant mon questionnement \u00e0 l\u2019issue du r\u00e9cit de cette anecdote, elle m\u2019a alors propos\u00e9 de lancer ensemble cette collection.\u00a0\u00bb<\/p>\n<p><strong>\u00ab\u00a0Une fresque qui donne \u00e0 r\u00e9fl\u00e9chir, o\u00f9 chaque \u0153uvre a un lien avec les autres\u00a0\u00bb<\/strong><br \/>\nLe premier titre fut consacr\u00e9 aux \u0153uvres du <a href=\"https:\/\/editions.grandpalaisrmn.fr\/fr\/editions\/GB106433\">mus\u00e9e d\u2019Orsay<\/a>. \u00ab\u00a0Notre premi\u00e8re difficult\u00e9 a \u00e9t\u00e9 celle du choix draconien des soixante-dix \u0153uvres dont j\u2019allais raconter les histoires, et de la mani\u00e8re dont nous allions les articuler entre elles\u00a0: l\u2019objectif, dans cette collection, n\u2019est pas tant d\u2019accumuler les r\u00e9cits que d\u2019\u00e9laborer une fresque qui donne \u00e0 r\u00e9fl\u00e9chir, o\u00f9 chaque \u0153uvre a un lien avec les autres.<br \/>\nC\u2019est une collection sur laquelle j\u2019aime travailler. Les \u00e9changes avec les conservateurs me permettent d\u2019attraper au passage quelques histoires inconnues et leurs rebondissements. L\u2019\u00e9dition est passionnante aussi, car le niveau d\u2019exigence de votre maison en mati\u00e8re de qualit\u00e9 de fabrication et de reproduction d\u2019\u0153uvres n\u2019existe nulle part ailleurs. Je me souviens, pour Orsay, d\u2019avoir longuement d\u00e9ambul\u00e9 de salle en salle avec votre responsable de fabrication et l\u2019iconographe pour comparer les \u00e9preuves avec les \u0153uvres originales expos\u00e9es et effectuer les corrections chromatiques. C\u2019est un travail d\u2019\u00e9quipe avec un v\u00e9ritable lien entre l\u2019\u00e9ditorial, le graphisme et la fabrication. Et on s\u2019amuse aussi\u00a0! Chaque titre de la collection se termine par un quiz avec des questions pour les d\u00e9butants et d\u2019autres pour les cracks. C\u2019est un plaisir de les chercher ensemble.\u00a0\u00bb<\/p>\n<figure id=\"attachment_1332\" aria-describedby=\"caption-attachment-1332\" style=\"width: 1050px\" class=\"wp-caption aligncenter\"><img loading=\"lazy\" decoding=\"async\" class=\"size-full wp-image-1332\" src=\"https:\/\/editions.grandpalaisrmn.fr\/blog\/wp-content\/uploads\/2023\/12\/article_11-03.jpg\" alt=\"\" width=\"1050\" height=\"837\" srcset=\"https:\/\/editions.grandpalaisrmn.fr\/blog\/wp-content\/uploads\/2023\/12\/article_11-03.jpg 1050w, https:\/\/editions.grandpalaisrmn.fr\/blog\/wp-content\/uploads\/2023\/12\/article_11-03-300x239.jpg 300w, https:\/\/editions.grandpalaisrmn.fr\/blog\/wp-content\/uploads\/2023\/12\/article_11-03-1024x816.jpg 1024w, https:\/\/editions.grandpalaisrmn.fr\/blog\/wp-content\/uploads\/2023\/12\/article_11-03-768x612.jpg 768w\" sizes=\"(max-width: 1050px) 100vw, 1050px\" \/><figcaption id=\"caption-attachment-1332\" class=\"wp-caption-text\">Pages de quiz du titre <em>Fabuleux destin des ic\u00f4nes du design<\/em><\/figcaption><\/figure>\n<p><strong>Le design\u00a0: une saga industrielle<\/strong><br \/>\nLe tout dernier titre raconte l\u2019histoire des <a href=\"https:\/\/editions.grandpalaisrmn.fr\/fr\/editions\/GB107855\">objets de design<\/a> les plus populaires conserv\u00e9s au Centre Pompidou, de la chaise de bistrot Thonet (1885) au <em>Cocoon Cabinet <\/em>(2018)<em>,<\/em> de Marl\u00e8ne Huissoud, en passant par les bo\u00eetes en plastique Tupperware et les stylos Bic. Vincent Brocvielle nous propose ainsi une v\u00e9ritable travers\u00e9e du xx<sup>e<\/sup>\u00a0si\u00e8cle\u00a0: \u00ab\u00a0Pourquoi certains objets se sont vendus \u00e0 des millions d\u2019exemplaires, comment ont-ils int\u00e9gr\u00e9 notre vie quotidienne\u00a0? Les designers ne font pas juste de jolis meubles\u00a0: ils les fabriquent en tenant compte d\u2019un contexte historique, sociologique et politique. Chaque saga industrielle fait \u00e9cho aux rep\u00e8res intimes de notre vie.\u00a0\u00bb<\/p>\n<p><img loading=\"lazy\" decoding=\"async\" class=\"size-full wp-image-1331 aligncenter\" src=\"https:\/\/editions.grandpalaisrmn.fr\/blog\/wp-content\/uploads\/2023\/12\/article_11-02.jpg\" alt=\"\" width=\"1050\" height=\"841\" srcset=\"https:\/\/editions.grandpalaisrmn.fr\/blog\/wp-content\/uploads\/2023\/12\/article_11-02.jpg 1050w, https:\/\/editions.grandpalaisrmn.fr\/blog\/wp-content\/uploads\/2023\/12\/article_11-02-300x240.jpg 300w, https:\/\/editions.grandpalaisrmn.fr\/blog\/wp-content\/uploads\/2023\/12\/article_11-02-1024x820.jpg 1024w, https:\/\/editions.grandpalaisrmn.fr\/blog\/wp-content\/uploads\/2023\/12\/article_11-02-768x615.jpg 768w\" sizes=\"(max-width: 1050px) 100vw, 1050px\" \/><\/p>\n<p>Vincent Brocvielle est un conteur qui interroge les \u0153uvres d\u2019art et leur histoire pour les faire d\u00e9couvrir au plus grand nombre. Virtuose de l\u2019art du r\u00e9cit, il offre une approche accessible et p\u00e9dagogique de la culture, interpellant les lecteurs sur un ton direct et volontairement d\u00e9cal\u00e9 en ouvrant de nouvelles pistes d\u2019exploration.<\/p>\n<div class=\"CallToAction\">\n<p><a href=\"https:\/\/editions.grandpalaisrmn.fr\/fr\/editions\/GB107855\"> D\u00e9couvrez le <em>Fabuleux destin des ic\u00f4nes du design<\/em><\/a><\/p>\n<p><a href=\"https:\/\/editions.grandpalaisrmn.fr\/fr\/editions\/nos-collections\/pourquoi-cest-connu-\">Acc\u00e9dez \u00e0 la collection<\/a><\/p>\n<p><a href=\"https:\/\/editions.grandpalaisrmn.fr\/fr\/editions\/lettre-information\">Suivez notre actualit\u00e9 et abonnez-vous \u00e0 notre magazine<\/a><\/p>\n<\/div>\n","protected":false},"excerpt":{"rendered":"<p>\u00c0 l\u2019occasion de la parution du Fabuleux destin des ic\u00f4nes du design conserv\u00e9es au Centre Pompidou, Vincent Brocvielle nous raconte la gen\u00e8se de la collection \u00ab Pourquoi c\u2019est connu\u00a0?\u00a0\u00bb, con\u00e7ue comme autant d\u2019enqu\u00eates sur les myst\u00e8res de l\u2019art. L\u2019histoire de la collection commence en\u00a02016. En oncle attentionn\u00e9 et d\u00e9sireux de transmettre sa passion pour l\u2019art,&#8230;<\/p>\n","protected":false},"author":1,"featured_media":0,"comment_status":"closed","ping_status":"closed","sticky":false,"template":"","format":"standard","meta":{"footnotes":""},"categories":[3],"tags":[],"class_list":["post-1277","post","type-post","status-publish","format-standard","hentry","category-edition"],"yoast_head":"<!-- This site is optimized with the Yoast SEO plugin v22.7 - https:\/\/yoast.com\/wordpress\/plugins\/seo\/ -->\n<title>Vincent Brocvielle auteur de \u00ab Pourquoi c\u2019est connu\u00a0? \u00bb<\/title>\n<meta name=\"description\" content=\"Vincent Brocvielle nous raconte la gen\u00e8se de la collection et pr\u00e9sente le nouveau titre sur les ic\u00f4nes du design du Centre Pompidou\" \/>\n<meta name=\"robots\" content=\"index, follow, max-snippet:-1, max-image-preview:large, max-video-preview:-1\" \/>\n<link rel=\"canonical\" href=\"https:\/\/editions.grandpalaisrmn.fr\/blog\/nouveau-pourquoi-cest-connu-design-centre-pompidou\/\" \/>\n<meta property=\"og:locale\" content=\"fr_FR\" \/>\n<meta property=\"og:type\" content=\"article\" \/>\n<meta property=\"og:title\" content=\"La collection \u00ab Pourquoi c\u2019est connu ? \u00bb : l\u2019histoire d\u2019une transmission\" \/>\n<meta property=\"og:description\" content=\"Vincent Brocvielle nous raconte la gen\u00e8se de la collection et pr\u00e9sente le nouveau titre sur les ic\u00f4nes du design du Centre Pompidou\" \/>\n<meta property=\"og:url\" content=\"https:\/\/editions.grandpalaisrmn.fr\/blog\/nouveau-pourquoi-cest-connu-design-centre-pompidou\/\" \/>\n<meta property=\"og:site_name\" content=\"Actualit\u00e9s de GrandPalaisRmn\u00c9ditions\" \/>\n<meta property=\"article:publisher\" content=\"https:\/\/www.facebook.com\/EditionsRmnGP\/\" \/>\n<meta property=\"article:published_time\" content=\"2023-12-12T14:41:57+00:00\" \/>\n<meta property=\"article:modified_time\" content=\"2024-11-07T13:15:57+00:00\" \/>\n<meta property=\"og:image\" content=\"https:\/\/editions.grandpalaisrmn.fr\/blog\/wp-content\/uploads\/2023\/12\/article_11-01.jpg\" \/>\n\t<meta property=\"og:image:width\" content=\"1024\" \/>\n\t<meta property=\"og:image:height\" content=\"622\" \/>\n\t<meta property=\"og:image:type\" content=\"image\/jpeg\" \/>\n<meta name=\"author\" content=\"admin\" \/>\n<meta name=\"twitter:card\" content=\"summary_large_image\" \/>\n<meta name=\"twitter:label1\" content=\"\u00c9crit par\" \/>\n\t<meta name=\"twitter:data1\" content=\"admin\" \/>\n\t<meta name=\"twitter:label2\" content=\"Dur\u00e9e de lecture estim\u00e9e\" \/>\n\t<meta name=\"twitter:data2\" content=\"5 minutes\" \/>\n<script type=\"application\/ld+json\" class=\"yoast-schema-graph\">{\"@context\":\"https:\/\/schema.org\",\"@graph\":[{\"@type\":\"Article\",\"@id\":\"https:\/\/editions.grandpalaisrmn.fr\/blog\/nouveau-pourquoi-cest-connu-design-centre-pompidou\/#article\",\"isPartOf\":{\"@id\":\"https:\/\/editions.grandpalaisrmn.fr\/blog\/nouveau-pourquoi-cest-connu-design-centre-pompidou\/\"},\"author\":{\"name\":\"admin\",\"@id\":\"https:\/\/editions.grandpalaisrmn.fr\/blog\/#\/schema\/person\/df4f655e9df6cfe1d48590c891fe6b82\"},\"headline\":\"La collection \u00ab Pourquoi c\u2019est connu ? \u00bb : l\u2019histoire d\u2019une transmission\",\"datePublished\":\"2023-12-12T14:41:57+00:00\",\"dateModified\":\"2024-11-07T13:15:57+00:00\",\"mainEntityOfPage\":{\"@id\":\"https:\/\/editions.grandpalaisrmn.fr\/blog\/nouveau-pourquoi-cest-connu-design-centre-pompidou\/\"},\"wordCount\":876,\"publisher\":{\"@id\":\"https:\/\/editions.grandpalaisrmn.fr\/blog\/#organization\"},\"image\":{\"@id\":\"https:\/\/editions.grandpalaisrmn.fr\/blog\/nouveau-pourquoi-cest-connu-design-centre-pompidou\/#primaryimage\"},\"thumbnailUrl\":\"https:\/\/editions.grandpalaisrmn.fr\/blog\/wp-content\/uploads\/2023\/12\/article_11-01.jpg\",\"articleSection\":[\"\u00c9dition\"],\"inLanguage\":\"fr-FR\"},{\"@type\":\"WebPage\",\"@id\":\"https:\/\/editions.grandpalaisrmn.fr\/blog\/nouveau-pourquoi-cest-connu-design-centre-pompidou\/\",\"url\":\"https:\/\/editions.grandpalaisrmn.fr\/blog\/nouveau-pourquoi-cest-connu-design-centre-pompidou\/\",\"name\":\"Vincent Brocvielle auteur de \u00ab Pourquoi c\u2019est connu\u00a0? \u00bb\",\"isPartOf\":{\"@id\":\"https:\/\/editions.grandpalaisrmn.fr\/blog\/#website\"},\"primaryImageOfPage\":{\"@id\":\"https:\/\/editions.grandpalaisrmn.fr\/blog\/nouveau-pourquoi-cest-connu-design-centre-pompidou\/#primaryimage\"},\"image\":{\"@id\":\"https:\/\/editions.grandpalaisrmn.fr\/blog\/nouveau-pourquoi-cest-connu-design-centre-pompidou\/#primaryimage\"},\"thumbnailUrl\":\"https:\/\/editions.grandpalaisrmn.fr\/blog\/wp-content\/uploads\/2023\/12\/article_11-01.jpg\",\"datePublished\":\"2023-12-12T14:41:57+00:00\",\"dateModified\":\"2024-11-07T13:15:57+00:00\",\"description\":\"Vincent Brocvielle nous raconte la gen\u00e8se de la collection et pr\u00e9sente le nouveau titre sur les ic\u00f4nes du design du Centre Pompidou\",\"breadcrumb\":{\"@id\":\"https:\/\/editions.grandpalaisrmn.fr\/blog\/nouveau-pourquoi-cest-connu-design-centre-pompidou\/#breadcrumb\"},\"inLanguage\":\"fr-FR\",\"potentialAction\":[{\"@type\":\"ReadAction\",\"target\":[\"https:\/\/editions.grandpalaisrmn.fr\/blog\/nouveau-pourquoi-cest-connu-design-centre-pompidou\/\"]}]},{\"@type\":\"ImageObject\",\"inLanguage\":\"fr-FR\",\"@id\":\"https:\/\/editions.grandpalaisrmn.fr\/blog\/nouveau-pourquoi-cest-connu-design-centre-pompidou\/#primaryimage\",\"url\":\"https:\/\/editions.grandpalaisrmn.fr\/blog\/wp-content\/uploads\/2023\/12\/article_11-01.jpg\",\"contentUrl\":\"https:\/\/editions.grandpalaisrmn.fr\/blog\/wp-content\/uploads\/2023\/12\/article_11-01.jpg\",\"width\":1024,\"height\":622,\"caption\":\"Collection\"},{\"@type\":\"BreadcrumbList\",\"@id\":\"https:\/\/editions.grandpalaisrmn.fr\/blog\/nouveau-pourquoi-cest-connu-design-centre-pompidou\/#breadcrumb\",\"itemListElement\":[{\"@type\":\"ListItem\",\"position\":1,\"name\":\"Accueil\",\"item\":\"https:\/\/editions.grandpalaisrmn.fr\/blog\/\"},{\"@type\":\"ListItem\",\"position\":2,\"name\":\"La collection \u00ab Pourquoi c\u2019est connu ? \u00bb : l\u2019histoire d\u2019une transmission\"}]},{\"@type\":\"WebSite\",\"@id\":\"https:\/\/editions.grandpalaisrmn.fr\/blog\/#website\",\"url\":\"https:\/\/editions.grandpalaisrmn.fr\/blog\/\",\"name\":\"Actualit\u00e9s de GrandPalaisRmn\u00c9ditions\",\"description\":\"\",\"publisher\":{\"@id\":\"https:\/\/editions.grandpalaisrmn.fr\/blog\/#organization\"},\"potentialAction\":[{\"@type\":\"SearchAction\",\"target\":{\"@type\":\"EntryPoint\",\"urlTemplate\":\"https:\/\/editions.grandpalaisrmn.fr\/blog\/?s={search_term_string}\"},\"query-input\":\"required name=search_term_string\"}],\"inLanguage\":\"fr-FR\"},{\"@type\":\"Organization\",\"@id\":\"https:\/\/editions.grandpalaisrmn.fr\/blog\/#organization\",\"name\":\"Les \u00e9ditions de la Rmn-GP\",\"url\":\"https:\/\/editions.grandpalaisrmn.fr\/blog\/\",\"logo\":{\"@type\":\"ImageObject\",\"inLanguage\":\"fr-FR\",\"@id\":\"https:\/\/editions.grandpalaisrmn.fr\/blog\/#\/schema\/logo\/image\/\",\"url\":\"https:\/\/editions.grandpalaisrmn.fr\/blog\/wp-content\/uploads\/2022\/06\/RMN-GP_logoNoir.png\",\"contentUrl\":\"https:\/\/editions.grandpalaisrmn.fr\/blog\/wp-content\/uploads\/2022\/06\/RMN-GP_logoNoir.png\",\"width\":787,\"height\":788,\"caption\":\"Les \u00e9ditions de la Rmn-GP\"},\"image\":{\"@id\":\"https:\/\/editions.grandpalaisrmn.fr\/blog\/#\/schema\/logo\/image\/\"},\"sameAs\":[\"https:\/\/www.facebook.com\/EditionsRmnGP\/\",\"https:\/\/www.pinterest.fr\/editionsRmnGP\",\"https:\/\/www.instagram.com\/les_editions_de_la_rmngp\/\"]},{\"@type\":\"Person\",\"@id\":\"https:\/\/editions.grandpalaisrmn.fr\/blog\/#\/schema\/person\/df4f655e9df6cfe1d48590c891fe6b82\",\"name\":\"admin\",\"image\":{\"@type\":\"ImageObject\",\"inLanguage\":\"fr-FR\",\"@id\":\"https:\/\/editions.grandpalaisrmn.fr\/blog\/#\/schema\/person\/image\/\",\"url\":\"https:\/\/secure.gravatar.com\/avatar\/2beb26b736c247331cd5f9cb1f595938?s=96&d=mm&r=g\",\"contentUrl\":\"https:\/\/secure.gravatar.com\/avatar\/2beb26b736c247331cd5f9cb1f595938?s=96&d=mm&r=g\",\"caption\":\"admin\"},\"sameAs\":[\"https:\/\/ppeditions.labrmngp.fr\/blog\"],\"url\":\"https:\/\/editions.grandpalaisrmn.fr\/blog\/author\/blog-admin_editions\/\"}]}<\/script>\n<!-- \/ Yoast SEO plugin. -->","yoast_head_json":{"title":"Vincent Brocvielle auteur de \u00ab Pourquoi c\u2019est connu\u00a0? \u00bb","description":"Vincent Brocvielle nous raconte la gen\u00e8se de la collection et pr\u00e9sente le nouveau titre sur les ic\u00f4nes du design du Centre Pompidou","robots":{"index":"index","follow":"follow","max-snippet":"max-snippet:-1","max-image-preview":"max-image-preview:large","max-video-preview":"max-video-preview:-1"},"canonical":"https:\/\/editions.grandpalaisrmn.fr\/blog\/nouveau-pourquoi-cest-connu-design-centre-pompidou\/","og_locale":"fr_FR","og_type":"article","og_title":"La collection \u00ab Pourquoi c\u2019est connu ? \u00bb : l\u2019histoire d\u2019une transmission","og_description":"Vincent Brocvielle nous raconte la gen\u00e8se de la collection et pr\u00e9sente le nouveau titre sur les ic\u00f4nes du design du Centre Pompidou","og_url":"https:\/\/editions.grandpalaisrmn.fr\/blog\/nouveau-pourquoi-cest-connu-design-centre-pompidou\/","og_site_name":"Actualit\u00e9s de GrandPalaisRmn\u00c9ditions","article_publisher":"https:\/\/www.facebook.com\/EditionsRmnGP\/","article_published_time":"2023-12-12T14:41:57+00:00","article_modified_time":"2024-11-07T13:15:57+00:00","og_image":[{"width":1024,"height":622,"url":"https:\/\/editions.grandpalaisrmn.fr\/blog\/wp-content\/uploads\/2023\/12\/article_11-01.jpg","type":"image\/jpeg"}],"author":"admin","twitter_card":"summary_large_image","twitter_misc":{"\u00c9crit par":"admin","Dur\u00e9e de lecture estim\u00e9e":"5 minutes"},"schema":{"@context":"https:\/\/schema.org","@graph":[{"@type":"Article","@id":"https:\/\/editions.grandpalaisrmn.fr\/blog\/nouveau-pourquoi-cest-connu-design-centre-pompidou\/#article","isPartOf":{"@id":"https:\/\/editions.grandpalaisrmn.fr\/blog\/nouveau-pourquoi-cest-connu-design-centre-pompidou\/"},"author":{"name":"admin","@id":"https:\/\/editions.grandpalaisrmn.fr\/blog\/#\/schema\/person\/df4f655e9df6cfe1d48590c891fe6b82"},"headline":"La collection \u00ab Pourquoi c\u2019est connu ? \u00bb : l\u2019histoire d\u2019une transmission","datePublished":"2023-12-12T14:41:57+00:00","dateModified":"2024-11-07T13:15:57+00:00","mainEntityOfPage":{"@id":"https:\/\/editions.grandpalaisrmn.fr\/blog\/nouveau-pourquoi-cest-connu-design-centre-pompidou\/"},"wordCount":876,"publisher":{"@id":"https:\/\/editions.grandpalaisrmn.fr\/blog\/#organization"},"image":{"@id":"https:\/\/editions.grandpalaisrmn.fr\/blog\/nouveau-pourquoi-cest-connu-design-centre-pompidou\/#primaryimage"},"thumbnailUrl":"https:\/\/editions.grandpalaisrmn.fr\/blog\/wp-content\/uploads\/2023\/12\/article_11-01.jpg","articleSection":["\u00c9dition"],"inLanguage":"fr-FR"},{"@type":"WebPage","@id":"https:\/\/editions.grandpalaisrmn.fr\/blog\/nouveau-pourquoi-cest-connu-design-centre-pompidou\/","url":"https:\/\/editions.grandpalaisrmn.fr\/blog\/nouveau-pourquoi-cest-connu-design-centre-pompidou\/","name":"Vincent Brocvielle auteur de \u00ab Pourquoi c\u2019est connu\u00a0? \u00bb","isPartOf":{"@id":"https:\/\/editions.grandpalaisrmn.fr\/blog\/#website"},"primaryImageOfPage":{"@id":"https:\/\/editions.grandpalaisrmn.fr\/blog\/nouveau-pourquoi-cest-connu-design-centre-pompidou\/#primaryimage"},"image":{"@id":"https:\/\/editions.grandpalaisrmn.fr\/blog\/nouveau-pourquoi-cest-connu-design-centre-pompidou\/#primaryimage"},"thumbnailUrl":"https:\/\/editions.grandpalaisrmn.fr\/blog\/wp-content\/uploads\/2023\/12\/article_11-01.jpg","datePublished":"2023-12-12T14:41:57+00:00","dateModified":"2024-11-07T13:15:57+00:00","description":"Vincent Brocvielle nous raconte la gen\u00e8se de la collection et pr\u00e9sente le nouveau titre sur les ic\u00f4nes du design du Centre Pompidou","breadcrumb":{"@id":"https:\/\/editions.grandpalaisrmn.fr\/blog\/nouveau-pourquoi-cest-connu-design-centre-pompidou\/#breadcrumb"},"inLanguage":"fr-FR","potentialAction":[{"@type":"ReadAction","target":["https:\/\/editions.grandpalaisrmn.fr\/blog\/nouveau-pourquoi-cest-connu-design-centre-pompidou\/"]}]},{"@type":"ImageObject","inLanguage":"fr-FR","@id":"https:\/\/editions.grandpalaisrmn.fr\/blog\/nouveau-pourquoi-cest-connu-design-centre-pompidou\/#primaryimage","url":"https:\/\/editions.grandpalaisrmn.fr\/blog\/wp-content\/uploads\/2023\/12\/article_11-01.jpg","contentUrl":"https:\/\/editions.grandpalaisrmn.fr\/blog\/wp-content\/uploads\/2023\/12\/article_11-01.jpg","width":1024,"height":622,"caption":"Collection"},{"@type":"BreadcrumbList","@id":"https:\/\/editions.grandpalaisrmn.fr\/blog\/nouveau-pourquoi-cest-connu-design-centre-pompidou\/#breadcrumb","itemListElement":[{"@type":"ListItem","position":1,"name":"Accueil","item":"https:\/\/editions.grandpalaisrmn.fr\/blog\/"},{"@type":"ListItem","position":2,"name":"La collection \u00ab Pourquoi c\u2019est connu ? \u00bb : l\u2019histoire d\u2019une transmission"}]},{"@type":"WebSite","@id":"https:\/\/editions.grandpalaisrmn.fr\/blog\/#website","url":"https:\/\/editions.grandpalaisrmn.fr\/blog\/","name":"Actualit\u00e9s de GrandPalaisRmn\u00c9ditions","description":"","publisher":{"@id":"https:\/\/editions.grandpalaisrmn.fr\/blog\/#organization"},"potentialAction":[{"@type":"SearchAction","target":{"@type":"EntryPoint","urlTemplate":"https:\/\/editions.grandpalaisrmn.fr\/blog\/?s={search_term_string}"},"query-input":"required name=search_term_string"}],"inLanguage":"fr-FR"},{"@type":"Organization","@id":"https:\/\/editions.grandpalaisrmn.fr\/blog\/#organization","name":"Les \u00e9ditions de la Rmn-GP","url":"https:\/\/editions.grandpalaisrmn.fr\/blog\/","logo":{"@type":"ImageObject","inLanguage":"fr-FR","@id":"https:\/\/editions.grandpalaisrmn.fr\/blog\/#\/schema\/logo\/image\/","url":"https:\/\/editions.grandpalaisrmn.fr\/blog\/wp-content\/uploads\/2022\/06\/RMN-GP_logoNoir.png","contentUrl":"https:\/\/editions.grandpalaisrmn.fr\/blog\/wp-content\/uploads\/2022\/06\/RMN-GP_logoNoir.png","width":787,"height":788,"caption":"Les \u00e9ditions de la Rmn-GP"},"image":{"@id":"https:\/\/editions.grandpalaisrmn.fr\/blog\/#\/schema\/logo\/image\/"},"sameAs":["https:\/\/www.facebook.com\/EditionsRmnGP\/","https:\/\/www.pinterest.fr\/editionsRmnGP","https:\/\/www.instagram.com\/les_editions_de_la_rmngp\/"]},{"@type":"Person","@id":"https:\/\/editions.grandpalaisrmn.fr\/blog\/#\/schema\/person\/df4f655e9df6cfe1d48590c891fe6b82","name":"admin","image":{"@type":"ImageObject","inLanguage":"fr-FR","@id":"https:\/\/editions.grandpalaisrmn.fr\/blog\/#\/schema\/person\/image\/","url":"https:\/\/secure.gravatar.com\/avatar\/2beb26b736c247331cd5f9cb1f595938?s=96&d=mm&r=g","contentUrl":"https:\/\/secure.gravatar.com\/avatar\/2beb26b736c247331cd5f9cb1f595938?s=96&d=mm&r=g","caption":"admin"},"sameAs":["https:\/\/ppeditions.labrmngp.fr\/blog"],"url":"https:\/\/editions.grandpalaisrmn.fr\/blog\/author\/blog-admin_editions\/"}]}},"_links":{"self":[{"href":"https:\/\/editions.grandpalaisrmn.fr\/blog\/wp-json\/wp\/v2\/posts\/1277"}],"collection":[{"href":"https:\/\/editions.grandpalaisrmn.fr\/blog\/wp-json\/wp\/v2\/posts"}],"about":[{"href":"https:\/\/editions.grandpalaisrmn.fr\/blog\/wp-json\/wp\/v2\/types\/post"}],"author":[{"embeddable":true,"href":"https:\/\/editions.grandpalaisrmn.fr\/blog\/wp-json\/wp\/v2\/users\/1"}],"replies":[{"embeddable":true,"href":"https:\/\/editions.grandpalaisrmn.fr\/blog\/wp-json\/wp\/v2\/comments?post=1277"}],"version-history":[{"count":41,"href":"https:\/\/editions.grandpalaisrmn.fr\/blog\/wp-json\/wp\/v2\/posts\/1277\/revisions"}],"predecessor-version":[{"id":1898,"href":"https:\/\/editions.grandpalaisrmn.fr\/blog\/wp-json\/wp\/v2\/posts\/1277\/revisions\/1898"}],"wp:attachment":[{"href":"https:\/\/editions.grandpalaisrmn.fr\/blog\/wp-json\/wp\/v2\/media?parent=1277"}],"wp:term":[{"taxonomy":"category","embeddable":true,"href":"https:\/\/editions.grandpalaisrmn.fr\/blog\/wp-json\/wp\/v2\/categories?post=1277"},{"taxonomy":"post_tag","embeddable":true,"href":"https:\/\/editions.grandpalaisrmn.fr\/blog\/wp-json\/wp\/v2\/tags?post=1277"}],"curies":[{"name":"wp","href":"https:\/\/api.w.org\/{rel}","templated":true}]}}