{"id":146,"date":"2022-04-19T09:29:03","date_gmt":"2022-04-19T09:29:03","guid":{"rendered":"https:\/\/editions.grandpalaisrmn.fr\/blog\/?p=146"},"modified":"2024-04-16T10:52:35","modified_gmt":"2024-04-16T10:52:35","slug":"les-editions-de-la-rmn-gp-presentes-au-festival-du-livre-de-paris-les-22-23-et-24-avril-2022-au-grand-palais-ephemere","status":"publish","type":"post","link":"https:\/\/editions.grandpalaisrmn.fr\/blog\/les-editions-de-la-rmn-gp-presentes-au-festival-du-livre-de-paris-les-22-23-et-24-avril-2022-au-grand-palais-ephemere\/","title":{"rendered":"GrandPalaisRmn\u00c9ditions pr\u00e9sentes au Festival du Livre de Paris, les 22, 23 et 24 avril 2022, au Grand Palais \u00c9ph\u00e9m\u00e8re"},"content":{"rendered":"<p class=\"Chapeau_Article\">L\u2019ann\u00e9e 2021 a marqu\u00e9 l\u2019univers du livre\u00a0: la lecture a \u00e9t\u00e9 d\u00e9clar\u00e9e \u00ab\u00a0Grande cause nationale 2021-2022\u00a0\u00bb et les librairies, des commerces \u00ab\u00a0essentiels\u00a0\u00bb. L\u2019ann\u00e9e 2022 c\u00e9l\u00e8bre, quant \u00e0 elle, avec un d\u00e9calage d\u2019un an d\u00fb \u00e0 la pand\u00e9mie, la 40<sup>e<\/sup> \u00e9dition du grand rendez-vous litt\u00e9raire parisien qui, autrefois nomm\u00e9 Salon du livre de Paris, devient le Festival du Livre de Paris. Un nouveau nom, un nouveau lieu, pour une nouvelle aventure litt\u00e9raire.<\/p>\n<p><img loading=\"lazy\" decoding=\"async\" class=\"wp-image-145 aligncenter\" src=\"https:\/\/editions.grandpalaisrmn.fr\/blog\/wp-content\/uploads\/2022\/04\/Festival-du-livre-de-Paris-2022-300x262.jpg\" alt=\"\" width=\"900\" height=\"786\" srcset=\"https:\/\/editions.grandpalaisrmn.fr\/blog\/wp-content\/uploads\/2022\/04\/Festival-du-livre-de-Paris-2022-300x262.jpg 300w, https:\/\/editions.grandpalaisrmn.fr\/blog\/wp-content\/uploads\/2022\/04\/Festival-du-livre-de-Paris-2022-768x670.jpg 768w, https:\/\/editions.grandpalaisrmn.fr\/blog\/wp-content\/uploads\/2022\/04\/Festival-du-livre-de-Paris-2022.jpg 1024w\" sizes=\"(max-width: 900px) 100vw, 900px\" \/><\/p>\n<p>L\u2019ancien Salon du livre de Paris quitte la porte de Versailles et revient au c\u0153ur de Paris, au Grand Palais \u00c9ph\u00e9m\u00e8re, sous le nouveau nom de Festival du Livre de Paris.<br \/>\nPour redonner \u00e0 la litt\u00e9rature sa place dans l\u2019espace public et la croiser avec les autres arts, le Festival mise sur une large proposition d\u2019\u00e9v\u00e9nements artistiques in situ et hors les murs.<br \/>\nLe Grand Palais \u00c9ph\u00e9m\u00e8re et diff\u00e9rents lieux culturels parisiens accueilleront ainsi des lectures musicales ou dans\u00e9es, des rencontres dessin\u00e9es, des entretiens autour de probl\u00e9matiques soci\u00e9tales actuelles, des fl\u00e2neries litt\u00e9raires au c\u0153ur de la capitale, et enfin, des \u00e9v\u00e9nements d\u00e9di\u00e9s aux lettres indiennes, puisque l\u2019Inde est le pays invit\u00e9 d\u2019honneur du Festival.<\/p>\n<p><strong>Retour aux sources<\/strong><br \/>\n\u00ab\u00a0Nous sommes vraiment heureux que ce rendez-vous majeur revienne \u00e0 Paris intra-muros et au sein du Grand Palais, qui avait accueilli, en 1981, sous sa coupole, la toute premi\u00e8re \u00e9dition du Salon du livre\u00a0!\u00a0\u00bb confie la <a href=\"https:\/\/editions.grandpalaisrmn.fr\/fr\/editions\/la-diffusion\">responsable commerciale des \u00e9ditions<\/a> de GrandPalaisRmn\u00c9ditions.<br \/>\nCet \u00e9v\u00e9nement a l\u2019ambition d\u2019une renaissance et rappelle qu\u2019en 1981, la culture devenait un des \u00e9l\u00e9ments f\u00e9d\u00e9rateurs de la soci\u00e9t\u00e9 fran\u00e7aise, sous le minist\u00e8re de Jack Lang. La loi sur le prix unique du livre visait alors \u00e0 d\u00e9velopper la lecture en limitant la concurrence sur le prix de vente au public et \u00e0 prot\u00e9ger la fili\u00e8re. Misant sur la gratuit\u00e9 de l\u2019entr\u00e9e (une r\u00e9servation est cependant n\u00e9cessaire), le Festival se tourne naturellement vers le grand public et esp\u00e8re accueillir 80 000 visiteurs.<\/p>\n<p><strong>Une unit\u00e9 sous le label \u00ab\u00a0J\u2019aime le livre d\u2019art\u00a0\u00bb<\/strong><br \/>\nSept acteurs de l\u2019\u00e9dition s\u2019unissent sur le front de l\u2019art, sous les couleurs de la manifestation \u00ab J\u2019aime le livre d\u2019art \u00bb. Sur un espace mutualis\u00e9 (emplacements 1103 et 1006), GrandPalaisRmn\u00c9ditions partagent un stand avec leurs <a href=\"https:\/\/editions.grandpalaisrmn.fr\/fr\/editions\/nos-partenaires\">partenaires mus\u00e9aux, le Centre Pompidou et le mus\u00e9e du Louvre<\/a>, \u00e0 c\u00f4t\u00e9 de l\u2019espace d\u00e9di\u00e9 \u00e0 l\u2019\u00c9cole des Beaux-Arts, \u00e0 la Biblioth\u00e8que nationale, aux \u00e9ditions de la Martini\u00e8re et au Centre des monuments nationaux. La responsable commerciale pr\u00e9cise\u00a0: \u00ab\u00a0Cette op\u00e9ration annuelle est un lien que les \u00e9diteurs d\u2019art tissent ensemble et nous avons d\u00e9cid\u00e9 d\u2019une communication commune. Elle est devenue un v\u00e9ritable label de qualit\u00e9. Chaque ann\u00e9e, des libraires et des \u00e9diteurs francophones promeuvent le beau livre \u00e0 travers un prix et un concours des plus belles vitrines ou de la plus belle table de librairie. Les r\u00e9alisations sont souvent cr\u00e9atives\u00a0; les libraires, investis\u00a0; et les clients, extr\u00eamement curieux et demandeurs.\u00a0\u00bb<\/p>\n<p>Les arts et la litt\u00e9rature dialoguent au Grand Palais \u00c9ph\u00e9m\u00e8re. Face \u00e0 la haute silhouette de la tour Eiffel, qui s\u2019\u00e9lance, \u00e9tincelle et se pare de couleurs, le Festival s\u2019impose comme une f\u00eate artistique qui rappelle que \u00ab\u00a0la lumi\u00e8re est dans le livre\u00a0\u00bb (Victor Hugo).<\/p>\n<div class=\"CallToAction\">\n<p style=\"text-align: center;\"><a href=\"https:\/\/editions.grandpalaisrmn.fr\/fr\/editions\/recherche?free=inde\">Consultez nos publications \u00e0 l\u2019heure indienne<\/a><\/p>\n<\/div>\n","protected":false},"excerpt":{"rendered":"<p>L\u2019ann\u00e9e 2021 a marqu\u00e9 l\u2019univers du livre\u00a0: la lecture a \u00e9t\u00e9 d\u00e9clar\u00e9e \u00ab\u00a0Grande cause nationale 2021-2022\u00a0\u00bb et les librairies, des commerces \u00ab\u00a0essentiels\u00a0\u00bb. L\u2019ann\u00e9e 2022 c\u00e9l\u00e8bre, quant \u00e0 elle, avec un d\u00e9calage d\u2019un an d\u00fb \u00e0 la pand\u00e9mie, la 40e \u00e9dition du grand rendez-vous litt\u00e9raire parisien qui, autrefois nomm\u00e9 Salon du livre de Paris, devient le&#8230;<\/p>\n","protected":false},"author":1,"featured_media":0,"comment_status":"open","ping_status":"closed","sticky":false,"template":"","format":"standard","meta":{"footnotes":""},"categories":[5],"tags":[],"class_list":["post-146","post","type-post","status-publish","format-standard","hentry","category-evenement"],"yoast_head":"<!-- This site is optimized with the Yoast SEO plugin v22.7 - https:\/\/yoast.com\/wordpress\/plugins\/seo\/ -->\n<title>GrandPalaisRmn\u00c9ditions pr\u00e9sentes au Festival du Livre de Paris, les 22, 23 et 24 avril 2022, au Grand Palais \u00c9ph\u00e9m\u00e8re - Actualit\u00e9s de GrandPalaisRmn\u00c9ditions<\/title>\n<meta name=\"robots\" content=\"index, follow, max-snippet:-1, max-image-preview:large, max-video-preview:-1\" \/>\n<link rel=\"canonical\" href=\"https:\/\/editions.grandpalaisrmn.fr\/blog\/les-editions-de-la-rmn-gp-presentes-au-festival-du-livre-de-paris-les-22-23-et-24-avril-2022-au-grand-palais-ephemere\/\" \/>\n<meta property=\"og:locale\" content=\"fr_FR\" \/>\n<meta property=\"og:type\" content=\"article\" \/>\n<meta property=\"og:title\" content=\"GrandPalaisRmn\u00c9ditions pr\u00e9sentes au Festival du Livre de Paris, les 22, 23 et 24 avril 2022, au Grand Palais \u00c9ph\u00e9m\u00e8re - Actualit\u00e9s de GrandPalaisRmn\u00c9ditions\" \/>\n<meta property=\"og:description\" content=\"L\u2019ann\u00e9e 2021 a marqu\u00e9 l\u2019univers du livre\u00a0: la lecture a \u00e9t\u00e9 d\u00e9clar\u00e9e \u00ab\u00a0Grande cause nationale 2021-2022\u00a0\u00bb et les librairies, des commerces \u00ab\u00a0essentiels\u00a0\u00bb. L\u2019ann\u00e9e 2022 c\u00e9l\u00e8bre, quant \u00e0 elle, avec un d\u00e9calage d\u2019un an d\u00fb \u00e0 la pand\u00e9mie, la 40e \u00e9dition du grand rendez-vous litt\u00e9raire parisien qui, autrefois nomm\u00e9 Salon du livre de Paris, devient le...\" \/>\n<meta property=\"og:url\" content=\"https:\/\/editions.grandpalaisrmn.fr\/blog\/les-editions-de-la-rmn-gp-presentes-au-festival-du-livre-de-paris-les-22-23-et-24-avril-2022-au-grand-palais-ephemere\/\" \/>\n<meta property=\"og:site_name\" content=\"Actualit\u00e9s de GrandPalaisRmn\u00c9ditions\" \/>\n<meta property=\"article:publisher\" content=\"https:\/\/www.facebook.com\/EditionsRmnGP\/\" \/>\n<meta property=\"article:published_time\" content=\"2022-04-19T09:29:03+00:00\" \/>\n<meta property=\"article:modified_time\" content=\"2024-04-16T10:52:35+00:00\" \/>\n<meta property=\"og:image\" content=\"https:\/\/editions.grandpalaisrmn.fr\/blog\/wp-content\/uploads\/2022\/04\/Festival-du-livre-de-Paris-2022-300x262.jpg\" \/>\n<meta name=\"author\" content=\"admin\" \/>\n<meta name=\"twitter:card\" content=\"summary_large_image\" \/>\n<meta name=\"twitter:label1\" content=\"\u00c9crit par\" \/>\n\t<meta name=\"twitter:data1\" content=\"admin\" \/>\n\t<meta name=\"twitter:label2\" content=\"Dur\u00e9e de lecture estim\u00e9e\" \/>\n\t<meta name=\"twitter:data2\" content=\"3 minutes\" \/>\n<script type=\"application\/ld+json\" class=\"yoast-schema-graph\">{\"@context\":\"https:\/\/schema.org\",\"@graph\":[{\"@type\":\"Article\",\"@id\":\"https:\/\/editions.grandpalaisrmn.fr\/blog\/les-editions-de-la-rmn-gp-presentes-au-festival-du-livre-de-paris-les-22-23-et-24-avril-2022-au-grand-palais-ephemere\/#article\",\"isPartOf\":{\"@id\":\"https:\/\/editions.grandpalaisrmn.fr\/blog\/les-editions-de-la-rmn-gp-presentes-au-festival-du-livre-de-paris-les-22-23-et-24-avril-2022-au-grand-palais-ephemere\/\"},\"author\":{\"name\":\"admin\",\"@id\":\"https:\/\/editions.grandpalaisrmn.fr\/blog\/#\/schema\/person\/df4f655e9df6cfe1d48590c891fe6b82\"},\"headline\":\"GrandPalaisRmn\u00c9ditions pr\u00e9sentes au Festival du Livre de Paris, les 22, 23 et 24 avril 2022, au Grand Palais \u00c9ph\u00e9m\u00e8re\",\"datePublished\":\"2022-04-19T09:29:03+00:00\",\"dateModified\":\"2024-04-16T10:52:35+00:00\",\"mainEntityOfPage\":{\"@id\":\"https:\/\/editions.grandpalaisrmn.fr\/blog\/les-editions-de-la-rmn-gp-presentes-au-festival-du-livre-de-paris-les-22-23-et-24-avril-2022-au-grand-palais-ephemere\/\"},\"wordCount\":608,\"commentCount\":0,\"publisher\":{\"@id\":\"https:\/\/editions.grandpalaisrmn.fr\/blog\/#organization\"},\"image\":{\"@id\":\"https:\/\/editions.grandpalaisrmn.fr\/blog\/les-editions-de-la-rmn-gp-presentes-au-festival-du-livre-de-paris-les-22-23-et-24-avril-2022-au-grand-palais-ephemere\/#primaryimage\"},\"thumbnailUrl\":\"https:\/\/editions.grandpalaisrmn.fr\/blog\/wp-content\/uploads\/2022\/04\/Festival-du-livre-de-Paris-2022-300x262.jpg\",\"articleSection\":[\"\u00c9v\u00e8nement\"],\"inLanguage\":\"fr-FR\",\"potentialAction\":[{\"@type\":\"CommentAction\",\"name\":\"Comment\",\"target\":[\"https:\/\/editions.grandpalaisrmn.fr\/blog\/les-editions-de-la-rmn-gp-presentes-au-festival-du-livre-de-paris-les-22-23-et-24-avril-2022-au-grand-palais-ephemere\/#respond\"]}]},{\"@type\":\"WebPage\",\"@id\":\"https:\/\/editions.grandpalaisrmn.fr\/blog\/les-editions-de-la-rmn-gp-presentes-au-festival-du-livre-de-paris-les-22-23-et-24-avril-2022-au-grand-palais-ephemere\/\",\"url\":\"https:\/\/editions.grandpalaisrmn.fr\/blog\/les-editions-de-la-rmn-gp-presentes-au-festival-du-livre-de-paris-les-22-23-et-24-avril-2022-au-grand-palais-ephemere\/\",\"name\":\"GrandPalaisRmn\u00c9ditions pr\u00e9sentes au Festival du Livre de Paris, les 22, 23 et 24 avril 2022, au Grand Palais \u00c9ph\u00e9m\u00e8re - Actualit\u00e9s de GrandPalaisRmn\u00c9ditions\",\"isPartOf\":{\"@id\":\"https:\/\/editions.grandpalaisrmn.fr\/blog\/#website\"},\"primaryImageOfPage\":{\"@id\":\"https:\/\/editions.grandpalaisrmn.fr\/blog\/les-editions-de-la-rmn-gp-presentes-au-festival-du-livre-de-paris-les-22-23-et-24-avril-2022-au-grand-palais-ephemere\/#primaryimage\"},\"image\":{\"@id\":\"https:\/\/editions.grandpalaisrmn.fr\/blog\/les-editions-de-la-rmn-gp-presentes-au-festival-du-livre-de-paris-les-22-23-et-24-avril-2022-au-grand-palais-ephemere\/#primaryimage\"},\"thumbnailUrl\":\"https:\/\/editions.grandpalaisrmn.fr\/blog\/wp-content\/uploads\/2022\/04\/Festival-du-livre-de-Paris-2022-300x262.jpg\",\"datePublished\":\"2022-04-19T09:29:03+00:00\",\"dateModified\":\"2024-04-16T10:52:35+00:00\",\"breadcrumb\":{\"@id\":\"https:\/\/editions.grandpalaisrmn.fr\/blog\/les-editions-de-la-rmn-gp-presentes-au-festival-du-livre-de-paris-les-22-23-et-24-avril-2022-au-grand-palais-ephemere\/#breadcrumb\"},\"inLanguage\":\"fr-FR\",\"potentialAction\":[{\"@type\":\"ReadAction\",\"target\":[\"https:\/\/editions.grandpalaisrmn.fr\/blog\/les-editions-de-la-rmn-gp-presentes-au-festival-du-livre-de-paris-les-22-23-et-24-avril-2022-au-grand-palais-ephemere\/\"]}]},{\"@type\":\"ImageObject\",\"inLanguage\":\"fr-FR\",\"@id\":\"https:\/\/editions.grandpalaisrmn.fr\/blog\/les-editions-de-la-rmn-gp-presentes-au-festival-du-livre-de-paris-les-22-23-et-24-avril-2022-au-grand-palais-ephemere\/#primaryimage\",\"url\":\"https:\/\/editions.grandpalaisrmn.fr\/blog\/wp-content\/uploads\/2022\/04\/Festival-du-livre-de-Paris-2022.jpg\",\"contentUrl\":\"https:\/\/editions.grandpalaisrmn.fr\/blog\/wp-content\/uploads\/2022\/04\/Festival-du-livre-de-Paris-2022.jpg\",\"width\":1024,\"height\":893},{\"@type\":\"BreadcrumbList\",\"@id\":\"https:\/\/editions.grandpalaisrmn.fr\/blog\/les-editions-de-la-rmn-gp-presentes-au-festival-du-livre-de-paris-les-22-23-et-24-avril-2022-au-grand-palais-ephemere\/#breadcrumb\",\"itemListElement\":[{\"@type\":\"ListItem\",\"position\":1,\"name\":\"Accueil\",\"item\":\"https:\/\/editions.grandpalaisrmn.fr\/blog\/\"},{\"@type\":\"ListItem\",\"position\":2,\"name\":\"GrandPalaisRmn\u00c9ditions pr\u00e9sentes au Festival du Livre de Paris, les 22, 23 et 24 avril 2022, au Grand Palais \u00c9ph\u00e9m\u00e8re\"}]},{\"@type\":\"WebSite\",\"@id\":\"https:\/\/editions.grandpalaisrmn.fr\/blog\/#website\",\"url\":\"https:\/\/editions.grandpalaisrmn.fr\/blog\/\",\"name\":\"Actualit\u00e9s de GrandPalaisRmn\u00c9ditions\",\"description\":\"\",\"publisher\":{\"@id\":\"https:\/\/editions.grandpalaisrmn.fr\/blog\/#organization\"},\"potentialAction\":[{\"@type\":\"SearchAction\",\"target\":{\"@type\":\"EntryPoint\",\"urlTemplate\":\"https:\/\/editions.grandpalaisrmn.fr\/blog\/?s={search_term_string}\"},\"query-input\":\"required name=search_term_string\"}],\"inLanguage\":\"fr-FR\"},{\"@type\":\"Organization\",\"@id\":\"https:\/\/editions.grandpalaisrmn.fr\/blog\/#organization\",\"name\":\"Les \u00e9ditions de la Rmn-GP\",\"url\":\"https:\/\/editions.grandpalaisrmn.fr\/blog\/\",\"logo\":{\"@type\":\"ImageObject\",\"inLanguage\":\"fr-FR\",\"@id\":\"https:\/\/editions.grandpalaisrmn.fr\/blog\/#\/schema\/logo\/image\/\",\"url\":\"https:\/\/editions.grandpalaisrmn.fr\/blog\/wp-content\/uploads\/2022\/06\/RMN-GP_logoNoir.png\",\"contentUrl\":\"https:\/\/editions.grandpalaisrmn.fr\/blog\/wp-content\/uploads\/2022\/06\/RMN-GP_logoNoir.png\",\"width\":787,\"height\":788,\"caption\":\"Les \u00e9ditions de la Rmn-GP\"},\"image\":{\"@id\":\"https:\/\/editions.grandpalaisrmn.fr\/blog\/#\/schema\/logo\/image\/\"},\"sameAs\":[\"https:\/\/www.facebook.com\/EditionsRmnGP\/\",\"https:\/\/www.pinterest.fr\/editionsRmnGP\",\"https:\/\/www.instagram.com\/les_editions_de_la_rmngp\/\"]},{\"@type\":\"Person\",\"@id\":\"https:\/\/editions.grandpalaisrmn.fr\/blog\/#\/schema\/person\/df4f655e9df6cfe1d48590c891fe6b82\",\"name\":\"admin\",\"image\":{\"@type\":\"ImageObject\",\"inLanguage\":\"fr-FR\",\"@id\":\"https:\/\/editions.grandpalaisrmn.fr\/blog\/#\/schema\/person\/image\/\",\"url\":\"https:\/\/secure.gravatar.com\/avatar\/2beb26b736c247331cd5f9cb1f595938?s=96&d=mm&r=g\",\"contentUrl\":\"https:\/\/secure.gravatar.com\/avatar\/2beb26b736c247331cd5f9cb1f595938?s=96&d=mm&r=g\",\"caption\":\"admin\"},\"sameAs\":[\"https:\/\/ppeditions.labrmngp.fr\/blog\"],\"url\":\"https:\/\/editions.grandpalaisrmn.fr\/blog\/author\/blog-admin_editions\/\"}]}<\/script>\n<!-- \/ Yoast SEO plugin. -->","yoast_head_json":{"title":"GrandPalaisRmn\u00c9ditions pr\u00e9sentes au Festival du Livre de Paris, les 22, 23 et 24 avril 2022, au Grand Palais \u00c9ph\u00e9m\u00e8re - Actualit\u00e9s de GrandPalaisRmn\u00c9ditions","robots":{"index":"index","follow":"follow","max-snippet":"max-snippet:-1","max-image-preview":"max-image-preview:large","max-video-preview":"max-video-preview:-1"},"canonical":"https:\/\/editions.grandpalaisrmn.fr\/blog\/les-editions-de-la-rmn-gp-presentes-au-festival-du-livre-de-paris-les-22-23-et-24-avril-2022-au-grand-palais-ephemere\/","og_locale":"fr_FR","og_type":"article","og_title":"GrandPalaisRmn\u00c9ditions pr\u00e9sentes au Festival du Livre de Paris, les 22, 23 et 24 avril 2022, au Grand Palais \u00c9ph\u00e9m\u00e8re - Actualit\u00e9s de GrandPalaisRmn\u00c9ditions","og_description":"L\u2019ann\u00e9e 2021 a marqu\u00e9 l\u2019univers du livre\u00a0: la lecture a \u00e9t\u00e9 d\u00e9clar\u00e9e \u00ab\u00a0Grande cause nationale 2021-2022\u00a0\u00bb et les librairies, des commerces \u00ab\u00a0essentiels\u00a0\u00bb. L\u2019ann\u00e9e 2022 c\u00e9l\u00e8bre, quant \u00e0 elle, avec un d\u00e9calage d\u2019un an d\u00fb \u00e0 la pand\u00e9mie, la 40e \u00e9dition du grand rendez-vous litt\u00e9raire parisien qui, autrefois nomm\u00e9 Salon du livre de Paris, devient le...","og_url":"https:\/\/editions.grandpalaisrmn.fr\/blog\/les-editions-de-la-rmn-gp-presentes-au-festival-du-livre-de-paris-les-22-23-et-24-avril-2022-au-grand-palais-ephemere\/","og_site_name":"Actualit\u00e9s de GrandPalaisRmn\u00c9ditions","article_publisher":"https:\/\/www.facebook.com\/EditionsRmnGP\/","article_published_time":"2022-04-19T09:29:03+00:00","article_modified_time":"2024-04-16T10:52:35+00:00","og_image":[{"url":"https:\/\/editions.grandpalaisrmn.fr\/blog\/wp-content\/uploads\/2022\/04\/Festival-du-livre-de-Paris-2022-300x262.jpg"}],"author":"admin","twitter_card":"summary_large_image","twitter_misc":{"\u00c9crit par":"admin","Dur\u00e9e de lecture estim\u00e9e":"3 minutes"},"schema":{"@context":"https:\/\/schema.org","@graph":[{"@type":"Article","@id":"https:\/\/editions.grandpalaisrmn.fr\/blog\/les-editions-de-la-rmn-gp-presentes-au-festival-du-livre-de-paris-les-22-23-et-24-avril-2022-au-grand-palais-ephemere\/#article","isPartOf":{"@id":"https:\/\/editions.grandpalaisrmn.fr\/blog\/les-editions-de-la-rmn-gp-presentes-au-festival-du-livre-de-paris-les-22-23-et-24-avril-2022-au-grand-palais-ephemere\/"},"author":{"name":"admin","@id":"https:\/\/editions.grandpalaisrmn.fr\/blog\/#\/schema\/person\/df4f655e9df6cfe1d48590c891fe6b82"},"headline":"GrandPalaisRmn\u00c9ditions pr\u00e9sentes au Festival du Livre de Paris, les 22, 23 et 24 avril 2022, au Grand Palais \u00c9ph\u00e9m\u00e8re","datePublished":"2022-04-19T09:29:03+00:00","dateModified":"2024-04-16T10:52:35+00:00","mainEntityOfPage":{"@id":"https:\/\/editions.grandpalaisrmn.fr\/blog\/les-editions-de-la-rmn-gp-presentes-au-festival-du-livre-de-paris-les-22-23-et-24-avril-2022-au-grand-palais-ephemere\/"},"wordCount":608,"commentCount":0,"publisher":{"@id":"https:\/\/editions.grandpalaisrmn.fr\/blog\/#organization"},"image":{"@id":"https:\/\/editions.grandpalaisrmn.fr\/blog\/les-editions-de-la-rmn-gp-presentes-au-festival-du-livre-de-paris-les-22-23-et-24-avril-2022-au-grand-palais-ephemere\/#primaryimage"},"thumbnailUrl":"https:\/\/editions.grandpalaisrmn.fr\/blog\/wp-content\/uploads\/2022\/04\/Festival-du-livre-de-Paris-2022-300x262.jpg","articleSection":["\u00c9v\u00e8nement"],"inLanguage":"fr-FR","potentialAction":[{"@type":"CommentAction","name":"Comment","target":["https:\/\/editions.grandpalaisrmn.fr\/blog\/les-editions-de-la-rmn-gp-presentes-au-festival-du-livre-de-paris-les-22-23-et-24-avril-2022-au-grand-palais-ephemere\/#respond"]}]},{"@type":"WebPage","@id":"https:\/\/editions.grandpalaisrmn.fr\/blog\/les-editions-de-la-rmn-gp-presentes-au-festival-du-livre-de-paris-les-22-23-et-24-avril-2022-au-grand-palais-ephemere\/","url":"https:\/\/editions.grandpalaisrmn.fr\/blog\/les-editions-de-la-rmn-gp-presentes-au-festival-du-livre-de-paris-les-22-23-et-24-avril-2022-au-grand-palais-ephemere\/","name":"GrandPalaisRmn\u00c9ditions pr\u00e9sentes au Festival du Livre de Paris, les 22, 23 et 24 avril 2022, au Grand Palais \u00c9ph\u00e9m\u00e8re - Actualit\u00e9s de GrandPalaisRmn\u00c9ditions","isPartOf":{"@id":"https:\/\/editions.grandpalaisrmn.fr\/blog\/#website"},"primaryImageOfPage":{"@id":"https:\/\/editions.grandpalaisrmn.fr\/blog\/les-editions-de-la-rmn-gp-presentes-au-festival-du-livre-de-paris-les-22-23-et-24-avril-2022-au-grand-palais-ephemere\/#primaryimage"},"image":{"@id":"https:\/\/editions.grandpalaisrmn.fr\/blog\/les-editions-de-la-rmn-gp-presentes-au-festival-du-livre-de-paris-les-22-23-et-24-avril-2022-au-grand-palais-ephemere\/#primaryimage"},"thumbnailUrl":"https:\/\/editions.grandpalaisrmn.fr\/blog\/wp-content\/uploads\/2022\/04\/Festival-du-livre-de-Paris-2022-300x262.jpg","datePublished":"2022-04-19T09:29:03+00:00","dateModified":"2024-04-16T10:52:35+00:00","breadcrumb":{"@id":"https:\/\/editions.grandpalaisrmn.fr\/blog\/les-editions-de-la-rmn-gp-presentes-au-festival-du-livre-de-paris-les-22-23-et-24-avril-2022-au-grand-palais-ephemere\/#breadcrumb"},"inLanguage":"fr-FR","potentialAction":[{"@type":"ReadAction","target":["https:\/\/editions.grandpalaisrmn.fr\/blog\/les-editions-de-la-rmn-gp-presentes-au-festival-du-livre-de-paris-les-22-23-et-24-avril-2022-au-grand-palais-ephemere\/"]}]},{"@type":"ImageObject","inLanguage":"fr-FR","@id":"https:\/\/editions.grandpalaisrmn.fr\/blog\/les-editions-de-la-rmn-gp-presentes-au-festival-du-livre-de-paris-les-22-23-et-24-avril-2022-au-grand-palais-ephemere\/#primaryimage","url":"https:\/\/editions.grandpalaisrmn.fr\/blog\/wp-content\/uploads\/2022\/04\/Festival-du-livre-de-Paris-2022.jpg","contentUrl":"https:\/\/editions.grandpalaisrmn.fr\/blog\/wp-content\/uploads\/2022\/04\/Festival-du-livre-de-Paris-2022.jpg","width":1024,"height":893},{"@type":"BreadcrumbList","@id":"https:\/\/editions.grandpalaisrmn.fr\/blog\/les-editions-de-la-rmn-gp-presentes-au-festival-du-livre-de-paris-les-22-23-et-24-avril-2022-au-grand-palais-ephemere\/#breadcrumb","itemListElement":[{"@type":"ListItem","position":1,"name":"Accueil","item":"https:\/\/editions.grandpalaisrmn.fr\/blog\/"},{"@type":"ListItem","position":2,"name":"GrandPalaisRmn\u00c9ditions pr\u00e9sentes au Festival du Livre de Paris, les 22, 23 et 24 avril 2022, au Grand Palais \u00c9ph\u00e9m\u00e8re"}]},{"@type":"WebSite","@id":"https:\/\/editions.grandpalaisrmn.fr\/blog\/#website","url":"https:\/\/editions.grandpalaisrmn.fr\/blog\/","name":"Actualit\u00e9s de GrandPalaisRmn\u00c9ditions","description":"","publisher":{"@id":"https:\/\/editions.grandpalaisrmn.fr\/blog\/#organization"},"potentialAction":[{"@type":"SearchAction","target":{"@type":"EntryPoint","urlTemplate":"https:\/\/editions.grandpalaisrmn.fr\/blog\/?s={search_term_string}"},"query-input":"required name=search_term_string"}],"inLanguage":"fr-FR"},{"@type":"Organization","@id":"https:\/\/editions.grandpalaisrmn.fr\/blog\/#organization","name":"Les \u00e9ditions de la Rmn-GP","url":"https:\/\/editions.grandpalaisrmn.fr\/blog\/","logo":{"@type":"ImageObject","inLanguage":"fr-FR","@id":"https:\/\/editions.grandpalaisrmn.fr\/blog\/#\/schema\/logo\/image\/","url":"https:\/\/editions.grandpalaisrmn.fr\/blog\/wp-content\/uploads\/2022\/06\/RMN-GP_logoNoir.png","contentUrl":"https:\/\/editions.grandpalaisrmn.fr\/blog\/wp-content\/uploads\/2022\/06\/RMN-GP_logoNoir.png","width":787,"height":788,"caption":"Les \u00e9ditions de la Rmn-GP"},"image":{"@id":"https:\/\/editions.grandpalaisrmn.fr\/blog\/#\/schema\/logo\/image\/"},"sameAs":["https:\/\/www.facebook.com\/EditionsRmnGP\/","https:\/\/www.pinterest.fr\/editionsRmnGP","https:\/\/www.instagram.com\/les_editions_de_la_rmngp\/"]},{"@type":"Person","@id":"https:\/\/editions.grandpalaisrmn.fr\/blog\/#\/schema\/person\/df4f655e9df6cfe1d48590c891fe6b82","name":"admin","image":{"@type":"ImageObject","inLanguage":"fr-FR","@id":"https:\/\/editions.grandpalaisrmn.fr\/blog\/#\/schema\/person\/image\/","url":"https:\/\/secure.gravatar.com\/avatar\/2beb26b736c247331cd5f9cb1f595938?s=96&d=mm&r=g","contentUrl":"https:\/\/secure.gravatar.com\/avatar\/2beb26b736c247331cd5f9cb1f595938?s=96&d=mm&r=g","caption":"admin"},"sameAs":["https:\/\/ppeditions.labrmngp.fr\/blog"],"url":"https:\/\/editions.grandpalaisrmn.fr\/blog\/author\/blog-admin_editions\/"}]}},"_links":{"self":[{"href":"https:\/\/editions.grandpalaisrmn.fr\/blog\/wp-json\/wp\/v2\/posts\/146"}],"collection":[{"href":"https:\/\/editions.grandpalaisrmn.fr\/blog\/wp-json\/wp\/v2\/posts"}],"about":[{"href":"https:\/\/editions.grandpalaisrmn.fr\/blog\/wp-json\/wp\/v2\/types\/post"}],"author":[{"embeddable":true,"href":"https:\/\/editions.grandpalaisrmn.fr\/blog\/wp-json\/wp\/v2\/users\/1"}],"replies":[{"embeddable":true,"href":"https:\/\/editions.grandpalaisrmn.fr\/blog\/wp-json\/wp\/v2\/comments?post=146"}],"version-history":[{"count":12,"href":"https:\/\/editions.grandpalaisrmn.fr\/blog\/wp-json\/wp\/v2\/posts\/146\/revisions"}],"predecessor-version":[{"id":1567,"href":"https:\/\/editions.grandpalaisrmn.fr\/blog\/wp-json\/wp\/v2\/posts\/146\/revisions\/1567"}],"wp:attachment":[{"href":"https:\/\/editions.grandpalaisrmn.fr\/blog\/wp-json\/wp\/v2\/media?parent=146"}],"wp:term":[{"taxonomy":"category","embeddable":true,"href":"https:\/\/editions.grandpalaisrmn.fr\/blog\/wp-json\/wp\/v2\/categories?post=146"},{"taxonomy":"post_tag","embeddable":true,"href":"https:\/\/editions.grandpalaisrmn.fr\/blog\/wp-json\/wp\/v2\/tags?post=146"}],"curies":[{"name":"wp","href":"https:\/\/api.w.org\/{rel}","templated":true}]}}