{"id":1616,"date":"2024-05-16T08:21:31","date_gmt":"2024-05-16T08:21:31","guid":{"rendered":"https:\/\/editions.grandpalaisrmn.fr\/blog\/?p=1616"},"modified":"2024-05-28T07:43:39","modified_gmt":"2024-05-28T07:43:39","slug":"festival-de-lhistoire-de-lart-2024","status":"publish","type":"post","link":"https:\/\/editions.grandpalaisrmn.fr\/blog\/festival-de-lhistoire-de-lart-2024\/","title":{"rendered":"Rendez-vous au ch\u00e2teau de Fontainebleau,  pour tous les amoureux du livre et de l\u2019histoire de l\u2019art !"},"content":{"rendered":"<p class=\"Chapeau_Article\">Nos \u00e9ditions participent \u00e0 la 13<sup>e<\/sup> \u00e9dition du Festival de l\u2019histoire de l\u2019art, \u00e9v\u00e9nement national en acc\u00e8s libre et gratuit, qui se tiendra du 31 mai au 2 juin 2024 au ch\u00e2teau de Fontainebleau.<br \/>\n\u00c0 la t\u00eate de cet \u00e9v\u00e9nement, le ch\u00e2teau de Fontainebleau et l\u2019<a href=\"https:\/\/www.inha.fr\/fr\/index.html\" target=\"_blank\" rel=\"noopener\">Institut national d\u2019histoire de l\u2019art<\/a> confient de nouveau \u00e0 GrandPalaisRmn l\u2019organisation d\u2019une composante essentielle du festival : le Salon du livre et de la revue d\u2019art, seule manifestation du genre en France.<\/p>\n<figure id=\"attachment_1617\" aria-describedby=\"caption-attachment-1617\" style=\"width: 1024px\" class=\"wp-caption aligncenter\"><img loading=\"lazy\" decoding=\"async\" class=\"size-full wp-image-1617\" src=\"https:\/\/editions.grandpalaisrmn.fr\/blog\/wp-content\/uploads\/2024\/05\/severine-et-Aurelien_1024.jpg\" alt=\"\" width=\"1024\" height=\"719\" srcset=\"https:\/\/editions.grandpalaisrmn.fr\/blog\/wp-content\/uploads\/2024\/05\/severine-et-Aurelien_1024.jpg 1024w, https:\/\/editions.grandpalaisrmn.fr\/blog\/wp-content\/uploads\/2024\/05\/severine-et-Aurelien_1024-300x211.jpg 300w, https:\/\/editions.grandpalaisrmn.fr\/blog\/wp-content\/uploads\/2024\/05\/severine-et-Aurelien_1024-768x539.jpg 768w\" sizes=\"(max-width: 1024px) 100vw, 1024px\" \/><figcaption id=\"caption-attachment-1617\" class=\"wp-caption-text\">Aur\u00e9lien Colongo et S\u00e9verine L\u00e9vi, commissaires du Salon du livre et de la revue d&rsquo;art, 2024 \u00a9 GrandPalaisRmn\u00c9ditions<\/figcaption><\/figure>\n<p>Sous la double direction d\u2019Aur\u00e9lien Colongo et de S\u00e9verine L\u00e9vi, responsables-librairie \u00e0 GrandPalaisRmn, ce Salon du livre et de la revue d\u2019art, dont le pays invit\u00e9 est le Mexique et dont la th\u00e9matique \u00e0 l\u2019honneur est le sport, en \u00e9cho aux Jeux olympiques et paralympiques de Paris\u00a02024, promet d\u2019\u00eatre passionnant.<br \/>\nCette ann\u00e9e, un grand chapiteau de plus de\u00a01\u00a0200\u00a0m<sup>2<\/sup>, install\u00e9 dans la cour Henri\u00a0IV, rassemblera plus d\u2019une centaine d\u2019\u00e9diteurs sp\u00e9cialis\u00e9s dans les domaines de l\u2019art et de l\u2019histoire\u00a0; il accueillera, en outre, un tout nouvel espace de conf\u00e9rences, th\u00e9\u00e2tre d\u2019une programmation riche en tables rondes, entretiens, pr\u00e9sentations d\u2019ouvrages, rencontres et s\u00e9ances de d\u00e9dicaces, auxquels prendront part une trentaine d\u2019auteurs.<\/p>\n<p><strong>Quatre temps forts pour nous, GrandPalaisRmn\u00c9ditions<\/strong><br \/>\nCette grande f\u00eate du beau livre et de l\u2019art sera marqu\u00e9e par des rencontres et des d\u00e9dicaces d&rsquo;auteurs de notre maison :<br \/>\n&#8211; Dominique de\u00a0Font-R\u00e9aulx, conservatrice g\u00e9n\u00e9rale au Louvre, qui \u00e9voquera <a href=\"https:\/\/editions.grandpalaisrmn.fr\/fr\/editions\/GK196442\"><em>Le Louvre. Le guide<\/em><\/a>, que nous avons co\u00e9dit\u00e9 avec le mus\u00e9e du Louvre\u00a0;<br \/>\n&#8211; Marie Sellier, sc\u00e9nariste et autrice de <em>Mon petit Fontainebleau<\/em>, l\u2019un de nos nouveaux titres jeunesse (parution le 5\u00a0juin);<br \/>\n&#8211; Muriel Barbier, conservatrice en chef du patrimoine, qui pr\u00e9sentera le catalogue d\u2019exposition <a href=\"https:\/\/editions.grandpalaisrmn.fr\/fr\/editions\/EK198008\"><em>Soieries imp\u00e9riales pour Versailles. Collection du Mobilier national <\/em><\/a>;<br \/>\n&#8211; Mathieu Deldicque et Maxence Hermant, conservateurs du patrimoine, qui parleront du catalogue d\u2019exposition <a href=\"https:\/\/editions.grandpalaisrmn.fr\/fr\/editions\/ES708019\"><em>Les Arts en France sous Charles\u00a0VII<\/em><\/a> au mus\u00e9e de Cluny.<\/p>\n<p><strong>La force de la synergie du r\u00e9seau GrandPalaisRmn <\/strong><br \/>\nPour le Salon du livre et de la revue d\u2019art, GrandPalaisRmn mobilise la force d\u2019un <a href=\"https:\/\/editions.grandpalaisrmn.fr\/fr\/editions\/la-diffusion\">r\u00e9seau de 34\u00a0librairies-boutiques<\/a>, implant\u00e9es dans les plus grandes institutions culturelles fran\u00e7aises, et l\u2019exceptionnelle diversit\u00e9 de ses savoir-faire\u00a0: la logistique, la communication, la sc\u00e9nographie, la librairie\u2026 Tous les talents du r\u00e9seau s\u2019unissent pour faire de cet \u00e9v\u00e9nement une v\u00e9ritable f\u00eate du livre et de l\u2019art.<\/p>\n<figure id=\"attachment_1625\" aria-describedby=\"caption-attachment-1625\" style=\"width: 900px\" class=\"wp-caption aligncenter\"><img loading=\"lazy\" decoding=\"async\" class=\"size-full wp-image-1625\" src=\"https:\/\/editions.grandpalaisrmn.fr\/blog\/wp-content\/uploads\/2024\/05\/salon-dul-ivre-dart-2022-photo-thibault-Chapotot_900.jpg\" alt=\"\" width=\"900\" height=\"600\" srcset=\"https:\/\/editions.grandpalaisrmn.fr\/blog\/wp-content\/uploads\/2024\/05\/salon-dul-ivre-dart-2022-photo-thibault-Chapotot_900.jpg 900w, https:\/\/editions.grandpalaisrmn.fr\/blog\/wp-content\/uploads\/2024\/05\/salon-dul-ivre-dart-2022-photo-thibault-Chapotot_900-300x200.jpg 300w, https:\/\/editions.grandpalaisrmn.fr\/blog\/wp-content\/uploads\/2024\/05\/salon-dul-ivre-dart-2022-photo-thibault-Chapotot_900-768x512.jpg 768w\" sizes=\"(max-width: 900px) 100vw, 900px\" \/><figcaption id=\"caption-attachment-1625\" class=\"wp-caption-text\">Salon du livre et de la revue d&rsquo;art 2023 \u00a9 Thibault Chapotot<\/figcaption><\/figure>\n<p>Au c\u0153ur de notre engagement au service du public, notre maison participe \u00e0 la transmission des savoirs li\u00e9s \u00e0 l\u2019exceptionnel patrimoine culturel fran\u00e7ais. Elle fait ainsi \u00e9cho \u00e0 l\u2019histoire du ch\u00e2teau de Fontainebleau, demeure favorite de Fran\u00e7ois I<sup>er<\/sup>, illustre protecteur des arts et des lettres, humaniste soucieux de la diffusion des savoirs. aupr\u00e8s du plus grand nombre.<\/p>\n<p><strong>Dates\u00a0:<\/strong> du 31\u00a0mai au 2\u00a0juin\u00a02024<br \/>\n<strong>Lieu\u00a0:<\/strong> cour Henri\u00a0IV du ch\u00e2teau de Fontainebleau<br \/>\n<strong>Horaires\u00a0:<\/strong> de 10\u00a0h \u00e0 19\u00a0h<br \/>\n<strong>Entr\u00e9e libre<\/strong><\/p>\n<p><strong>Rendez-vous avec nos auteurs :<\/strong><br \/>\n&#8211; Dominique de Font-R\u00e9aulx pour <em>Le Louvre. Le guide,<\/em> le vendredi 31 mai de 14h \u00e0 14h30 ;<br \/>\n&#8211; Mathieu Deldicque et Maxence Hermant : <em>Les arts sous charles VII<\/em>, le samedi 1<sup>er<\/sup> juin de 10h \u00e0 11h ;<br \/>\n&#8211; Muriel Barbier : <em>Soieries imp\u00e9riales pour Versailles. Collection du Mobilier national<\/em> , le samedi 1<sup>er<\/sup> juin de 15h \u00e0 15h30 ;<br \/>\n&#8211; Marie Sellier : <em>Mon petit Fontainebleau<\/em>, le dimanche 2 juin de 14h \u00e0 18h.<\/p>\n<div class=\"CallToAction\">\n<p><a href=\"https:\/\/www.festivaldelhistoiredelart.fr\/edition-2024\/programme-de-la-programmation-scientifique-2024\/\">D\u00e9couvrez toute la programmation du Festival et du Salon du livre<\/a><\/p>\n<p><a href=\"https:\/\/editions.grandpalaisrmn.fr\/fr\/editions\/par-musee\/fontainebleau_chateau-de-fontainebleau\">Retrouvez nos publications \u00e9dit\u00e9es pour le ch\u00e2teau de Fontainebleau<\/a><\/p>\n<p><a href=\"https:\/\/editions.grandpalaisrmn.fr\/fr\/editions\/lettre-information\">Suivez notre actualit\u00e9 et abonnez-vous \u00e0 notre magazine<\/a><\/p>\n<\/div>\n","protected":false},"excerpt":{"rendered":"<p>Nos \u00e9ditions participent \u00e0 la 13e \u00e9dition du Festival de l\u2019histoire de l\u2019art, \u00e9v\u00e9nement national en acc\u00e8s libre et gratuit, qui se tiendra du 31 mai au 2 juin 2024 au ch\u00e2teau de Fontainebleau. \u00c0 la t\u00eate de cet \u00e9v\u00e9nement, le ch\u00e2teau de Fontainebleau et l\u2019Institut national d\u2019histoire de l\u2019art confient de nouveau \u00e0 GrandPalaisRmn&#8230;<\/p>\n","protected":false},"author":1,"featured_media":0,"comment_status":"closed","ping_status":"closed","sticky":false,"template":"","format":"standard","meta":{"footnotes":""},"categories":[5],"tags":[],"class_list":["post-1616","post","type-post","status-publish","format-standard","hentry","category-evenement"],"yoast_head":"<!-- This site is optimized with the Yoast SEO plugin v22.7 - https:\/\/yoast.com\/wordpress\/plugins\/seo\/ -->\n<title>GrandPalaisRmn\u00c9ditions \u00e0 la 13e \u00e9dition du Festival de l\u2019histoire de l\u2019art<\/title>\n<meta name=\"description\" content=\"cette ann\u00e9e encore, GrandPalaisRmn organise le salon du livre et de la revue d&#039;art. Rendez-vous avec les auteurs de notre maison d&#039;\u00e9dition.\" \/>\n<meta name=\"robots\" content=\"index, follow, max-snippet:-1, max-image-preview:large, max-video-preview:-1\" \/>\n<link rel=\"canonical\" href=\"https:\/\/editions.grandpalaisrmn.fr\/blog\/festival-de-lhistoire-de-lart-2024\/\" \/>\n<meta property=\"og:locale\" content=\"fr_FR\" \/>\n<meta property=\"og:type\" content=\"article\" \/>\n<meta property=\"og:title\" content=\"Rendez-vous au ch\u00e2teau de Fontainebleau, pour tous les amoureux du livre et de l\u2019histoire de l\u2019art !\" \/>\n<meta property=\"og:description\" content=\"cette ann\u00e9e encore, GrandPalaisRmn organise le salon du livre et de la revue d&#039;art. Rendez-vous avec les auteurs de notre maison d&#039;\u00e9dition.\" \/>\n<meta property=\"og:url\" content=\"https:\/\/editions.grandpalaisrmn.fr\/blog\/festival-de-lhistoire-de-lart-2024\/\" \/>\n<meta property=\"og:site_name\" content=\"Actualit\u00e9s de GrandPalaisRmn\u00c9ditions\" \/>\n<meta property=\"article:publisher\" content=\"https:\/\/www.facebook.com\/EditionsRmnGP\/\" \/>\n<meta property=\"article:published_time\" content=\"2024-05-16T08:21:31+00:00\" \/>\n<meta property=\"article:modified_time\" content=\"2024-05-28T07:43:39+00:00\" \/>\n<meta property=\"og:image\" content=\"https:\/\/editions.grandpalaisrmn.fr\/blog\/wp-content\/uploads\/2024\/05\/severine-et-Aurelien_1024.jpg\" \/>\n\t<meta property=\"og:image:width\" content=\"1024\" \/>\n\t<meta property=\"og:image:height\" content=\"719\" \/>\n\t<meta property=\"og:image:type\" content=\"image\/jpeg\" \/>\n<meta name=\"author\" content=\"admin\" \/>\n<meta name=\"twitter:card\" content=\"summary_large_image\" \/>\n<meta name=\"twitter:label1\" content=\"\u00c9crit par\" \/>\n\t<meta name=\"twitter:data1\" content=\"admin\" \/>\n\t<meta name=\"twitter:label2\" content=\"Dur\u00e9e de lecture estim\u00e9e\" \/>\n\t<meta name=\"twitter:data2\" content=\"4 minutes\" \/>\n<script type=\"application\/ld+json\" class=\"yoast-schema-graph\">{\"@context\":\"https:\/\/schema.org\",\"@graph\":[{\"@type\":\"Article\",\"@id\":\"https:\/\/editions.grandpalaisrmn.fr\/blog\/festival-de-lhistoire-de-lart-2024\/#article\",\"isPartOf\":{\"@id\":\"https:\/\/editions.grandpalaisrmn.fr\/blog\/festival-de-lhistoire-de-lart-2024\/\"},\"author\":{\"name\":\"admin\",\"@id\":\"https:\/\/editions.grandpalaisrmn.fr\/blog\/#\/schema\/person\/df4f655e9df6cfe1d48590c891fe6b82\"},\"headline\":\"Rendez-vous au ch\u00e2teau de Fontainebleau, pour tous les amoureux du livre et de l\u2019histoire de l\u2019art !\",\"datePublished\":\"2024-05-16T08:21:31+00:00\",\"dateModified\":\"2024-05-28T07:43:39+00:00\",\"mainEntityOfPage\":{\"@id\":\"https:\/\/editions.grandpalaisrmn.fr\/blog\/festival-de-lhistoire-de-lart-2024\/\"},\"wordCount\":676,\"publisher\":{\"@id\":\"https:\/\/editions.grandpalaisrmn.fr\/blog\/#organization\"},\"image\":{\"@id\":\"https:\/\/editions.grandpalaisrmn.fr\/blog\/festival-de-lhistoire-de-lart-2024\/#primaryimage\"},\"thumbnailUrl\":\"https:\/\/editions.grandpalaisrmn.fr\/blog\/wp-content\/uploads\/2024\/05\/severine-et-Aurelien_1024.jpg\",\"articleSection\":[\"\u00c9v\u00e8nement\"],\"inLanguage\":\"fr-FR\"},{\"@type\":\"WebPage\",\"@id\":\"https:\/\/editions.grandpalaisrmn.fr\/blog\/festival-de-lhistoire-de-lart-2024\/\",\"url\":\"https:\/\/editions.grandpalaisrmn.fr\/blog\/festival-de-lhistoire-de-lart-2024\/\",\"name\":\"GrandPalaisRmn\u00c9ditions \u00e0 la 13e \u00e9dition du Festival de l\u2019histoire de l\u2019art\",\"isPartOf\":{\"@id\":\"https:\/\/editions.grandpalaisrmn.fr\/blog\/#website\"},\"primaryImageOfPage\":{\"@id\":\"https:\/\/editions.grandpalaisrmn.fr\/blog\/festival-de-lhistoire-de-lart-2024\/#primaryimage\"},\"image\":{\"@id\":\"https:\/\/editions.grandpalaisrmn.fr\/blog\/festival-de-lhistoire-de-lart-2024\/#primaryimage\"},\"thumbnailUrl\":\"https:\/\/editions.grandpalaisrmn.fr\/blog\/wp-content\/uploads\/2024\/05\/severine-et-Aurelien_1024.jpg\",\"datePublished\":\"2024-05-16T08:21:31+00:00\",\"dateModified\":\"2024-05-28T07:43:39+00:00\",\"description\":\"cette ann\u00e9e encore, GrandPalaisRmn organise le salon du livre et de la revue d'art. Rendez-vous avec les auteurs de notre maison d'\u00e9dition.\",\"breadcrumb\":{\"@id\":\"https:\/\/editions.grandpalaisrmn.fr\/blog\/festival-de-lhistoire-de-lart-2024\/#breadcrumb\"},\"inLanguage\":\"fr-FR\",\"potentialAction\":[{\"@type\":\"ReadAction\",\"target\":[\"https:\/\/editions.grandpalaisrmn.fr\/blog\/festival-de-lhistoire-de-lart-2024\/\"]}]},{\"@type\":\"ImageObject\",\"inLanguage\":\"fr-FR\",\"@id\":\"https:\/\/editions.grandpalaisrmn.fr\/blog\/festival-de-lhistoire-de-lart-2024\/#primaryimage\",\"url\":\"https:\/\/editions.grandpalaisrmn.fr\/blog\/wp-content\/uploads\/2024\/05\/severine-et-Aurelien_1024.jpg\",\"contentUrl\":\"https:\/\/editions.grandpalaisrmn.fr\/blog\/wp-content\/uploads\/2024\/05\/severine-et-Aurelien_1024.jpg\",\"width\":1024,\"height\":719,\"caption\":\"Aur\u00e9lien Colongo et S\u00e9verine L\u00e9vi, commissaires\"},{\"@type\":\"BreadcrumbList\",\"@id\":\"https:\/\/editions.grandpalaisrmn.fr\/blog\/festival-de-lhistoire-de-lart-2024\/#breadcrumb\",\"itemListElement\":[{\"@type\":\"ListItem\",\"position\":1,\"name\":\"Accueil\",\"item\":\"https:\/\/editions.grandpalaisrmn.fr\/blog\/\"},{\"@type\":\"ListItem\",\"position\":2,\"name\":\"Rendez-vous au ch\u00e2teau de Fontainebleau, pour tous les amoureux du livre et de l\u2019histoire de l\u2019art !\"}]},{\"@type\":\"WebSite\",\"@id\":\"https:\/\/editions.grandpalaisrmn.fr\/blog\/#website\",\"url\":\"https:\/\/editions.grandpalaisrmn.fr\/blog\/\",\"name\":\"Actualit\u00e9s de GrandPalaisRmn\u00c9ditions\",\"description\":\"\",\"publisher\":{\"@id\":\"https:\/\/editions.grandpalaisrmn.fr\/blog\/#organization\"},\"potentialAction\":[{\"@type\":\"SearchAction\",\"target\":{\"@type\":\"EntryPoint\",\"urlTemplate\":\"https:\/\/editions.grandpalaisrmn.fr\/blog\/?s={search_term_string}\"},\"query-input\":\"required name=search_term_string\"}],\"inLanguage\":\"fr-FR\"},{\"@type\":\"Organization\",\"@id\":\"https:\/\/editions.grandpalaisrmn.fr\/blog\/#organization\",\"name\":\"Les \u00e9ditions de la Rmn-GP\",\"url\":\"https:\/\/editions.grandpalaisrmn.fr\/blog\/\",\"logo\":{\"@type\":\"ImageObject\",\"inLanguage\":\"fr-FR\",\"@id\":\"https:\/\/editions.grandpalaisrmn.fr\/blog\/#\/schema\/logo\/image\/\",\"url\":\"https:\/\/editions.grandpalaisrmn.fr\/blog\/wp-content\/uploads\/2022\/06\/RMN-GP_logoNoir.png\",\"contentUrl\":\"https:\/\/editions.grandpalaisrmn.fr\/blog\/wp-content\/uploads\/2022\/06\/RMN-GP_logoNoir.png\",\"width\":787,\"height\":788,\"caption\":\"Les \u00e9ditions de la Rmn-GP\"},\"image\":{\"@id\":\"https:\/\/editions.grandpalaisrmn.fr\/blog\/#\/schema\/logo\/image\/\"},\"sameAs\":[\"https:\/\/www.facebook.com\/EditionsRmnGP\/\",\"https:\/\/www.pinterest.fr\/editionsRmnGP\",\"https:\/\/www.instagram.com\/les_editions_de_la_rmngp\/\"]},{\"@type\":\"Person\",\"@id\":\"https:\/\/editions.grandpalaisrmn.fr\/blog\/#\/schema\/person\/df4f655e9df6cfe1d48590c891fe6b82\",\"name\":\"admin\",\"image\":{\"@type\":\"ImageObject\",\"inLanguage\":\"fr-FR\",\"@id\":\"https:\/\/editions.grandpalaisrmn.fr\/blog\/#\/schema\/person\/image\/\",\"url\":\"https:\/\/secure.gravatar.com\/avatar\/2beb26b736c247331cd5f9cb1f595938?s=96&d=mm&r=g\",\"contentUrl\":\"https:\/\/secure.gravatar.com\/avatar\/2beb26b736c247331cd5f9cb1f595938?s=96&d=mm&r=g\",\"caption\":\"admin\"},\"sameAs\":[\"https:\/\/ppeditions.labrmngp.fr\/blog\"],\"url\":\"https:\/\/editions.grandpalaisrmn.fr\/blog\/author\/blog-admin_editions\/\"}]}<\/script>\n<!-- \/ Yoast SEO plugin. -->","yoast_head_json":{"title":"GrandPalaisRmn\u00c9ditions \u00e0 la 13e \u00e9dition du Festival de l\u2019histoire de l\u2019art","description":"cette ann\u00e9e encore, GrandPalaisRmn organise le salon du livre et de la revue d'art. Rendez-vous avec les auteurs de notre maison d'\u00e9dition.","robots":{"index":"index","follow":"follow","max-snippet":"max-snippet:-1","max-image-preview":"max-image-preview:large","max-video-preview":"max-video-preview:-1"},"canonical":"https:\/\/editions.grandpalaisrmn.fr\/blog\/festival-de-lhistoire-de-lart-2024\/","og_locale":"fr_FR","og_type":"article","og_title":"Rendez-vous au ch\u00e2teau de Fontainebleau, pour tous les amoureux du livre et de l\u2019histoire de l\u2019art !","og_description":"cette ann\u00e9e encore, GrandPalaisRmn organise le salon du livre et de la revue d'art. Rendez-vous avec les auteurs de notre maison d'\u00e9dition.","og_url":"https:\/\/editions.grandpalaisrmn.fr\/blog\/festival-de-lhistoire-de-lart-2024\/","og_site_name":"Actualit\u00e9s de GrandPalaisRmn\u00c9ditions","article_publisher":"https:\/\/www.facebook.com\/EditionsRmnGP\/","article_published_time":"2024-05-16T08:21:31+00:00","article_modified_time":"2024-05-28T07:43:39+00:00","og_image":[{"width":1024,"height":719,"url":"https:\/\/editions.grandpalaisrmn.fr\/blog\/wp-content\/uploads\/2024\/05\/severine-et-Aurelien_1024.jpg","type":"image\/jpeg"}],"author":"admin","twitter_card":"summary_large_image","twitter_misc":{"\u00c9crit par":"admin","Dur\u00e9e de lecture estim\u00e9e":"4 minutes"},"schema":{"@context":"https:\/\/schema.org","@graph":[{"@type":"Article","@id":"https:\/\/editions.grandpalaisrmn.fr\/blog\/festival-de-lhistoire-de-lart-2024\/#article","isPartOf":{"@id":"https:\/\/editions.grandpalaisrmn.fr\/blog\/festival-de-lhistoire-de-lart-2024\/"},"author":{"name":"admin","@id":"https:\/\/editions.grandpalaisrmn.fr\/blog\/#\/schema\/person\/df4f655e9df6cfe1d48590c891fe6b82"},"headline":"Rendez-vous au ch\u00e2teau de Fontainebleau, pour tous les amoureux du livre et de l\u2019histoire de l\u2019art !","datePublished":"2024-05-16T08:21:31+00:00","dateModified":"2024-05-28T07:43:39+00:00","mainEntityOfPage":{"@id":"https:\/\/editions.grandpalaisrmn.fr\/blog\/festival-de-lhistoire-de-lart-2024\/"},"wordCount":676,"publisher":{"@id":"https:\/\/editions.grandpalaisrmn.fr\/blog\/#organization"},"image":{"@id":"https:\/\/editions.grandpalaisrmn.fr\/blog\/festival-de-lhistoire-de-lart-2024\/#primaryimage"},"thumbnailUrl":"https:\/\/editions.grandpalaisrmn.fr\/blog\/wp-content\/uploads\/2024\/05\/severine-et-Aurelien_1024.jpg","articleSection":["\u00c9v\u00e8nement"],"inLanguage":"fr-FR"},{"@type":"WebPage","@id":"https:\/\/editions.grandpalaisrmn.fr\/blog\/festival-de-lhistoire-de-lart-2024\/","url":"https:\/\/editions.grandpalaisrmn.fr\/blog\/festival-de-lhistoire-de-lart-2024\/","name":"GrandPalaisRmn\u00c9ditions \u00e0 la 13e \u00e9dition du Festival de l\u2019histoire de l\u2019art","isPartOf":{"@id":"https:\/\/editions.grandpalaisrmn.fr\/blog\/#website"},"primaryImageOfPage":{"@id":"https:\/\/editions.grandpalaisrmn.fr\/blog\/festival-de-lhistoire-de-lart-2024\/#primaryimage"},"image":{"@id":"https:\/\/editions.grandpalaisrmn.fr\/blog\/festival-de-lhistoire-de-lart-2024\/#primaryimage"},"thumbnailUrl":"https:\/\/editions.grandpalaisrmn.fr\/blog\/wp-content\/uploads\/2024\/05\/severine-et-Aurelien_1024.jpg","datePublished":"2024-05-16T08:21:31+00:00","dateModified":"2024-05-28T07:43:39+00:00","description":"cette ann\u00e9e encore, GrandPalaisRmn organise le salon du livre et de la revue d'art. Rendez-vous avec les auteurs de notre maison d'\u00e9dition.","breadcrumb":{"@id":"https:\/\/editions.grandpalaisrmn.fr\/blog\/festival-de-lhistoire-de-lart-2024\/#breadcrumb"},"inLanguage":"fr-FR","potentialAction":[{"@type":"ReadAction","target":["https:\/\/editions.grandpalaisrmn.fr\/blog\/festival-de-lhistoire-de-lart-2024\/"]}]},{"@type":"ImageObject","inLanguage":"fr-FR","@id":"https:\/\/editions.grandpalaisrmn.fr\/blog\/festival-de-lhistoire-de-lart-2024\/#primaryimage","url":"https:\/\/editions.grandpalaisrmn.fr\/blog\/wp-content\/uploads\/2024\/05\/severine-et-Aurelien_1024.jpg","contentUrl":"https:\/\/editions.grandpalaisrmn.fr\/blog\/wp-content\/uploads\/2024\/05\/severine-et-Aurelien_1024.jpg","width":1024,"height":719,"caption":"Aur\u00e9lien Colongo et S\u00e9verine L\u00e9vi, commissaires"},{"@type":"BreadcrumbList","@id":"https:\/\/editions.grandpalaisrmn.fr\/blog\/festival-de-lhistoire-de-lart-2024\/#breadcrumb","itemListElement":[{"@type":"ListItem","position":1,"name":"Accueil","item":"https:\/\/editions.grandpalaisrmn.fr\/blog\/"},{"@type":"ListItem","position":2,"name":"Rendez-vous au ch\u00e2teau de Fontainebleau, pour tous les amoureux du livre et de l\u2019histoire de l\u2019art !"}]},{"@type":"WebSite","@id":"https:\/\/editions.grandpalaisrmn.fr\/blog\/#website","url":"https:\/\/editions.grandpalaisrmn.fr\/blog\/","name":"Actualit\u00e9s de GrandPalaisRmn\u00c9ditions","description":"","publisher":{"@id":"https:\/\/editions.grandpalaisrmn.fr\/blog\/#organization"},"potentialAction":[{"@type":"SearchAction","target":{"@type":"EntryPoint","urlTemplate":"https:\/\/editions.grandpalaisrmn.fr\/blog\/?s={search_term_string}"},"query-input":"required name=search_term_string"}],"inLanguage":"fr-FR"},{"@type":"Organization","@id":"https:\/\/editions.grandpalaisrmn.fr\/blog\/#organization","name":"Les \u00e9ditions de la Rmn-GP","url":"https:\/\/editions.grandpalaisrmn.fr\/blog\/","logo":{"@type":"ImageObject","inLanguage":"fr-FR","@id":"https:\/\/editions.grandpalaisrmn.fr\/blog\/#\/schema\/logo\/image\/","url":"https:\/\/editions.grandpalaisrmn.fr\/blog\/wp-content\/uploads\/2022\/06\/RMN-GP_logoNoir.png","contentUrl":"https:\/\/editions.grandpalaisrmn.fr\/blog\/wp-content\/uploads\/2022\/06\/RMN-GP_logoNoir.png","width":787,"height":788,"caption":"Les \u00e9ditions de la Rmn-GP"},"image":{"@id":"https:\/\/editions.grandpalaisrmn.fr\/blog\/#\/schema\/logo\/image\/"},"sameAs":["https:\/\/www.facebook.com\/EditionsRmnGP\/","https:\/\/www.pinterest.fr\/editionsRmnGP","https:\/\/www.instagram.com\/les_editions_de_la_rmngp\/"]},{"@type":"Person","@id":"https:\/\/editions.grandpalaisrmn.fr\/blog\/#\/schema\/person\/df4f655e9df6cfe1d48590c891fe6b82","name":"admin","image":{"@type":"ImageObject","inLanguage":"fr-FR","@id":"https:\/\/editions.grandpalaisrmn.fr\/blog\/#\/schema\/person\/image\/","url":"https:\/\/secure.gravatar.com\/avatar\/2beb26b736c247331cd5f9cb1f595938?s=96&d=mm&r=g","contentUrl":"https:\/\/secure.gravatar.com\/avatar\/2beb26b736c247331cd5f9cb1f595938?s=96&d=mm&r=g","caption":"admin"},"sameAs":["https:\/\/ppeditions.labrmngp.fr\/blog"],"url":"https:\/\/editions.grandpalaisrmn.fr\/blog\/author\/blog-admin_editions\/"}]}},"_links":{"self":[{"href":"https:\/\/editions.grandpalaisrmn.fr\/blog\/wp-json\/wp\/v2\/posts\/1616"}],"collection":[{"href":"https:\/\/editions.grandpalaisrmn.fr\/blog\/wp-json\/wp\/v2\/posts"}],"about":[{"href":"https:\/\/editions.grandpalaisrmn.fr\/blog\/wp-json\/wp\/v2\/types\/post"}],"author":[{"embeddable":true,"href":"https:\/\/editions.grandpalaisrmn.fr\/blog\/wp-json\/wp\/v2\/users\/1"}],"replies":[{"embeddable":true,"href":"https:\/\/editions.grandpalaisrmn.fr\/blog\/wp-json\/wp\/v2\/comments?post=1616"}],"version-history":[{"count":19,"href":"https:\/\/editions.grandpalaisrmn.fr\/blog\/wp-json\/wp\/v2\/posts\/1616\/revisions"}],"predecessor-version":[{"id":1662,"href":"https:\/\/editions.grandpalaisrmn.fr\/blog\/wp-json\/wp\/v2\/posts\/1616\/revisions\/1662"}],"wp:attachment":[{"href":"https:\/\/editions.grandpalaisrmn.fr\/blog\/wp-json\/wp\/v2\/media?parent=1616"}],"wp:term":[{"taxonomy":"category","embeddable":true,"href":"https:\/\/editions.grandpalaisrmn.fr\/blog\/wp-json\/wp\/v2\/categories?post=1616"},{"taxonomy":"post_tag","embeddable":true,"href":"https:\/\/editions.grandpalaisrmn.fr\/blog\/wp-json\/wp\/v2\/tags?post=1616"}],"curies":[{"name":"wp","href":"https:\/\/api.w.org\/{rel}","templated":true}]}}