{"id":1643,"date":"2024-05-28T15:46:45","date_gmt":"2024-05-28T15:46:45","guid":{"rendered":"https:\/\/editions.grandpalaisrmn.fr\/blog\/?p=1643"},"modified":"2024-06-06T12:41:33","modified_gmt":"2024-06-06T12:41:33","slug":"mon-petit-fontainebleau","status":"publish","type":"post","link":"https:\/\/editions.grandpalaisrmn.fr\/blog\/mon-petit-fontainebleau\/","title":{"rendered":"<em>Mon petit Fontainebleau<\/em> :  un voyage initiatique pour les petits explorateurs du ch\u00e2teau"},"content":{"rendered":"<p class=\"Chapeau_Article\">Depuis plus de vingt ans, <a href=\"https:\/\/editions.grandpalaisrmn.fr\/fr\/editions\/par-auteur\/sellier_marie\">Marie Sellier<\/a> r\u00e9gale petits et grands de ses histoires. \u00c0 travers la collection \u00ab\u00a0Mon petit\u00a0\u00bb, qu\u2019elle a cr\u00e9\u00e9e et qu\u2019elle dirige aujourd\u2019hui encore pour nos \u00e9ditions, elle accompagne les plus jeunes dans l\u2019exploration de lieux patrimoniaux. La derni\u00e8re publication, <em>Mon<\/em><em> petit Fontainebleau<\/em>, entra\u00eene les enfants \u00e0 la d\u00e9couverte du ch\u00e2teau bellifontain et des rois qui s\u2019y sont succ\u00e9d\u00e9.<br \/>\nL\u2019autrice perp\u00e9tue ainsi la vocation qui l\u2019anime\u00a0: initier les enfants \u00e0 l\u2019art et \u00e0 l\u2019histoire, en guidant leurs regards par des anecdotes qu\u2019elle se pla\u00eet \u00e0 raconter\u2026<\/p>\n<figure id=\"attachment_1670\" aria-describedby=\"caption-attachment-1670\" style=\"width: 1024px\" class=\"wp-caption aligncenter\"><img loading=\"lazy\" decoding=\"async\" class=\"size-full wp-image-1670\" src=\"https:\/\/editions.grandpalaisrmn.fr\/blog\/wp-content\/uploads\/2024\/05\/Marie_Sellier_1024-2.jpg\" alt=\"Marie Sellier, devant un tirage de Diane chasseresse, dans la r\u00e9serve des moulages des ateliers GrandPalaisRmn\" width=\"1024\" height=\"972\" srcset=\"https:\/\/editions.grandpalaisrmn.fr\/blog\/wp-content\/uploads\/2024\/05\/Marie_Sellier_1024-2.jpg 1024w, https:\/\/editions.grandpalaisrmn.fr\/blog\/wp-content\/uploads\/2024\/05\/Marie_Sellier_1024-2-300x285.jpg 300w, https:\/\/editions.grandpalaisrmn.fr\/blog\/wp-content\/uploads\/2024\/05\/Marie_Sellier_1024-2-768x729.jpg 768w\" sizes=\"(max-width: 1024px) 100vw, 1024px\" \/><figcaption id=\"caption-attachment-1670\" class=\"wp-caption-text\">Marie Sellier, devant un tirage de <i>Diane chasseresse<\/i>, dans la r\u00e9serve des moulages des ateliers GrandPalaisRmn<\/figcaption><\/figure>\n<p><strong>\u00ab\u00a0La d\u00e9esse Diane est partout \u00e0 Fontainebleau\u00a0!\u00a0\u00bb<\/strong><br \/>\nC\u2019est au c\u0153ur des r\u00e9serves de l\u2019atelier de moulage GrandPalaisRmn que nous accueillons Marie Sellier. Lentement, elle prom\u00e8ne son regard sur les formes fig\u00e9es des statues, avant de s\u2019installer sur la chaise pos\u00e9e \u00e0 son intention. Derri\u00e8re elle, sentinelle silencieuse, <em>Diane chasseresse<\/em>, pr\u00eate \u00e0 se saisir de ses fl\u00e8ches, l\u2019observe. \u00ab\u00a0Je vois que Diane n\u2019est pas seulement \u00e0 Fontainebleau, s\u2019amuse l\u2019autrice. L\u00e0-bas, elle est partout\u00a0; c\u2019est elle qui \u00e9tait cens\u00e9e veiller sur la royaut\u00e9\u00a0!\u00a0\u00bb Dans <em>Mon petit Fontainebleau<\/em>, on apprend en effet que la d\u00e9esse n\u2019aime gu\u00e8re \u00eatre prise au d\u00e9pourvu\u00a0: aussi belle que sans piti\u00e9, elle change en cerf le jeune Act\u00e9on, qui l\u2019aurait surprise nue, ainsi que ses nymphes, et le fait d\u00e9vorer par ses chiens.\u00a0\u00bb<br \/>\n<img loading=\"lazy\" decoding=\"async\" class=\"size-full wp-image-1656 aligncenter\" src=\"https:\/\/editions.grandpalaisrmn.fr\/blog\/wp-content\/uploads\/2024\/05\/JA108040_diane_900.jpg\" alt=\"\" width=\"900\" height=\"600\" srcset=\"https:\/\/editions.grandpalaisrmn.fr\/blog\/wp-content\/uploads\/2024\/05\/JA108040_diane_900.jpg 900w, https:\/\/editions.grandpalaisrmn.fr\/blog\/wp-content\/uploads\/2024\/05\/JA108040_diane_900-300x200.jpg 300w, https:\/\/editions.grandpalaisrmn.fr\/blog\/wp-content\/uploads\/2024\/05\/JA108040_diane_900-768x512.jpg 768w\" sizes=\"(max-width: 900px) 100vw, 900px\" \/><br \/>\n<strong>\u00ab\u00a0J\u2019ai v\u00e9cu une sorte de coup de grisou en d\u00e9couvrant ce lieu magnifique\u00a0\u00bb<\/strong><br \/>\n\u00ab\u00a0C\u2019est Sophie Laporte, votre directrice, qui m\u2019a propos\u00e9 de poursuivre cette collection avec le ch\u00e2teau de Fontainebleau, le responsable de la boutique lui ayant fait la demande d\u2019un ouvrage pour le jeune public en visite scolaire ou familiale. Inutile de vous dire que j\u2019ai accept\u00e9 avec enthousiasme\u00a0!<br \/>\nJ\u2019avais un souvenir ancien du ch\u00e2teau et j\u2019ai v\u00e9cu une sorte de coup de grisou en red\u00e9couvrant ce lieu magnifique, dont les origines restent myst\u00e9rieuses. Les strates de neuf si\u00e8cles d\u2019histoire de France s\u2019y imbriquent avec une gr\u00e2ce infinie \u00e0 partir d\u2019une premi\u00e8re b\u00e2tisse fortifi\u00e9e et de son donjon m\u00e9di\u00e9val. J\u2019ai \u00e9t\u00e9 transport\u00e9e par l\u2019esprit de cet ensemble unique, qui s\u2019est embelli au gr\u00e9 des r\u00e8gnes de trente-quatre rois et de deux empereurs. Il faut dire que j\u2019ai eu la chance d\u2019\u00eatre guid\u00e9e par un merveilleux passeur, David Millerou, historien et actuel chef du service p\u00e9dagogique du ch\u00e2teau de Fontainebleau, qui m\u2019a racont\u00e9 avec passion les histoires et anecdotes relatives aux b\u00e2timents et aux jardins. J\u2019ai compris pourquoi tous les souverains \u00e9taient tomb\u00e9s amoureux de ce lieu, alors m\u00eame qu\u2019ils avaient d\u2019autres endroits d\u2019exception o\u00f9 habiter ; ainsi, Louis XIV, qui avait son Versailles et son Louvre, n\u2019a jamais abandonn\u00e9 Fontainebleau et sa for\u00eat giboyeuse. \u00bb<strong> \u00a0<\/strong><br \/>\n<img loading=\"lazy\" decoding=\"async\" class=\"size-full wp-image-1657 aligncenter\" src=\"https:\/\/editions.grandpalaisrmn.fr\/blog\/wp-content\/uploads\/2024\/05\/JA108040_foret_900.jpg\" alt=\"\" width=\"900\" height=\"600\" srcset=\"https:\/\/editions.grandpalaisrmn.fr\/blog\/wp-content\/uploads\/2024\/05\/JA108040_foret_900.jpg 900w, https:\/\/editions.grandpalaisrmn.fr\/blog\/wp-content\/uploads\/2024\/05\/JA108040_foret_900-300x200.jpg 300w, https:\/\/editions.grandpalaisrmn.fr\/blog\/wp-content\/uploads\/2024\/05\/JA108040_foret_900-768x512.jpg 768w\" sizes=\"(max-width: 900px) 100vw, 900px\" \/><br \/>\n<strong>\u00ab\u00a0La fid\u00e9lit\u00e9 aux ouvrages et aux auteurs est le propre des \u00e9ditions GrandPalaisRmn \u00bb<\/strong><br \/>\n\u00ab\u00a0Cette collection a aujourd\u2019hui 23\u00a0ans, rappelle Marie Sellier. Tous les titres, m\u00eame les plus anciens, sont encore propos\u00e9s en librairie. C\u2019est le propre de la maison d\u2019\u00e9dition GrandPalaisRmn que de suivre les ouvrages et d\u2019\u00eatre fid\u00e8le \u00e0 ses collections et \u00e0 ses auteurs. Ce titre est le\u00a038<sup>e<\/sup> d\u2019une collaboration aussi fructueuse qu\u2019agr\u00e9able.<br \/>\nEn\u00a02001, nous avons cr\u00e9\u00e9, avec les mus\u00e9es du Louvre et d\u2019Orsay, la collection \u00ab Mon petit \u00bb, dont l\u2019objectif \u00e9tait de mettre ces mus\u00e9es foisonnants \u00e0 la port\u00e9e des enfants. En couverture, une petite maison accueillante invitait le jeune lecteur \u00e0 entrer, tel un sas rassurant destin\u00e9 \u00e0 lui donner envie de partir \u00e0 l\u2019aventure dans le mus\u00e9e\u00a0! Pour illustrer le dernier titre, nous avons encadr\u00e9 la silhouette du ch\u00e2teau, de l\u2019imposant \u00e9l\u00e9phant blanc de Fiorentino et de l\u2019amour de Gabrielle d\u2019Estr\u00e9es en Diane chasseresse, un d\u00e9tail d\u2019un tableau d\u2019Ambroise Dubois\u00a0: une fa\u00e7on d\u2019\u00e9voquer tout \u00e0 fois la Renaissance et l\u2019esprit de la for\u00eat.\u00a0\u00bb<\/p>\n<figure id=\"attachment_1658\" aria-describedby=\"caption-attachment-1658\" style=\"width: 900px\" class=\"wp-caption aligncenter\"><img loading=\"lazy\" decoding=\"async\" class=\"size-full wp-image-1658\" src=\"https:\/\/editions.grandpalaisrmn.fr\/blog\/wp-content\/uploads\/2024\/05\/JA108040_tous_900.jpg\" alt=\"\" width=\"900\" height=\"572\" srcset=\"https:\/\/editions.grandpalaisrmn.fr\/blog\/wp-content\/uploads\/2024\/05\/JA108040_tous_900.jpg 900w, https:\/\/editions.grandpalaisrmn.fr\/blog\/wp-content\/uploads\/2024\/05\/JA108040_tous_900-300x191.jpg 300w, https:\/\/editions.grandpalaisrmn.fr\/blog\/wp-content\/uploads\/2024\/05\/JA108040_tous_900-768x488.jpg 768w\" sizes=\"(max-width: 900px) 100vw, 900px\" \/><figcaption id=\"caption-attachment-1658\" class=\"wp-caption-text\">La Collection \u00ab Mon petit \u00bb GrandPalaisRmn\u00c9ditions<\/figcaption><\/figure>\n<p><strong>\u00ab Un public sans piti\u00e9 \u00bb<\/strong><br \/>\n\u00ab\u00a0Les enfants constituent un public sans piti\u00e9, souligne l\u2019autrice. Lorsqu\u2019ils ne comprennent pas ce qu\u2019on leur raconte, ils abandonnent le livre. J\u2019ai \u00e0 c\u0153ur de capter leur attention d\u00e8s le d\u00e9part. Pour y parvenir, j\u2019ai recours \u00e0 un outil puissant\u00a0: le r\u00e9cit. Qu\u2019il s\u2019agisse d\u2019un d\u00e9tail dans une \u0153uvre d\u2019art ou d\u2019une anecdote m\u00e9connue sur un lieu historique, chaque \u00e9l\u00e9ment devient une porte d\u2019entr\u00e9e vers l\u2019Histoire ou l\u2019imaginaire.\u00a0\u00bb<br \/>\nMarie Sellier s\u2019empare alors de l\u2019album, l\u2019ouvre largement sur la double-page des \u00ab\u00a0deux dames dans la baignoire\u00a0\u00bb, et lit le chapitre \u00e0 haute voix. Captiv\u00e9s par son r\u00e9cit, nous sommes suspendus \u00e0 ses l\u00e8vres, attendant impatiemment, tels des enfants \u00e9merveill\u00e9s, la suite de l\u2019histoire\u00a0: \u00ab\u00a0Gabrielle d\u2019Estr\u00e9es et sa s\u0153ur prennent leur bain. La belle Gabrielle est la favorite du roi Henri\u00a0IV, auquel elle vient de donner un fils, qu\u2019une nourrice est en train d\u2019allaiter. Avant de remplir la baignoire en bois d\u2019eau bien chaude, une servante l\u2019a tapiss\u00e9e d\u2019un fin drap de lin\u2026\u00a0\u00bb<br \/>\nL\u2019autrice ferme le livre et nous explique avec admiration que Fran\u00e7ois\u00a0I<sup>er<\/sup> a fait construire au rez-de-chauss\u00e9e de sa grande galerie un v\u00e9ritable spa royal et que, \u00e0 partir du tableau <em>Gabrielle d\u2019Estr\u00e9es et sa s\u0153ur, la duchesse de Villars<\/em> (\u00c9cole de Fontainebleau) \u2013\u00a0d\u00e9crit dans l\u2019extrait qu\u2019elle vient de nous lire\u00a0\u2013, elle a souhait\u00e9 aborder la dimension baln\u00e9aire du ch\u00e2teau, qui la fait r\u00eaver, mais dont il ne subsiste malheureusement rien aujourd\u2019hui.<br \/>\n<img loading=\"lazy\" decoding=\"async\" class=\"alignnone size-full wp-image-1659 aligncenter\" src=\"https:\/\/editions.grandpalaisrmn.fr\/blog\/wp-content\/uploads\/2024\/05\/JA108040_lebain_900.jpg\" alt=\"\" width=\"900\" height=\"600\" srcset=\"https:\/\/editions.grandpalaisrmn.fr\/blog\/wp-content\/uploads\/2024\/05\/JA108040_lebain_900.jpg 900w, https:\/\/editions.grandpalaisrmn.fr\/blog\/wp-content\/uploads\/2024\/05\/JA108040_lebain_900-300x200.jpg 300w, https:\/\/editions.grandpalaisrmn.fr\/blog\/wp-content\/uploads\/2024\/05\/JA108040_lebain_900-768x512.jpg 768w\" sizes=\"(max-width: 900px) 100vw, 900px\" \/><\/p>\n<p>Le talent narratif de Marie Sellier et sa passion contagieuse pour l\u2019art donnent vie aux murs de pierre et aux personnages royaux, transforment chaque page en une fen\u00eatre sur le pass\u00e9. Habile conteuse, elle fait revivre l\u2019\u00e9clat de la cour royale\u00a0; guid\u00e9s par sa voix, les jeunes visiteurs foulent les parquets charg\u00e9s d\u2019histoire et se laissent gagner par l\u2019atmosph\u00e8re de ce lieu unique.<br \/>\n\u00ab\u00a0C\u2019est une grande satisfaction pour nous, \u00e0 la boutique, d\u2019avoir ce \u00ab Mon petit \u00bb d\u00e9di\u00e9 au ch\u00e2teau, un titre qui fait office de v\u00e9ritable guide racontant le lieu \u00e0 travers des personnages ou des d\u00e9tails d\u2019\u0153uvres et d\u2019objets. C\u2019\u00e9tait un r\u00e9el besoin dans notre offre \u00e9ditoriale pour les jeunes et les familles\u00a0\u00bb, conclut Aur\u00e9lien Colongo, responsable de la boutique du ch\u00e2teau.<\/p>\n<div class=\"CallToAction\">\n<p><a href=\"https:\/\/editions.grandpalaisrmn.fr\/fr\/editions\/par-auteur\/sellier_marie\">Retrouvez nos titres \u00e9crits par Marie Sellier<\/a><\/p>\n<p><a href=\"https:\/\/editions.grandpalaisrmn.fr\/fr\/editions\/par-categorie\/jeunesse\">Consultez nos publications \u00e9dit\u00e9es pour les enfants<\/a><\/p>\n<p><a href=\"https:\/\/editions.grandpalaisrmn.fr\/fr\/editions\/par-musee\/fontainebleau_chateau-de-fontainebleau\">Acc\u00e9dez aux titres co\u00e9dit\u00e9s avec le ch\u00e2teau de Fontainebleau<\/a><\/p>\n<p><a href=\"https:\/\/editions.grandpalaisrmn.fr\/fr\/editions\/lettre-information\">Suivez notre actualit\u00e9 et abonnez-vous \u00e0 notre magazine<\/a><\/p>\n<\/div>\n","protected":false},"excerpt":{"rendered":"<p>Depuis plus de vingt ans, Marie Sellier r\u00e9gale petits et grands de ses histoires. \u00c0 travers la collection \u00ab\u00a0Mon petit\u00a0\u00bb, qu\u2019elle a cr\u00e9\u00e9e et qu\u2019elle dirige aujourd\u2019hui encore pour nos \u00e9ditions, elle accompagne les plus jeunes dans l\u2019exploration de lieux patrimoniaux. La derni\u00e8re publication, Mon petit Fontainebleau, entra\u00eene les enfants \u00e0 la d\u00e9couverte du ch\u00e2teau&#8230;<\/p>\n","protected":false},"author":1,"featured_media":0,"comment_status":"closed","ping_status":"closed","sticky":false,"template":"","format":"standard","meta":{"footnotes":""},"categories":[3],"tags":[],"class_list":["post-1643","post","type-post","status-publish","format-standard","hentry","category-edition"],"yoast_head":"<!-- This site is optimized with the Yoast SEO plugin v22.7 - https:\/\/yoast.com\/wordpress\/plugins\/seo\/ -->\n<title>Marie Sellier initie les enfants \u00e0 l\u2019art et \u00e0 l\u2019histoire<\/title>\n<meta name=\"description\" content=\"Entretien avec Marie Sellier \u00e0 l&#039;occasion de la publication de son dernier livre pour les enfants \u00e0 partir de 6 ans : Mon petit Fontainebleau\" \/>\n<meta name=\"robots\" content=\"index, follow, max-snippet:-1, max-image-preview:large, max-video-preview:-1\" \/>\n<link rel=\"canonical\" href=\"https:\/\/editions.grandpalaisrmn.fr\/blog\/mon-petit-fontainebleau\/\" \/>\n<meta property=\"og:locale\" content=\"fr_FR\" \/>\n<meta property=\"og:type\" content=\"article\" \/>\n<meta property=\"og:title\" content=\"Mon petit Fontainebleau : un voyage initiatique pour les petits explorateurs du ch\u00e2teau\" \/>\n<meta property=\"og:description\" content=\"Entretien avec Marie Sellier \u00e0 l&#039;occasion de la publication de son dernier livre pour les enfants \u00e0 partir de 6 ans : Mon petit Fontainebleau\" \/>\n<meta property=\"og:url\" content=\"https:\/\/editions.grandpalaisrmn.fr\/blog\/mon-petit-fontainebleau\/\" \/>\n<meta property=\"og:site_name\" content=\"Actualit\u00e9s de GrandPalaisRmn\u00c9ditions\" \/>\n<meta property=\"article:publisher\" content=\"https:\/\/www.facebook.com\/EditionsRmnGP\/\" \/>\n<meta property=\"article:published_time\" content=\"2024-05-28T15:46:45+00:00\" \/>\n<meta property=\"article:modified_time\" content=\"2024-06-06T12:41:33+00:00\" \/>\n<meta property=\"og:image\" content=\"https:\/\/editions.grandpalaisrmn.fr\/blog\/wp-content\/uploads\/2024\/05\/Marie_Sellier_1024.jpg\" \/>\n\t<meta property=\"og:image:width\" content=\"1024\" \/>\n\t<meta property=\"og:image:height\" content=\"972\" \/>\n\t<meta property=\"og:image:type\" content=\"image\/jpeg\" \/>\n<meta name=\"author\" content=\"admin\" \/>\n<meta name=\"twitter:card\" content=\"summary_large_image\" \/>\n<meta name=\"twitter:label1\" content=\"\u00c9crit par\" \/>\n\t<meta name=\"twitter:data1\" content=\"admin\" \/>\n\t<meta name=\"twitter:label2\" content=\"Dur\u00e9e de lecture estim\u00e9e\" \/>\n\t<meta name=\"twitter:data2\" content=\"7 minutes\" \/>\n<script type=\"application\/ld+json\" class=\"yoast-schema-graph\">{\"@context\":\"https:\/\/schema.org\",\"@graph\":[{\"@type\":\"Article\",\"@id\":\"https:\/\/editions.grandpalaisrmn.fr\/blog\/mon-petit-fontainebleau\/#article\",\"isPartOf\":{\"@id\":\"https:\/\/editions.grandpalaisrmn.fr\/blog\/mon-petit-fontainebleau\/\"},\"author\":{\"name\":\"admin\",\"@id\":\"https:\/\/editions.grandpalaisrmn.fr\/blog\/#\/schema\/person\/df4f655e9df6cfe1d48590c891fe6b82\"},\"headline\":\"Mon petit Fontainebleau : un voyage initiatique pour les petits explorateurs du ch\u00e2teau\",\"datePublished\":\"2024-05-28T15:46:45+00:00\",\"dateModified\":\"2024-06-06T12:41:33+00:00\",\"mainEntityOfPage\":{\"@id\":\"https:\/\/editions.grandpalaisrmn.fr\/blog\/mon-petit-fontainebleau\/\"},\"wordCount\":1211,\"publisher\":{\"@id\":\"https:\/\/editions.grandpalaisrmn.fr\/blog\/#organization\"},\"image\":{\"@id\":\"https:\/\/editions.grandpalaisrmn.fr\/blog\/mon-petit-fontainebleau\/#primaryimage\"},\"thumbnailUrl\":\"https:\/\/editions.grandpalaisrmn.fr\/blog\/wp-content\/uploads\/2024\/05\/Marie_Sellier_1024-2.jpg\",\"articleSection\":[\"\u00c9dition\"],\"inLanguage\":\"fr-FR\"},{\"@type\":\"WebPage\",\"@id\":\"https:\/\/editions.grandpalaisrmn.fr\/blog\/mon-petit-fontainebleau\/\",\"url\":\"https:\/\/editions.grandpalaisrmn.fr\/blog\/mon-petit-fontainebleau\/\",\"name\":\"Marie Sellier initie les enfants \u00e0 l\u2019art et \u00e0 l\u2019histoire\",\"isPartOf\":{\"@id\":\"https:\/\/editions.grandpalaisrmn.fr\/blog\/#website\"},\"primaryImageOfPage\":{\"@id\":\"https:\/\/editions.grandpalaisrmn.fr\/blog\/mon-petit-fontainebleau\/#primaryimage\"},\"image\":{\"@id\":\"https:\/\/editions.grandpalaisrmn.fr\/blog\/mon-petit-fontainebleau\/#primaryimage\"},\"thumbnailUrl\":\"https:\/\/editions.grandpalaisrmn.fr\/blog\/wp-content\/uploads\/2024\/05\/Marie_Sellier_1024-2.jpg\",\"datePublished\":\"2024-05-28T15:46:45+00:00\",\"dateModified\":\"2024-06-06T12:41:33+00:00\",\"description\":\"Entretien avec Marie Sellier \u00e0 l'occasion de la publication de son dernier livre pour les enfants \u00e0 partir de 6 ans : Mon petit Fontainebleau\",\"breadcrumb\":{\"@id\":\"https:\/\/editions.grandpalaisrmn.fr\/blog\/mon-petit-fontainebleau\/#breadcrumb\"},\"inLanguage\":\"fr-FR\",\"potentialAction\":[{\"@type\":\"ReadAction\",\"target\":[\"https:\/\/editions.grandpalaisrmn.fr\/blog\/mon-petit-fontainebleau\/\"]}]},{\"@type\":\"ImageObject\",\"inLanguage\":\"fr-FR\",\"@id\":\"https:\/\/editions.grandpalaisrmn.fr\/blog\/mon-petit-fontainebleau\/#primaryimage\",\"url\":\"https:\/\/editions.grandpalaisrmn.fr\/blog\/wp-content\/uploads\/2024\/05\/Marie_Sellier_1024-2.jpg\",\"contentUrl\":\"https:\/\/editions.grandpalaisrmn.fr\/blog\/wp-content\/uploads\/2024\/05\/Marie_Sellier_1024-2.jpg\",\"width\":1024,\"height\":972,\"caption\":\"Marie Sellier, devant un tirage de Diane chasseresse, dans la r\u00e9serve des moulages des ateliers GrandPalaisRmn\"},{\"@type\":\"BreadcrumbList\",\"@id\":\"https:\/\/editions.grandpalaisrmn.fr\/blog\/mon-petit-fontainebleau\/#breadcrumb\",\"itemListElement\":[{\"@type\":\"ListItem\",\"position\":1,\"name\":\"Accueil\",\"item\":\"https:\/\/editions.grandpalaisrmn.fr\/blog\/\"},{\"@type\":\"ListItem\",\"position\":2,\"name\":\"Mon petit Fontainebleau : un voyage initiatique pour les petits explorateurs du ch\u00e2teau\"}]},{\"@type\":\"WebSite\",\"@id\":\"https:\/\/editions.grandpalaisrmn.fr\/blog\/#website\",\"url\":\"https:\/\/editions.grandpalaisrmn.fr\/blog\/\",\"name\":\"Actualit\u00e9s de GrandPalaisRmn\u00c9ditions\",\"description\":\"\",\"publisher\":{\"@id\":\"https:\/\/editions.grandpalaisrmn.fr\/blog\/#organization\"},\"potentialAction\":[{\"@type\":\"SearchAction\",\"target\":{\"@type\":\"EntryPoint\",\"urlTemplate\":\"https:\/\/editions.grandpalaisrmn.fr\/blog\/?s={search_term_string}\"},\"query-input\":\"required name=search_term_string\"}],\"inLanguage\":\"fr-FR\"},{\"@type\":\"Organization\",\"@id\":\"https:\/\/editions.grandpalaisrmn.fr\/blog\/#organization\",\"name\":\"Les \u00e9ditions de la Rmn-GP\",\"url\":\"https:\/\/editions.grandpalaisrmn.fr\/blog\/\",\"logo\":{\"@type\":\"ImageObject\",\"inLanguage\":\"fr-FR\",\"@id\":\"https:\/\/editions.grandpalaisrmn.fr\/blog\/#\/schema\/logo\/image\/\",\"url\":\"https:\/\/editions.grandpalaisrmn.fr\/blog\/wp-content\/uploads\/2022\/06\/RMN-GP_logoNoir.png\",\"contentUrl\":\"https:\/\/editions.grandpalaisrmn.fr\/blog\/wp-content\/uploads\/2022\/06\/RMN-GP_logoNoir.png\",\"width\":787,\"height\":788,\"caption\":\"Les \u00e9ditions de la Rmn-GP\"},\"image\":{\"@id\":\"https:\/\/editions.grandpalaisrmn.fr\/blog\/#\/schema\/logo\/image\/\"},\"sameAs\":[\"https:\/\/www.facebook.com\/EditionsRmnGP\/\",\"https:\/\/www.pinterest.fr\/editionsRmnGP\",\"https:\/\/www.instagram.com\/les_editions_de_la_rmngp\/\"]},{\"@type\":\"Person\",\"@id\":\"https:\/\/editions.grandpalaisrmn.fr\/blog\/#\/schema\/person\/df4f655e9df6cfe1d48590c891fe6b82\",\"name\":\"admin\",\"image\":{\"@type\":\"ImageObject\",\"inLanguage\":\"fr-FR\",\"@id\":\"https:\/\/editions.grandpalaisrmn.fr\/blog\/#\/schema\/person\/image\/\",\"url\":\"https:\/\/secure.gravatar.com\/avatar\/2beb26b736c247331cd5f9cb1f595938?s=96&d=mm&r=g\",\"contentUrl\":\"https:\/\/secure.gravatar.com\/avatar\/2beb26b736c247331cd5f9cb1f595938?s=96&d=mm&r=g\",\"caption\":\"admin\"},\"sameAs\":[\"https:\/\/ppeditions.labrmngp.fr\/blog\"],\"url\":\"https:\/\/editions.grandpalaisrmn.fr\/blog\/author\/blog-admin_editions\/\"}]}<\/script>\n<!-- \/ Yoast SEO plugin. -->","yoast_head_json":{"title":"Marie Sellier initie les enfants \u00e0 l\u2019art et \u00e0 l\u2019histoire","description":"Entretien avec Marie Sellier \u00e0 l'occasion de la publication de son dernier livre pour les enfants \u00e0 partir de 6 ans : Mon petit Fontainebleau","robots":{"index":"index","follow":"follow","max-snippet":"max-snippet:-1","max-image-preview":"max-image-preview:large","max-video-preview":"max-video-preview:-1"},"canonical":"https:\/\/editions.grandpalaisrmn.fr\/blog\/mon-petit-fontainebleau\/","og_locale":"fr_FR","og_type":"article","og_title":"Mon petit Fontainebleau : un voyage initiatique pour les petits explorateurs du ch\u00e2teau","og_description":"Entretien avec Marie Sellier \u00e0 l'occasion de la publication de son dernier livre pour les enfants \u00e0 partir de 6 ans : Mon petit Fontainebleau","og_url":"https:\/\/editions.grandpalaisrmn.fr\/blog\/mon-petit-fontainebleau\/","og_site_name":"Actualit\u00e9s de GrandPalaisRmn\u00c9ditions","article_publisher":"https:\/\/www.facebook.com\/EditionsRmnGP\/","article_published_time":"2024-05-28T15:46:45+00:00","article_modified_time":"2024-06-06T12:41:33+00:00","og_image":[{"width":1024,"height":972,"url":"https:\/\/editions.grandpalaisrmn.fr\/blog\/wp-content\/uploads\/2024\/05\/Marie_Sellier_1024.jpg","type":"image\/jpeg"}],"author":"admin","twitter_card":"summary_large_image","twitter_misc":{"\u00c9crit par":"admin","Dur\u00e9e de lecture estim\u00e9e":"7 minutes"},"schema":{"@context":"https:\/\/schema.org","@graph":[{"@type":"Article","@id":"https:\/\/editions.grandpalaisrmn.fr\/blog\/mon-petit-fontainebleau\/#article","isPartOf":{"@id":"https:\/\/editions.grandpalaisrmn.fr\/blog\/mon-petit-fontainebleau\/"},"author":{"name":"admin","@id":"https:\/\/editions.grandpalaisrmn.fr\/blog\/#\/schema\/person\/df4f655e9df6cfe1d48590c891fe6b82"},"headline":"Mon petit Fontainebleau : un voyage initiatique pour les petits explorateurs du ch\u00e2teau","datePublished":"2024-05-28T15:46:45+00:00","dateModified":"2024-06-06T12:41:33+00:00","mainEntityOfPage":{"@id":"https:\/\/editions.grandpalaisrmn.fr\/blog\/mon-petit-fontainebleau\/"},"wordCount":1211,"publisher":{"@id":"https:\/\/editions.grandpalaisrmn.fr\/blog\/#organization"},"image":{"@id":"https:\/\/editions.grandpalaisrmn.fr\/blog\/mon-petit-fontainebleau\/#primaryimage"},"thumbnailUrl":"https:\/\/editions.grandpalaisrmn.fr\/blog\/wp-content\/uploads\/2024\/05\/Marie_Sellier_1024-2.jpg","articleSection":["\u00c9dition"],"inLanguage":"fr-FR"},{"@type":"WebPage","@id":"https:\/\/editions.grandpalaisrmn.fr\/blog\/mon-petit-fontainebleau\/","url":"https:\/\/editions.grandpalaisrmn.fr\/blog\/mon-petit-fontainebleau\/","name":"Marie Sellier initie les enfants \u00e0 l\u2019art et \u00e0 l\u2019histoire","isPartOf":{"@id":"https:\/\/editions.grandpalaisrmn.fr\/blog\/#website"},"primaryImageOfPage":{"@id":"https:\/\/editions.grandpalaisrmn.fr\/blog\/mon-petit-fontainebleau\/#primaryimage"},"image":{"@id":"https:\/\/editions.grandpalaisrmn.fr\/blog\/mon-petit-fontainebleau\/#primaryimage"},"thumbnailUrl":"https:\/\/editions.grandpalaisrmn.fr\/blog\/wp-content\/uploads\/2024\/05\/Marie_Sellier_1024-2.jpg","datePublished":"2024-05-28T15:46:45+00:00","dateModified":"2024-06-06T12:41:33+00:00","description":"Entretien avec Marie Sellier \u00e0 l'occasion de la publication de son dernier livre pour les enfants \u00e0 partir de 6 ans : Mon petit Fontainebleau","breadcrumb":{"@id":"https:\/\/editions.grandpalaisrmn.fr\/blog\/mon-petit-fontainebleau\/#breadcrumb"},"inLanguage":"fr-FR","potentialAction":[{"@type":"ReadAction","target":["https:\/\/editions.grandpalaisrmn.fr\/blog\/mon-petit-fontainebleau\/"]}]},{"@type":"ImageObject","inLanguage":"fr-FR","@id":"https:\/\/editions.grandpalaisrmn.fr\/blog\/mon-petit-fontainebleau\/#primaryimage","url":"https:\/\/editions.grandpalaisrmn.fr\/blog\/wp-content\/uploads\/2024\/05\/Marie_Sellier_1024-2.jpg","contentUrl":"https:\/\/editions.grandpalaisrmn.fr\/blog\/wp-content\/uploads\/2024\/05\/Marie_Sellier_1024-2.jpg","width":1024,"height":972,"caption":"Marie Sellier, devant un tirage de Diane chasseresse, dans la r\u00e9serve des moulages des ateliers GrandPalaisRmn"},{"@type":"BreadcrumbList","@id":"https:\/\/editions.grandpalaisrmn.fr\/blog\/mon-petit-fontainebleau\/#breadcrumb","itemListElement":[{"@type":"ListItem","position":1,"name":"Accueil","item":"https:\/\/editions.grandpalaisrmn.fr\/blog\/"},{"@type":"ListItem","position":2,"name":"Mon petit Fontainebleau : un voyage initiatique pour les petits explorateurs du ch\u00e2teau"}]},{"@type":"WebSite","@id":"https:\/\/editions.grandpalaisrmn.fr\/blog\/#website","url":"https:\/\/editions.grandpalaisrmn.fr\/blog\/","name":"Actualit\u00e9s de GrandPalaisRmn\u00c9ditions","description":"","publisher":{"@id":"https:\/\/editions.grandpalaisrmn.fr\/blog\/#organization"},"potentialAction":[{"@type":"SearchAction","target":{"@type":"EntryPoint","urlTemplate":"https:\/\/editions.grandpalaisrmn.fr\/blog\/?s={search_term_string}"},"query-input":"required name=search_term_string"}],"inLanguage":"fr-FR"},{"@type":"Organization","@id":"https:\/\/editions.grandpalaisrmn.fr\/blog\/#organization","name":"Les \u00e9ditions de la Rmn-GP","url":"https:\/\/editions.grandpalaisrmn.fr\/blog\/","logo":{"@type":"ImageObject","inLanguage":"fr-FR","@id":"https:\/\/editions.grandpalaisrmn.fr\/blog\/#\/schema\/logo\/image\/","url":"https:\/\/editions.grandpalaisrmn.fr\/blog\/wp-content\/uploads\/2022\/06\/RMN-GP_logoNoir.png","contentUrl":"https:\/\/editions.grandpalaisrmn.fr\/blog\/wp-content\/uploads\/2022\/06\/RMN-GP_logoNoir.png","width":787,"height":788,"caption":"Les \u00e9ditions de la Rmn-GP"},"image":{"@id":"https:\/\/editions.grandpalaisrmn.fr\/blog\/#\/schema\/logo\/image\/"},"sameAs":["https:\/\/www.facebook.com\/EditionsRmnGP\/","https:\/\/www.pinterest.fr\/editionsRmnGP","https:\/\/www.instagram.com\/les_editions_de_la_rmngp\/"]},{"@type":"Person","@id":"https:\/\/editions.grandpalaisrmn.fr\/blog\/#\/schema\/person\/df4f655e9df6cfe1d48590c891fe6b82","name":"admin","image":{"@type":"ImageObject","inLanguage":"fr-FR","@id":"https:\/\/editions.grandpalaisrmn.fr\/blog\/#\/schema\/person\/image\/","url":"https:\/\/secure.gravatar.com\/avatar\/2beb26b736c247331cd5f9cb1f595938?s=96&d=mm&r=g","contentUrl":"https:\/\/secure.gravatar.com\/avatar\/2beb26b736c247331cd5f9cb1f595938?s=96&d=mm&r=g","caption":"admin"},"sameAs":["https:\/\/ppeditions.labrmngp.fr\/blog"],"url":"https:\/\/editions.grandpalaisrmn.fr\/blog\/author\/blog-admin_editions\/"}]}},"_links":{"self":[{"href":"https:\/\/editions.grandpalaisrmn.fr\/blog\/wp-json\/wp\/v2\/posts\/1643"}],"collection":[{"href":"https:\/\/editions.grandpalaisrmn.fr\/blog\/wp-json\/wp\/v2\/posts"}],"about":[{"href":"https:\/\/editions.grandpalaisrmn.fr\/blog\/wp-json\/wp\/v2\/types\/post"}],"author":[{"embeddable":true,"href":"https:\/\/editions.grandpalaisrmn.fr\/blog\/wp-json\/wp\/v2\/users\/1"}],"replies":[{"embeddable":true,"href":"https:\/\/editions.grandpalaisrmn.fr\/blog\/wp-json\/wp\/v2\/comments?post=1643"}],"version-history":[{"count":17,"href":"https:\/\/editions.grandpalaisrmn.fr\/blog\/wp-json\/wp\/v2\/posts\/1643\/revisions"}],"predecessor-version":[{"id":1672,"href":"https:\/\/editions.grandpalaisrmn.fr\/blog\/wp-json\/wp\/v2\/posts\/1643\/revisions\/1672"}],"wp:attachment":[{"href":"https:\/\/editions.grandpalaisrmn.fr\/blog\/wp-json\/wp\/v2\/media?parent=1643"}],"wp:term":[{"taxonomy":"category","embeddable":true,"href":"https:\/\/editions.grandpalaisrmn.fr\/blog\/wp-json\/wp\/v2\/categories?post=1643"},{"taxonomy":"post_tag","embeddable":true,"href":"https:\/\/editions.grandpalaisrmn.fr\/blog\/wp-json\/wp\/v2\/tags?post=1643"}],"curies":[{"name":"wp","href":"https:\/\/api.w.org\/{rel}","templated":true}]}}