{"id":1705,"date":"2024-07-08T10:23:01","date_gmt":"2024-07-08T10:23:01","guid":{"rendered":"https:\/\/editions.grandpalaisrmn.fr\/blog\/?p=1705"},"modified":"2024-07-09T10:51:40","modified_gmt":"2024-07-09T10:51:40","slug":"laventure-editoriale-du-catalogue-picasso-iconophage","status":"publish","type":"post","link":"https:\/\/editions.grandpalaisrmn.fr\/blog\/laventure-editoriale-du-catalogue-picasso-iconophage\/","title":{"rendered":"L\u2019aventure \u00e9ditoriale du catalogue <em>Picasso iconophage<\/em>"},"content":{"rendered":"<p class=\"Chapeau_Article\"><strong>Comment rendre compte, dans un livre, du parcours complexe d\u2019une exposition mettant plus de cinquante \u0153uvres de Pablo Picasso en regard de leurs multiples inspirations visuelles\u00a0? Notre \u00e9quipe d\u2019\u00e9dition et les commissaires de l\u2019exposition \u00ab\u00a0Picasso iconophage\u00a0\u00bb nous \u00e9clairent sur le processus cr\u00e9atif du catalogue qui accompagne cet \u00e9v\u00e9nement du mus\u00e9e Picasso-Paris.<\/strong><\/p>\n<p><img loading=\"lazy\" decoding=\"async\" class=\"size-full wp-image-1733 aligncenter\" src=\"https:\/\/editions.grandpalaisrmn.fr\/blog\/wp-content\/uploads\/2024\/07\/article_17-01.jpg\" alt=\"prise de vue du catalogue ouvert\" width=\"1024\" height=\"722\" srcset=\"https:\/\/editions.grandpalaisrmn.fr\/blog\/wp-content\/uploads\/2024\/07\/article_17-01.jpg 1024w, https:\/\/editions.grandpalaisrmn.fr\/blog\/wp-content\/uploads\/2024\/07\/article_17-01-300x212.jpg 300w, https:\/\/editions.grandpalaisrmn.fr\/blog\/wp-content\/uploads\/2024\/07\/article_17-01-768x542.jpg 768w\" sizes=\"(max-width: 1024px) 100vw, 1024px\" \/><\/p>\n<p>Un mardi soir, au c\u0153ur du Marais, une foule se presse, enthousiaste, aux abords du mus\u00e9e Picasso-Paris. Invit\u00e9e pour la conf\u00e9rence inaugurale de l\u2019exposition \u00ab\u00a0Picasso iconophage\u00a0\u00bb, elle anime la rue Thorigny, habituellement paisible, d\u2019une douce effervescence. Bient\u00f4t, un murmure d\u2019admiration parcourt les lieux\u00a0: premiers \u00e9changes entre passionn\u00e9s d\u2019art, et de l\u2019\u0153uvre de Picasso en particulier.<br \/>\nNous retrouvons C\u00e9cile Godefroy et Anne Montfort-Tanguy, les commissaires de l\u2019exposition, aux c\u00f4t\u00e9s d\u2019Annie Dufour, responsable d\u2019\u00e9dition, de Philippe Millot, dessinateur du catalogue, et d\u2019Isabelle Loric, qui l\u2019a fabriqu\u00e9. Avant la conf\u00e9rence, ils retracent pour nous la gen\u00e8se de ce projet ambitieux et complexe, et, ce faisant, \u00e9clairent les enjeux de cette exposition unique, qui immerge le visiteur dans l\u2019univers foisonnant et sans cesse r\u00e9invent\u00e9 de l\u2019artiste espagnol.<\/p>\n<p><strong>Annie Dufour, responsable d\u2019\u00e9dition du catalogue. <\/strong>\u00ab\u00a0Pour ce projet atypique, il fallait un livre tr\u00e8s particulier. Comment reproduire sur papier l\u2019essence de l\u2019exposition \u00ab\u00a0Picasso iconophage\u00a0\u00bb, qui r\u00e9v\u00e8le de nombreuses pi\u00e8ces d\u2019archives li\u00e9es \u00e0 la vie et \u00e0 l\u2019\u0153uvre de Pablo Picasso\u00a0? Des cartes postales, des photographies, des reproductions de tableaux, des magazines illustr\u00e9s, des affiches de film, comme autant de fragments de souvenirs et de sources artistiques pr\u00e9cieusement accumul\u00e9s par Picasso dans ses ateliers. La conception du livre a n\u00e9cessit\u00e9 une approche r\u00e9solument cr\u00e9ative. Il fallait trouver un moyen de pr\u00e9senter la richesse et la diversit\u00e9 des sources visuelles qui constituent le mus\u00e9e imaginaire de l\u2019artiste, tout en pr\u00e9servant la coh\u00e9rence et la lisibilit\u00e9 de l\u2019ouvrage. Le r\u00e9sultat est un objet unique, \u00e0 l\u2019image de l\u2019\u0153uvre de Picasso lui-m\u00eame\u00a0: complexe, fascinant et d\u00e9bordant de cr\u00e9ativit\u00e9. Ce catalogue est un autre format de l\u2019exposition.\u00a0\u00bb<\/p>\n<figure id=\"attachment_1734\" aria-describedby=\"caption-attachment-1734\" style=\"width: 900px\" class=\"wp-caption aligncenter\"><img loading=\"lazy\" decoding=\"async\" class=\"size-full wp-image-1734\" src=\"https:\/\/editions.grandpalaisrmn.fr\/blog\/wp-content\/uploads\/2024\/07\/article_17-02.jpg\" alt=\"Les deux commissaires prennent la pause dans la salle d'exposition et pr\u00e9sentent le catalogue\" width=\"900\" height=\"688\" srcset=\"https:\/\/editions.grandpalaisrmn.fr\/blog\/wp-content\/uploads\/2024\/07\/article_17-02.jpg 900w, https:\/\/editions.grandpalaisrmn.fr\/blog\/wp-content\/uploads\/2024\/07\/article_17-02-300x229.jpg 300w, https:\/\/editions.grandpalaisrmn.fr\/blog\/wp-content\/uploads\/2024\/07\/article_17-02-768x587.jpg 768w\" sizes=\"(max-width: 900px) 100vw, 900px\" \/><figcaption id=\"caption-attachment-1734\" class=\"wp-caption-text\">Anne Montfort-Tanguy et C\u00e9cile Godefroy, commissaires de l\u2019exposition<\/figcaption><\/figure>\n<p><strong>Anne Montfort-Tanguy, co-commissaire<\/strong>. \u00ab Notre choix s\u2019est port\u00e9 instinctivement vers Philippe Millot, un designer graphique hors pair, pour traduire visuellement le parcours iconographique. Nous lui avons racont\u00e9 l\u2019histoire de cette exposition en lui demandant de cr\u00e9er un catalogue qui ne soit pas une simple juxtaposition d\u2019images. Nous savions que la complexit\u00e9 ne l\u2019inqui\u00e8te jamais.<br \/>\nPhilippe Millot nous a propos\u00e9 une solution unique, loin des facilit\u00e9s. Son approche artistique, empreinte d\u2019une profonde r\u00e9flexion intellectuelle, nous fait glisser progressivement dans l\u2019univers de Picasso. Le principe : sur chaque \u0153uvre embl\u00e9matique de l\u2019artiste, le designer superpose, une \u00e0 une, page apr\u00e8s page, les sources visuelles qui l\u2019ont nourrie ; il les empile comme s\u2019il cr\u00e9ait une mosa\u00efque d\u2019influences artistiques. Le lecteur comprend ainsi que l\u2019\u0153uvre de Picasso qu\u2019il a vue au d\u00e9part est la somme de toutes les sources exhum\u00e9es qui se sont accumul\u00e9es au fur et \u00e0 mesure de sa lecture. \u00bb<\/p>\n<div style=\"width: 805px;\" class=\"wp-video\"><!--[if lt IE 9]><script>document.createElement('video');<\/script><![endif]-->\n<video class=\"wp-video-shortcode\" id=\"video-1705-1\" width=\"805\" height=\"675\" preload=\"metadata\" controls=\"controls\"><source type=\"video\/mp4\" src=\"https:\/\/editions.grandpalaisrmn.fr\/blog\/wp-content\/uploads\/2024\/07\/real-fondu.mp4?_=1\" \/><a href=\"https:\/\/editions.grandpalaisrmn.fr\/blog\/wp-content\/uploads\/2024\/07\/real-fondu.mp4\">https:\/\/editions.grandpalaisrmn.fr\/blog\/wp-content\/uploads\/2024\/07\/real-fondu.mp4<\/a><\/video><\/div>\n<p><strong>Philippe Millot, dessinateur du catalogue <\/strong>\u00ab Le livre que le lecteur tient dans ses mains est le dessin de ma lecture (c\u2019est pour cela que je signe toujours les ouvrages qu\u2019on me confie en \u00e9crivant\u00a0au colophon : <em>ce livre est dessin\u00e9 par<\/em>). Pour autant, ma lecture n\u2019est pas un travail autarcique, elle trouve forme dans les \u00e9changes qui se produisent pendant que l\u2019ouvrage se pr\u00e9pare. Je vois les pages assembl\u00e9es d\u2019un livre comme une surface \u00e0 consteller : on d\u00e9monte, on remonte jusqu\u2019\u00e0 obtenir des formes (des choses) d\u2019o\u00f9 \u00e9manent les id\u00e9es\u00a0 (\u00ab Point d\u2019id\u00e9es sinon dans les choses \u00bb pour citer William Carlos Williams dans <em>Paterson<\/em>) \u2013 images et textes se mesurent, deviennent bient\u00f4t choses ins\u00e9parables \u2013\u00a0mais ces id\u00e9es ne doivent pas \u00eatre si visibles, on doit les sentir, on veut les accomplir. Je veux dire que ce sont les mains qui guident les yeux qui, \u00e0 leur tour, \u00e9veillent l\u2019esprit. La main, en tournant la page, fait, en quelque sorte, comme si elle retirait une couverture qui cache ce que nous ne pouvons pas encore voir, qui pourtant existe, produisant dans notre esprit une d\u00e9couverte qui lie l\u2019avant et l\u2019apr\u00e8s.\u00a0C\u2019est une op\u00e9ration qui s\u2019ex\u00e9cute sans qu\u2019on y pense.<br \/>\n<em>Picasso iconophage<\/em> est un livre qui se charge au fil des pages, o\u00f9 les images appellent les images, fabriquent des g\u00e9n\u00e9alogies, sugg\u00e8rent des concordances, rel\u00e8vent des d\u00e9tails, exposent des connaissances, enseignent le regard, remettent en jeu notre rapport au temps et \u00e0 l\u2019espace, au savoir et \u00e0 l\u2019invention, \u00e0 la poursuite de Picasso, au pr\u00e9sent.\u00bb<\/p>\n<p><strong>C\u00e9cile Godefroy, co-commissaire<\/strong>. \u00ab\u00a0Philippe Millot a introduit l\u2019id\u00e9e du temps dans le catalogue, car la nouvelle image transforme le souvenir pr\u00e9c\u00e9dent, qui demeure pr\u00e9sent, en filigrane, jusqu\u2019au passage \u00e0 la page suivante. Cela d\u00e9finit bien la pens\u00e9e de Picasso, qui \u00e9tait convaincu qu\u2019il n\u2019existe ni pass\u00e9 ni avenir en art et que \u201cl\u2019art des Grecs, des \u00c9gyptiens et des grands peintres qui ont v\u00e9cu \u00e0 d\u2019autres \u00e9poques [\u2026] peut \u00eatre plus vivant aujourd\u2019hui qu\u2019il ne l\u2019a jamais \u00e9t\u00e9\u201d. Sa vision de l\u2019art est transhistorique.<br \/>\nQuand il am\u00e9nage un petit cabinet de curiosit\u00e9s dans ses ateliers, il fait dialoguer ses cr\u00e9ations avec les \u0153uvres du pass\u00e9, avec des sculptures africaines ou encore des moulages de la <em>V\u00e9nus de Lespugue,<\/em> artefacts porteurs d\u2019une dimension magique. Picasso avait un rapport \u00e9tonnant \u00e0 la tradition. Lorsqu\u2019il peint <em>L\u2019Enl\u00e8vement des Sabines,<\/em> il se plaint de devoir \u00ab\u00a0partager son atelier avec Poussin et David\u00a0\u00bb. Il entretenait une incroyable relation spirituelle avec les grands ma\u00eetres, m\u00eame s\u2019il \u00e9tait le premier \u00e0 pourfendre l\u2019acad\u00e9misme\u00a0!\u00a0\u00bb<\/p>\n<p><img loading=\"lazy\" decoding=\"async\" class=\"size-full wp-image-1732 aligncenter\" src=\"https:\/\/editions.grandpalaisrmn.fr\/blog\/wp-content\/uploads\/2024\/07\/article_17-03.jpg\" alt=\"Prise de vue en gros plan de la couverture du catalogue qui permet de voir le grain du papier imitation toile\" width=\"900\" height=\"693\" srcset=\"https:\/\/editions.grandpalaisrmn.fr\/blog\/wp-content\/uploads\/2024\/07\/article_17-03.jpg 900w, https:\/\/editions.grandpalaisrmn.fr\/blog\/wp-content\/uploads\/2024\/07\/article_17-03-300x231.jpg 300w, https:\/\/editions.grandpalaisrmn.fr\/blog\/wp-content\/uploads\/2024\/07\/article_17-03-768x591.jpg 768w\" sizes=\"(max-width: 900px) 100vw, 900px\" \/><\/p>\n<p><strong>Isabelle Loric, responsable de fabrication.<\/strong> \u00ab\u00a0La temporalit\u00e9 inscrite dans le catalogue par Philippe Millot se traduit aussi dans le choix d\u2019une couverture textur\u00e9e\u00a0: un reli\u00e9 carton mince, habill\u00e9 d\u2019un papier mati\u00e8re s\u00e9rigraphi\u00e9 dont la trame imite un tissu. Elle \u00e9voque les ouvrages anciens, qui r\u00e9sistaient au temps, en m\u00eame temps qu\u2019elle offre une exp\u00e9rience haptique particuli\u00e8re.<br \/>\nLa r\u00e9alisation de ce livre complexe, o\u00f9 les images se superposent, page apr\u00e8s page, a n\u00e9cessit\u00e9 un travail minutieux, notamment sur les fonds des dessins, afin que les visuels se d\u00e9tachent clairement les uns des autres. La photogravure, \u00e9tape cruciale, n\u2019a pu \u00eatre finalis\u00e9e qu\u2019en toute fin de processus.<br \/>\nL\u2019impression a \u00e9t\u00e9 un casse-t\u00eate chinois\u00a0! Nous avons choisi une impression sur presse LED\u00a0UV pour un meilleur rendu iconographique sur le papier journal de l\u2019int\u00e9rieur, qui a un aspect tr\u00e8s \u00ab\u00a0buvard\u00a0\u00bb. La superposition d\u2019images g\u00e9n\u00e9rant une charge d\u2019encre importante, cette technologie garantissait un s\u00e9chage rapide et \u00e9vitait tout risque de maculage.\u00a0\u00bb<\/p>\n<p><em>Picasso iconophage<\/em>, vaste r\u00e9pertoire iconographique m\u00ealant savamment \u0153uvres et archives personnelles, va bien au-del\u00e0 de l&rsquo;accompagnement d&rsquo;une exposition. Chaque page se transforme en un r\u00e9bus, en un jeu d\u2019associations qui r\u00e9v\u00e8lent peu \u00e0 peu les multiples facettes de Picasso ainsi que les liens profonds qui unissent son art \u00e0 sa personnalit\u00e9 et \u00e0 son cheminement artistique.<\/p>\n<div class=\"CallToAction\">\n<p style=\"text-align: center;\"><a href=\"https:\/\/editions.grandpalaisrmn.fr\/fr\/editions\/EK198054\">Commandez le catalogue<\/a><\/p>\n<p style=\"text-align: center;\"><a href=\"https:\/\/editions.grandpalaisrmn.fr\/fr\/editions\/par-artiste\/picassopablo\">Retrouvez tous nos titres sur Pablo Picasso<\/a><\/p>\n<p style=\"text-align: center;\"><a href=\"https:\/\/www.museepicassoparis.fr\/fr\/picasso-iconophage\">Visitez le site officiel du mus\u00e9e Picasso-Paris<\/a><\/p>\n<p style=\"text-align: center;\"><a href=\"https:\/\/editions.grandpalaisrmn.fr\/fr\/editions\/lettre-information\">Suivez notre actualit\u00e9 et abonnez-vous \u00e0 notre magazine<\/a><\/p>\n<\/div>\n","protected":false},"excerpt":{"rendered":"<p>Comment rendre compte, dans un livre, du parcours complexe d\u2019une exposition mettant plus de cinquante \u0153uvres de Pablo Picasso en regard de leurs multiples inspirations visuelles\u00a0? Notre \u00e9quipe d\u2019\u00e9dition et les commissaires de l\u2019exposition \u00ab\u00a0Picasso iconophage\u00a0\u00bb nous \u00e9clairent sur le processus cr\u00e9atif du catalogue qui accompagne cet \u00e9v\u00e9nement du mus\u00e9e Picasso-Paris. Un mardi soir, au&#8230;<\/p>\n","protected":false},"author":1,"featured_media":0,"comment_status":"closed","ping_status":"closed","sticky":false,"template":"","format":"standard","meta":{"footnotes":""},"categories":[3],"tags":[],"class_list":["post-1705","post","type-post","status-publish","format-standard","hentry","category-edition"],"yoast_head":"<!-- This site is optimized with the Yoast SEO plugin v22.7 - https:\/\/yoast.com\/wordpress\/plugins\/seo\/ -->\n<title>L\u2019aventure \u00e9ditoriale du catalogue Picasso iconophage<\/title>\n<meta name=\"description\" content=\"Comment rendre compte du parcours d\u2019une exposition mettant plus de cinquante \u0153uvres de Pablo Picasso en regard de leurs multiples inspirations visuelles\u00a0?\" \/>\n<meta name=\"robots\" content=\"index, follow, max-snippet:-1, max-image-preview:large, max-video-preview:-1\" \/>\n<link rel=\"canonical\" href=\"https:\/\/editions.grandpalaisrmn.fr\/blog\/laventure-editoriale-du-catalogue-picasso-iconophage\/\" \/>\n<meta property=\"og:locale\" content=\"fr_FR\" \/>\n<meta property=\"og:type\" content=\"article\" \/>\n<meta property=\"og:title\" content=\"L\u2019aventure \u00e9ditoriale du catalogue Picasso iconophage\" \/>\n<meta property=\"og:description\" content=\"Comment rendre compte du parcours d\u2019une exposition mettant plus de cinquante \u0153uvres de Pablo Picasso en regard de leurs multiples inspirations visuelles\u00a0?\" \/>\n<meta property=\"og:url\" content=\"https:\/\/editions.grandpalaisrmn.fr\/blog\/laventure-editoriale-du-catalogue-picasso-iconophage\/\" \/>\n<meta property=\"og:site_name\" content=\"Actualit\u00e9s de GrandPalaisRmn\u00c9ditions\" \/>\n<meta property=\"article:publisher\" content=\"https:\/\/www.facebook.com\/EditionsRmnGP\/\" \/>\n<meta property=\"article:published_time\" content=\"2024-07-08T10:23:01+00:00\" \/>\n<meta property=\"article:modified_time\" content=\"2024-07-09T10:51:40+00:00\" \/>\n<meta property=\"og:image\" content=\"https:\/\/editions.grandpalaisrmn.fr\/blog\/wp-content\/uploads\/2024\/07\/article_17-01.jpg\" \/>\n<meta name=\"author\" content=\"admin\" \/>\n<meta name=\"twitter:card\" content=\"summary_large_image\" \/>\n<meta name=\"twitter:label1\" content=\"\u00c9crit par\" \/>\n\t<meta name=\"twitter:data1\" content=\"admin\" \/>\n\t<meta name=\"twitter:label2\" content=\"Dur\u00e9e de lecture estim\u00e9e\" \/>\n\t<meta name=\"twitter:data2\" content=\"7 minutes\" \/>\n<script type=\"application\/ld+json\" class=\"yoast-schema-graph\">{\"@context\":\"https:\/\/schema.org\",\"@graph\":[{\"@type\":\"Article\",\"@id\":\"https:\/\/editions.grandpalaisrmn.fr\/blog\/laventure-editoriale-du-catalogue-picasso-iconophage\/#article\",\"isPartOf\":{\"@id\":\"https:\/\/editions.grandpalaisrmn.fr\/blog\/laventure-editoriale-du-catalogue-picasso-iconophage\/\"},\"author\":{\"name\":\"admin\",\"@id\":\"https:\/\/editions.grandpalaisrmn.fr\/blog\/#\/schema\/person\/df4f655e9df6cfe1d48590c891fe6b82\"},\"headline\":\"L\u2019aventure \u00e9ditoriale du catalogue Picasso iconophage\",\"datePublished\":\"2024-07-08T10:23:01+00:00\",\"dateModified\":\"2024-07-09T10:51:40+00:00\",\"mainEntityOfPage\":{\"@id\":\"https:\/\/editions.grandpalaisrmn.fr\/blog\/laventure-editoriale-du-catalogue-picasso-iconophage\/\"},\"wordCount\":1319,\"publisher\":{\"@id\":\"https:\/\/editions.grandpalaisrmn.fr\/blog\/#organization\"},\"image\":{\"@id\":\"https:\/\/editions.grandpalaisrmn.fr\/blog\/laventure-editoriale-du-catalogue-picasso-iconophage\/#primaryimage\"},\"thumbnailUrl\":\"https:\/\/editions.grandpalaisrmn.fr\/blog\/wp-content\/uploads\/2024\/07\/article_17-01.jpg\",\"articleSection\":[\"\u00c9dition\"],\"inLanguage\":\"fr-FR\"},{\"@type\":\"WebPage\",\"@id\":\"https:\/\/editions.grandpalaisrmn.fr\/blog\/laventure-editoriale-du-catalogue-picasso-iconophage\/\",\"url\":\"https:\/\/editions.grandpalaisrmn.fr\/blog\/laventure-editoriale-du-catalogue-picasso-iconophage\/\",\"name\":\"L\u2019aventure \u00e9ditoriale du catalogue Picasso iconophage\",\"isPartOf\":{\"@id\":\"https:\/\/editions.grandpalaisrmn.fr\/blog\/#website\"},\"primaryImageOfPage\":{\"@id\":\"https:\/\/editions.grandpalaisrmn.fr\/blog\/laventure-editoriale-du-catalogue-picasso-iconophage\/#primaryimage\"},\"image\":{\"@id\":\"https:\/\/editions.grandpalaisrmn.fr\/blog\/laventure-editoriale-du-catalogue-picasso-iconophage\/#primaryimage\"},\"thumbnailUrl\":\"https:\/\/editions.grandpalaisrmn.fr\/blog\/wp-content\/uploads\/2024\/07\/article_17-01.jpg\",\"datePublished\":\"2024-07-08T10:23:01+00:00\",\"dateModified\":\"2024-07-09T10:51:40+00:00\",\"description\":\"Comment rendre compte du parcours d\u2019une exposition mettant plus de cinquante \u0153uvres de Pablo Picasso en regard de leurs multiples inspirations visuelles\u00a0?\",\"breadcrumb\":{\"@id\":\"https:\/\/editions.grandpalaisrmn.fr\/blog\/laventure-editoriale-du-catalogue-picasso-iconophage\/#breadcrumb\"},\"inLanguage\":\"fr-FR\",\"potentialAction\":[{\"@type\":\"ReadAction\",\"target\":[\"https:\/\/editions.grandpalaisrmn.fr\/blog\/laventure-editoriale-du-catalogue-picasso-iconophage\/\"]}]},{\"@type\":\"ImageObject\",\"inLanguage\":\"fr-FR\",\"@id\":\"https:\/\/editions.grandpalaisrmn.fr\/blog\/laventure-editoriale-du-catalogue-picasso-iconophage\/#primaryimage\",\"url\":\"https:\/\/editions.grandpalaisrmn.fr\/blog\/wp-content\/uploads\/2024\/07\/article_17-01.jpg\",\"contentUrl\":\"https:\/\/editions.grandpalaisrmn.fr\/blog\/wp-content\/uploads\/2024\/07\/article_17-01.jpg\",\"width\":1024,\"height\":722,\"caption\":\"prise de vue du catalogue ouvert\"},{\"@type\":\"BreadcrumbList\",\"@id\":\"https:\/\/editions.grandpalaisrmn.fr\/blog\/laventure-editoriale-du-catalogue-picasso-iconophage\/#breadcrumb\",\"itemListElement\":[{\"@type\":\"ListItem\",\"position\":1,\"name\":\"Accueil\",\"item\":\"https:\/\/editions.grandpalaisrmn.fr\/blog\/\"},{\"@type\":\"ListItem\",\"position\":2,\"name\":\"L\u2019aventure \u00e9ditoriale du catalogue Picasso iconophage\"}]},{\"@type\":\"WebSite\",\"@id\":\"https:\/\/editions.grandpalaisrmn.fr\/blog\/#website\",\"url\":\"https:\/\/editions.grandpalaisrmn.fr\/blog\/\",\"name\":\"Actualit\u00e9s de GrandPalaisRmn\u00c9ditions\",\"description\":\"\",\"publisher\":{\"@id\":\"https:\/\/editions.grandpalaisrmn.fr\/blog\/#organization\"},\"potentialAction\":[{\"@type\":\"SearchAction\",\"target\":{\"@type\":\"EntryPoint\",\"urlTemplate\":\"https:\/\/editions.grandpalaisrmn.fr\/blog\/?s={search_term_string}\"},\"query-input\":\"required name=search_term_string\"}],\"inLanguage\":\"fr-FR\"},{\"@type\":\"Organization\",\"@id\":\"https:\/\/editions.grandpalaisrmn.fr\/blog\/#organization\",\"name\":\"Les \u00e9ditions de la Rmn-GP\",\"url\":\"https:\/\/editions.grandpalaisrmn.fr\/blog\/\",\"logo\":{\"@type\":\"ImageObject\",\"inLanguage\":\"fr-FR\",\"@id\":\"https:\/\/editions.grandpalaisrmn.fr\/blog\/#\/schema\/logo\/image\/\",\"url\":\"https:\/\/editions.grandpalaisrmn.fr\/blog\/wp-content\/uploads\/2022\/06\/RMN-GP_logoNoir.png\",\"contentUrl\":\"https:\/\/editions.grandpalaisrmn.fr\/blog\/wp-content\/uploads\/2022\/06\/RMN-GP_logoNoir.png\",\"width\":787,\"height\":788,\"caption\":\"Les \u00e9ditions de la Rmn-GP\"},\"image\":{\"@id\":\"https:\/\/editions.grandpalaisrmn.fr\/blog\/#\/schema\/logo\/image\/\"},\"sameAs\":[\"https:\/\/www.facebook.com\/EditionsRmnGP\/\",\"https:\/\/www.pinterest.fr\/editionsRmnGP\",\"https:\/\/www.instagram.com\/les_editions_de_la_rmngp\/\"]},{\"@type\":\"Person\",\"@id\":\"https:\/\/editions.grandpalaisrmn.fr\/blog\/#\/schema\/person\/df4f655e9df6cfe1d48590c891fe6b82\",\"name\":\"admin\",\"image\":{\"@type\":\"ImageObject\",\"inLanguage\":\"fr-FR\",\"@id\":\"https:\/\/editions.grandpalaisrmn.fr\/blog\/#\/schema\/person\/image\/\",\"url\":\"https:\/\/secure.gravatar.com\/avatar\/2beb26b736c247331cd5f9cb1f595938?s=96&d=mm&r=g\",\"contentUrl\":\"https:\/\/secure.gravatar.com\/avatar\/2beb26b736c247331cd5f9cb1f595938?s=96&d=mm&r=g\",\"caption\":\"admin\"},\"sameAs\":[\"https:\/\/ppeditions.labrmngp.fr\/blog\"],\"url\":\"https:\/\/editions.grandpalaisrmn.fr\/blog\/author\/blog-admin_editions\/\"}]}<\/script>\n<!-- \/ Yoast SEO plugin. -->","yoast_head_json":{"title":"L\u2019aventure \u00e9ditoriale du catalogue Picasso iconophage","description":"Comment rendre compte du parcours d\u2019une exposition mettant plus de cinquante \u0153uvres de Pablo Picasso en regard de leurs multiples inspirations visuelles\u00a0?","robots":{"index":"index","follow":"follow","max-snippet":"max-snippet:-1","max-image-preview":"max-image-preview:large","max-video-preview":"max-video-preview:-1"},"canonical":"https:\/\/editions.grandpalaisrmn.fr\/blog\/laventure-editoriale-du-catalogue-picasso-iconophage\/","og_locale":"fr_FR","og_type":"article","og_title":"L\u2019aventure \u00e9ditoriale du catalogue Picasso iconophage","og_description":"Comment rendre compte du parcours d\u2019une exposition mettant plus de cinquante \u0153uvres de Pablo Picasso en regard de leurs multiples inspirations visuelles\u00a0?","og_url":"https:\/\/editions.grandpalaisrmn.fr\/blog\/laventure-editoriale-du-catalogue-picasso-iconophage\/","og_site_name":"Actualit\u00e9s de GrandPalaisRmn\u00c9ditions","article_publisher":"https:\/\/www.facebook.com\/EditionsRmnGP\/","article_published_time":"2024-07-08T10:23:01+00:00","article_modified_time":"2024-07-09T10:51:40+00:00","og_image":[{"url":"https:\/\/editions.grandpalaisrmn.fr\/blog\/wp-content\/uploads\/2024\/07\/article_17-01.jpg"}],"author":"admin","twitter_card":"summary_large_image","twitter_misc":{"\u00c9crit par":"admin","Dur\u00e9e de lecture estim\u00e9e":"7 minutes"},"schema":{"@context":"https:\/\/schema.org","@graph":[{"@type":"Article","@id":"https:\/\/editions.grandpalaisrmn.fr\/blog\/laventure-editoriale-du-catalogue-picasso-iconophage\/#article","isPartOf":{"@id":"https:\/\/editions.grandpalaisrmn.fr\/blog\/laventure-editoriale-du-catalogue-picasso-iconophage\/"},"author":{"name":"admin","@id":"https:\/\/editions.grandpalaisrmn.fr\/blog\/#\/schema\/person\/df4f655e9df6cfe1d48590c891fe6b82"},"headline":"L\u2019aventure \u00e9ditoriale du catalogue Picasso iconophage","datePublished":"2024-07-08T10:23:01+00:00","dateModified":"2024-07-09T10:51:40+00:00","mainEntityOfPage":{"@id":"https:\/\/editions.grandpalaisrmn.fr\/blog\/laventure-editoriale-du-catalogue-picasso-iconophage\/"},"wordCount":1319,"publisher":{"@id":"https:\/\/editions.grandpalaisrmn.fr\/blog\/#organization"},"image":{"@id":"https:\/\/editions.grandpalaisrmn.fr\/blog\/laventure-editoriale-du-catalogue-picasso-iconophage\/#primaryimage"},"thumbnailUrl":"https:\/\/editions.grandpalaisrmn.fr\/blog\/wp-content\/uploads\/2024\/07\/article_17-01.jpg","articleSection":["\u00c9dition"],"inLanguage":"fr-FR"},{"@type":"WebPage","@id":"https:\/\/editions.grandpalaisrmn.fr\/blog\/laventure-editoriale-du-catalogue-picasso-iconophage\/","url":"https:\/\/editions.grandpalaisrmn.fr\/blog\/laventure-editoriale-du-catalogue-picasso-iconophage\/","name":"L\u2019aventure \u00e9ditoriale du catalogue Picasso iconophage","isPartOf":{"@id":"https:\/\/editions.grandpalaisrmn.fr\/blog\/#website"},"primaryImageOfPage":{"@id":"https:\/\/editions.grandpalaisrmn.fr\/blog\/laventure-editoriale-du-catalogue-picasso-iconophage\/#primaryimage"},"image":{"@id":"https:\/\/editions.grandpalaisrmn.fr\/blog\/laventure-editoriale-du-catalogue-picasso-iconophage\/#primaryimage"},"thumbnailUrl":"https:\/\/editions.grandpalaisrmn.fr\/blog\/wp-content\/uploads\/2024\/07\/article_17-01.jpg","datePublished":"2024-07-08T10:23:01+00:00","dateModified":"2024-07-09T10:51:40+00:00","description":"Comment rendre compte du parcours d\u2019une exposition mettant plus de cinquante \u0153uvres de Pablo Picasso en regard de leurs multiples inspirations visuelles\u00a0?","breadcrumb":{"@id":"https:\/\/editions.grandpalaisrmn.fr\/blog\/laventure-editoriale-du-catalogue-picasso-iconophage\/#breadcrumb"},"inLanguage":"fr-FR","potentialAction":[{"@type":"ReadAction","target":["https:\/\/editions.grandpalaisrmn.fr\/blog\/laventure-editoriale-du-catalogue-picasso-iconophage\/"]}]},{"@type":"ImageObject","inLanguage":"fr-FR","@id":"https:\/\/editions.grandpalaisrmn.fr\/blog\/laventure-editoriale-du-catalogue-picasso-iconophage\/#primaryimage","url":"https:\/\/editions.grandpalaisrmn.fr\/blog\/wp-content\/uploads\/2024\/07\/article_17-01.jpg","contentUrl":"https:\/\/editions.grandpalaisrmn.fr\/blog\/wp-content\/uploads\/2024\/07\/article_17-01.jpg","width":1024,"height":722,"caption":"prise de vue du catalogue ouvert"},{"@type":"BreadcrumbList","@id":"https:\/\/editions.grandpalaisrmn.fr\/blog\/laventure-editoriale-du-catalogue-picasso-iconophage\/#breadcrumb","itemListElement":[{"@type":"ListItem","position":1,"name":"Accueil","item":"https:\/\/editions.grandpalaisrmn.fr\/blog\/"},{"@type":"ListItem","position":2,"name":"L\u2019aventure \u00e9ditoriale du catalogue Picasso iconophage"}]},{"@type":"WebSite","@id":"https:\/\/editions.grandpalaisrmn.fr\/blog\/#website","url":"https:\/\/editions.grandpalaisrmn.fr\/blog\/","name":"Actualit\u00e9s de GrandPalaisRmn\u00c9ditions","description":"","publisher":{"@id":"https:\/\/editions.grandpalaisrmn.fr\/blog\/#organization"},"potentialAction":[{"@type":"SearchAction","target":{"@type":"EntryPoint","urlTemplate":"https:\/\/editions.grandpalaisrmn.fr\/blog\/?s={search_term_string}"},"query-input":"required name=search_term_string"}],"inLanguage":"fr-FR"},{"@type":"Organization","@id":"https:\/\/editions.grandpalaisrmn.fr\/blog\/#organization","name":"Les \u00e9ditions de la Rmn-GP","url":"https:\/\/editions.grandpalaisrmn.fr\/blog\/","logo":{"@type":"ImageObject","inLanguage":"fr-FR","@id":"https:\/\/editions.grandpalaisrmn.fr\/blog\/#\/schema\/logo\/image\/","url":"https:\/\/editions.grandpalaisrmn.fr\/blog\/wp-content\/uploads\/2022\/06\/RMN-GP_logoNoir.png","contentUrl":"https:\/\/editions.grandpalaisrmn.fr\/blog\/wp-content\/uploads\/2022\/06\/RMN-GP_logoNoir.png","width":787,"height":788,"caption":"Les \u00e9ditions de la Rmn-GP"},"image":{"@id":"https:\/\/editions.grandpalaisrmn.fr\/blog\/#\/schema\/logo\/image\/"},"sameAs":["https:\/\/www.facebook.com\/EditionsRmnGP\/","https:\/\/www.pinterest.fr\/editionsRmnGP","https:\/\/www.instagram.com\/les_editions_de_la_rmngp\/"]},{"@type":"Person","@id":"https:\/\/editions.grandpalaisrmn.fr\/blog\/#\/schema\/person\/df4f655e9df6cfe1d48590c891fe6b82","name":"admin","image":{"@type":"ImageObject","inLanguage":"fr-FR","@id":"https:\/\/editions.grandpalaisrmn.fr\/blog\/#\/schema\/person\/image\/","url":"https:\/\/secure.gravatar.com\/avatar\/2beb26b736c247331cd5f9cb1f595938?s=96&d=mm&r=g","contentUrl":"https:\/\/secure.gravatar.com\/avatar\/2beb26b736c247331cd5f9cb1f595938?s=96&d=mm&r=g","caption":"admin"},"sameAs":["https:\/\/ppeditions.labrmngp.fr\/blog"],"url":"https:\/\/editions.grandpalaisrmn.fr\/blog\/author\/blog-admin_editions\/"}]}},"_links":{"self":[{"href":"https:\/\/editions.grandpalaisrmn.fr\/blog\/wp-json\/wp\/v2\/posts\/1705"}],"collection":[{"href":"https:\/\/editions.grandpalaisrmn.fr\/blog\/wp-json\/wp\/v2\/posts"}],"about":[{"href":"https:\/\/editions.grandpalaisrmn.fr\/blog\/wp-json\/wp\/v2\/types\/post"}],"author":[{"embeddable":true,"href":"https:\/\/editions.grandpalaisrmn.fr\/blog\/wp-json\/wp\/v2\/users\/1"}],"replies":[{"embeddable":true,"href":"https:\/\/editions.grandpalaisrmn.fr\/blog\/wp-json\/wp\/v2\/comments?post=1705"}],"version-history":[{"count":18,"href":"https:\/\/editions.grandpalaisrmn.fr\/blog\/wp-json\/wp\/v2\/posts\/1705\/revisions"}],"predecessor-version":[{"id":1740,"href":"https:\/\/editions.grandpalaisrmn.fr\/blog\/wp-json\/wp\/v2\/posts\/1705\/revisions\/1740"}],"wp:attachment":[{"href":"https:\/\/editions.grandpalaisrmn.fr\/blog\/wp-json\/wp\/v2\/media?parent=1705"}],"wp:term":[{"taxonomy":"category","embeddable":true,"href":"https:\/\/editions.grandpalaisrmn.fr\/blog\/wp-json\/wp\/v2\/categories?post=1705"},{"taxonomy":"post_tag","embeddable":true,"href":"https:\/\/editions.grandpalaisrmn.fr\/blog\/wp-json\/wp\/v2\/tags?post=1705"}],"curies":[{"name":"wp","href":"https:\/\/api.w.org\/{rel}","templated":true}]}}