{"id":1742,"date":"2024-07-10T09:03:03","date_gmt":"2024-07-10T09:03:03","guid":{"rendered":"https:\/\/editions.grandpalaisrmn.fr\/blog\/?p=1742"},"modified":"2024-11-07T13:01:45","modified_gmt":"2024-11-07T13:01:45","slug":"orsay-chats-dans-lart","status":"publish","type":"post","link":"https:\/\/editions.grandpalaisrmn.fr\/blog\/orsay-chats-dans-lart\/","title":{"rendered":"Orsay \u00ab chat-oyant \u00bb : une ode aux chats dans l\u2019art"},"content":{"rendered":"<p class=\"Chapeau_Article\">En v\u00e9ritable ailurophile, Le\u00efla Jarbouai, conservatrice aux mus\u00e9es d\u2019Orsay et de l\u2019Orangerie, est une grande amoureuse des chats, et partage son quotidien avec une jeune chatte rousse flamboyante et un chat noir \u00e9nigmatique. Elle\u00a0 vient de signer l\u2019album <em>Chats,<\/em> co\u00e9dit\u00e9 par notre maison et le mus\u00e9e d\u2019Orsay.<br \/>\nElle nous invite \u00e0 d\u00e9couvrir l&rsquo;univers des chefs-d&rsquo;\u0153uvre impressionnistes et post-impressionnistes, r\u00e9v\u00e9lant la pr\u00e9sence discr\u00e8te mais fascinante de ces f\u00e9lins dans les tableaux.<\/p>\n<p><img loading=\"lazy\" decoding=\"async\" class=\"size-full wp-image-1743 aligncenter\" src=\"https:\/\/editions.grandpalaisrmn.fr\/blog\/wp-content\/uploads\/2024\/07\/illustration_1024-2.jpg\" alt=\"\" width=\"1024\" height=\"1024\" srcset=\"https:\/\/editions.grandpalaisrmn.fr\/blog\/wp-content\/uploads\/2024\/07\/illustration_1024-2.jpg 1024w, https:\/\/editions.grandpalaisrmn.fr\/blog\/wp-content\/uploads\/2024\/07\/illustration_1024-2-300x300.jpg 300w, https:\/\/editions.grandpalaisrmn.fr\/blog\/wp-content\/uploads\/2024\/07\/illustration_1024-2-150x150.jpg 150w, https:\/\/editions.grandpalaisrmn.fr\/blog\/wp-content\/uploads\/2024\/07\/illustration_1024-2-768x768.jpg 768w\" sizes=\"(max-width: 1024px) 100vw, 1024px\" \/><\/p>\n<p>\u00ab\u00a0J\u2019ai commenc\u00e9 \u00e0 m\u2019int\u00e9resser aux chats dans la peinture \u00e0 partir d\u2019un \u201c<a href=\"https:\/\/www.musee-orsay.fr\/fr\/agenda\/expositions\/accro-chat-ge\" target=\"_blank\" rel=\"noopener\">accro-chat-ge<\/a>\u201d que j\u2019avais propos\u00e9 au mus\u00e9e d\u2019Orsay en\u00a02023\u00a0: comportant de nombreux dessins de Th\u00e9ophile-Alexandre Steinlen, il a abouti \u00e0 une exposition monographique sur l\u2019artiste au mus\u00e9e de Montmartre en\u00a02023-2024. Artiste f\u00e9linophile notoire, Steinlen a abondamment repr\u00e9sent\u00e9 des chats dans ses \u0153uvres, gravures et dessins. Apr\u00e8s avoir \u00e9t\u00e9 commissaire de cette exposition, j\u2019ai \u00e9t\u00e9 saisie par l\u2019omnipr\u00e9sence de ces f\u00e9lins sur les cimaises du mus\u00e9e d\u2019Orsay\u00a0! Il y a bien s\u00fbr le c\u00e9l\u00e8bre chat noir, debout, \u00e0 la queue dress\u00e9e, aux pieds du personnage \u00e9ponyme d\u2019<em>Olympia<\/em>, de Manet. Expos\u00e9 pour la premi\u00e8re fois en\u00a01865, le tableau est entr\u00e9 dans les collections nationales par le biais d\u2019une souscription publique lanc\u00e9e par Claude Monet. Dans cette peinture, la figure du chat, charg\u00e9e d\u2019une symbolique \u00e9rotique, remplace celle du petit chien, endormi et enroul\u00e9 sur lui-m\u00eame, repr\u00e9sent\u00e9 dans la <em>V\u00e9nus d\u2019Urbin<\/em>, de Titien. \u00bb<\/p>\n<p><img loading=\"lazy\" decoding=\"async\" class=\"size-full wp-image-1765 aligncenter\" src=\"https:\/\/editions.grandpalaisrmn.fr\/blog\/wp-content\/uploads\/2024\/07\/JB198035_f4_900-1.jpg\" alt=\"Livre ouvert sur une double page illustr\u00e9e d'un d\u00e9tail de l'Olympia de Manet\" width=\"900\" height=\"415\" srcset=\"https:\/\/editions.grandpalaisrmn.fr\/blog\/wp-content\/uploads\/2024\/07\/JB198035_f4_900-1.jpg 900w, https:\/\/editions.grandpalaisrmn.fr\/blog\/wp-content\/uploads\/2024\/07\/JB198035_f4_900-1-300x138.jpg 300w, https:\/\/editions.grandpalaisrmn.fr\/blog\/wp-content\/uploads\/2024\/07\/JB198035_f4_900-1-768x354.jpg 768w\" sizes=\"(max-width: 900px) 100vw, 900px\" \/><\/p>\n<p><img loading=\"lazy\" decoding=\"async\" class=\"size-full wp-image-1764 aligncenter\" src=\"https:\/\/editions.grandpalaisrmn.fr\/blog\/wp-content\/uploads\/2024\/07\/JB198035_f1_900-1.jpg\" alt=\"Livre ouvert sur une double page illustr\u00e9e d'un d\u00e9tail du l'atelier \u00e0 Ornan\" width=\"900\" height=\"415\" srcset=\"https:\/\/editions.grandpalaisrmn.fr\/blog\/wp-content\/uploads\/2024\/07\/JB198035_f1_900-1.jpg 900w, https:\/\/editions.grandpalaisrmn.fr\/blog\/wp-content\/uploads\/2024\/07\/JB198035_f1_900-1-300x138.jpg 300w, https:\/\/editions.grandpalaisrmn.fr\/blog\/wp-content\/uploads\/2024\/07\/JB198035_f1_900-1-768x354.jpg 768w\" sizes=\"(max-width: 900px) 100vw, 900px\" \/><\/p>\n<p>\u00ab\u00a0Le chat est l\u2019embl\u00e8me des milieux artistiques au <span class=\"pcap\">xix<\/span><sup>e<\/sup>\u00a0si\u00e8cle. Artistes et \u00e9crivains en faisaient leur compagnon de libert\u00e9 et d\u2019ind\u00e9pendance tandis que les po\u00e8tes louaient sa myst\u00e9rieuse beaut\u00e9. Je pense notamment \u00e0 Baudelaire, qui a c\u00e9l\u00e9br\u00e9, \u00e0 travers la m\u00e9taphore du chat, la sensualit\u00e9 de Jeanne Duval, avec qui il entretenait une relation passionnelle, ou encore \u00e0 \u00c9mile Zola, qui a \u00e9crit un conte intitul\u00e9 <em>Le Paradis des chats<\/em>. Gustave Courbet a accord\u00e9 une place centrale \u00e0 cet animal dans <em>L\u2019Atelier du peintre<\/em>\u00a0: un chat angora blanc joue \u00e0 ses pieds, au c\u0153ur du tableau.\u00a0\u00bb<\/p>\n<figure id=\"attachment_1746\" aria-describedby=\"caption-attachment-1746\" style=\"width: 900px\" class=\"wp-caption aligncenter\"><img loading=\"lazy\" decoding=\"async\" class=\"wp-image-1746 size-full\" src=\"https:\/\/editions.grandpalaisrmn.fr\/blog\/wp-content\/uploads\/2024\/07\/leila-jarbouai_900.jpg\" alt=\"\" width=\"900\" height=\"937\" srcset=\"https:\/\/editions.grandpalaisrmn.fr\/blog\/wp-content\/uploads\/2024\/07\/leila-jarbouai_900.jpg 900w, https:\/\/editions.grandpalaisrmn.fr\/blog\/wp-content\/uploads\/2024\/07\/leila-jarbouai_900-288x300.jpg 288w, https:\/\/editions.grandpalaisrmn.fr\/blog\/wp-content\/uploads\/2024\/07\/leila-jarbouai_900-768x800.jpg 768w, https:\/\/editions.grandpalaisrmn.fr\/blog\/wp-content\/uploads\/2024\/07\/leila-jarbouai_900-738x768.jpg 738w\" sizes=\"(max-width: 900px) 100vw, 900px\" \/><figcaption id=\"caption-attachment-1746\" class=\"wp-caption-text\">Consultation des archives photographiques du mus\u00e9e d&rsquo;Orsay par Le\u00efla Jarbouai, isabelle Loric et Manon Pellerano \u00a9 GrandPalaisRmn\u00c9ditions, 2024<\/figcaption><\/figure>\n<p>Le\u00efla Jarbouai livre, au prisme des collections d\u2019Orsay, un regard singulier sur la repr\u00e9sentation des chats dans l\u2019art du <span class=\"pcap\">xix<\/span><sup>e<\/sup>\u00a0si\u00e8cle. Nos \u00e9ditions l\u2019ont suivie \u00e0 travers les m\u00e9andres du mus\u00e9e, parcourant les salles et les r\u00e9serves \u00e0 ses c\u00f4t\u00e9s, afin de reproduire le plus fid\u00e8lement possible les peintures, dessins et photographies qui constituent l\u2019\u00e2me de l\u2019album <em>Chats<\/em>. Un hommage adress\u00e9 \u00e0 sa chatte, Ginger, fid\u00e8le compagne disparue, \u00ab\u00a0qui [lui] a offert sa tendresse, sa curiosit\u00e9 et sa beaut\u00e9, pendant sa trop br\u00e8ve existence\u00a0\u00bb, conclut cet ouvrage<em>,<\/em> que notre maison a eu le plaisir de co\u00e9diter avec le mus\u00e9e d\u2019Orsay.<\/p>\n<div class=\"CallToAction\">\n<p><a href=\"https:\/\/editions.grandpalaisrmn.fr\/fr\/editions\/GB198035\">Commandez l&rsquo;album<\/a><\/p>\n<p><a href=\"https:\/\/editions.grandpalaisrmn.fr\/fr\/editions\/par-musee\/paris_musee-dorsay\">Retrouvez tous nos titres co\u00e9dit\u00e9s avec le mus\u00e9e d&rsquo;Orsay<\/a><\/p>\n<p><a href=\"https:\/\/editions.grandpalaisrmn.fr\/fr\/editions\/lettre-information\">Suivez notre actualit\u00e9 et abonnez-vous \u00e0 notre magazine <\/a><\/p>\n<\/div>\n","protected":false},"excerpt":{"rendered":"<p>En v\u00e9ritable ailurophile, Le\u00efla Jarbouai, conservatrice aux mus\u00e9es d\u2019Orsay et de l\u2019Orangerie, est une grande amoureuse des chats, et partage son quotidien avec une jeune chatte rousse flamboyante et un chat noir \u00e9nigmatique. Elle\u00a0 vient de signer l\u2019album Chats, co\u00e9dit\u00e9 par notre maison et le mus\u00e9e d\u2019Orsay. Elle nous invite \u00e0 d\u00e9couvrir l&rsquo;univers des chefs-d&rsquo;\u0153uvre&#8230;<\/p>\n","protected":false},"author":1,"featured_media":0,"comment_status":"closed","ping_status":"closed","sticky":false,"template":"","format":"standard","meta":{"footnotes":""},"categories":[3],"tags":[],"class_list":["post-1742","post","type-post","status-publish","format-standard","hentry","category-edition"],"yoast_head":"<!-- This site is optimized with the Yoast SEO plugin v22.7 - https:\/\/yoast.com\/wordpress\/plugins\/seo\/ -->\n<title>Les chats dans l\u2019art, un livre propos\u00e9 par le mus\u00e9e d&#039;Orsay<\/title>\n<meta name=\"description\" content=\"Le\u00efla Jarbouai, conservatrice aux mus\u00e9es d&#039;Orsay et de l&#039;Orangerie, nous r\u00e9v\u00e8le la pr\u00e9sence discr\u00e8te des chats dans les chefs-d\u2019\u0153uvre.\" \/>\n<meta name=\"robots\" content=\"index, follow, max-snippet:-1, max-image-preview:large, max-video-preview:-1\" \/>\n<link rel=\"canonical\" href=\"https:\/\/editions.grandpalaisrmn.fr\/blog\/orsay-chats-dans-lart\/\" \/>\n<meta property=\"og:locale\" content=\"fr_FR\" \/>\n<meta property=\"og:type\" content=\"article\" \/>\n<meta property=\"og:title\" content=\"Orsay \u00ab chat-oyant \u00bb : une ode aux chats dans l\u2019art\" \/>\n<meta property=\"og:description\" content=\"Le\u00efla Jarbouai, conservatrice aux mus\u00e9es d&#039;Orsay et de l&#039;Orangerie, nous r\u00e9v\u00e8le la pr\u00e9sence discr\u00e8te des chats dans les chefs-d\u2019\u0153uvre.\" \/>\n<meta property=\"og:url\" content=\"https:\/\/editions.grandpalaisrmn.fr\/blog\/orsay-chats-dans-lart\/\" \/>\n<meta property=\"og:site_name\" content=\"Actualit\u00e9s de GrandPalaisRmn\u00c9ditions\" \/>\n<meta property=\"article:publisher\" content=\"https:\/\/www.facebook.com\/EditionsRmnGP\/\" \/>\n<meta property=\"article:published_time\" content=\"2024-07-10T09:03:03+00:00\" \/>\n<meta property=\"article:modified_time\" content=\"2024-11-07T13:01:45+00:00\" \/>\n<meta property=\"og:image\" content=\"https:\/\/editions.grandpalaisrmn.fr\/blog\/wp-content\/uploads\/2024\/07\/illustration_1024-2.jpg\" \/>\n\t<meta property=\"og:image:width\" content=\"1024\" \/>\n\t<meta property=\"og:image:height\" content=\"1024\" \/>\n\t<meta property=\"og:image:type\" content=\"image\/jpeg\" \/>\n<meta name=\"author\" content=\"admin\" \/>\n<meta name=\"twitter:card\" content=\"summary_large_image\" \/>\n<meta name=\"twitter:label1\" content=\"\u00c9crit par\" \/>\n\t<meta name=\"twitter:data1\" content=\"admin\" \/>\n\t<meta name=\"twitter:label2\" content=\"Dur\u00e9e de lecture estim\u00e9e\" \/>\n\t<meta name=\"twitter:data2\" content=\"4 minutes\" \/>\n<script type=\"application\/ld+json\" class=\"yoast-schema-graph\">{\"@context\":\"https:\/\/schema.org\",\"@graph\":[{\"@type\":[\"Article\",\"BlogPosting\"],\"@id\":\"https:\/\/editions.grandpalaisrmn.fr\/blog\/orsay-chats-dans-lart\/#article\",\"isPartOf\":{\"@id\":\"https:\/\/editions.grandpalaisrmn.fr\/blog\/orsay-chats-dans-lart\/\"},\"author\":{\"name\":\"admin\",\"@id\":\"https:\/\/editions.grandpalaisrmn.fr\/blog\/#\/schema\/person\/df4f655e9df6cfe1d48590c891fe6b82\"},\"headline\":\"Orsay \u00ab chat-oyant \u00bb : une ode aux chats dans l\u2019art\",\"datePublished\":\"2024-07-10T09:03:03+00:00\",\"dateModified\":\"2024-11-07T13:01:45+00:00\",\"mainEntityOfPage\":{\"@id\":\"https:\/\/editions.grandpalaisrmn.fr\/blog\/orsay-chats-dans-lart\/\"},\"wordCount\":547,\"publisher\":{\"@id\":\"https:\/\/editions.grandpalaisrmn.fr\/blog\/#organization\"},\"image\":{\"@id\":\"https:\/\/editions.grandpalaisrmn.fr\/blog\/orsay-chats-dans-lart\/#primaryimage\"},\"thumbnailUrl\":\"https:\/\/editions.grandpalaisrmn.fr\/blog\/wp-content\/uploads\/2024\/07\/illustration_1024-2.jpg\",\"articleSection\":[\"\u00c9dition\"],\"inLanguage\":\"fr-FR\"},{\"@type\":\"WebPage\",\"@id\":\"https:\/\/editions.grandpalaisrmn.fr\/blog\/orsay-chats-dans-lart\/\",\"url\":\"https:\/\/editions.grandpalaisrmn.fr\/blog\/orsay-chats-dans-lart\/\",\"name\":\"Les chats dans l\u2019art, un livre propos\u00e9 par le mus\u00e9e d'Orsay\",\"isPartOf\":{\"@id\":\"https:\/\/editions.grandpalaisrmn.fr\/blog\/#website\"},\"primaryImageOfPage\":{\"@id\":\"https:\/\/editions.grandpalaisrmn.fr\/blog\/orsay-chats-dans-lart\/#primaryimage\"},\"image\":{\"@id\":\"https:\/\/editions.grandpalaisrmn.fr\/blog\/orsay-chats-dans-lart\/#primaryimage\"},\"thumbnailUrl\":\"https:\/\/editions.grandpalaisrmn.fr\/blog\/wp-content\/uploads\/2024\/07\/illustration_1024-2.jpg\",\"datePublished\":\"2024-07-10T09:03:03+00:00\",\"dateModified\":\"2024-11-07T13:01:45+00:00\",\"description\":\"Le\u00efla Jarbouai, conservatrice aux mus\u00e9es d'Orsay et de l'Orangerie, nous r\u00e9v\u00e8le la pr\u00e9sence discr\u00e8te des chats dans les chefs-d\u2019\u0153uvre.\",\"breadcrumb\":{\"@id\":\"https:\/\/editions.grandpalaisrmn.fr\/blog\/orsay-chats-dans-lart\/#breadcrumb\"},\"inLanguage\":\"fr-FR\",\"potentialAction\":[{\"@type\":\"ReadAction\",\"target\":[\"https:\/\/editions.grandpalaisrmn.fr\/blog\/orsay-chats-dans-lart\/\"]}]},{\"@type\":\"ImageObject\",\"inLanguage\":\"fr-FR\",\"@id\":\"https:\/\/editions.grandpalaisrmn.fr\/blog\/orsay-chats-dans-lart\/#primaryimage\",\"url\":\"https:\/\/editions.grandpalaisrmn.fr\/blog\/wp-content\/uploads\/2024\/07\/illustration_1024-2.jpg\",\"contentUrl\":\"https:\/\/editions.grandpalaisrmn.fr\/blog\/wp-content\/uploads\/2024\/07\/illustration_1024-2.jpg\",\"width\":1024,\"height\":1024,\"caption\":\"Un chat regarde le livre ouvert sur le sol\"},{\"@type\":\"BreadcrumbList\",\"@id\":\"https:\/\/editions.grandpalaisrmn.fr\/blog\/orsay-chats-dans-lart\/#breadcrumb\",\"itemListElement\":[{\"@type\":\"ListItem\",\"position\":1,\"name\":\"Accueil\",\"item\":\"https:\/\/editions.grandpalaisrmn.fr\/blog\/\"},{\"@type\":\"ListItem\",\"position\":2,\"name\":\"Orsay \u00ab chat-oyant \u00bb : une ode aux chats dans l\u2019art\"}]},{\"@type\":\"WebSite\",\"@id\":\"https:\/\/editions.grandpalaisrmn.fr\/blog\/#website\",\"url\":\"https:\/\/editions.grandpalaisrmn.fr\/blog\/\",\"name\":\"Actualit\u00e9s de GrandPalaisRmn\u00c9ditions\",\"description\":\"\",\"publisher\":{\"@id\":\"https:\/\/editions.grandpalaisrmn.fr\/blog\/#organization\"},\"potentialAction\":[{\"@type\":\"SearchAction\",\"target\":{\"@type\":\"EntryPoint\",\"urlTemplate\":\"https:\/\/editions.grandpalaisrmn.fr\/blog\/?s={search_term_string}\"},\"query-input\":\"required name=search_term_string\"}],\"inLanguage\":\"fr-FR\"},{\"@type\":\"Organization\",\"@id\":\"https:\/\/editions.grandpalaisrmn.fr\/blog\/#organization\",\"name\":\"Les \u00e9ditions de la Rmn-GP\",\"url\":\"https:\/\/editions.grandpalaisrmn.fr\/blog\/\",\"logo\":{\"@type\":\"ImageObject\",\"inLanguage\":\"fr-FR\",\"@id\":\"https:\/\/editions.grandpalaisrmn.fr\/blog\/#\/schema\/logo\/image\/\",\"url\":\"https:\/\/editions.grandpalaisrmn.fr\/blog\/wp-content\/uploads\/2022\/06\/RMN-GP_logoNoir.png\",\"contentUrl\":\"https:\/\/editions.grandpalaisrmn.fr\/blog\/wp-content\/uploads\/2022\/06\/RMN-GP_logoNoir.png\",\"width\":787,\"height\":788,\"caption\":\"Les \u00e9ditions de la Rmn-GP\"},\"image\":{\"@id\":\"https:\/\/editions.grandpalaisrmn.fr\/blog\/#\/schema\/logo\/image\/\"},\"sameAs\":[\"https:\/\/www.facebook.com\/EditionsRmnGP\/\",\"https:\/\/www.pinterest.fr\/editionsRmnGP\",\"https:\/\/www.instagram.com\/les_editions_de_la_rmngp\/\"]},{\"@type\":\"Person\",\"@id\":\"https:\/\/editions.grandpalaisrmn.fr\/blog\/#\/schema\/person\/df4f655e9df6cfe1d48590c891fe6b82\",\"name\":\"admin\",\"image\":{\"@type\":\"ImageObject\",\"inLanguage\":\"fr-FR\",\"@id\":\"https:\/\/editions.grandpalaisrmn.fr\/blog\/#\/schema\/person\/image\/\",\"url\":\"https:\/\/secure.gravatar.com\/avatar\/2beb26b736c247331cd5f9cb1f595938?s=96&d=mm&r=g\",\"contentUrl\":\"https:\/\/secure.gravatar.com\/avatar\/2beb26b736c247331cd5f9cb1f595938?s=96&d=mm&r=g\",\"caption\":\"admin\"},\"sameAs\":[\"https:\/\/ppeditions.labrmngp.fr\/blog\"],\"url\":\"https:\/\/editions.grandpalaisrmn.fr\/blog\/author\/blog-admin_editions\/\"}]}<\/script>\n<!-- \/ Yoast SEO plugin. -->","yoast_head_json":{"title":"Les chats dans l\u2019art, un livre propos\u00e9 par le mus\u00e9e d'Orsay","description":"Le\u00efla Jarbouai, conservatrice aux mus\u00e9es d'Orsay et de l'Orangerie, nous r\u00e9v\u00e8le la pr\u00e9sence discr\u00e8te des chats dans les chefs-d\u2019\u0153uvre.","robots":{"index":"index","follow":"follow","max-snippet":"max-snippet:-1","max-image-preview":"max-image-preview:large","max-video-preview":"max-video-preview:-1"},"canonical":"https:\/\/editions.grandpalaisrmn.fr\/blog\/orsay-chats-dans-lart\/","og_locale":"fr_FR","og_type":"article","og_title":"Orsay \u00ab chat-oyant \u00bb : une ode aux chats dans l\u2019art","og_description":"Le\u00efla Jarbouai, conservatrice aux mus\u00e9es d'Orsay et de l'Orangerie, nous r\u00e9v\u00e8le la pr\u00e9sence discr\u00e8te des chats dans les chefs-d\u2019\u0153uvre.","og_url":"https:\/\/editions.grandpalaisrmn.fr\/blog\/orsay-chats-dans-lart\/","og_site_name":"Actualit\u00e9s de GrandPalaisRmn\u00c9ditions","article_publisher":"https:\/\/www.facebook.com\/EditionsRmnGP\/","article_published_time":"2024-07-10T09:03:03+00:00","article_modified_time":"2024-11-07T13:01:45+00:00","og_image":[{"width":1024,"height":1024,"url":"https:\/\/editions.grandpalaisrmn.fr\/blog\/wp-content\/uploads\/2024\/07\/illustration_1024-2.jpg","type":"image\/jpeg"}],"author":"admin","twitter_card":"summary_large_image","twitter_misc":{"\u00c9crit par":"admin","Dur\u00e9e de lecture estim\u00e9e":"4 minutes"},"schema":{"@context":"https:\/\/schema.org","@graph":[{"@type":["Article","BlogPosting"],"@id":"https:\/\/editions.grandpalaisrmn.fr\/blog\/orsay-chats-dans-lart\/#article","isPartOf":{"@id":"https:\/\/editions.grandpalaisrmn.fr\/blog\/orsay-chats-dans-lart\/"},"author":{"name":"admin","@id":"https:\/\/editions.grandpalaisrmn.fr\/blog\/#\/schema\/person\/df4f655e9df6cfe1d48590c891fe6b82"},"headline":"Orsay \u00ab chat-oyant \u00bb : une ode aux chats dans l\u2019art","datePublished":"2024-07-10T09:03:03+00:00","dateModified":"2024-11-07T13:01:45+00:00","mainEntityOfPage":{"@id":"https:\/\/editions.grandpalaisrmn.fr\/blog\/orsay-chats-dans-lart\/"},"wordCount":547,"publisher":{"@id":"https:\/\/editions.grandpalaisrmn.fr\/blog\/#organization"},"image":{"@id":"https:\/\/editions.grandpalaisrmn.fr\/blog\/orsay-chats-dans-lart\/#primaryimage"},"thumbnailUrl":"https:\/\/editions.grandpalaisrmn.fr\/blog\/wp-content\/uploads\/2024\/07\/illustration_1024-2.jpg","articleSection":["\u00c9dition"],"inLanguage":"fr-FR"},{"@type":"WebPage","@id":"https:\/\/editions.grandpalaisrmn.fr\/blog\/orsay-chats-dans-lart\/","url":"https:\/\/editions.grandpalaisrmn.fr\/blog\/orsay-chats-dans-lart\/","name":"Les chats dans l\u2019art, un livre propos\u00e9 par le mus\u00e9e d'Orsay","isPartOf":{"@id":"https:\/\/editions.grandpalaisrmn.fr\/blog\/#website"},"primaryImageOfPage":{"@id":"https:\/\/editions.grandpalaisrmn.fr\/blog\/orsay-chats-dans-lart\/#primaryimage"},"image":{"@id":"https:\/\/editions.grandpalaisrmn.fr\/blog\/orsay-chats-dans-lart\/#primaryimage"},"thumbnailUrl":"https:\/\/editions.grandpalaisrmn.fr\/blog\/wp-content\/uploads\/2024\/07\/illustration_1024-2.jpg","datePublished":"2024-07-10T09:03:03+00:00","dateModified":"2024-11-07T13:01:45+00:00","description":"Le\u00efla Jarbouai, conservatrice aux mus\u00e9es d'Orsay et de l'Orangerie, nous r\u00e9v\u00e8le la pr\u00e9sence discr\u00e8te des chats dans les chefs-d\u2019\u0153uvre.","breadcrumb":{"@id":"https:\/\/editions.grandpalaisrmn.fr\/blog\/orsay-chats-dans-lart\/#breadcrumb"},"inLanguage":"fr-FR","potentialAction":[{"@type":"ReadAction","target":["https:\/\/editions.grandpalaisrmn.fr\/blog\/orsay-chats-dans-lart\/"]}]},{"@type":"ImageObject","inLanguage":"fr-FR","@id":"https:\/\/editions.grandpalaisrmn.fr\/blog\/orsay-chats-dans-lart\/#primaryimage","url":"https:\/\/editions.grandpalaisrmn.fr\/blog\/wp-content\/uploads\/2024\/07\/illustration_1024-2.jpg","contentUrl":"https:\/\/editions.grandpalaisrmn.fr\/blog\/wp-content\/uploads\/2024\/07\/illustration_1024-2.jpg","width":1024,"height":1024,"caption":"Un chat regarde le livre ouvert sur le sol"},{"@type":"BreadcrumbList","@id":"https:\/\/editions.grandpalaisrmn.fr\/blog\/orsay-chats-dans-lart\/#breadcrumb","itemListElement":[{"@type":"ListItem","position":1,"name":"Accueil","item":"https:\/\/editions.grandpalaisrmn.fr\/blog\/"},{"@type":"ListItem","position":2,"name":"Orsay \u00ab chat-oyant \u00bb : une ode aux chats dans l\u2019art"}]},{"@type":"WebSite","@id":"https:\/\/editions.grandpalaisrmn.fr\/blog\/#website","url":"https:\/\/editions.grandpalaisrmn.fr\/blog\/","name":"Actualit\u00e9s de GrandPalaisRmn\u00c9ditions","description":"","publisher":{"@id":"https:\/\/editions.grandpalaisrmn.fr\/blog\/#organization"},"potentialAction":[{"@type":"SearchAction","target":{"@type":"EntryPoint","urlTemplate":"https:\/\/editions.grandpalaisrmn.fr\/blog\/?s={search_term_string}"},"query-input":"required name=search_term_string"}],"inLanguage":"fr-FR"},{"@type":"Organization","@id":"https:\/\/editions.grandpalaisrmn.fr\/blog\/#organization","name":"Les \u00e9ditions de la Rmn-GP","url":"https:\/\/editions.grandpalaisrmn.fr\/blog\/","logo":{"@type":"ImageObject","inLanguage":"fr-FR","@id":"https:\/\/editions.grandpalaisrmn.fr\/blog\/#\/schema\/logo\/image\/","url":"https:\/\/editions.grandpalaisrmn.fr\/blog\/wp-content\/uploads\/2022\/06\/RMN-GP_logoNoir.png","contentUrl":"https:\/\/editions.grandpalaisrmn.fr\/blog\/wp-content\/uploads\/2022\/06\/RMN-GP_logoNoir.png","width":787,"height":788,"caption":"Les \u00e9ditions de la Rmn-GP"},"image":{"@id":"https:\/\/editions.grandpalaisrmn.fr\/blog\/#\/schema\/logo\/image\/"},"sameAs":["https:\/\/www.facebook.com\/EditionsRmnGP\/","https:\/\/www.pinterest.fr\/editionsRmnGP","https:\/\/www.instagram.com\/les_editions_de_la_rmngp\/"]},{"@type":"Person","@id":"https:\/\/editions.grandpalaisrmn.fr\/blog\/#\/schema\/person\/df4f655e9df6cfe1d48590c891fe6b82","name":"admin","image":{"@type":"ImageObject","inLanguage":"fr-FR","@id":"https:\/\/editions.grandpalaisrmn.fr\/blog\/#\/schema\/person\/image\/","url":"https:\/\/secure.gravatar.com\/avatar\/2beb26b736c247331cd5f9cb1f595938?s=96&d=mm&r=g","contentUrl":"https:\/\/secure.gravatar.com\/avatar\/2beb26b736c247331cd5f9cb1f595938?s=96&d=mm&r=g","caption":"admin"},"sameAs":["https:\/\/ppeditions.labrmngp.fr\/blog"],"url":"https:\/\/editions.grandpalaisrmn.fr\/blog\/author\/blog-admin_editions\/"}]}},"_links":{"self":[{"href":"https:\/\/editions.grandpalaisrmn.fr\/blog\/wp-json\/wp\/v2\/posts\/1742"}],"collection":[{"href":"https:\/\/editions.grandpalaisrmn.fr\/blog\/wp-json\/wp\/v2\/posts"}],"about":[{"href":"https:\/\/editions.grandpalaisrmn.fr\/blog\/wp-json\/wp\/v2\/types\/post"}],"author":[{"embeddable":true,"href":"https:\/\/editions.grandpalaisrmn.fr\/blog\/wp-json\/wp\/v2\/users\/1"}],"replies":[{"embeddable":true,"href":"https:\/\/editions.grandpalaisrmn.fr\/blog\/wp-json\/wp\/v2\/comments?post=1742"}],"version-history":[{"count":18,"href":"https:\/\/editions.grandpalaisrmn.fr\/blog\/wp-json\/wp\/v2\/posts\/1742\/revisions"}],"predecessor-version":[{"id":1897,"href":"https:\/\/editions.grandpalaisrmn.fr\/blog\/wp-json\/wp\/v2\/posts\/1742\/revisions\/1897"}],"wp:attachment":[{"href":"https:\/\/editions.grandpalaisrmn.fr\/blog\/wp-json\/wp\/v2\/media?parent=1742"}],"wp:term":[{"taxonomy":"category","embeddable":true,"href":"https:\/\/editions.grandpalaisrmn.fr\/blog\/wp-json\/wp\/v2\/categories?post=1742"},{"taxonomy":"post_tag","embeddable":true,"href":"https:\/\/editions.grandpalaisrmn.fr\/blog\/wp-json\/wp\/v2\/tags?post=1742"}],"curies":[{"name":"wp","href":"https:\/\/api.w.org\/{rel}","templated":true}]}}