{"id":1770,"date":"2024-07-19T09:44:01","date_gmt":"2024-07-19T09:44:01","guid":{"rendered":"https:\/\/editions.grandpalaisrmn.fr\/blog\/?p=1770"},"modified":"2024-07-19T09:44:01","modified_gmt":"2024-07-19T09:44:01","slug":"coedition-grandpalaisrmn-mucem-mediterranees","status":"publish","type":"post","link":"https:\/\/editions.grandpalaisrmn.fr\/blog\/coedition-grandpalaisrmn-mucem-mediterranees\/","title":{"rendered":"Le catalogue <em>M\u00e9diterran\u00e9es<\/em>, passeur de m\u00e9moires"},"content":{"rendered":"<p class=\"Chapeau_Article\">Nous vous invitons \u00e0 embarquer avec nous pour une odyss\u00e9e au c\u0153ur des cultures m\u00e9diterran\u00e9ennes, depuis l\u2019Antiquit\u00e9 jusqu\u2019aux rivages contemporains\u00a0: nos \u00e9ditions ont collabor\u00e9 avec le Mucem au catalogue de l\u2019exposition permanente \u00ab\u00a0M\u00e9diterran\u00e9es. Inventions et repr\u00e9sentations\u00a0\u00bb.<br \/>\nRencontre avec Laure Lane, responsable des \u00e9ditions de l\u2019institution marseillaise, pour percer les secrets de fabrication de cette <a href=\"\/fr\/editions\/nos-partenaires\">co\u00e9dition<\/a> qui nous plonge dans l\u2019histoire plurielle des \u00ab\u00a0M\u00e9diterran\u00e9es\u00a0\u00bb, \u00e0 travers une forme d\u2019\u00e9criture visuelle, \u00e0 la fois originale et p\u00e9dagogique, qui articule, avec une grande fluidit\u00e9, l\u2019art et l\u2019ethnographie.<\/p>\n<figure id=\"attachment_1790\" aria-describedby=\"caption-attachment-1790\" style=\"width: 1024px\" class=\"wp-caption aligncenter\"><img loading=\"lazy\" decoding=\"async\" class=\"size-full wp-image-1790\" src=\"https:\/\/editions.grandpalaisrmn.fr\/blog\/wp-content\/uploads\/2024\/07\/article_18-01.jpg\" alt=\"Laure Lane photographie au sein des ateliers d\u2019art GrandPalaisRmn. Elle tient le catalogue ouvert dans ses mains\" width=\"1024\" height=\"955\" srcset=\"https:\/\/editions.grandpalaisrmn.fr\/blog\/wp-content\/uploads\/2024\/07\/article_18-01.jpg 1024w, https:\/\/editions.grandpalaisrmn.fr\/blog\/wp-content\/uploads\/2024\/07\/article_18-01-300x280.jpg 300w, https:\/\/editions.grandpalaisrmn.fr\/blog\/wp-content\/uploads\/2024\/07\/article_18-01-768x716.jpg 768w\" sizes=\"(max-width: 1024px) 100vw, 1024px\" \/><figcaption id=\"caption-attachment-1790\" class=\"wp-caption-text\">Laure Lane, responsable des \u00e9ditions du Mucem, \u00e0 l\u2019atelier de moulage GrandPalaisRmn<\/figcaption><\/figure>\n<p>Surgi d\u2019une ancienne jet\u00e9e marseillaise o\u00f9 accostaient autrefois les bateaux reliant la cit\u00e9 phoc\u00e9enne \u00e0 Alger, le Mucem est le premier mus\u00e9e national d\u00e9di\u00e9 aux cultures de l\u2019Europe et de la M\u00e9diterran\u00e9e. Il incarne, depuis dix ans, un dialogue entre les rives nord et sud de la Grande Bleue.<br \/>\nPour c\u00e9l\u00e9brer son dixi\u00e8me anniversaire, le Mucem d\u00e9voile un nouvel accrochage permanent, \u00ab\u00a0M\u00e9diterran\u00e9es. Inventions et repr\u00e9sentations\u00a0\u00bb. Le catalogue de cette exposition, co\u00e9dit\u00e9 par notre maison, explore le r\u00f4le des mus\u00e9es d\u2019ethnographie et des beaux-arts dans la repr\u00e9sentation, souvent fantasm\u00e9e, des pays et des cultures du bassin m\u00e9diterran\u00e9en.<\/p>\n<p><img loading=\"lazy\" decoding=\"async\" class=\"size-full wp-image-1791 aligncenter\" src=\"https:\/\/editions.grandpalaisrmn.fr\/blog\/wp-content\/uploads\/2024\/07\/article_18-02.jpg\" alt=\"catalogue ouvert sur une page de d\u00e9but de chapitre\" width=\"1024\" height=\"769\" srcset=\"https:\/\/editions.grandpalaisrmn.fr\/blog\/wp-content\/uploads\/2024\/07\/article_18-02.jpg 1024w, https:\/\/editions.grandpalaisrmn.fr\/blog\/wp-content\/uploads\/2024\/07\/article_18-02-300x225.jpg 300w, https:\/\/editions.grandpalaisrmn.fr\/blog\/wp-content\/uploads\/2024\/07\/article_18-02-768x577.jpg 768w\" sizes=\"(max-width: 1024px) 100vw, 1024px\" \/><\/p>\n<p>Nous rendant visite au si\u00e8ge des \u00e9ditions, Laure Lane, nous confie\u00a0: \u00ab\u00a0Le parcours sc\u00e9nographique de \u201cM\u00e9diterran\u00e9es. Inventions et repr\u00e9sentations\u201d m\u00eale des moulages de statues antiques, des tableaux juxtapos\u00e9s du sol au plafond, \u00e0 la mani\u00e8re des salons d\u2019art du <span class=\"pcap\">xviii<\/span><sup>e<\/sup>\u00a0si\u00e8cle, avec des vitrines traditionnelles ethnographiques, soigneusement am\u00e9nag\u00e9es, et des installations d\u2019artistes contemporains. Le principal d\u00e9fi de cette publication a r\u00e9sid\u00e9 dans le traitement des deux approches distinctes que refl\u00e8te la diversit\u00e9 de cette exposition, chacune v\u00e9hiculant des codes sp\u00e9cifiques. D\u2019un c\u00f4t\u00e9, les artistes du <span class=\"pcap\">xviii<\/span><sup>e<\/sup>\u00a0si\u00e8cle id\u00e9alisent des sc\u00e8nes de campagne, des paysages en ruine, et \u00e9rigent l\u2019antique en id\u00e9al de beaut\u00e9. De l\u2019autre, les ethnologues portent leur regard sur les \u201csoci\u00e9t\u00e9s lointaines\u201d avec une sinc\u00e9rit\u00e9 parfois teint\u00e9e des int\u00e9r\u00eats des puissances coloniales. Ils observent et d\u00e9crivent les petits m\u00e9tiers, les v\u00eatements et les physionomies des individus qu\u2019ils rencontrent.<br \/>\n\u00ab\u00a0Comment allions-nous articuler ces diff\u00e9rentes voix sur le papier et r\u00e9aliser un catalogue pluridisciplinaire\u00a0? C\u2019est tout naturellement que nous nous sommes tourn\u00e9s vers GrandPalaisRmn\u00c9ditions pour nous aider et nous accompagner sur ce sujet de mus\u00e9ologie, qui est finalement votre ADN, la R\u00e9union des mus\u00e9es nationaux, dont votre institution est issue, incarnant, depuis 1895, la volont\u00e9 de pr\u00e9server et de diffuser le patrimoine culturel de la France \u00e0 travers les mus\u00e9es.\u00a0\u00bb<\/p>\n<p><img loading=\"lazy\" decoding=\"async\" class=\"size-full wp-image-1792 aligncenter\" src=\"https:\/\/editions.grandpalaisrmn.fr\/blog\/wp-content\/uploads\/2024\/07\/article_18-03.jpg\" alt=\"Catalogue ouvert sur une page de mise en exergue d\u2019un objet de la collection\" width=\"1021\" height=\"753\" srcset=\"https:\/\/editions.grandpalaisrmn.fr\/blog\/wp-content\/uploads\/2024\/07\/article_18-03.jpg 1021w, https:\/\/editions.grandpalaisrmn.fr\/blog\/wp-content\/uploads\/2024\/07\/article_18-03-300x221.jpg 300w, https:\/\/editions.grandpalaisrmn.fr\/blog\/wp-content\/uploads\/2024\/07\/article_18-03-768x566.jpg 768w\" sizes=\"(max-width: 1021px) 100vw, 1021px\" \/><\/p>\n<p>\u00ab\u00a0Votre proposition de design graphique, \u00e9labor\u00e9e par <a href=\"https:\/\/www.anaislancrenon.com\/\" target=\"_blank\" rel=\"noopener\">Ana\u00efs Lancrenon<\/a>, nous a permis de croiser ces voix. La structure de l\u2019ouvrage offre plusieurs lectures possibles. Trois entr\u00e9es distinctes permettent d\u2019identifier les notices d\u2019\u0153uvres ou d\u2019objets, les portraits d\u2019artistes ou d\u2019ethnologues et les r\u00e9flexions d\u2019artistes contemporains. Des cahiers courts, sur des demi-feuilles en couleur, cassent le fil de la lecture des notices et pr\u00e9sentent des r\u00e9cits de vie d\u2019artistes et de scientifiques. Une troisi\u00e8me approche, accessible en retournant le livre, propose des entretiens avec des artistes contemporains, qui, en d\u00e9construisant les sch\u00e9mas \u00e9tablis, offrent une vision d\u00e9cal\u00e9e des mod\u00e8les esth\u00e9tiques et r\u00e9v\u00e8lent ainsi la complexit\u00e9 des repr\u00e9sentations imaginaires.<\/p>\n<p>\u00ab Les textes des conservateurs ont \u00e9t\u00e9 trait\u00e9s avec une rigueur et une pr\u00e9cision exemplaires, sous <a href=\"\/fr\/editions\/savoir-faire-editorial\">la supervision avis\u00e9e de votre \u00e9ditrice<\/a> L\u00e9a Pietton, et gr\u00e2ce \u00e0 la pr\u00e9cieuse collaboration de notre experte en interne, France Bourboulon. \u00c9milie Jauliac, pr\u00e9paratrice de copie, dont le travail minutieux a \u00e9t\u00e9 d\u2019une aide inestimable, m\u00e9rite \u00e9galement toute notre reconnaissance.<\/p>\n<p>\u00ab\u00a0Pour <a href=\"\/fr\/editions\/savoir-faire-de-fabrication\">la fabrication du catalogue<\/a>, nous avons travaill\u00e9 avec votre responsable de fabrication, Philippe Gournay. Il a fait un suivi d\u2019impression absolument parfait, d\u2019autant plus que le fa\u00e7onnage de ce titre pr\u00e9sentait un d\u00e9fi particulier. Ma visite \u00e0 Paris pour d\u00e9couvrir la maquette en blanc nous a permis de confirmer la faisabilit\u00e9 de notre projet et de saluer son professionnalisme hors pair.\u00a0\u00bb<\/p>\n<p>\u00ab <a href=\"\/fr\/editions\/savoir-faire-iconographique\">La s\u00e9lection des images<\/a> pour la couverture n\u2019a pas \u00e9t\u00e9 simple. Elle a fait l\u2019objet d\u2019une r\u00e9flexion approfondie afin de capturer l\u2019essence de l\u2019exposition. Nous avons opt\u00e9 pour une mosa\u00efque m\u00ealant photographies de terrain et reproductions d\u2019\u0153uvres artistiques. \u00bb<\/p>\n<p>\u00ab Enfin, \u00e9tant donn\u00e9 qu\u2019il s\u2019agit d\u2019une exposition permanente, nous trouvions int\u00e9ressant de travailler avec vous <a href=\"\/fr\/editions\/la-diffusion\">la diffusion<\/a> de l\u2019ouvrage afin de b\u00e9n\u00e9ficier de votre force de frappe, \u00bb conclut Laure Lane. Et pour \u00e9clairer ses propos, on rappellera ici que, en compl\u00e9ment de notre diffuseur Flammarion, leader sur le march\u00e9 du livre illustr\u00e9, notre maison b\u00e9n\u00e9ficie des savoir-faire d\u2019une boutique en ligne performante et d\u2019un r\u00e9seau de 34 librairies-boutiques implant\u00e9es dans les principales institutions culturelles fran\u00e7aises.<\/p>\n<p><img loading=\"lazy\" decoding=\"async\" class=\"size-full wp-image-1793 aligncenter\" src=\"https:\/\/editions.grandpalaisrmn.fr\/blog\/wp-content\/uploads\/2024\/07\/article_18-04.jpg\" alt=\"Prise de vue des deux catalogues consacr\u00e9s au Mucem\" width=\"1024\" height=\"840\" srcset=\"https:\/\/editions.grandpalaisrmn.fr\/blog\/wp-content\/uploads\/2024\/07\/article_18-04.jpg 1024w, https:\/\/editions.grandpalaisrmn.fr\/blog\/wp-content\/uploads\/2024\/07\/article_18-04-300x246.jpg 300w, https:\/\/editions.grandpalaisrmn.fr\/blog\/wp-content\/uploads\/2024\/07\/article_18-04-768x630.jpg 768w\" sizes=\"(max-width: 1024px) 100vw, 1024px\" \/><\/p>\n<p>La co\u00e9dition<em> M\u00e9diterran\u00e9es<\/em> avec le Mucem fait suite \u00e0 une premi\u00e8re collaboration sur l\u2019ouvrage <em>Georges Henri Rivi\u00e8re. Voir, c\u2019est comprendre<\/em>, qui retrace l\u2019histoire de l\u2019\u00e9volution de la mus\u00e9ologie. Nos \u00e9ditions, issues de la R\u00e9union des mus\u00e9es nationaux (Rmn) \u2013\u00a0comme l\u2019a justement soulign\u00e9 Laure Lane au cours de l\u2019entretien\u00a0\u2013, ne pouvaient qu\u2019\u00eatre sensibles au d\u00e9fi relev\u00e9 par le mus\u00e9e marseillais dans les deux expositions \u00e0 l\u2019origine de ces catalogues\u00a0: explorer le r\u00f4le des mus\u00e9es dans les fondations historiques des repr\u00e9sentations du bassin m\u00e9diterran\u00e9en et tenter de d\u00e9crypter les tensions qui traversent ces institutions aujourd\u2019hui. Aussi est-ce \u00e0 une d\u00e9couverte tout en nuances de cette mer aux multiples facettes, berceau de civilisations mill\u00e9naires, que vous invite le catalogue <em>M\u00e9diterran\u00e9es<\/em>.<\/p>\n<div class=\"CallToAction\">\n<p style=\"text-align: center;\"><a href=\"https:\/\/editions.grandpalaisrmn.fr\/fr\/editions\/EK198043\">Commandez le catalogue d\u2019exposition<\/a><\/p>\n<p style=\"text-align: center;\"><a href=\"https:\/\/editions.grandpalaisrmn.fr\/fr\/editions\/EK397152\">Commandez le catalogue <em>Georges Henri Rivi\u00e8re<\/em><\/a><\/p>\n<p style=\"text-align: center;\"><a href=\"https:\/\/www.mucem.org\/programme\/exposition-et-temps-forts\/mediterranees\">Visitez le site officiel du Mucem<\/a><\/p>\n<p style=\"text-align: center;\"><a href=\"https:\/\/editions.grandpalaisrmn.fr\/fr\/editions\/lettre-information\">Suivez notre actualit\u00e9 et abonnez-vous \u00e0 notre magazine<\/a><\/p>\n<\/div>\n","protected":false},"excerpt":{"rendered":"<p>Nous vous invitons \u00e0 embarquer avec nous pour une odyss\u00e9e au c\u0153ur des cultures m\u00e9diterran\u00e9ennes, depuis l\u2019Antiquit\u00e9 jusqu\u2019aux rivages contemporains\u00a0: nos \u00e9ditions ont collabor\u00e9 avec le Mucem au catalogue de l\u2019exposition permanente \u00ab\u00a0M\u00e9diterran\u00e9es. Inventions et repr\u00e9sentations\u00a0\u00bb. Rencontre avec Laure Lane, responsable des \u00e9ditions de l\u2019institution marseillaise, pour percer les secrets de fabrication de cette co\u00e9dition&#8230;<\/p>\n","protected":false},"author":1,"featured_media":0,"comment_status":"closed","ping_status":"closed","sticky":false,"template":"","format":"standard","meta":{"footnotes":""},"categories":[3,4],"tags":[],"class_list":["post-1770","post","type-post","status-publish","format-standard","hentry","category-edition","category-partenariats"],"yoast_head":"<!-- This site is optimized with the Yoast SEO plugin v22.7 - https:\/\/yoast.com\/wordpress\/plugins\/seo\/ -->\n<title>Co\u00e9dition GrandPalaisRmn et Mucem pour l&#039;exposition M\u00e9diterran\u00e9es<\/title>\n<meta name=\"description\" content=\"Rencontre avec Laure Lane, du Mucem, pour percer les secrets de fabrication de la publication, entre catalogue d&#039;art et d&#039;ethnographie\" \/>\n<meta name=\"robots\" content=\"index, follow, max-snippet:-1, max-image-preview:large, max-video-preview:-1\" \/>\n<link rel=\"canonical\" href=\"https:\/\/editions.grandpalaisrmn.fr\/blog\/coedition-grandpalaisrmn-mucem-mediterranees\/\" \/>\n<meta property=\"og:locale\" content=\"fr_FR\" \/>\n<meta property=\"og:type\" content=\"article\" \/>\n<meta property=\"og:title\" content=\"Co\u00e9dition GrandPalaisRmn et Mucem pour l&#039;exposition M\u00e9diterran\u00e9es\" \/>\n<meta property=\"og:description\" content=\"Rencontre avec Laure Lane, du Mucem, pour percer les secrets de fabrication de la publication, entre catalogue d&#039;art et d&#039;ethnographie\" \/>\n<meta property=\"og:url\" content=\"https:\/\/editions.grandpalaisrmn.fr\/blog\/coedition-grandpalaisrmn-mucem-mediterranees\/\" \/>\n<meta property=\"og:site_name\" content=\"Actualit\u00e9s de GrandPalaisRmn\u00c9ditions\" \/>\n<meta property=\"article:publisher\" content=\"https:\/\/www.facebook.com\/EditionsRmnGP\/\" \/>\n<meta property=\"article:published_time\" content=\"2024-07-19T09:44:01+00:00\" \/>\n<meta property=\"og:image\" content=\"https:\/\/editions.grandpalaisrmn.fr\/blog\/wp-content\/uploads\/2024\/07\/Laure-Lane_1024.jpg\" \/>\n\t<meta property=\"og:image:width\" content=\"1024\" \/>\n\t<meta property=\"og:image:height\" content=\"1024\" \/>\n\t<meta property=\"og:image:type\" content=\"image\/jpeg\" \/>\n<meta name=\"author\" content=\"admin\" \/>\n<meta name=\"twitter:card\" content=\"summary_large_image\" \/>\n<meta name=\"twitter:label1\" content=\"\u00c9crit par\" \/>\n\t<meta name=\"twitter:data1\" content=\"admin\" \/>\n\t<meta name=\"twitter:label2\" content=\"Dur\u00e9e de lecture estim\u00e9e\" \/>\n\t<meta name=\"twitter:data2\" content=\"6 minutes\" \/>\n<script type=\"application\/ld+json\" class=\"yoast-schema-graph\">{\"@context\":\"https:\/\/schema.org\",\"@graph\":[{\"@type\":\"Article\",\"@id\":\"https:\/\/editions.grandpalaisrmn.fr\/blog\/coedition-grandpalaisrmn-mucem-mediterranees\/#article\",\"isPartOf\":{\"@id\":\"https:\/\/editions.grandpalaisrmn.fr\/blog\/coedition-grandpalaisrmn-mucem-mediterranees\/\"},\"author\":{\"name\":\"admin\",\"@id\":\"https:\/\/editions.grandpalaisrmn.fr\/blog\/#\/schema\/person\/df4f655e9df6cfe1d48590c891fe6b82\"},\"headline\":\"Le catalogue M\u00e9diterran\u00e9es, passeur de m\u00e9moires\",\"datePublished\":\"2024-07-19T09:44:01+00:00\",\"dateModified\":\"2024-07-19T09:44:01+00:00\",\"mainEntityOfPage\":{\"@id\":\"https:\/\/editions.grandpalaisrmn.fr\/blog\/coedition-grandpalaisrmn-mucem-mediterranees\/\"},\"wordCount\":1066,\"publisher\":{\"@id\":\"https:\/\/editions.grandpalaisrmn.fr\/blog\/#organization\"},\"image\":{\"@id\":\"https:\/\/editions.grandpalaisrmn.fr\/blog\/coedition-grandpalaisrmn-mucem-mediterranees\/#primaryimage\"},\"thumbnailUrl\":\"https:\/\/editions.grandpalaisrmn.fr\/blog\/wp-content\/uploads\/2024\/07\/article_18-01.jpg\",\"articleSection\":[\"\u00c9dition\",\"Partenariats\"],\"inLanguage\":\"fr-FR\"},{\"@type\":\"WebPage\",\"@id\":\"https:\/\/editions.grandpalaisrmn.fr\/blog\/coedition-grandpalaisrmn-mucem-mediterranees\/\",\"url\":\"https:\/\/editions.grandpalaisrmn.fr\/blog\/coedition-grandpalaisrmn-mucem-mediterranees\/\",\"name\":\"Co\u00e9dition GrandPalaisRmn et Mucem pour l'exposition M\u00e9diterran\u00e9es\",\"isPartOf\":{\"@id\":\"https:\/\/editions.grandpalaisrmn.fr\/blog\/#website\"},\"primaryImageOfPage\":{\"@id\":\"https:\/\/editions.grandpalaisrmn.fr\/blog\/coedition-grandpalaisrmn-mucem-mediterranees\/#primaryimage\"},\"image\":{\"@id\":\"https:\/\/editions.grandpalaisrmn.fr\/blog\/coedition-grandpalaisrmn-mucem-mediterranees\/#primaryimage\"},\"thumbnailUrl\":\"https:\/\/editions.grandpalaisrmn.fr\/blog\/wp-content\/uploads\/2024\/07\/article_18-01.jpg\",\"datePublished\":\"2024-07-19T09:44:01+00:00\",\"dateModified\":\"2024-07-19T09:44:01+00:00\",\"description\":\"Rencontre avec Laure Lane, du Mucem, pour percer les secrets de fabrication de la publication, entre catalogue d'art et d'ethnographie\",\"breadcrumb\":{\"@id\":\"https:\/\/editions.grandpalaisrmn.fr\/blog\/coedition-grandpalaisrmn-mucem-mediterranees\/#breadcrumb\"},\"inLanguage\":\"fr-FR\",\"potentialAction\":[{\"@type\":\"ReadAction\",\"target\":[\"https:\/\/editions.grandpalaisrmn.fr\/blog\/coedition-grandpalaisrmn-mucem-mediterranees\/\"]}]},{\"@type\":\"ImageObject\",\"inLanguage\":\"fr-FR\",\"@id\":\"https:\/\/editions.grandpalaisrmn.fr\/blog\/coedition-grandpalaisrmn-mucem-mediterranees\/#primaryimage\",\"url\":\"https:\/\/editions.grandpalaisrmn.fr\/blog\/wp-content\/uploads\/2024\/07\/article_18-01.jpg\",\"contentUrl\":\"https:\/\/editions.grandpalaisrmn.fr\/blog\/wp-content\/uploads\/2024\/07\/article_18-01.jpg\",\"width\":1024,\"height\":955,\"caption\":\"Laure Lane, responsable des \u00e9ditions du Mucem, \u00e0 l'atelier de moulage GrandPalaisRmn\"},{\"@type\":\"BreadcrumbList\",\"@id\":\"https:\/\/editions.grandpalaisrmn.fr\/blog\/coedition-grandpalaisrmn-mucem-mediterranees\/#breadcrumb\",\"itemListElement\":[{\"@type\":\"ListItem\",\"position\":1,\"name\":\"Accueil\",\"item\":\"https:\/\/editions.grandpalaisrmn.fr\/blog\/\"},{\"@type\":\"ListItem\",\"position\":2,\"name\":\"Le catalogue M\u00e9diterran\u00e9es, passeur de m\u00e9moires\"}]},{\"@type\":\"WebSite\",\"@id\":\"https:\/\/editions.grandpalaisrmn.fr\/blog\/#website\",\"url\":\"https:\/\/editions.grandpalaisrmn.fr\/blog\/\",\"name\":\"Actualit\u00e9s de GrandPalaisRmn\u00c9ditions\",\"description\":\"\",\"publisher\":{\"@id\":\"https:\/\/editions.grandpalaisrmn.fr\/blog\/#organization\"},\"potentialAction\":[{\"@type\":\"SearchAction\",\"target\":{\"@type\":\"EntryPoint\",\"urlTemplate\":\"https:\/\/editions.grandpalaisrmn.fr\/blog\/?s={search_term_string}\"},\"query-input\":\"required name=search_term_string\"}],\"inLanguage\":\"fr-FR\"},{\"@type\":\"Organization\",\"@id\":\"https:\/\/editions.grandpalaisrmn.fr\/blog\/#organization\",\"name\":\"Les \u00e9ditions de la Rmn-GP\",\"url\":\"https:\/\/editions.grandpalaisrmn.fr\/blog\/\",\"logo\":{\"@type\":\"ImageObject\",\"inLanguage\":\"fr-FR\",\"@id\":\"https:\/\/editions.grandpalaisrmn.fr\/blog\/#\/schema\/logo\/image\/\",\"url\":\"https:\/\/editions.grandpalaisrmn.fr\/blog\/wp-content\/uploads\/2022\/06\/RMN-GP_logoNoir.png\",\"contentUrl\":\"https:\/\/editions.grandpalaisrmn.fr\/blog\/wp-content\/uploads\/2022\/06\/RMN-GP_logoNoir.png\",\"width\":787,\"height\":788,\"caption\":\"Les \u00e9ditions de la Rmn-GP\"},\"image\":{\"@id\":\"https:\/\/editions.grandpalaisrmn.fr\/blog\/#\/schema\/logo\/image\/\"},\"sameAs\":[\"https:\/\/www.facebook.com\/EditionsRmnGP\/\",\"https:\/\/www.pinterest.fr\/editionsRmnGP\",\"https:\/\/www.instagram.com\/les_editions_de_la_rmngp\/\"]},{\"@type\":\"Person\",\"@id\":\"https:\/\/editions.grandpalaisrmn.fr\/blog\/#\/schema\/person\/df4f655e9df6cfe1d48590c891fe6b82\",\"name\":\"admin\",\"image\":{\"@type\":\"ImageObject\",\"inLanguage\":\"fr-FR\",\"@id\":\"https:\/\/editions.grandpalaisrmn.fr\/blog\/#\/schema\/person\/image\/\",\"url\":\"https:\/\/secure.gravatar.com\/avatar\/2beb26b736c247331cd5f9cb1f595938?s=96&d=mm&r=g\",\"contentUrl\":\"https:\/\/secure.gravatar.com\/avatar\/2beb26b736c247331cd5f9cb1f595938?s=96&d=mm&r=g\",\"caption\":\"admin\"},\"sameAs\":[\"https:\/\/ppeditions.labrmngp.fr\/blog\"],\"url\":\"https:\/\/editions.grandpalaisrmn.fr\/blog\/author\/blog-admin_editions\/\"}]}<\/script>\n<!-- \/ Yoast SEO plugin. -->","yoast_head_json":{"title":"Co\u00e9dition GrandPalaisRmn et Mucem pour l'exposition M\u00e9diterran\u00e9es","description":"Rencontre avec Laure Lane, du Mucem, pour percer les secrets de fabrication de la publication, entre catalogue d'art et d'ethnographie","robots":{"index":"index","follow":"follow","max-snippet":"max-snippet:-1","max-image-preview":"max-image-preview:large","max-video-preview":"max-video-preview:-1"},"canonical":"https:\/\/editions.grandpalaisrmn.fr\/blog\/coedition-grandpalaisrmn-mucem-mediterranees\/","og_locale":"fr_FR","og_type":"article","og_title":"Co\u00e9dition GrandPalaisRmn et Mucem pour l'exposition M\u00e9diterran\u00e9es","og_description":"Rencontre avec Laure Lane, du Mucem, pour percer les secrets de fabrication de la publication, entre catalogue d'art et d'ethnographie","og_url":"https:\/\/editions.grandpalaisrmn.fr\/blog\/coedition-grandpalaisrmn-mucem-mediterranees\/","og_site_name":"Actualit\u00e9s de GrandPalaisRmn\u00c9ditions","article_publisher":"https:\/\/www.facebook.com\/EditionsRmnGP\/","article_published_time":"2024-07-19T09:44:01+00:00","og_image":[{"width":1024,"height":1024,"url":"https:\/\/editions.grandpalaisrmn.fr\/blog\/wp-content\/uploads\/2024\/07\/Laure-Lane_1024.jpg","type":"image\/jpeg"}],"author":"admin","twitter_card":"summary_large_image","twitter_misc":{"\u00c9crit par":"admin","Dur\u00e9e de lecture estim\u00e9e":"6 minutes"},"schema":{"@context":"https:\/\/schema.org","@graph":[{"@type":"Article","@id":"https:\/\/editions.grandpalaisrmn.fr\/blog\/coedition-grandpalaisrmn-mucem-mediterranees\/#article","isPartOf":{"@id":"https:\/\/editions.grandpalaisrmn.fr\/blog\/coedition-grandpalaisrmn-mucem-mediterranees\/"},"author":{"name":"admin","@id":"https:\/\/editions.grandpalaisrmn.fr\/blog\/#\/schema\/person\/df4f655e9df6cfe1d48590c891fe6b82"},"headline":"Le catalogue M\u00e9diterran\u00e9es, passeur de m\u00e9moires","datePublished":"2024-07-19T09:44:01+00:00","dateModified":"2024-07-19T09:44:01+00:00","mainEntityOfPage":{"@id":"https:\/\/editions.grandpalaisrmn.fr\/blog\/coedition-grandpalaisrmn-mucem-mediterranees\/"},"wordCount":1066,"publisher":{"@id":"https:\/\/editions.grandpalaisrmn.fr\/blog\/#organization"},"image":{"@id":"https:\/\/editions.grandpalaisrmn.fr\/blog\/coedition-grandpalaisrmn-mucem-mediterranees\/#primaryimage"},"thumbnailUrl":"https:\/\/editions.grandpalaisrmn.fr\/blog\/wp-content\/uploads\/2024\/07\/article_18-01.jpg","articleSection":["\u00c9dition","Partenariats"],"inLanguage":"fr-FR"},{"@type":"WebPage","@id":"https:\/\/editions.grandpalaisrmn.fr\/blog\/coedition-grandpalaisrmn-mucem-mediterranees\/","url":"https:\/\/editions.grandpalaisrmn.fr\/blog\/coedition-grandpalaisrmn-mucem-mediterranees\/","name":"Co\u00e9dition GrandPalaisRmn et Mucem pour l'exposition M\u00e9diterran\u00e9es","isPartOf":{"@id":"https:\/\/editions.grandpalaisrmn.fr\/blog\/#website"},"primaryImageOfPage":{"@id":"https:\/\/editions.grandpalaisrmn.fr\/blog\/coedition-grandpalaisrmn-mucem-mediterranees\/#primaryimage"},"image":{"@id":"https:\/\/editions.grandpalaisrmn.fr\/blog\/coedition-grandpalaisrmn-mucem-mediterranees\/#primaryimage"},"thumbnailUrl":"https:\/\/editions.grandpalaisrmn.fr\/blog\/wp-content\/uploads\/2024\/07\/article_18-01.jpg","datePublished":"2024-07-19T09:44:01+00:00","dateModified":"2024-07-19T09:44:01+00:00","description":"Rencontre avec Laure Lane, du Mucem, pour percer les secrets de fabrication de la publication, entre catalogue d'art et d'ethnographie","breadcrumb":{"@id":"https:\/\/editions.grandpalaisrmn.fr\/blog\/coedition-grandpalaisrmn-mucem-mediterranees\/#breadcrumb"},"inLanguage":"fr-FR","potentialAction":[{"@type":"ReadAction","target":["https:\/\/editions.grandpalaisrmn.fr\/blog\/coedition-grandpalaisrmn-mucem-mediterranees\/"]}]},{"@type":"ImageObject","inLanguage":"fr-FR","@id":"https:\/\/editions.grandpalaisrmn.fr\/blog\/coedition-grandpalaisrmn-mucem-mediterranees\/#primaryimage","url":"https:\/\/editions.grandpalaisrmn.fr\/blog\/wp-content\/uploads\/2024\/07\/article_18-01.jpg","contentUrl":"https:\/\/editions.grandpalaisrmn.fr\/blog\/wp-content\/uploads\/2024\/07\/article_18-01.jpg","width":1024,"height":955,"caption":"Laure Lane, responsable des \u00e9ditions du Mucem, \u00e0 l'atelier de moulage GrandPalaisRmn"},{"@type":"BreadcrumbList","@id":"https:\/\/editions.grandpalaisrmn.fr\/blog\/coedition-grandpalaisrmn-mucem-mediterranees\/#breadcrumb","itemListElement":[{"@type":"ListItem","position":1,"name":"Accueil","item":"https:\/\/editions.grandpalaisrmn.fr\/blog\/"},{"@type":"ListItem","position":2,"name":"Le catalogue M\u00e9diterran\u00e9es, passeur de m\u00e9moires"}]},{"@type":"WebSite","@id":"https:\/\/editions.grandpalaisrmn.fr\/blog\/#website","url":"https:\/\/editions.grandpalaisrmn.fr\/blog\/","name":"Actualit\u00e9s de GrandPalaisRmn\u00c9ditions","description":"","publisher":{"@id":"https:\/\/editions.grandpalaisrmn.fr\/blog\/#organization"},"potentialAction":[{"@type":"SearchAction","target":{"@type":"EntryPoint","urlTemplate":"https:\/\/editions.grandpalaisrmn.fr\/blog\/?s={search_term_string}"},"query-input":"required name=search_term_string"}],"inLanguage":"fr-FR"},{"@type":"Organization","@id":"https:\/\/editions.grandpalaisrmn.fr\/blog\/#organization","name":"Les \u00e9ditions de la Rmn-GP","url":"https:\/\/editions.grandpalaisrmn.fr\/blog\/","logo":{"@type":"ImageObject","inLanguage":"fr-FR","@id":"https:\/\/editions.grandpalaisrmn.fr\/blog\/#\/schema\/logo\/image\/","url":"https:\/\/editions.grandpalaisrmn.fr\/blog\/wp-content\/uploads\/2022\/06\/RMN-GP_logoNoir.png","contentUrl":"https:\/\/editions.grandpalaisrmn.fr\/blog\/wp-content\/uploads\/2022\/06\/RMN-GP_logoNoir.png","width":787,"height":788,"caption":"Les \u00e9ditions de la Rmn-GP"},"image":{"@id":"https:\/\/editions.grandpalaisrmn.fr\/blog\/#\/schema\/logo\/image\/"},"sameAs":["https:\/\/www.facebook.com\/EditionsRmnGP\/","https:\/\/www.pinterest.fr\/editionsRmnGP","https:\/\/www.instagram.com\/les_editions_de_la_rmngp\/"]},{"@type":"Person","@id":"https:\/\/editions.grandpalaisrmn.fr\/blog\/#\/schema\/person\/df4f655e9df6cfe1d48590c891fe6b82","name":"admin","image":{"@type":"ImageObject","inLanguage":"fr-FR","@id":"https:\/\/editions.grandpalaisrmn.fr\/blog\/#\/schema\/person\/image\/","url":"https:\/\/secure.gravatar.com\/avatar\/2beb26b736c247331cd5f9cb1f595938?s=96&d=mm&r=g","contentUrl":"https:\/\/secure.gravatar.com\/avatar\/2beb26b736c247331cd5f9cb1f595938?s=96&d=mm&r=g","caption":"admin"},"sameAs":["https:\/\/ppeditions.labrmngp.fr\/blog"],"url":"https:\/\/editions.grandpalaisrmn.fr\/blog\/author\/blog-admin_editions\/"}]}},"_links":{"self":[{"href":"https:\/\/editions.grandpalaisrmn.fr\/blog\/wp-json\/wp\/v2\/posts\/1770"}],"collection":[{"href":"https:\/\/editions.grandpalaisrmn.fr\/blog\/wp-json\/wp\/v2\/posts"}],"about":[{"href":"https:\/\/editions.grandpalaisrmn.fr\/blog\/wp-json\/wp\/v2\/types\/post"}],"author":[{"embeddable":true,"href":"https:\/\/editions.grandpalaisrmn.fr\/blog\/wp-json\/wp\/v2\/users\/1"}],"replies":[{"embeddable":true,"href":"https:\/\/editions.grandpalaisrmn.fr\/blog\/wp-json\/wp\/v2\/comments?post=1770"}],"version-history":[{"count":14,"href":"https:\/\/editions.grandpalaisrmn.fr\/blog\/wp-json\/wp\/v2\/posts\/1770\/revisions"}],"predecessor-version":[{"id":1797,"href":"https:\/\/editions.grandpalaisrmn.fr\/blog\/wp-json\/wp\/v2\/posts\/1770\/revisions\/1797"}],"wp:attachment":[{"href":"https:\/\/editions.grandpalaisrmn.fr\/blog\/wp-json\/wp\/v2\/media?parent=1770"}],"wp:term":[{"taxonomy":"category","embeddable":true,"href":"https:\/\/editions.grandpalaisrmn.fr\/blog\/wp-json\/wp\/v2\/categories?post=1770"},{"taxonomy":"post_tag","embeddable":true,"href":"https:\/\/editions.grandpalaisrmn.fr\/blog\/wp-json\/wp\/v2\/tags?post=1770"}],"curies":[{"name":"wp","href":"https:\/\/api.w.org\/{rel}","templated":true}]}}