{"id":1800,"date":"2024-09-24T12:07:22","date_gmt":"2024-09-24T12:07:22","guid":{"rendered":"https:\/\/editions.grandpalaisrmn.fr\/blog\/?p=1800"},"modified":"2024-09-26T10:24:35","modified_gmt":"2024-09-26T10:24:35","slug":"cecile-debray-musee-national-picasso-paris-coeditions","status":"publish","type":"post","link":"https:\/\/editions.grandpalaisrmn.fr\/blog\/cecile-debray-musee-national-picasso-paris-coeditions\/","title":{"rendered":"De nouvelles \u00e9ditions pour un nouveau chapitre de l\u2019histoire du mus\u00e9e national Picasso-Paris"},"content":{"rendered":"<p><strong>Le mus\u00e9e Picasso inaugure un nouveau chapitre de son histoire, sous l\u2019impulsion de sa pr\u00e9sidente, C\u00e9cile Debray. Guid\u00e9e par sa vision strat\u00e9gique, m\u00e9thodiquement orchestr\u00e9e, elle red\u00e9finit le rapport que nous entretenons avec l&rsquo;\u0153uvre du ma\u00eetre. Aujourd\u2019hui, elle dote le mus\u00e9e d\u2019un <a href=\"https:\/\/cep.museepicassoparis.fr\/\" target=\"_blank\" rel=\"noopener\">Centre d\u2019\u00e9tudes Picasso (CEP)<\/a> d\u00e9di\u00e9 \u00e0 Picasso et \u00e0 l\u2019art moderne, replace au c\u0153ur du mus\u00e9e la collection et r\u00e9pond ainsi \u00e0 la mission originelle de l\u2019institution.<br \/>\nRencontre avec C\u00e9cile Debray pour comprendre comment le mus\u00e9e parvient \u00e0 renouveler notre regard sur l&rsquo;\u0153uvre d&rsquo;un artiste aussi embl\u00e9matique, et quel r\u00f4le joue notre maison d\u2019\u00e9dition pour accompagner ce tournant.<\/strong><\/p>\n<figure id=\"attachment_1833\" aria-describedby=\"caption-attachment-1833\" style=\"width: 1024px\" class=\"wp-caption aligncenter\"><img loading=\"lazy\" decoding=\"async\" class=\"size-full wp-image-1833\" src=\"https:\/\/editions.grandpalaisrmn.fr\/blog\/wp-content\/uploads\/2024\/09\/article_20-01.jpg\" alt=\"\" width=\"1024\" height=\"1024\" srcset=\"https:\/\/editions.grandpalaisrmn.fr\/blog\/wp-content\/uploads\/2024\/09\/article_20-01.jpg 1024w, https:\/\/editions.grandpalaisrmn.fr\/blog\/wp-content\/uploads\/2024\/09\/article_20-01-300x300.jpg 300w, https:\/\/editions.grandpalaisrmn.fr\/blog\/wp-content\/uploads\/2024\/09\/article_20-01-150x150.jpg 150w, https:\/\/editions.grandpalaisrmn.fr\/blog\/wp-content\/uploads\/2024\/09\/article_20-01-768x768.jpg 768w\" sizes=\"(max-width: 1024px) 100vw, 1024px\" \/><figcaption id=\"caption-attachment-1833\" class=\"wp-caption-text\">C\u00e9cile Debray \u00a9 Bernard Martinez<\/figcaption><\/figure>\n<p>Un ciel d\u2019\u00e9t\u00e9, bleu et rose, enveloppe le c\u0153ur du Marais, tandis que nous nous dirigeons vers le mus\u00e9e Picasso. C\u00e9cile Debray nous ouvre les portes du somptueux H\u00f4tel Sal\u00e9, transform\u00e9 depuis 1985 en mus\u00e9e consacr\u00e9 \u00e0 l\u2019artiste. Depuis 2021, elle a pris les r\u00eanes de ce sanctuaire d\u00e9di\u00e9 \u00e0 Picasso, qui se comparait volontiers au Minotaure, cr\u00e9ature mi-homme, mi-taureau, \u00e9corn\u00e9e aujourd\u2019hui par les d\u00e9nonciations de violences sexistes.<\/p>\n<p><strong>\u00ab\u00a0Un retour aux fondamentaux du mus\u00e9e\u00a0\u00bb<\/strong><br \/>\n\u00ab\u00a0Le contexte actuel met le mus\u00e9e au d\u00e9fi d\u2019accompagner les profondes mutations culturelles et sociales du <span class=\"pcap\">xxi<\/span><sup>e<\/sup> \u00a0si\u00e8cle, explique C\u00e9cile Debray. Les crises sanitaire, \u00e9conomique et g\u00e9opolitique entra\u00eenent de fortes r\u00e9percussions sur le mod\u00e8le mus\u00e9al. Par ailleurs, l\u2019image de Picasso est fragilis\u00e9e sur fond de mouvement #MeToo, et la recherche en art moderne occidental montre des signes d\u2019essoufflement ou de moindre attractivit\u00e9 aupr\u00e8s des jeunes. Aussi, pour mener \u00e0 bien la mission du mus\u00e9e, celle de transmettre l\u2019\u0153uvre de Picasso aux nouvelles g\u00e9n\u00e9rations, j\u2019ai souhait\u00e9 engager un retour aux fondamentaux du mus\u00e9e, tout en embrassant les d\u00e9bats autour de la figure de Picasso, et ce, \u00e0 travers trois premi\u00e8res actions\u00a0:<br \/>\nACTE I: Durant l\u2019ann\u00e9e\u00a02022, nous avons organis\u00e9, pour les \u00e9quipes et quelques \u00e9tudiants, un s\u00e9minaire interne intitul\u00e9 \u00ab\u00a0Picasso aujourd\u2019hui\u00a0\u00bb, auquel ont pris part de grands invit\u00e9s \u2013\u00a0historiens, psychiatres, artistes\u00a0\u2013, afin de d\u00e9battre et d\u2019analyser les diff\u00e9rents aspects de la pol\u00e9mique et de nous interroger sur le r\u00f4le du mus\u00e9e.<br \/>\nACTE II\u00a0: En parall\u00e8le, nous avons accueilli le regard d\u2019artistes contemporains dans le cadre d\u2019un nouveau cycle d\u2019expositions et de contrepoints\u00a0: ORLAN avec sa s\u00e9rie f\u00e9ministe intitul\u00e9e <em>Les femmes qui pleurent sont en col\u00e8re<\/em>, Farah Atassi, Pierre Moignard, Faith Ringgold, Sophie Calle\u2026<br \/>\nACTE III\u00a0: \u00c0 l\u2019issue de la c\u00e9l\u00e9bration des 50\u00a0ans de la disparition de Picasso, nous avons r\u00e9int\u00e9gr\u00e9 la collection au sein de l\u2019h\u00f4tel Sal\u00e9, en la d\u00e9ployant sur les trois \u00e9tages sup\u00e9rieurs, et d\u00e9velopp\u00e9 une programmation d\u2019expositions temporaires autour de la r\u00e9ception large de Picasso, au rez-de-chauss\u00e9e et au sous-sol\u00a0: \u201cFaith Ringgold. Black is beautiful\u201d\u00a0; \u201cDans l\u2019appartement de L\u00e9once Rosenberg\u201d\u00a0; \u201cPicasso iconophage\u201d, et bient\u00f4t \u201cPollock. Les premi\u00e8res ann\u00e9es\u201d, puis \u201cL\u2019art d\u00e9g\u00e9n\u00e9r\u00e9. L\u2019art moderne sous le III<sup>e<\/sup>\u00a0Reich allemand\u201d.\u00a0\u00bb<\/p>\n<figure id=\"attachment_1803\" aria-describedby=\"caption-attachment-1803\" style=\"width: 823px\" class=\"wp-caption aligncenter\"><img loading=\"lazy\" decoding=\"async\" class=\" wp-image-1803\" src=\"https:\/\/editions.grandpalaisrmn.fr\/blog\/wp-content\/uploads\/2024\/09\/Image1.jpg\" alt=\"\" width=\"823\" height=\"584\" srcset=\"https:\/\/editions.grandpalaisrmn.fr\/blog\/wp-content\/uploads\/2024\/09\/Image1.jpg 822w, https:\/\/editions.grandpalaisrmn.fr\/blog\/wp-content\/uploads\/2024\/09\/Image1-300x213.jpg 300w, https:\/\/editions.grandpalaisrmn.fr\/blog\/wp-content\/uploads\/2024\/09\/Image1-768x545.jpg 768w\" sizes=\"(max-width: 823px) 100vw, 823px\" \/><figcaption id=\"caption-attachment-1803\" class=\"wp-caption-text\">Le Minutier central des Archives nationales accueillera le Centre d\u2019\u00e9tudes Picasso (CEP)<\/figcaption><\/figure>\n<p><strong>\u00ab\u00a0La recherche est dans l\u2019ADN du mus\u00e9e\u00a0\u00bb<\/strong><br \/>\nAujourd\u2019hui, le mus\u00e9e franchit une nouvelle \u00e9tape dans ses orientations strat\u00e9giques, avec l\u2019ouverture du Centre d\u2019\u00e9tudes Picasso (CEP). \u00ab\u00a0Le mus\u00e9e, outre sa collection de plus de\u00a05000\u00a0\u0153uvres, poss\u00e8de 200\u00a0000\u00a0pi\u00e8ces d\u2019archives personnelles de Picasso, rappelle C\u00e9cile Debray. Ce tr\u00e9sor attire des chercheurs du monde entier. Avec la cr\u00e9ation de ce centre unique de ressources Picasso, nous d\u00e9veloppons des partenariats avec des universit\u00e9s et envisageons des bourses pour des r\u00e9sidences d\u2019artistes ou de chercheurs. La politique d\u2019acc\u00e8s aux donn\u00e9es est en marche\u00a0: cette part accord\u00e9e \u00e0 la recherche est dans l\u2019ADN du mus\u00e9e\u00a0!\u00a0\u00bb<\/p>\n<figure id=\"attachment_1832\" aria-describedby=\"caption-attachment-1832\" style=\"width: 900px\" class=\"wp-caption aligncenter\"><img loading=\"lazy\" decoding=\"async\" class=\"size-full wp-image-1832\" src=\"https:\/\/editions.grandpalaisrmn.fr\/blog\/wp-content\/uploads\/2024\/09\/article_20-02.jpg\" alt=\"\" width=\"900\" height=\"900\" srcset=\"https:\/\/editions.grandpalaisrmn.fr\/blog\/wp-content\/uploads\/2024\/09\/article_20-02.jpg 900w, https:\/\/editions.grandpalaisrmn.fr\/blog\/wp-content\/uploads\/2024\/09\/article_20-02-300x300.jpg 300w, https:\/\/editions.grandpalaisrmn.fr\/blog\/wp-content\/uploads\/2024\/09\/article_20-02-150x150.jpg 150w, https:\/\/editions.grandpalaisrmn.fr\/blog\/wp-content\/uploads\/2024\/09\/article_20-02-768x768.jpg 768w\" sizes=\"(max-width: 900px) 100vw, 900px\" \/><figcaption id=\"caption-attachment-1832\" class=\"wp-caption-text\">Co\u00e9ditions avec le mus\u00e9e Picasso-Paris, 2024<\/figcaption><\/figure>\n<p><strong>\u00ab\u00a0Une expertise \u00e9ditoriale pointue et [\u2026] une solide capacit\u00e9 de diffusion\u00a0\u00bb<\/strong><br \/>\nC\u00e9cile Debray ambitionne une v\u00e9ritable ouverture des missions du mus\u00e9e\u00a0: selon elle, l\u2019\u00e9tablissement doit fournir les \u00e9l\u00e9ments contextuels essentiels non seulement \u00e0 la compr\u00e9hension de l\u2019\u0153uvre de Picasso, mais \u00e9galement \u00e0 l\u2019approche de l\u2019art moderne. Pour diffuser ces nouvelles perspectives, elle construit une politique \u00e9ditoriale avec une \u00e9ditrice externe\u00a0; aussi ont-elles choisi de publier certains de leurs nouveaux ouvrages avec notre maison.<br \/>\n\u00ab\u00a0Je me souviens des expositions m\u00e9morables organis\u00e9es par le mus\u00e9e dans les ann\u00e9es\u00a01990-2000\u00a0: \u201c<em>Les Demoiselles d\u2019Avignon\u201d<\/em>, \u201c<em>Max Jacob et Picasso<\/em>\u201c, \u201c<em>Picasso et la photographie<\/em>\u201d, \u201c<em>Picasso et Ingres<\/em>\u201d\u2026 Les catalogues du mus\u00e9e national Picasso \u00e9taient alors publi\u00e9s par vos \u00e9ditions\u00a0: j\u2019ai soigneusement pr\u00e9serv\u00e9 toute une collection de vos ouvrages, v\u00e9ritables r\u00e9f\u00e9rences dans le domaine. Je suis convaincue de l\u2019importance d\u2019une expertise \u00e9ditoriale pointue et d\u2019une solide capacit\u00e9 de diffusion. J\u2019ai fait le choix de collaborer avec une professionnelle du livre, Annie Dufour, qui a longtemps \u0153uvr\u00e9 au mus\u00e9e d\u2019Orsay et qui entretient des liens \u00e9troits avec le monde de l\u2019\u00e9dition, notamment avec vous.<br \/>\n\u00ab\u00a0Ensemble, nous avons repens\u00e9 notre offre \u00e9ditoriale en privil\u00e9giant des formats d\u2019ouvrages plus compacts et accessibles. Notre ambition\u00a0? Cr\u00e9er des livres qui soient \u00e0 la fois des catalogues d\u2019exposition et des ouvrages de r\u00e9f\u00e9rence pr\u00e9sentant des perspectives in\u00e9dites pour chaque sujet. Le succ\u00e8s de notre <a href=\"https:\/\/editions.grandpalaisrmn.fr\/fr\/editions\/EK197955\">catalogue <em>Faith Ringgold<\/em><\/a> en t\u00e9moigne\u00a0: c\u2019est une premi\u00e8re monographie \u00e9dit\u00e9e en fran\u00e7ais, mais aussi un ouvrage inform\u00e9 et didactique sur l\u2019histoire de la lutte pour les droits civiques des communaut\u00e9s noires am\u00e9ricaines.<\/p>\n<figure id=\"attachment_721\" aria-describedby=\"caption-attachment-721\" style=\"width: 900px\" class=\"wp-caption aligncenter\"><img loading=\"lazy\" decoding=\"async\" class=\"size-full wp-image-721\" src=\"https:\/\/editions.grandpalaisrmn.fr\/blog\/wp-content\/uploads\/2023\/02\/image-des-catalogues_900px.jpg\" alt=\"\" width=\"900\" height=\"753\" srcset=\"https:\/\/editions.grandpalaisrmn.fr\/blog\/wp-content\/uploads\/2023\/02\/image-des-catalogues_900px.jpg 900w, https:\/\/editions.grandpalaisrmn.fr\/blog\/wp-content\/uploads\/2023\/02\/image-des-catalogues_900px-300x251.jpg 300w, https:\/\/editions.grandpalaisrmn.fr\/blog\/wp-content\/uploads\/2023\/02\/image-des-catalogues_900px-768x643.jpg 768w\" sizes=\"(max-width: 900px) 100vw, 900px\" \/><figcaption id=\"caption-attachment-721\" class=\"wp-caption-text\">Catalogue Faith Ringgold \u00a9 co\u00e9dition les \u00e9ditions de la Rmn-GP et le mus\u00e9e Picasso-Paris<\/figcaption><\/figure>\n<p>\u00ab\u00a0Figure d\u2019exception, le <a href=\"https:\/\/editions.grandpalaisrmn.fr\/fr\/editions\/EK198054\">catalogue <em>Picasso iconophage<\/em><\/a> est un beau livre centr\u00e9 sur notre fonds documentaire, archivistique et sur notre artiste\u00a0: il ouvre une ligne de programmation sur la question de l\u2019archive, annonce C\u00e9cile Debray. Il explore de mani\u00e8re \u00e9rudite et in\u00e9dite, selon un dispositif graphique radical et inventif, la culture visuelle de Picasso, qui s\u2019est construite par strates, par des photographies, des magazines, des films, des affiches publicitaires\u2026<\/p>\n<p><img loading=\"lazy\" decoding=\"async\" class=\" wp-image-1733 aligncenter\" src=\"https:\/\/editions.grandpalaisrmn.fr\/blog\/wp-content\/uploads\/2024\/07\/article_17-01.jpg\" alt=\"prise de vue du catalogue ouvert\" width=\"901\" height=\"635\" data-wp-editing=\"1\" srcset=\"https:\/\/editions.grandpalaisrmn.fr\/blog\/wp-content\/uploads\/2024\/07\/article_17-01.jpg 1024w, https:\/\/editions.grandpalaisrmn.fr\/blog\/wp-content\/uploads\/2024\/07\/article_17-01-300x212.jpg 300w, https:\/\/editions.grandpalaisrmn.fr\/blog\/wp-content\/uploads\/2024\/07\/article_17-01-768x542.jpg 768w\" sizes=\"(max-width: 901px) 100vw, 901px\" \/><\/p>\n<p>&nbsp;<\/p>\n<p>Pour \u00e9veiller la curiosit\u00e9 des plus jeunes, nous avons par ailleurs enrichi notre offre \u00e9ditoriale\u00a0: ainsi,<em> J\u2019imagine<\/em>, un nouveau titre qui vient s\u2019ajouter \u00e0 votre <a href=\"https:\/\/editions.grandpalaisrmn.fr\/fr\/editions\/nos-collections\/Lart-a-tout-petit-pas\">collection \u00ab\u00a0L\u2019art \u00e0 tout petits pas\u00a0\u00bb<\/a>, a \u00e9t\u00e9 sp\u00e9cialement con\u00e7u pour initier les tout-petits \u00e0 l\u2019univers de Picasso.<br \/>\nEnfin, une nouvelle petite collection de cahiers imagiers sur des th\u00e8mes choisis (monstre, chapeau, oiseau, musique\u2026), au format d\u2019une carte postale artistique, vient d\u2019\u00eatre lanc\u00e9e pour le grand public. Elle est destin\u00e9e \u00e0 tous ceux qui souhaitent emporter avec eux un souvenir de la collection. Ces fascicules, propos\u00e9s en fran\u00e7ais ou en anglais, sont autant de fen\u00eatres ouvertes sur l\u2019univers foisonnant de Picasso. Ils permettent d\u2019offrir de petits guides imag\u00e9s, transversaux et tr\u00e8s abordables, \u00e0 tous les visiteurs, notamment aux nombreux anglophones parmi eux.\u00a0\u00bb<\/p>\n<p>&nbsp;<\/p>\n<div class=\"CallToAction\">\n<p style=\"text-align: center;\"><a href=\"https:\/\/editions.grandpalaisrmn.fr\/fr\/editions\/par-musee\/paris_musee-national-picasso-paris\">Retrouvez les titres co\u00e9dit\u00e9s avec le mus\u00e9e Picasso-Paris<\/a><\/p>\n<p style=\"text-align: center;\"><a href=\"https:\/\/cep.museepicassoparis.fr\/\">Visitez le portail num\u00e9rique du Centre d&rsquo;\u00c9tudes Picasso<\/a><\/p>\n<p style=\"text-align: center;\"><a href=\"https:\/\/editions.grandpalaisrmn.fr\/fr\/editions\/lettre-information\">Suivez notre actualit\u00e9 et abonnez-vous \u00e0 notre magazine<\/a><\/p>\n<\/div>\n","protected":false},"excerpt":{"rendered":"<p>Le mus\u00e9e Picasso inaugure un nouveau chapitre de son histoire, sous l\u2019impulsion de sa pr\u00e9sidente, C\u00e9cile Debray. Guid\u00e9e par sa vision strat\u00e9gique, m\u00e9thodiquement orchestr\u00e9e, elle red\u00e9finit le rapport que nous entretenons avec l&rsquo;\u0153uvre du ma\u00eetre. Aujourd\u2019hui, elle dote le mus\u00e9e d\u2019un Centre d\u2019\u00e9tudes Picasso (CEP) d\u00e9di\u00e9 \u00e0 Picasso et \u00e0 l\u2019art moderne, replace au c\u0153ur&#8230;<\/p>\n","protected":false},"author":1,"featured_media":0,"comment_status":"closed","ping_status":"closed","sticky":false,"template":"","format":"standard","meta":{"footnotes":""},"categories":[3],"tags":[],"class_list":["post-1800","post","type-post","status-publish","format-standard","hentry","category-edition"],"yoast_head":"<!-- This site is optimized with the Yoast SEO plugin v22.7 - https:\/\/yoast.com\/wordpress\/plugins\/seo\/ -->\n<title>Co\u00e9ditions avec le mus\u00e9e national Picasso-Paris<\/title>\n<meta name=\"description\" content=\"C\u00e9cile Debray pr\u00e9sente les nouvelles orientations du mus\u00e9e Picasso et comment GrandPalaisRmn\u00c9ditions les accompagnent\" \/>\n<meta name=\"robots\" content=\"index, follow, max-snippet:-1, max-image-preview:large, max-video-preview:-1\" \/>\n<link rel=\"canonical\" href=\"https:\/\/editions.grandpalaisrmn.fr\/blog\/cecile-debray-musee-national-picasso-paris-coeditions\/\" \/>\n<meta property=\"og:locale\" content=\"fr_FR\" \/>\n<meta property=\"og:type\" content=\"article\" \/>\n<meta property=\"og:title\" content=\"De nouvelles \u00e9ditions pour un nouveau chapitre de l\u2019histoire du mus\u00e9e national Picasso-Paris\" \/>\n<meta property=\"og:description\" content=\"C\u00e9cile Debray pr\u00e9sente les nouvelles orientations du mus\u00e9e Picasso et comment GrandPalaisRmn\u00c9ditions les accompagnent\" \/>\n<meta property=\"og:url\" content=\"https:\/\/editions.grandpalaisrmn.fr\/blog\/cecile-debray-musee-national-picasso-paris-coeditions\/\" \/>\n<meta property=\"og:site_name\" content=\"Actualit\u00e9s de GrandPalaisRmn\u00c9ditions\" \/>\n<meta property=\"article:publisher\" content=\"https:\/\/www.facebook.com\/EditionsRmnGP\/\" \/>\n<meta property=\"article:published_time\" content=\"2024-09-24T12:07:22+00:00\" \/>\n<meta property=\"article:modified_time\" content=\"2024-09-26T10:24:35+00:00\" \/>\n<meta property=\"og:image\" content=\"https:\/\/editions.grandpalaisrmn.fr\/blog\/wp-content\/uploads\/2024\/09\/article_20-01.jpg\" \/>\n\t<meta property=\"og:image:width\" content=\"1024\" \/>\n\t<meta property=\"og:image:height\" content=\"1024\" \/>\n\t<meta property=\"og:image:type\" content=\"image\/jpeg\" \/>\n<meta name=\"author\" content=\"admin\" \/>\n<meta name=\"twitter:card\" content=\"summary_large_image\" \/>\n<meta name=\"twitter:label1\" content=\"\u00c9crit par\" \/>\n\t<meta name=\"twitter:data1\" content=\"admin\" \/>\n\t<meta name=\"twitter:label2\" content=\"Dur\u00e9e de lecture estim\u00e9e\" \/>\n\t<meta name=\"twitter:data2\" content=\"7 minutes\" \/>\n<script type=\"application\/ld+json\" class=\"yoast-schema-graph\">{\"@context\":\"https:\/\/schema.org\",\"@graph\":[{\"@type\":\"Article\",\"@id\":\"https:\/\/editions.grandpalaisrmn.fr\/blog\/cecile-debray-musee-national-picasso-paris-coeditions\/#article\",\"isPartOf\":{\"@id\":\"https:\/\/editions.grandpalaisrmn.fr\/blog\/cecile-debray-musee-national-picasso-paris-coeditions\/\"},\"author\":{\"name\":\"admin\",\"@id\":\"https:\/\/editions.grandpalaisrmn.fr\/blog\/#\/schema\/person\/df4f655e9df6cfe1d48590c891fe6b82\"},\"headline\":\"De nouvelles \u00e9ditions pour un nouveau chapitre de l\u2019histoire du mus\u00e9e national Picasso-Paris\",\"datePublished\":\"2024-09-24T12:07:22+00:00\",\"dateModified\":\"2024-09-26T10:24:35+00:00\",\"mainEntityOfPage\":{\"@id\":\"https:\/\/editions.grandpalaisrmn.fr\/blog\/cecile-debray-musee-national-picasso-paris-coeditions\/\"},\"wordCount\":1290,\"publisher\":{\"@id\":\"https:\/\/editions.grandpalaisrmn.fr\/blog\/#organization\"},\"image\":{\"@id\":\"https:\/\/editions.grandpalaisrmn.fr\/blog\/cecile-debray-musee-national-picasso-paris-coeditions\/#primaryimage\"},\"thumbnailUrl\":\"https:\/\/editions.grandpalaisrmn.fr\/blog\/wp-content\/uploads\/2024\/09\/article_20-01.jpg\",\"articleSection\":[\"\u00c9dition\"],\"inLanguage\":\"fr-FR\"},{\"@type\":\"WebPage\",\"@id\":\"https:\/\/editions.grandpalaisrmn.fr\/blog\/cecile-debray-musee-national-picasso-paris-coeditions\/\",\"url\":\"https:\/\/editions.grandpalaisrmn.fr\/blog\/cecile-debray-musee-national-picasso-paris-coeditions\/\",\"name\":\"Co\u00e9ditions avec le mus\u00e9e national Picasso-Paris\",\"isPartOf\":{\"@id\":\"https:\/\/editions.grandpalaisrmn.fr\/blog\/#website\"},\"primaryImageOfPage\":{\"@id\":\"https:\/\/editions.grandpalaisrmn.fr\/blog\/cecile-debray-musee-national-picasso-paris-coeditions\/#primaryimage\"},\"image\":{\"@id\":\"https:\/\/editions.grandpalaisrmn.fr\/blog\/cecile-debray-musee-national-picasso-paris-coeditions\/#primaryimage\"},\"thumbnailUrl\":\"https:\/\/editions.grandpalaisrmn.fr\/blog\/wp-content\/uploads\/2024\/09\/article_20-01.jpg\",\"datePublished\":\"2024-09-24T12:07:22+00:00\",\"dateModified\":\"2024-09-26T10:24:35+00:00\",\"description\":\"C\u00e9cile Debray pr\u00e9sente les nouvelles orientations du mus\u00e9e Picasso et comment GrandPalaisRmn\u00c9ditions les accompagnent\",\"breadcrumb\":{\"@id\":\"https:\/\/editions.grandpalaisrmn.fr\/blog\/cecile-debray-musee-national-picasso-paris-coeditions\/#breadcrumb\"},\"inLanguage\":\"fr-FR\",\"potentialAction\":[{\"@type\":\"ReadAction\",\"target\":[\"https:\/\/editions.grandpalaisrmn.fr\/blog\/cecile-debray-musee-national-picasso-paris-coeditions\/\"]}]},{\"@type\":\"ImageObject\",\"inLanguage\":\"fr-FR\",\"@id\":\"https:\/\/editions.grandpalaisrmn.fr\/blog\/cecile-debray-musee-national-picasso-paris-coeditions\/#primaryimage\",\"url\":\"https:\/\/editions.grandpalaisrmn.fr\/blog\/wp-content\/uploads\/2024\/09\/article_20-01.jpg\",\"contentUrl\":\"https:\/\/editions.grandpalaisrmn.fr\/blog\/wp-content\/uploads\/2024\/09\/article_20-01.jpg\",\"width\":1024,\"height\":1024,\"caption\":\"C\u00e9cile Debray \u00a9 Bernard Martinez\"},{\"@type\":\"BreadcrumbList\",\"@id\":\"https:\/\/editions.grandpalaisrmn.fr\/blog\/cecile-debray-musee-national-picasso-paris-coeditions\/#breadcrumb\",\"itemListElement\":[{\"@type\":\"ListItem\",\"position\":1,\"name\":\"Accueil\",\"item\":\"https:\/\/editions.grandpalaisrmn.fr\/blog\/\"},{\"@type\":\"ListItem\",\"position\":2,\"name\":\"De nouvelles \u00e9ditions pour un nouveau chapitre de l\u2019histoire du mus\u00e9e national Picasso-Paris\"}]},{\"@type\":\"WebSite\",\"@id\":\"https:\/\/editions.grandpalaisrmn.fr\/blog\/#website\",\"url\":\"https:\/\/editions.grandpalaisrmn.fr\/blog\/\",\"name\":\"Actualit\u00e9s de GrandPalaisRmn\u00c9ditions\",\"description\":\"\",\"publisher\":{\"@id\":\"https:\/\/editions.grandpalaisrmn.fr\/blog\/#organization\"},\"potentialAction\":[{\"@type\":\"SearchAction\",\"target\":{\"@type\":\"EntryPoint\",\"urlTemplate\":\"https:\/\/editions.grandpalaisrmn.fr\/blog\/?s={search_term_string}\"},\"query-input\":\"required name=search_term_string\"}],\"inLanguage\":\"fr-FR\"},{\"@type\":\"Organization\",\"@id\":\"https:\/\/editions.grandpalaisrmn.fr\/blog\/#organization\",\"name\":\"Les \u00e9ditions de la Rmn-GP\",\"url\":\"https:\/\/editions.grandpalaisrmn.fr\/blog\/\",\"logo\":{\"@type\":\"ImageObject\",\"inLanguage\":\"fr-FR\",\"@id\":\"https:\/\/editions.grandpalaisrmn.fr\/blog\/#\/schema\/logo\/image\/\",\"url\":\"https:\/\/editions.grandpalaisrmn.fr\/blog\/wp-content\/uploads\/2022\/06\/RMN-GP_logoNoir.png\",\"contentUrl\":\"https:\/\/editions.grandpalaisrmn.fr\/blog\/wp-content\/uploads\/2022\/06\/RMN-GP_logoNoir.png\",\"width\":787,\"height\":788,\"caption\":\"Les \u00e9ditions de la Rmn-GP\"},\"image\":{\"@id\":\"https:\/\/editions.grandpalaisrmn.fr\/blog\/#\/schema\/logo\/image\/\"},\"sameAs\":[\"https:\/\/www.facebook.com\/EditionsRmnGP\/\",\"https:\/\/www.pinterest.fr\/editionsRmnGP\",\"https:\/\/www.instagram.com\/les_editions_de_la_rmngp\/\"]},{\"@type\":\"Person\",\"@id\":\"https:\/\/editions.grandpalaisrmn.fr\/blog\/#\/schema\/person\/df4f655e9df6cfe1d48590c891fe6b82\",\"name\":\"admin\",\"image\":{\"@type\":\"ImageObject\",\"inLanguage\":\"fr-FR\",\"@id\":\"https:\/\/editions.grandpalaisrmn.fr\/blog\/#\/schema\/person\/image\/\",\"url\":\"https:\/\/secure.gravatar.com\/avatar\/2beb26b736c247331cd5f9cb1f595938?s=96&d=mm&r=g\",\"contentUrl\":\"https:\/\/secure.gravatar.com\/avatar\/2beb26b736c247331cd5f9cb1f595938?s=96&d=mm&r=g\",\"caption\":\"admin\"},\"sameAs\":[\"https:\/\/ppeditions.labrmngp.fr\/blog\"],\"url\":\"https:\/\/editions.grandpalaisrmn.fr\/blog\/author\/blog-admin_editions\/\"}]}<\/script>\n<!-- \/ Yoast SEO plugin. -->","yoast_head_json":{"title":"Co\u00e9ditions avec le mus\u00e9e national Picasso-Paris","description":"C\u00e9cile Debray pr\u00e9sente les nouvelles orientations du mus\u00e9e Picasso et comment GrandPalaisRmn\u00c9ditions les accompagnent","robots":{"index":"index","follow":"follow","max-snippet":"max-snippet:-1","max-image-preview":"max-image-preview:large","max-video-preview":"max-video-preview:-1"},"canonical":"https:\/\/editions.grandpalaisrmn.fr\/blog\/cecile-debray-musee-national-picasso-paris-coeditions\/","og_locale":"fr_FR","og_type":"article","og_title":"De nouvelles \u00e9ditions pour un nouveau chapitre de l\u2019histoire du mus\u00e9e national Picasso-Paris","og_description":"C\u00e9cile Debray pr\u00e9sente les nouvelles orientations du mus\u00e9e Picasso et comment GrandPalaisRmn\u00c9ditions les accompagnent","og_url":"https:\/\/editions.grandpalaisrmn.fr\/blog\/cecile-debray-musee-national-picasso-paris-coeditions\/","og_site_name":"Actualit\u00e9s de GrandPalaisRmn\u00c9ditions","article_publisher":"https:\/\/www.facebook.com\/EditionsRmnGP\/","article_published_time":"2024-09-24T12:07:22+00:00","article_modified_time":"2024-09-26T10:24:35+00:00","og_image":[{"width":1024,"height":1024,"url":"https:\/\/editions.grandpalaisrmn.fr\/blog\/wp-content\/uploads\/2024\/09\/article_20-01.jpg","type":"image\/jpeg"}],"author":"admin","twitter_card":"summary_large_image","twitter_misc":{"\u00c9crit par":"admin","Dur\u00e9e de lecture estim\u00e9e":"7 minutes"},"schema":{"@context":"https:\/\/schema.org","@graph":[{"@type":"Article","@id":"https:\/\/editions.grandpalaisrmn.fr\/blog\/cecile-debray-musee-national-picasso-paris-coeditions\/#article","isPartOf":{"@id":"https:\/\/editions.grandpalaisrmn.fr\/blog\/cecile-debray-musee-national-picasso-paris-coeditions\/"},"author":{"name":"admin","@id":"https:\/\/editions.grandpalaisrmn.fr\/blog\/#\/schema\/person\/df4f655e9df6cfe1d48590c891fe6b82"},"headline":"De nouvelles \u00e9ditions pour un nouveau chapitre de l\u2019histoire du mus\u00e9e national Picasso-Paris","datePublished":"2024-09-24T12:07:22+00:00","dateModified":"2024-09-26T10:24:35+00:00","mainEntityOfPage":{"@id":"https:\/\/editions.grandpalaisrmn.fr\/blog\/cecile-debray-musee-national-picasso-paris-coeditions\/"},"wordCount":1290,"publisher":{"@id":"https:\/\/editions.grandpalaisrmn.fr\/blog\/#organization"},"image":{"@id":"https:\/\/editions.grandpalaisrmn.fr\/blog\/cecile-debray-musee-national-picasso-paris-coeditions\/#primaryimage"},"thumbnailUrl":"https:\/\/editions.grandpalaisrmn.fr\/blog\/wp-content\/uploads\/2024\/09\/article_20-01.jpg","articleSection":["\u00c9dition"],"inLanguage":"fr-FR"},{"@type":"WebPage","@id":"https:\/\/editions.grandpalaisrmn.fr\/blog\/cecile-debray-musee-national-picasso-paris-coeditions\/","url":"https:\/\/editions.grandpalaisrmn.fr\/blog\/cecile-debray-musee-national-picasso-paris-coeditions\/","name":"Co\u00e9ditions avec le mus\u00e9e national Picasso-Paris","isPartOf":{"@id":"https:\/\/editions.grandpalaisrmn.fr\/blog\/#website"},"primaryImageOfPage":{"@id":"https:\/\/editions.grandpalaisrmn.fr\/blog\/cecile-debray-musee-national-picasso-paris-coeditions\/#primaryimage"},"image":{"@id":"https:\/\/editions.grandpalaisrmn.fr\/blog\/cecile-debray-musee-national-picasso-paris-coeditions\/#primaryimage"},"thumbnailUrl":"https:\/\/editions.grandpalaisrmn.fr\/blog\/wp-content\/uploads\/2024\/09\/article_20-01.jpg","datePublished":"2024-09-24T12:07:22+00:00","dateModified":"2024-09-26T10:24:35+00:00","description":"C\u00e9cile Debray pr\u00e9sente les nouvelles orientations du mus\u00e9e Picasso et comment GrandPalaisRmn\u00c9ditions les accompagnent","breadcrumb":{"@id":"https:\/\/editions.grandpalaisrmn.fr\/blog\/cecile-debray-musee-national-picasso-paris-coeditions\/#breadcrumb"},"inLanguage":"fr-FR","potentialAction":[{"@type":"ReadAction","target":["https:\/\/editions.grandpalaisrmn.fr\/blog\/cecile-debray-musee-national-picasso-paris-coeditions\/"]}]},{"@type":"ImageObject","inLanguage":"fr-FR","@id":"https:\/\/editions.grandpalaisrmn.fr\/blog\/cecile-debray-musee-national-picasso-paris-coeditions\/#primaryimage","url":"https:\/\/editions.grandpalaisrmn.fr\/blog\/wp-content\/uploads\/2024\/09\/article_20-01.jpg","contentUrl":"https:\/\/editions.grandpalaisrmn.fr\/blog\/wp-content\/uploads\/2024\/09\/article_20-01.jpg","width":1024,"height":1024,"caption":"C\u00e9cile Debray \u00a9 Bernard Martinez"},{"@type":"BreadcrumbList","@id":"https:\/\/editions.grandpalaisrmn.fr\/blog\/cecile-debray-musee-national-picasso-paris-coeditions\/#breadcrumb","itemListElement":[{"@type":"ListItem","position":1,"name":"Accueil","item":"https:\/\/editions.grandpalaisrmn.fr\/blog\/"},{"@type":"ListItem","position":2,"name":"De nouvelles \u00e9ditions pour un nouveau chapitre de l\u2019histoire du mus\u00e9e national Picasso-Paris"}]},{"@type":"WebSite","@id":"https:\/\/editions.grandpalaisrmn.fr\/blog\/#website","url":"https:\/\/editions.grandpalaisrmn.fr\/blog\/","name":"Actualit\u00e9s de GrandPalaisRmn\u00c9ditions","description":"","publisher":{"@id":"https:\/\/editions.grandpalaisrmn.fr\/blog\/#organization"},"potentialAction":[{"@type":"SearchAction","target":{"@type":"EntryPoint","urlTemplate":"https:\/\/editions.grandpalaisrmn.fr\/blog\/?s={search_term_string}"},"query-input":"required name=search_term_string"}],"inLanguage":"fr-FR"},{"@type":"Organization","@id":"https:\/\/editions.grandpalaisrmn.fr\/blog\/#organization","name":"Les \u00e9ditions de la Rmn-GP","url":"https:\/\/editions.grandpalaisrmn.fr\/blog\/","logo":{"@type":"ImageObject","inLanguage":"fr-FR","@id":"https:\/\/editions.grandpalaisrmn.fr\/blog\/#\/schema\/logo\/image\/","url":"https:\/\/editions.grandpalaisrmn.fr\/blog\/wp-content\/uploads\/2022\/06\/RMN-GP_logoNoir.png","contentUrl":"https:\/\/editions.grandpalaisrmn.fr\/blog\/wp-content\/uploads\/2022\/06\/RMN-GP_logoNoir.png","width":787,"height":788,"caption":"Les \u00e9ditions de la Rmn-GP"},"image":{"@id":"https:\/\/editions.grandpalaisrmn.fr\/blog\/#\/schema\/logo\/image\/"},"sameAs":["https:\/\/www.facebook.com\/EditionsRmnGP\/","https:\/\/www.pinterest.fr\/editionsRmnGP","https:\/\/www.instagram.com\/les_editions_de_la_rmngp\/"]},{"@type":"Person","@id":"https:\/\/editions.grandpalaisrmn.fr\/blog\/#\/schema\/person\/df4f655e9df6cfe1d48590c891fe6b82","name":"admin","image":{"@type":"ImageObject","inLanguage":"fr-FR","@id":"https:\/\/editions.grandpalaisrmn.fr\/blog\/#\/schema\/person\/image\/","url":"https:\/\/secure.gravatar.com\/avatar\/2beb26b736c247331cd5f9cb1f595938?s=96&d=mm&r=g","contentUrl":"https:\/\/secure.gravatar.com\/avatar\/2beb26b736c247331cd5f9cb1f595938?s=96&d=mm&r=g","caption":"admin"},"sameAs":["https:\/\/ppeditions.labrmngp.fr\/blog"],"url":"https:\/\/editions.grandpalaisrmn.fr\/blog\/author\/blog-admin_editions\/"}]}},"_links":{"self":[{"href":"https:\/\/editions.grandpalaisrmn.fr\/blog\/wp-json\/wp\/v2\/posts\/1800"}],"collection":[{"href":"https:\/\/editions.grandpalaisrmn.fr\/blog\/wp-json\/wp\/v2\/posts"}],"about":[{"href":"https:\/\/editions.grandpalaisrmn.fr\/blog\/wp-json\/wp\/v2\/types\/post"}],"author":[{"embeddable":true,"href":"https:\/\/editions.grandpalaisrmn.fr\/blog\/wp-json\/wp\/v2\/users\/1"}],"replies":[{"embeddable":true,"href":"https:\/\/editions.grandpalaisrmn.fr\/blog\/wp-json\/wp\/v2\/comments?post=1800"}],"version-history":[{"count":15,"href":"https:\/\/editions.grandpalaisrmn.fr\/blog\/wp-json\/wp\/v2\/posts\/1800\/revisions"}],"predecessor-version":[{"id":1835,"href":"https:\/\/editions.grandpalaisrmn.fr\/blog\/wp-json\/wp\/v2\/posts\/1800\/revisions\/1835"}],"wp:attachment":[{"href":"https:\/\/editions.grandpalaisrmn.fr\/blog\/wp-json\/wp\/v2\/media?parent=1800"}],"wp:term":[{"taxonomy":"category","embeddable":true,"href":"https:\/\/editions.grandpalaisrmn.fr\/blog\/wp-json\/wp\/v2\/categories?post=1800"},{"taxonomy":"post_tag","embeddable":true,"href":"https:\/\/editions.grandpalaisrmn.fr\/blog\/wp-json\/wp\/v2\/tags?post=1800"}],"curies":[{"name":"wp","href":"https:\/\/api.w.org\/{rel}","templated":true}]}}