{"id":1816,"date":"2024-10-07T16:00:16","date_gmt":"2024-10-07T16:00:16","guid":{"rendered":"https:\/\/editions.grandpalaisrmn.fr\/blog\/?p=1816"},"modified":"2025-11-25T11:08:12","modified_gmt":"2025-11-25T11:08:12","slug":"un-livre-plein-de-maisons","status":"publish","type":"post","link":"https:\/\/editions.grandpalaisrmn.fr\/blog\/un-livre-plein-de-maisons\/","title":{"rendered":"<em>Un livre plein de maisons<\/em>, le coup de c\u0153ur jeunesse de nos \u00e9ditions  \u00e0 la Foire de Francfort"},"content":{"rendered":"<p class=\"Chapeau_Article\">Apr\u00e8s avoir acquis les droits d\u2019<em>Un livre plein de maisons<\/em> \u00e0 la Foire du livre de Francfort 2023, nous publions ce merveilleux ouvrage pour la jeunesse, traduit en fran\u00e7ais \u00e0 partir de son \u00e9dition originale, n\u00e9erlandaise. Tandis qu\u2019elle pr\u00e9pare sa visite de la prochaine Foire de Francfort, Sophie Laporte, directrice de notre maison, nous raconte cette d\u00e9couverte, v\u00e9ritable coup de c\u0153ur de l\u2019an pass\u00e9, r\u00e9compens\u00e9 par une mention de l&rsquo;Acad\u00e9mie d&rsquo;architecture.<\/p>\n<p><img loading=\"lazy\" decoding=\"async\" class=\"size-full wp-image-1852 aligncenter\" src=\"https:\/\/editions.grandpalaisrmn.fr\/blog\/wp-content\/uploads\/2024\/10\/article_21-01.jpg\" alt=\"\" width=\"1024\" height=\"707\" srcset=\"https:\/\/editions.grandpalaisrmn.fr\/blog\/wp-content\/uploads\/2024\/10\/article_21-01.jpg 1024w, https:\/\/editions.grandpalaisrmn.fr\/blog\/wp-content\/uploads\/2024\/10\/article_21-01-300x207.jpg 300w, https:\/\/editions.grandpalaisrmn.fr\/blog\/wp-content\/uploads\/2024\/10\/article_21-01-768x530.jpg 768w\" sizes=\"(max-width: 1024px) 100vw, 1024px\" \/><\/p>\n<p><strong>Le c\u0153ur battant de l\u2019\u00e9dition<\/strong><br \/>\n\u00ab\u00a0Le pouls de l\u2019\u00e9dition internationale, c\u2019est la Foire du livre de Francfort qui continue de le donner. Agents litt\u00e9raires, traducteurs, \u00e9diteurs internationaux\u00a0: tous se r\u00e9unissent dans cet \u00e9picentre mondial des professionnels du livre pour discuter de projets, \u00e9changer sur les derni\u00e8res nouveaut\u00e9s, sentir l\u2019air du temps et saisir les opportunit\u00e9s de demain. Pendant les cinq jours que dure le salon r\u00e8gne une effervescence particuli\u00e8re, stimulante et cr\u00e9ative.<br \/>\nPour notre maison, Francfort est l\u2019occasion de d\u00e9couvrir de nouveaux talents, d\u2019acqu\u00e9rir des droits d\u2019\u00e9dition, mais aussi de pr\u00e9senter notre catalogue \u00e0 un public international pour nouer des partenariats fructueux.<\/p>\n<figure id=\"attachment_1821\" aria-describedby=\"caption-attachment-1821\" style=\"width: 901px\" class=\"wp-caption aligncenter\"><img loading=\"lazy\" decoding=\"async\" class=\" wp-image-1821\" src=\"https:\/\/editions.grandpalaisrmn.fr\/blog\/wp-content\/uploads\/2024\/09\/Frankfurter-Buchmesse-2023-3-scaled.jpg\" alt=\"\" width=\"901\" height=\"601\" srcset=\"https:\/\/editions.grandpalaisrmn.fr\/blog\/wp-content\/uploads\/2024\/09\/Frankfurter-Buchmesse-2023-3-scaled.jpg 2560w, https:\/\/editions.grandpalaisrmn.fr\/blog\/wp-content\/uploads\/2024\/09\/Frankfurter-Buchmesse-2023-3-300x200.jpg 300w, https:\/\/editions.grandpalaisrmn.fr\/blog\/wp-content\/uploads\/2024\/09\/Frankfurter-Buchmesse-2023-3-1024x683.jpg 1024w, https:\/\/editions.grandpalaisrmn.fr\/blog\/wp-content\/uploads\/2024\/09\/Frankfurter-Buchmesse-2023-3-768x512.jpg 768w, https:\/\/editions.grandpalaisrmn.fr\/blog\/wp-content\/uploads\/2024\/09\/Frankfurter-Buchmesse-2023-3-1536x1024.jpg 1536w, https:\/\/editions.grandpalaisrmn.fr\/blog\/wp-content\/uploads\/2024\/09\/Frankfurter-Buchmesse-2023-3-2048x1365.jpg 2048w\" sizes=\"(max-width: 901px) 100vw, 901px\" \/><figcaption id=\"caption-attachment-1821\" class=\"wp-caption-text\">\u00a9 Frankfurter Buchmesse 2023<\/figcaption><\/figure>\n<p><strong>Les \u00e9ditions Lannoo, une maison partenaire<\/strong><br \/>\n\u00ab\u00a0Parmi les nombreuses rencontres qui rythment chaque foire, celle avec les \u00e9ditions Lannoo est d\u00e9sormais traditionnelle. Elle constitue un moment privil\u00e9gi\u00e9 o\u00f9 nous \u00e9changeons sur nos projets communs. Cette maison est devenue au fil des ans un partenaire, avec lequel nous partageons la passion du beau livre et de l\u2019art.<br \/>\n\u00ab\u00a0Je me souviens que, l\u2019an pass\u00e9, Gunther Spriet, mon confr\u00e8re des \u00e9ditions Lannoo, m\u2019avait accueillie avec un enthousiasme communicatif\u00a0: \u00ab\u00a0J\u2019ai deux choses pour toi\u00a0!\u00a0\u00bb Parmi celles-ci, <em>Un livre plein de maisons<\/em> m\u2019a imm\u00e9diatement s\u00e9duite. Gunther m\u2019a pr\u00e9sent\u00e9 les \u00e9tonnantes planches color\u00e9es de l\u2019illustrateur, Pieter van\u00a0Eenoge, le sommaire, si original, et quelques extraits des textes \u00e9crits par Julie de\u00a0Graaf avec un sens du r\u00e9cit percutant. C\u2019est un projet qui m\u2019a tout de suite embarqu\u00e9e, un voyage initiatique \u00e0 travers l\u2019architecture du monde entier et la diversit\u00e9 des habitats et des cultures. Nous avons donc fait une offre afin d\u2019acqu\u00e9rir les droits, pour le march\u00e9 fran\u00e7ais, du texte, de la maquette et des illustrations.<\/p>\n<figure id=\"attachment_1826\" aria-describedby=\"caption-attachment-1826\" style=\"width: 901px\" class=\"wp-caption aligncenter\"><img loading=\"lazy\" decoding=\"async\" class=\" wp-image-1826\" src=\"https:\/\/editions.grandpalaisrmn.fr\/blog\/wp-content\/uploads\/2024\/09\/Corbusier.jpg\" alt=\"\" width=\"901\" height=\"626\" srcset=\"https:\/\/editions.grandpalaisrmn.fr\/blog\/wp-content\/uploads\/2024\/09\/Corbusier.jpg 1085w, https:\/\/editions.grandpalaisrmn.fr\/blog\/wp-content\/uploads\/2024\/09\/Corbusier-300x208.jpg 300w, https:\/\/editions.grandpalaisrmn.fr\/blog\/wp-content\/uploads\/2024\/09\/Corbusier-1024x712.jpg 1024w, https:\/\/editions.grandpalaisrmn.fr\/blog\/wp-content\/uploads\/2024\/09\/Corbusier-768x534.jpg 768w\" sizes=\"(max-width: 901px) 100vw, 901px\" \/><figcaption id=\"caption-attachment-1826\" class=\"wp-caption-text\">Extrait de l\u2019album <em>Un livre plein de maisons<\/em><\/figcaption><\/figure>\n<p><strong>Un voyage initiatique \u00e0 travers l\u2019architecture<\/strong><br \/>\nPour bien conna\u00eetre notre ligne \u00e9ditoriale, Gunther savait parfaitement que ce titre correspondrait \u00e0 notre catalogue, centr\u00e9 sur l\u2019art et les mus\u00e9es. Les illustrations, si singuli\u00e8res, en font un livre unique dans lequel il fait bon se promener au fil des pages, pour s\u2019y perdre et y revenir sans cesse, dans un plaisir de d\u00e9couverte toujours renouvel\u00e9, tant les d\u00e9tails bien sentis fourmillent. Cet ouvrage croise l\u2019architecture vernaculaire et l\u2019architecture savante, pr\u00e9sente des architectes, dont plusieurs Fran\u00e7ais, comme Pierre Charreau, Le\u00a0Corbusier ou encore Henri Mouette. Cette richesse et cette singularit\u00e9 ont d&rsquo;ailleurs \u00e9t\u00e9 reconnues par l&rsquo;Acad\u00e9mie d&rsquo;architecture qui lui a d\u00e9cern\u00e9 une Mention au Prix du livre jeunesse 2025. Enfin, il \u00e9tait parfait pour la Cit\u00e9 de l\u2019architecture et du patrimoine, dont la boutique est g\u00e9r\u00e9e par notre r\u00e9seau de diffusion. C\u2019\u00e9tait une \u00e9vidence, une p\u00e9pite que je tenais \u00e0 partager avec notre public fran\u00e7ais.Enfin, il \u00e9tait parfait pour la Cit\u00e9 de l\u2019architecture et du patrimoine, dont la boutique est g\u00e9r\u00e9e par notre r\u00e9seau de diffusion. C\u2019\u00e9tait une \u00e9vidence, une p\u00e9pite que je tenais \u00e0 partager avec notre public fran\u00e7ais.\u00a0\u00bb<\/p>\n<p>&nbsp;<\/p>\n<p><img loading=\"lazy\" decoding=\"async\" class=\"size-full wp-image-1848 aligncenter\" src=\"https:\/\/editions.grandpalaisrmn.fr\/blog\/wp-content\/uploads\/2024\/09\/les-deux-titreqs_900.jpg\" alt=\"\" width=\"900\" height=\"554\" srcset=\"https:\/\/editions.grandpalaisrmn.fr\/blog\/wp-content\/uploads\/2024\/09\/les-deux-titreqs_900.jpg 900w, https:\/\/editions.grandpalaisrmn.fr\/blog\/wp-content\/uploads\/2024\/09\/les-deux-titreqs_900-300x185.jpg 300w, https:\/\/editions.grandpalaisrmn.fr\/blog\/wp-content\/uploads\/2024\/09\/les-deux-titreqs_900-768x473.jpg 768w\" sizes=\"(max-width: 900px) 100vw, 900px\" \/><\/p>\n<p>Avec <em>Un livre plein de maisons<\/em>, nous prolongeons une collaboration commenc\u00e9e avec <em>Fabuleuses cr\u00e9atures<\/em> et <em>Terra Ultima, <\/em>deux titres dont nous avons \u00e9galement acquis les droits aupr\u00e8s de Lannoo. Ces grands formats \u00e0 la pagination g\u00e9n\u00e9reuse ont en commun d\u2019allier richesse documentaire et ouverture vers l\u2019imaginaire. Le succ\u00e8s de ces pr\u00e9c\u00e9dents ouvrages, qui ont d\u00e9j\u00e0 \u00e9t\u00e9 r\u00e9imprim\u00e9s, nous encourage \u00e0 poursuivre dans cette voie et \u00e0 proposer toujours plus d\u2019histoires passionnantes.<\/p>\n<div class=\"CallToAction\">\n<p style=\"text-align: center;\"><a href=\"https:\/\/editions.grandpalaisrmn.fr\/fr\/editions\/JK298047\">Commandez <em>Un livre plein de maisons<\/em><\/a><\/p>\n<p style=\"text-align: center;\"><a href=\"https:\/\/editions.grandpalaisrmn.fr\/fr\/editions\/JK297895\">D\u00e9couvrez <em>Terra Ultima<\/em><\/a><\/p>\n<p style=\"text-align: center;\"><a href=\"https:\/\/editions.grandpalaisrmn.fr\/fr\/editions\/JK297147\">mais aussi <em>Fabuleuses cr\u00e9atures<\/em><\/a><\/p>\n<p style=\"text-align: center;\"><a href=\"https:\/\/editions.grandpalaisrmn.fr\/fr\/editions\/lettre-information\">Suivez notre actualit\u00e9 et abonnez-vous \u00e0 notre magazine<\/a><\/p>\n<\/div>\n","protected":false},"excerpt":{"rendered":"<p>Apr\u00e8s avoir acquis les droits d\u2019Un livre plein de maisons \u00e0 la Foire du livre de Francfort 2023, nous publions ce merveilleux ouvrage pour la jeunesse, traduit en fran\u00e7ais \u00e0 partir de son \u00e9dition originale, n\u00e9erlandaise. Tandis qu\u2019elle pr\u00e9pare sa visite de la prochaine Foire de Francfort, Sophie Laporte, directrice de notre maison, nous raconte&#8230;<\/p>\n","protected":false},"author":1,"featured_media":0,"comment_status":"closed","ping_status":"closed","sticky":false,"template":"","format":"standard","meta":{"footnotes":""},"categories":[3],"tags":[],"class_list":["post-1816","post","type-post","status-publish","format-standard","hentry","category-edition"],"yoast_head":"<!-- This site is optimized with the Yoast SEO plugin v22.7 - https:\/\/yoast.com\/wordpress\/plugins\/seo\/ -->\n<title>Livre d&#039;architecture pour la jeunesse<\/title>\n<meta name=\"description\" content=\"Notre nouveau titre jeunesse a pour sujet l&#039;architecture. La derni\u00e8re trouvaille de Sophie Laporte \u00e0 la Foire du livre de Francfort\" \/>\n<meta name=\"robots\" content=\"index, follow, max-snippet:-1, max-image-preview:large, max-video-preview:-1\" \/>\n<link rel=\"canonical\" href=\"https:\/\/editions.grandpalaisrmn.fr\/blog\/un-livre-plein-de-maisons\/\" \/>\n<meta property=\"og:locale\" content=\"fr_FR\" \/>\n<meta property=\"og:type\" content=\"article\" \/>\n<meta property=\"og:title\" content=\"Un livre plein de maisons, le coup de c\u0153ur jeunesse de nos \u00e9ditions \u00e0 la Foire de Francfort\" \/>\n<meta property=\"og:description\" content=\"Notre nouveau titre jeunesse a pour sujet l&#039;architecture. La derni\u00e8re trouvaille de Sophie Laporte \u00e0 la Foire du livre de Francfort\" \/>\n<meta property=\"og:url\" content=\"https:\/\/editions.grandpalaisrmn.fr\/blog\/un-livre-plein-de-maisons\/\" \/>\n<meta property=\"og:site_name\" content=\"Actualit\u00e9s de GrandPalaisRmn\u00c9ditions\" \/>\n<meta property=\"article:publisher\" content=\"https:\/\/www.facebook.com\/EditionsRmnGP\/\" \/>\n<meta property=\"article:published_time\" content=\"2024-10-07T16:00:16+00:00\" \/>\n<meta property=\"article:modified_time\" content=\"2025-11-25T11:08:12+00:00\" \/>\n<meta property=\"og:image\" content=\"https:\/\/editions.grandpalaisrmn.fr\/blog\/wp-content\/uploads\/2024\/10\/article_21-01.jpg\" \/>\n\t<meta property=\"og:image:width\" content=\"1024\" \/>\n\t<meta property=\"og:image:height\" content=\"707\" \/>\n\t<meta property=\"og:image:type\" content=\"image\/jpeg\" \/>\n<meta name=\"author\" content=\"admin\" \/>\n<meta name=\"twitter:card\" content=\"summary_large_image\" \/>\n<meta name=\"twitter:label1\" content=\"\u00c9crit par\" \/>\n\t<meta name=\"twitter:data1\" content=\"admin\" \/>\n\t<meta name=\"twitter:label2\" content=\"Dur\u00e9e de lecture estim\u00e9e\" \/>\n\t<meta name=\"twitter:data2\" content=\"5 minutes\" \/>\n<script type=\"application\/ld+json\" class=\"yoast-schema-graph\">{\"@context\":\"https:\/\/schema.org\",\"@graph\":[{\"@type\":\"Article\",\"@id\":\"https:\/\/editions.grandpalaisrmn.fr\/blog\/un-livre-plein-de-maisons\/#article\",\"isPartOf\":{\"@id\":\"https:\/\/editions.grandpalaisrmn.fr\/blog\/un-livre-plein-de-maisons\/\"},\"author\":{\"name\":\"admin\",\"@id\":\"https:\/\/editions.grandpalaisrmn.fr\/blog\/#\/schema\/person\/df4f655e9df6cfe1d48590c891fe6b82\"},\"headline\":\"Un livre plein de maisons, le coup de c\u0153ur jeunesse de nos \u00e9ditions \u00e0 la Foire de Francfort\",\"datePublished\":\"2024-10-07T16:00:16+00:00\",\"dateModified\":\"2025-11-25T11:08:12+00:00\",\"mainEntityOfPage\":{\"@id\":\"https:\/\/editions.grandpalaisrmn.fr\/blog\/un-livre-plein-de-maisons\/\"},\"wordCount\":755,\"publisher\":{\"@id\":\"https:\/\/editions.grandpalaisrmn.fr\/blog\/#organization\"},\"image\":{\"@id\":\"https:\/\/editions.grandpalaisrmn.fr\/blog\/un-livre-plein-de-maisons\/#primaryimage\"},\"thumbnailUrl\":\"https:\/\/editions.grandpalaisrmn.fr\/blog\/wp-content\/uploads\/2024\/10\/article_21-01.jpg\",\"articleSection\":[\"\u00c9dition\"],\"inLanguage\":\"fr-FR\"},{\"@type\":\"WebPage\",\"@id\":\"https:\/\/editions.grandpalaisrmn.fr\/blog\/un-livre-plein-de-maisons\/\",\"url\":\"https:\/\/editions.grandpalaisrmn.fr\/blog\/un-livre-plein-de-maisons\/\",\"name\":\"Livre d'architecture pour la jeunesse\",\"isPartOf\":{\"@id\":\"https:\/\/editions.grandpalaisrmn.fr\/blog\/#website\"},\"primaryImageOfPage\":{\"@id\":\"https:\/\/editions.grandpalaisrmn.fr\/blog\/un-livre-plein-de-maisons\/#primaryimage\"},\"image\":{\"@id\":\"https:\/\/editions.grandpalaisrmn.fr\/blog\/un-livre-plein-de-maisons\/#primaryimage\"},\"thumbnailUrl\":\"https:\/\/editions.grandpalaisrmn.fr\/blog\/wp-content\/uploads\/2024\/10\/article_21-01.jpg\",\"datePublished\":\"2024-10-07T16:00:16+00:00\",\"dateModified\":\"2025-11-25T11:08:12+00:00\",\"description\":\"Notre nouveau titre jeunesse a pour sujet l'architecture. La derni\u00e8re trouvaille de Sophie Laporte \u00e0 la Foire du livre de Francfort\",\"breadcrumb\":{\"@id\":\"https:\/\/editions.grandpalaisrmn.fr\/blog\/un-livre-plein-de-maisons\/#breadcrumb\"},\"inLanguage\":\"fr-FR\",\"potentialAction\":[{\"@type\":\"ReadAction\",\"target\":[\"https:\/\/editions.grandpalaisrmn.fr\/blog\/un-livre-plein-de-maisons\/\"]}]},{\"@type\":\"ImageObject\",\"inLanguage\":\"fr-FR\",\"@id\":\"https:\/\/editions.grandpalaisrmn.fr\/blog\/un-livre-plein-de-maisons\/#primaryimage\",\"url\":\"https:\/\/editions.grandpalaisrmn.fr\/blog\/wp-content\/uploads\/2024\/10\/article_21-01.jpg\",\"contentUrl\":\"https:\/\/editions.grandpalaisrmn.fr\/blog\/wp-content\/uploads\/2024\/10\/article_21-01.jpg\",\"width\":1024,\"height\":707},{\"@type\":\"BreadcrumbList\",\"@id\":\"https:\/\/editions.grandpalaisrmn.fr\/blog\/un-livre-plein-de-maisons\/#breadcrumb\",\"itemListElement\":[{\"@type\":\"ListItem\",\"position\":1,\"name\":\"Accueil\",\"item\":\"https:\/\/editions.grandpalaisrmn.fr\/blog\/\"},{\"@type\":\"ListItem\",\"position\":2,\"name\":\"Un livre plein de maisons, le coup de c\u0153ur jeunesse de nos \u00e9ditions \u00e0 la Foire de Francfort\"}]},{\"@type\":\"WebSite\",\"@id\":\"https:\/\/editions.grandpalaisrmn.fr\/blog\/#website\",\"url\":\"https:\/\/editions.grandpalaisrmn.fr\/blog\/\",\"name\":\"Actualit\u00e9s de GrandPalaisRmn\u00c9ditions\",\"description\":\"\",\"publisher\":{\"@id\":\"https:\/\/editions.grandpalaisrmn.fr\/blog\/#organization\"},\"potentialAction\":[{\"@type\":\"SearchAction\",\"target\":{\"@type\":\"EntryPoint\",\"urlTemplate\":\"https:\/\/editions.grandpalaisrmn.fr\/blog\/?s={search_term_string}\"},\"query-input\":\"required name=search_term_string\"}],\"inLanguage\":\"fr-FR\"},{\"@type\":\"Organization\",\"@id\":\"https:\/\/editions.grandpalaisrmn.fr\/blog\/#organization\",\"name\":\"Les \u00e9ditions de la Rmn-GP\",\"url\":\"https:\/\/editions.grandpalaisrmn.fr\/blog\/\",\"logo\":{\"@type\":\"ImageObject\",\"inLanguage\":\"fr-FR\",\"@id\":\"https:\/\/editions.grandpalaisrmn.fr\/blog\/#\/schema\/logo\/image\/\",\"url\":\"https:\/\/editions.grandpalaisrmn.fr\/blog\/wp-content\/uploads\/2022\/06\/RMN-GP_logoNoir.png\",\"contentUrl\":\"https:\/\/editions.grandpalaisrmn.fr\/blog\/wp-content\/uploads\/2022\/06\/RMN-GP_logoNoir.png\",\"width\":787,\"height\":788,\"caption\":\"Les \u00e9ditions de la Rmn-GP\"},\"image\":{\"@id\":\"https:\/\/editions.grandpalaisrmn.fr\/blog\/#\/schema\/logo\/image\/\"},\"sameAs\":[\"https:\/\/www.facebook.com\/EditionsRmnGP\/\",\"https:\/\/www.pinterest.fr\/editionsRmnGP\",\"https:\/\/www.instagram.com\/les_editions_de_la_rmngp\/\"]},{\"@type\":\"Person\",\"@id\":\"https:\/\/editions.grandpalaisrmn.fr\/blog\/#\/schema\/person\/df4f655e9df6cfe1d48590c891fe6b82\",\"name\":\"admin\",\"image\":{\"@type\":\"ImageObject\",\"inLanguage\":\"fr-FR\",\"@id\":\"https:\/\/editions.grandpalaisrmn.fr\/blog\/#\/schema\/person\/image\/\",\"url\":\"https:\/\/secure.gravatar.com\/avatar\/2beb26b736c247331cd5f9cb1f595938?s=96&d=mm&r=g\",\"contentUrl\":\"https:\/\/secure.gravatar.com\/avatar\/2beb26b736c247331cd5f9cb1f595938?s=96&d=mm&r=g\",\"caption\":\"admin\"},\"sameAs\":[\"https:\/\/ppeditions.labrmngp.fr\/blog\"],\"url\":\"https:\/\/editions.grandpalaisrmn.fr\/blog\/author\/blog-admin_editions\/\"}]}<\/script>\n<!-- \/ Yoast SEO plugin. -->","yoast_head_json":{"title":"Livre d'architecture pour la jeunesse","description":"Notre nouveau titre jeunesse a pour sujet l'architecture. La derni\u00e8re trouvaille de Sophie Laporte \u00e0 la Foire du livre de Francfort","robots":{"index":"index","follow":"follow","max-snippet":"max-snippet:-1","max-image-preview":"max-image-preview:large","max-video-preview":"max-video-preview:-1"},"canonical":"https:\/\/editions.grandpalaisrmn.fr\/blog\/un-livre-plein-de-maisons\/","og_locale":"fr_FR","og_type":"article","og_title":"Un livre plein de maisons, le coup de c\u0153ur jeunesse de nos \u00e9ditions \u00e0 la Foire de Francfort","og_description":"Notre nouveau titre jeunesse a pour sujet l'architecture. La derni\u00e8re trouvaille de Sophie Laporte \u00e0 la Foire du livre de Francfort","og_url":"https:\/\/editions.grandpalaisrmn.fr\/blog\/un-livre-plein-de-maisons\/","og_site_name":"Actualit\u00e9s de GrandPalaisRmn\u00c9ditions","article_publisher":"https:\/\/www.facebook.com\/EditionsRmnGP\/","article_published_time":"2024-10-07T16:00:16+00:00","article_modified_time":"2025-11-25T11:08:12+00:00","og_image":[{"width":1024,"height":707,"url":"https:\/\/editions.grandpalaisrmn.fr\/blog\/wp-content\/uploads\/2024\/10\/article_21-01.jpg","type":"image\/jpeg"}],"author":"admin","twitter_card":"summary_large_image","twitter_misc":{"\u00c9crit par":"admin","Dur\u00e9e de lecture estim\u00e9e":"5 minutes"},"schema":{"@context":"https:\/\/schema.org","@graph":[{"@type":"Article","@id":"https:\/\/editions.grandpalaisrmn.fr\/blog\/un-livre-plein-de-maisons\/#article","isPartOf":{"@id":"https:\/\/editions.grandpalaisrmn.fr\/blog\/un-livre-plein-de-maisons\/"},"author":{"name":"admin","@id":"https:\/\/editions.grandpalaisrmn.fr\/blog\/#\/schema\/person\/df4f655e9df6cfe1d48590c891fe6b82"},"headline":"Un livre plein de maisons, le coup de c\u0153ur jeunesse de nos \u00e9ditions \u00e0 la Foire de Francfort","datePublished":"2024-10-07T16:00:16+00:00","dateModified":"2025-11-25T11:08:12+00:00","mainEntityOfPage":{"@id":"https:\/\/editions.grandpalaisrmn.fr\/blog\/un-livre-plein-de-maisons\/"},"wordCount":755,"publisher":{"@id":"https:\/\/editions.grandpalaisrmn.fr\/blog\/#organization"},"image":{"@id":"https:\/\/editions.grandpalaisrmn.fr\/blog\/un-livre-plein-de-maisons\/#primaryimage"},"thumbnailUrl":"https:\/\/editions.grandpalaisrmn.fr\/blog\/wp-content\/uploads\/2024\/10\/article_21-01.jpg","articleSection":["\u00c9dition"],"inLanguage":"fr-FR"},{"@type":"WebPage","@id":"https:\/\/editions.grandpalaisrmn.fr\/blog\/un-livre-plein-de-maisons\/","url":"https:\/\/editions.grandpalaisrmn.fr\/blog\/un-livre-plein-de-maisons\/","name":"Livre d'architecture pour la jeunesse","isPartOf":{"@id":"https:\/\/editions.grandpalaisrmn.fr\/blog\/#website"},"primaryImageOfPage":{"@id":"https:\/\/editions.grandpalaisrmn.fr\/blog\/un-livre-plein-de-maisons\/#primaryimage"},"image":{"@id":"https:\/\/editions.grandpalaisrmn.fr\/blog\/un-livre-plein-de-maisons\/#primaryimage"},"thumbnailUrl":"https:\/\/editions.grandpalaisrmn.fr\/blog\/wp-content\/uploads\/2024\/10\/article_21-01.jpg","datePublished":"2024-10-07T16:00:16+00:00","dateModified":"2025-11-25T11:08:12+00:00","description":"Notre nouveau titre jeunesse a pour sujet l'architecture. La derni\u00e8re trouvaille de Sophie Laporte \u00e0 la Foire du livre de Francfort","breadcrumb":{"@id":"https:\/\/editions.grandpalaisrmn.fr\/blog\/un-livre-plein-de-maisons\/#breadcrumb"},"inLanguage":"fr-FR","potentialAction":[{"@type":"ReadAction","target":["https:\/\/editions.grandpalaisrmn.fr\/blog\/un-livre-plein-de-maisons\/"]}]},{"@type":"ImageObject","inLanguage":"fr-FR","@id":"https:\/\/editions.grandpalaisrmn.fr\/blog\/un-livre-plein-de-maisons\/#primaryimage","url":"https:\/\/editions.grandpalaisrmn.fr\/blog\/wp-content\/uploads\/2024\/10\/article_21-01.jpg","contentUrl":"https:\/\/editions.grandpalaisrmn.fr\/blog\/wp-content\/uploads\/2024\/10\/article_21-01.jpg","width":1024,"height":707},{"@type":"BreadcrumbList","@id":"https:\/\/editions.grandpalaisrmn.fr\/blog\/un-livre-plein-de-maisons\/#breadcrumb","itemListElement":[{"@type":"ListItem","position":1,"name":"Accueil","item":"https:\/\/editions.grandpalaisrmn.fr\/blog\/"},{"@type":"ListItem","position":2,"name":"Un livre plein de maisons, le coup de c\u0153ur jeunesse de nos \u00e9ditions \u00e0 la Foire de Francfort"}]},{"@type":"WebSite","@id":"https:\/\/editions.grandpalaisrmn.fr\/blog\/#website","url":"https:\/\/editions.grandpalaisrmn.fr\/blog\/","name":"Actualit\u00e9s de GrandPalaisRmn\u00c9ditions","description":"","publisher":{"@id":"https:\/\/editions.grandpalaisrmn.fr\/blog\/#organization"},"potentialAction":[{"@type":"SearchAction","target":{"@type":"EntryPoint","urlTemplate":"https:\/\/editions.grandpalaisrmn.fr\/blog\/?s={search_term_string}"},"query-input":"required name=search_term_string"}],"inLanguage":"fr-FR"},{"@type":"Organization","@id":"https:\/\/editions.grandpalaisrmn.fr\/blog\/#organization","name":"Les \u00e9ditions de la Rmn-GP","url":"https:\/\/editions.grandpalaisrmn.fr\/blog\/","logo":{"@type":"ImageObject","inLanguage":"fr-FR","@id":"https:\/\/editions.grandpalaisrmn.fr\/blog\/#\/schema\/logo\/image\/","url":"https:\/\/editions.grandpalaisrmn.fr\/blog\/wp-content\/uploads\/2022\/06\/RMN-GP_logoNoir.png","contentUrl":"https:\/\/editions.grandpalaisrmn.fr\/blog\/wp-content\/uploads\/2022\/06\/RMN-GP_logoNoir.png","width":787,"height":788,"caption":"Les \u00e9ditions de la Rmn-GP"},"image":{"@id":"https:\/\/editions.grandpalaisrmn.fr\/blog\/#\/schema\/logo\/image\/"},"sameAs":["https:\/\/www.facebook.com\/EditionsRmnGP\/","https:\/\/www.pinterest.fr\/editionsRmnGP","https:\/\/www.instagram.com\/les_editions_de_la_rmngp\/"]},{"@type":"Person","@id":"https:\/\/editions.grandpalaisrmn.fr\/blog\/#\/schema\/person\/df4f655e9df6cfe1d48590c891fe6b82","name":"admin","image":{"@type":"ImageObject","inLanguage":"fr-FR","@id":"https:\/\/editions.grandpalaisrmn.fr\/blog\/#\/schema\/person\/image\/","url":"https:\/\/secure.gravatar.com\/avatar\/2beb26b736c247331cd5f9cb1f595938?s=96&d=mm&r=g","contentUrl":"https:\/\/secure.gravatar.com\/avatar\/2beb26b736c247331cd5f9cb1f595938?s=96&d=mm&r=g","caption":"admin"},"sameAs":["https:\/\/ppeditions.labrmngp.fr\/blog"],"url":"https:\/\/editions.grandpalaisrmn.fr\/blog\/author\/blog-admin_editions\/"}]}},"_links":{"self":[{"href":"https:\/\/editions.grandpalaisrmn.fr\/blog\/wp-json\/wp\/v2\/posts\/1816"}],"collection":[{"href":"https:\/\/editions.grandpalaisrmn.fr\/blog\/wp-json\/wp\/v2\/posts"}],"about":[{"href":"https:\/\/editions.grandpalaisrmn.fr\/blog\/wp-json\/wp\/v2\/types\/post"}],"author":[{"embeddable":true,"href":"https:\/\/editions.grandpalaisrmn.fr\/blog\/wp-json\/wp\/v2\/users\/1"}],"replies":[{"embeddable":true,"href":"https:\/\/editions.grandpalaisrmn.fr\/blog\/wp-json\/wp\/v2\/comments?post=1816"}],"version-history":[{"count":25,"href":"https:\/\/editions.grandpalaisrmn.fr\/blog\/wp-json\/wp\/v2\/posts\/1816\/revisions"}],"predecessor-version":[{"id":2570,"href":"https:\/\/editions.grandpalaisrmn.fr\/blog\/wp-json\/wp\/v2\/posts\/1816\/revisions\/2570"}],"wp:attachment":[{"href":"https:\/\/editions.grandpalaisrmn.fr\/blog\/wp-json\/wp\/v2\/media?parent=1816"}],"wp:term":[{"taxonomy":"category","embeddable":true,"href":"https:\/\/editions.grandpalaisrmn.fr\/blog\/wp-json\/wp\/v2\/categories?post=1816"},{"taxonomy":"post_tag","embeddable":true,"href":"https:\/\/editions.grandpalaisrmn.fr\/blog\/wp-json\/wp\/v2\/tags?post=1816"}],"curies":[{"name":"wp","href":"https:\/\/api.w.org\/{rel}","templated":true}]}}