{"id":1857,"date":"2024-11-08T10:15:29","date_gmt":"2024-11-08T10:15:29","guid":{"rendered":"https:\/\/editions.grandpalaisrmn.fr\/blog\/?p=1857"},"modified":"2024-11-08T11:19:58","modified_gmt":"2024-11-08T11:19:58","slug":"david-foenkinos","status":"publish","type":"post","link":"https:\/\/editions.grandpalaisrmn.fr\/blog\/david-foenkinos\/","title":{"rendered":"L\u2019invit\u00e9 des \u00e9ditions : David Foenkinos"},"content":{"rendered":"<p class=\"Chapeau_Article\">Tous les mois, les \u00e9ditions invitent une personnalit\u00e9 \u00e0 choisir un ou plusieurs titres parmi les ouvrages de leur catalogue. La s\u00e9lection et les commentaires livr\u00e9s par cet invit\u00e9 \u00e9clairent sans nul doute sa personnalit\u00e9\u00a0: \u00ab\u00a0Dis-moi ce que tu lis, je te dirai qui tu es.\u00a0\u00bb (Fran\u00e7ois Mauriac)<\/p>\n<p><img loading=\"lazy\" decoding=\"async\" class=\"size-full wp-image-1902 aligncenter\" src=\"https:\/\/editions.grandpalaisrmn.fr\/blog\/wp-content\/uploads\/2024\/11\/article_21-01.jpg\" alt=\"Photographie de David Foenkinos qui tient dans ses mains et nous pr\u00e9sente notre publication\" width=\"1028\" height=\"928\" srcset=\"https:\/\/editions.grandpalaisrmn.fr\/blog\/wp-content\/uploads\/2024\/11\/article_21-01.jpg 1028w, https:\/\/editions.grandpalaisrmn.fr\/blog\/wp-content\/uploads\/2024\/11\/article_21-01-300x271.jpg 300w, https:\/\/editions.grandpalaisrmn.fr\/blog\/wp-content\/uploads\/2024\/11\/article_21-01-1024x924.jpg 1024w, https:\/\/editions.grandpalaisrmn.fr\/blog\/wp-content\/uploads\/2024\/11\/article_21-01-768x693.jpg 768w\" sizes=\"(max-width: 1028px) 100vw, 1028px\" \/><br \/>\n\u00ab\u00a0Pour Antoine, la contemplation de la beaut\u00e9 \u00e9tait un pansement sur la laideur. Il en avait toujours \u00e9t\u00e9 ainsi. Quand il se sentait mal, il allait se promener dans un mus\u00e9e. Le merveilleux demeurait la meilleure arme contre la fragilit\u00e9\u00a0\u00bb (extrait de <em>Vers la beaut\u00e9, <\/em>David Foenkinos).<br \/>\nC\u2019est ainsi que David Foenkinos, sc\u00e9nariste, r\u00e9alisateur et auteur, d\u00e9crit l\u2019histoire d\u2019un professeur qui devient gardien au mus\u00e9e d\u2019Orsay, dans une qu\u00eate inattendue de lui-m\u00eame \u00e0 travers la beaut\u00e9.<br \/>\nDans tous les romans de David Foenkinos, il est question d\u2019art, et l\u2019art constitue le c\u0153ur m\u00eame du r\u00e9cit de <em>Charlotte<\/em>, roman r\u00e9compens\u00e9 en 2014 par le prix Renaudot, qui retrace le parcours de Charlotte Salomon, une jeune peintre juive allemande qui trouve dans la peinture un moyen d\u2019expression et de survie face \u00e0 l\u2019horreur du nazisme.<br \/>\nC\u2019est donc tout naturellement que nos \u00e9ditions ont propos\u00e9 \u00e0 David Foenkinos de s\u00e9lectionner un ouvrage dans notre catalogue. Il a choisi <em>La Bo\u00eete \u00e0 couleurs des impressionnistes<\/em>, un album destin\u00e9 \u00e0 aiguiser le regard des jeunes lecteurs en leur faisant d\u00e9couvrir l\u2019impressionnisme \u00e0 travers des nuanciers.<\/p>\n<p><strong>La s\u00e9lection de David Foenkinos<\/strong><br \/>\n\u00ab\u00a0L\u2019art a chang\u00e9 compl\u00e8tement ma vie. J\u2019ai \u00e9t\u00e9 gravement malade \u00e0 l\u2019\u00e2ge de 16\u00a0ans, et je suis rest\u00e9 de longs mois \u00e0 l\u2019h\u00f4pital. Je me suis alors mis \u00e0 lire, \u00e0 \u00e9crire et \u00e0 aimer la peinture. Mes premi\u00e8res sorties, rythm\u00e9es par les concerts et les visites de mus\u00e9e, ont \u00e9t\u00e9 autant d\u2019\u00e9tapes dans ma reconstruction, qui s\u2019est faite \u00e0 travers la fr\u00e9quentation de la beaut\u00e9. De fait, j\u2019ai un go\u00fbt particulier pour les livres li\u00e9s aux expositions. Ils me permettent de prolonger les \u00e9motions suscit\u00e9es par la rencontre avec certaines \u0153uvres. Ainsi, j\u2019ai d\u00e9couvert Charlotte Salomon lors d\u2019une exposition au mus\u00e9e d\u2019Art et d\u2019Histoire du juda\u00efsme en\u00a02006 et, gr\u00e2ce au catalogue, je me suis plong\u00e9 durablement dans l\u2019histoire de cette femme\u00a0: ce fut le point de d\u00e9part de mon projet d\u2019\u00e9criture.\u00a0\u00bb<\/p>\n<p><img loading=\"lazy\" decoding=\"async\" class=\"size-full wp-image-1903 aligncenter\" src=\"https:\/\/editions.grandpalaisrmn.fr\/blog\/wp-content\/uploads\/2024\/11\/article_21-02.jpg\" alt=\"\" width=\"1024\" height=\"687\" srcset=\"https:\/\/editions.grandpalaisrmn.fr\/blog\/wp-content\/uploads\/2024\/11\/article_21-02.jpg 1024w, https:\/\/editions.grandpalaisrmn.fr\/blog\/wp-content\/uploads\/2024\/11\/article_21-02-300x201.jpg 300w, https:\/\/editions.grandpalaisrmn.fr\/blog\/wp-content\/uploads\/2024\/11\/article_21-02-768x515.jpg 768w\" sizes=\"(max-width: 1024px) 100vw, 1024px\" \/><\/p>\n<p>\u00ab\u00a0<em>La Bo\u00eete \u00e0 couleurs des impressionnistes<\/em> est un travail magnifique. J\u2019aime beaucoup l\u2019id\u00e9e de proposer toutes les couleurs de toiles impressionnistes. Cette d\u00e9composition chromatique permet de comprendre la structure de ces chefs-d\u2019\u0153uvre.<br \/>\nEn lisant la pr\u00e9face, je me suis rendu compte \u00e0 quel point la possibilit\u00e9 de se promener avec leur bo\u00eete \u00e0 couleurs sous le bras avait lib\u00e9r\u00e9 les peintres du carcan des ateliers. Gr\u00e2ce aux teintes d\u00e9sormais propos\u00e9es en tubes, donc pr\u00eates \u00e0 l\u2019emploi et faciles \u00e0 transporter, ils pouvaient s\u2019installer partout et ainsi donner leur vision du monde, pleine de lumi\u00e8res, de touches et de couleurs inattendues\u00a0: l\u2019impressionnisme est li\u00e9 \u00e0 une libert\u00e9 de cr\u00e9ation et de mouvement.<\/p>\n<p>Ce souffle de libert\u00e9 et de modernit\u00e9 a profond\u00e9ment transform\u00e9 la peinture, tout comme la Nouvelle Vague a boulevers\u00e9 le cin\u00e9ma quelques d\u00e9cennies plus tard. L\u2019apparition de cam\u00e9ras l\u00e9g\u00e8res a permis aux cin\u00e9astes de sortir des studios, de filmer la r\u00e9alit\u00e9 dans toute sa complexit\u00e9\u00a0: le lien est ind\u00e9niable entre ces deux mouvements artistiques. En lisant l\u2019ouvrage, j\u2019ai r\u00e9alis\u00e9 qu\u2019un simple outil technique peut d\u00e9clencher une r\u00e9volution esth\u00e9tique.<br \/>\n<em>La Bo\u00eete \u00e0 couleurs des impressionnistes<\/em> rappelle l\u2019atelier portatif du peintre impressionniste, libre de cr\u00e9er \u00e0 l\u2019ext\u00e9rieur et de repr\u00e9senter une vision du monde plus spontan\u00e9e.\u00a0\u00bb<\/p>\n<p><img loading=\"lazy\" decoding=\"async\" class=\"size-full wp-image-1904 aligncenter\" src=\"https:\/\/editions.grandpalaisrmn.fr\/blog\/wp-content\/uploads\/2024\/11\/article_21-03.jpg\" alt=\"\" width=\"900\" height=\"598\" srcset=\"https:\/\/editions.grandpalaisrmn.fr\/blog\/wp-content\/uploads\/2024\/11\/article_21-03.jpg 900w, https:\/\/editions.grandpalaisrmn.fr\/blog\/wp-content\/uploads\/2024\/11\/article_21-03-300x199.jpg 300w, https:\/\/editions.grandpalaisrmn.fr\/blog\/wp-content\/uploads\/2024\/11\/article_21-03-768x510.jpg 768w\" sizes=\"(max-width: 900px) 100vw, 900px\" \/><\/p>\n<p>\u00ab\u00a0J\u2019ai deux enfants, et il est imp\u00e9ratif pour moi de les initier \u00e0 l\u2019art, car c\u2019est un moyen de grandir, de s\u2019\u00e9panouir et de mieux comprendre le monde. J\u2019ai beaucoup emmen\u00e9 mon fils voir des expositions. Maintenant, il a 22\u00a0ans, et je sais que, partout o\u00f9 il voyage, il visite les mus\u00e9es. Quelque chose lui en est rest\u00e9, m\u00eame si nous connaissons tous la p\u00e9riode o\u00f9 les enfants commencent \u00e0 tra\u00eener les pieds pour nous accompagner au mus\u00e9e\u00a0! Aujourd\u2019hui, j\u2019emm\u00e8ne ma fille, qui a 11\u00a0ans, d\u00e9couvrir une exposition avec moi. Plut\u00f4t que de d\u00e9ambuler rapidement dans les salles et de survoler les \u0153uvres, je lui demande de choisir un seul tableau, de prendre son temps et de le regarder avec attention, puis de me dire pourquoi elle l\u2019a choisi. C\u2019est une fa\u00e7on de transformer chaque visite en un moment privil\u00e9gi\u00e9 de partage.\u00a0\u00bb<\/p>\n<p><strong>Votre actualit\u00e9\u00a0? <\/strong><br \/>\n\u00ab\u00a0En janvier\u00a02025, mon roman <em>Num\u00e9ro\u00a02<\/em> sera adapt\u00e9 au th\u00e9\u00e2tre Tristan Bernard. Et mon nouveau roman, <em>Tout le monde aime Clara<\/em>, para\u00eetra en librairie, o\u00f9 l\u2019art tient aussi une part importante\u2026 Pour la premi\u00e8re fois, une \u0153uvre d\u2019art est reproduite dans un de mes livres\u00a0: une sculpture du\u00a0<span class=\"pcap\">xix<\/span><sup>e<\/sup> qui se trouve au cimeti\u00e8re non catholique de Rome, <em>L\u2019Ange du chagrin<\/em>. Ce sera ainsi l\u2019occasion de visiter votre atelier de moulage\u00a0!\u00a0\u00bb<\/p>\n<div class=\"CallToAction\">\n<p style=\"text-align: center;\"><a href=\"https:\/\/editions.grandpalaisrmn.fr\/fr\/editions\/JK198050\">Commandez <em>La bo\u00eete \u00e0 couleurs des impressionnistes<\/em><\/a><\/p>\n<p style=\"text-align: center;\"><a href=\"https:\/\/editions.grandpalaisrmn.fr\/fr\/editions\/lettre-information\">Suivez notre actualit\u00e9 et abonnez-vous \u00e0 notre magazine<\/a><\/p>\n<p style=\"text-align: center;\"><a href=\"https:\/\/www.gallimard.fr\/recherche-au-coeur-des-livres?search_api_fulltext_op=and&amp;search_api_fulltext=david+foenkinos\" target=\"_blank\" rel=\"noopener\">Retrouvez les romans de David Foenkinos<\/a><\/p>\n<\/div>\n","protected":false},"excerpt":{"rendered":"<p>Tous les mois, les \u00e9ditions invitent une personnalit\u00e9 \u00e0 choisir un ou plusieurs titres parmi les ouvrages de leur catalogue. La s\u00e9lection et les commentaires livr\u00e9s par cet invit\u00e9 \u00e9clairent sans nul doute sa personnalit\u00e9\u00a0: \u00ab\u00a0Dis-moi ce que tu lis, je te dirai qui tu es.\u00a0\u00bb (Fran\u00e7ois Mauriac) \u00ab\u00a0Pour Antoine, la contemplation de la beaut\u00e9&#8230;<\/p>\n","protected":false},"author":1,"featured_media":0,"comment_status":"closed","ping_status":"closed","sticky":false,"template":"","format":"standard","meta":{"footnotes":""},"categories":[3,6],"tags":[],"class_list":["post-1857","post","type-post","status-publish","format-standard","hentry","category-edition","category-personnalite-de-la-culture"],"yoast_head":"<!-- This site is optimized with the Yoast SEO plugin v22.7 - https:\/\/yoast.com\/wordpress\/plugins\/seo\/ -->\n<title>L\u2019invit\u00e9 des \u00e9ditions : David Foenkinos<\/title>\n<meta name=\"description\" content=\"David Foenkinos nous parle de son rapport \u00e0 l&#039;art, de l&#039;impressionnisme et de la fa\u00e7on dont il initie ses enfants \u00e0 d\u00e9couverte de l&#039;art\" \/>\n<meta name=\"robots\" content=\"index, follow, max-snippet:-1, max-image-preview:large, max-video-preview:-1\" \/>\n<link rel=\"canonical\" href=\"https:\/\/editions.grandpalaisrmn.fr\/blog\/david-foenkinos\/\" \/>\n<meta property=\"og:locale\" content=\"fr_FR\" \/>\n<meta property=\"og:type\" content=\"article\" \/>\n<meta property=\"og:title\" content=\"L\u2019invit\u00e9 des \u00e9ditions : David Foenkinos\" \/>\n<meta property=\"og:description\" content=\"David Foenkinos nous parle de son rapport \u00e0 l&#039;art, de l&#039;impressionnisme et de la fa\u00e7on dont il initie ses enfants \u00e0 d\u00e9couverte de l&#039;art\" \/>\n<meta property=\"og:url\" content=\"https:\/\/editions.grandpalaisrmn.fr\/blog\/david-foenkinos\/\" \/>\n<meta property=\"og:site_name\" content=\"Actualit\u00e9s de GrandPalaisRmn\u00c9ditions\" \/>\n<meta property=\"article:publisher\" content=\"https:\/\/www.facebook.com\/EditionsRmnGP\/\" \/>\n<meta property=\"article:published_time\" content=\"2024-11-08T10:15:29+00:00\" \/>\n<meta property=\"article:modified_time\" content=\"2024-11-08T11:19:58+00:00\" \/>\n<meta property=\"og:image\" content=\"https:\/\/editions.grandpalaisrmn.fr\/blog\/wp-content\/uploads\/2024\/11\/DFOenkinos_1204_RS.jpg\" \/>\n\t<meta property=\"og:image:width\" content=\"1024\" \/>\n\t<meta property=\"og:image:height\" content=\"782\" \/>\n\t<meta property=\"og:image:type\" content=\"image\/jpeg\" \/>\n<meta name=\"author\" content=\"admin\" \/>\n<meta name=\"twitter:card\" content=\"summary_large_image\" \/>\n<meta name=\"twitter:label1\" content=\"\u00c9crit par\" \/>\n\t<meta name=\"twitter:data1\" content=\"admin\" \/>\n\t<meta name=\"twitter:label2\" content=\"Dur\u00e9e de lecture estim\u00e9e\" \/>\n\t<meta name=\"twitter:data2\" content=\"5 minutes\" \/>\n<script type=\"application\/ld+json\" class=\"yoast-schema-graph\">{\"@context\":\"https:\/\/schema.org\",\"@graph\":[{\"@type\":\"Article\",\"@id\":\"https:\/\/editions.grandpalaisrmn.fr\/blog\/david-foenkinos\/#article\",\"isPartOf\":{\"@id\":\"https:\/\/editions.grandpalaisrmn.fr\/blog\/david-foenkinos\/\"},\"author\":{\"name\":\"admin\",\"@id\":\"https:\/\/editions.grandpalaisrmn.fr\/blog\/#\/schema\/person\/df4f655e9df6cfe1d48590c891fe6b82\"},\"headline\":\"L\u2019invit\u00e9 des \u00e9ditions : David Foenkinos\",\"datePublished\":\"2024-11-08T10:15:29+00:00\",\"dateModified\":\"2024-11-08T11:19:58+00:00\",\"mainEntityOfPage\":{\"@id\":\"https:\/\/editions.grandpalaisrmn.fr\/blog\/david-foenkinos\/\"},\"wordCount\":914,\"publisher\":{\"@id\":\"https:\/\/editions.grandpalaisrmn.fr\/blog\/#organization\"},\"image\":{\"@id\":\"https:\/\/editions.grandpalaisrmn.fr\/blog\/david-foenkinos\/#primaryimage\"},\"thumbnailUrl\":\"https:\/\/editions.grandpalaisrmn.fr\/blog\/wp-content\/uploads\/2024\/11\/article_21-01.jpg\",\"articleSection\":[\"\u00c9dition\",\"Personnalit\u00e9 de la culture\"],\"inLanguage\":\"fr-FR\"},{\"@type\":\"WebPage\",\"@id\":\"https:\/\/editions.grandpalaisrmn.fr\/blog\/david-foenkinos\/\",\"url\":\"https:\/\/editions.grandpalaisrmn.fr\/blog\/david-foenkinos\/\",\"name\":\"L\u2019invit\u00e9 des \u00e9ditions : David Foenkinos\",\"isPartOf\":{\"@id\":\"https:\/\/editions.grandpalaisrmn.fr\/blog\/#website\"},\"primaryImageOfPage\":{\"@id\":\"https:\/\/editions.grandpalaisrmn.fr\/blog\/david-foenkinos\/#primaryimage\"},\"image\":{\"@id\":\"https:\/\/editions.grandpalaisrmn.fr\/blog\/david-foenkinos\/#primaryimage\"},\"thumbnailUrl\":\"https:\/\/editions.grandpalaisrmn.fr\/blog\/wp-content\/uploads\/2024\/11\/article_21-01.jpg\",\"datePublished\":\"2024-11-08T10:15:29+00:00\",\"dateModified\":\"2024-11-08T11:19:58+00:00\",\"description\":\"David Foenkinos nous parle de son rapport \u00e0 l'art, de l'impressionnisme et de la fa\u00e7on dont il initie ses enfants \u00e0 d\u00e9couverte de l'art\",\"breadcrumb\":{\"@id\":\"https:\/\/editions.grandpalaisrmn.fr\/blog\/david-foenkinos\/#breadcrumb\"},\"inLanguage\":\"fr-FR\",\"potentialAction\":[{\"@type\":\"ReadAction\",\"target\":[\"https:\/\/editions.grandpalaisrmn.fr\/blog\/david-foenkinos\/\"]}]},{\"@type\":\"ImageObject\",\"inLanguage\":\"fr-FR\",\"@id\":\"https:\/\/editions.grandpalaisrmn.fr\/blog\/david-foenkinos\/#primaryimage\",\"url\":\"https:\/\/editions.grandpalaisrmn.fr\/blog\/wp-content\/uploads\/2024\/11\/article_21-01.jpg\",\"contentUrl\":\"https:\/\/editions.grandpalaisrmn.fr\/blog\/wp-content\/uploads\/2024\/11\/article_21-01.jpg\",\"width\":1028,\"height\":928,\"caption\":\"Photographie de David Foenkinos qui tient dans ses mains et nous pr\u00e9sente notre publication\"},{\"@type\":\"BreadcrumbList\",\"@id\":\"https:\/\/editions.grandpalaisrmn.fr\/blog\/david-foenkinos\/#breadcrumb\",\"itemListElement\":[{\"@type\":\"ListItem\",\"position\":1,\"name\":\"Accueil\",\"item\":\"https:\/\/editions.grandpalaisrmn.fr\/blog\/\"},{\"@type\":\"ListItem\",\"position\":2,\"name\":\"L\u2019invit\u00e9 des \u00e9ditions : David Foenkinos\"}]},{\"@type\":\"WebSite\",\"@id\":\"https:\/\/editions.grandpalaisrmn.fr\/blog\/#website\",\"url\":\"https:\/\/editions.grandpalaisrmn.fr\/blog\/\",\"name\":\"Actualit\u00e9s de GrandPalaisRmn\u00c9ditions\",\"description\":\"\",\"publisher\":{\"@id\":\"https:\/\/editions.grandpalaisrmn.fr\/blog\/#organization\"},\"potentialAction\":[{\"@type\":\"SearchAction\",\"target\":{\"@type\":\"EntryPoint\",\"urlTemplate\":\"https:\/\/editions.grandpalaisrmn.fr\/blog\/?s={search_term_string}\"},\"query-input\":\"required name=search_term_string\"}],\"inLanguage\":\"fr-FR\"},{\"@type\":\"Organization\",\"@id\":\"https:\/\/editions.grandpalaisrmn.fr\/blog\/#organization\",\"name\":\"Les \u00e9ditions de la Rmn-GP\",\"url\":\"https:\/\/editions.grandpalaisrmn.fr\/blog\/\",\"logo\":{\"@type\":\"ImageObject\",\"inLanguage\":\"fr-FR\",\"@id\":\"https:\/\/editions.grandpalaisrmn.fr\/blog\/#\/schema\/logo\/image\/\",\"url\":\"https:\/\/editions.grandpalaisrmn.fr\/blog\/wp-content\/uploads\/2022\/06\/RMN-GP_logoNoir.png\",\"contentUrl\":\"https:\/\/editions.grandpalaisrmn.fr\/blog\/wp-content\/uploads\/2022\/06\/RMN-GP_logoNoir.png\",\"width\":787,\"height\":788,\"caption\":\"Les \u00e9ditions de la Rmn-GP\"},\"image\":{\"@id\":\"https:\/\/editions.grandpalaisrmn.fr\/blog\/#\/schema\/logo\/image\/\"},\"sameAs\":[\"https:\/\/www.facebook.com\/EditionsRmnGP\/\",\"https:\/\/www.pinterest.fr\/editionsRmnGP\",\"https:\/\/www.instagram.com\/les_editions_de_la_rmngp\/\"]},{\"@type\":\"Person\",\"@id\":\"https:\/\/editions.grandpalaisrmn.fr\/blog\/#\/schema\/person\/df4f655e9df6cfe1d48590c891fe6b82\",\"name\":\"admin\",\"image\":{\"@type\":\"ImageObject\",\"inLanguage\":\"fr-FR\",\"@id\":\"https:\/\/editions.grandpalaisrmn.fr\/blog\/#\/schema\/person\/image\/\",\"url\":\"https:\/\/secure.gravatar.com\/avatar\/2beb26b736c247331cd5f9cb1f595938?s=96&d=mm&r=g\",\"contentUrl\":\"https:\/\/secure.gravatar.com\/avatar\/2beb26b736c247331cd5f9cb1f595938?s=96&d=mm&r=g\",\"caption\":\"admin\"},\"sameAs\":[\"https:\/\/ppeditions.labrmngp.fr\/blog\"],\"url\":\"https:\/\/editions.grandpalaisrmn.fr\/blog\/author\/blog-admin_editions\/\"}]}<\/script>\n<!-- \/ Yoast SEO plugin. -->","yoast_head_json":{"title":"L\u2019invit\u00e9 des \u00e9ditions : David Foenkinos","description":"David Foenkinos nous parle de son rapport \u00e0 l'art, de l'impressionnisme et de la fa\u00e7on dont il initie ses enfants \u00e0 d\u00e9couverte de l'art","robots":{"index":"index","follow":"follow","max-snippet":"max-snippet:-1","max-image-preview":"max-image-preview:large","max-video-preview":"max-video-preview:-1"},"canonical":"https:\/\/editions.grandpalaisrmn.fr\/blog\/david-foenkinos\/","og_locale":"fr_FR","og_type":"article","og_title":"L\u2019invit\u00e9 des \u00e9ditions : David Foenkinos","og_description":"David Foenkinos nous parle de son rapport \u00e0 l'art, de l'impressionnisme et de la fa\u00e7on dont il initie ses enfants \u00e0 d\u00e9couverte de l'art","og_url":"https:\/\/editions.grandpalaisrmn.fr\/blog\/david-foenkinos\/","og_site_name":"Actualit\u00e9s de GrandPalaisRmn\u00c9ditions","article_publisher":"https:\/\/www.facebook.com\/EditionsRmnGP\/","article_published_time":"2024-11-08T10:15:29+00:00","article_modified_time":"2024-11-08T11:19:58+00:00","og_image":[{"width":1024,"height":782,"url":"https:\/\/editions.grandpalaisrmn.fr\/blog\/wp-content\/uploads\/2024\/11\/DFOenkinos_1204_RS.jpg","type":"image\/jpeg"}],"author":"admin","twitter_card":"summary_large_image","twitter_misc":{"\u00c9crit par":"admin","Dur\u00e9e de lecture estim\u00e9e":"5 minutes"},"schema":{"@context":"https:\/\/schema.org","@graph":[{"@type":"Article","@id":"https:\/\/editions.grandpalaisrmn.fr\/blog\/david-foenkinos\/#article","isPartOf":{"@id":"https:\/\/editions.grandpalaisrmn.fr\/blog\/david-foenkinos\/"},"author":{"name":"admin","@id":"https:\/\/editions.grandpalaisrmn.fr\/blog\/#\/schema\/person\/df4f655e9df6cfe1d48590c891fe6b82"},"headline":"L\u2019invit\u00e9 des \u00e9ditions : David Foenkinos","datePublished":"2024-11-08T10:15:29+00:00","dateModified":"2024-11-08T11:19:58+00:00","mainEntityOfPage":{"@id":"https:\/\/editions.grandpalaisrmn.fr\/blog\/david-foenkinos\/"},"wordCount":914,"publisher":{"@id":"https:\/\/editions.grandpalaisrmn.fr\/blog\/#organization"},"image":{"@id":"https:\/\/editions.grandpalaisrmn.fr\/blog\/david-foenkinos\/#primaryimage"},"thumbnailUrl":"https:\/\/editions.grandpalaisrmn.fr\/blog\/wp-content\/uploads\/2024\/11\/article_21-01.jpg","articleSection":["\u00c9dition","Personnalit\u00e9 de la culture"],"inLanguage":"fr-FR"},{"@type":"WebPage","@id":"https:\/\/editions.grandpalaisrmn.fr\/blog\/david-foenkinos\/","url":"https:\/\/editions.grandpalaisrmn.fr\/blog\/david-foenkinos\/","name":"L\u2019invit\u00e9 des \u00e9ditions : David Foenkinos","isPartOf":{"@id":"https:\/\/editions.grandpalaisrmn.fr\/blog\/#website"},"primaryImageOfPage":{"@id":"https:\/\/editions.grandpalaisrmn.fr\/blog\/david-foenkinos\/#primaryimage"},"image":{"@id":"https:\/\/editions.grandpalaisrmn.fr\/blog\/david-foenkinos\/#primaryimage"},"thumbnailUrl":"https:\/\/editions.grandpalaisrmn.fr\/blog\/wp-content\/uploads\/2024\/11\/article_21-01.jpg","datePublished":"2024-11-08T10:15:29+00:00","dateModified":"2024-11-08T11:19:58+00:00","description":"David Foenkinos nous parle de son rapport \u00e0 l'art, de l'impressionnisme et de la fa\u00e7on dont il initie ses enfants \u00e0 d\u00e9couverte de l'art","breadcrumb":{"@id":"https:\/\/editions.grandpalaisrmn.fr\/blog\/david-foenkinos\/#breadcrumb"},"inLanguage":"fr-FR","potentialAction":[{"@type":"ReadAction","target":["https:\/\/editions.grandpalaisrmn.fr\/blog\/david-foenkinos\/"]}]},{"@type":"ImageObject","inLanguage":"fr-FR","@id":"https:\/\/editions.grandpalaisrmn.fr\/blog\/david-foenkinos\/#primaryimage","url":"https:\/\/editions.grandpalaisrmn.fr\/blog\/wp-content\/uploads\/2024\/11\/article_21-01.jpg","contentUrl":"https:\/\/editions.grandpalaisrmn.fr\/blog\/wp-content\/uploads\/2024\/11\/article_21-01.jpg","width":1028,"height":928,"caption":"Photographie de David Foenkinos qui tient dans ses mains et nous pr\u00e9sente notre publication"},{"@type":"BreadcrumbList","@id":"https:\/\/editions.grandpalaisrmn.fr\/blog\/david-foenkinos\/#breadcrumb","itemListElement":[{"@type":"ListItem","position":1,"name":"Accueil","item":"https:\/\/editions.grandpalaisrmn.fr\/blog\/"},{"@type":"ListItem","position":2,"name":"L\u2019invit\u00e9 des \u00e9ditions : David Foenkinos"}]},{"@type":"WebSite","@id":"https:\/\/editions.grandpalaisrmn.fr\/blog\/#website","url":"https:\/\/editions.grandpalaisrmn.fr\/blog\/","name":"Actualit\u00e9s de GrandPalaisRmn\u00c9ditions","description":"","publisher":{"@id":"https:\/\/editions.grandpalaisrmn.fr\/blog\/#organization"},"potentialAction":[{"@type":"SearchAction","target":{"@type":"EntryPoint","urlTemplate":"https:\/\/editions.grandpalaisrmn.fr\/blog\/?s={search_term_string}"},"query-input":"required name=search_term_string"}],"inLanguage":"fr-FR"},{"@type":"Organization","@id":"https:\/\/editions.grandpalaisrmn.fr\/blog\/#organization","name":"Les \u00e9ditions de la Rmn-GP","url":"https:\/\/editions.grandpalaisrmn.fr\/blog\/","logo":{"@type":"ImageObject","inLanguage":"fr-FR","@id":"https:\/\/editions.grandpalaisrmn.fr\/blog\/#\/schema\/logo\/image\/","url":"https:\/\/editions.grandpalaisrmn.fr\/blog\/wp-content\/uploads\/2022\/06\/RMN-GP_logoNoir.png","contentUrl":"https:\/\/editions.grandpalaisrmn.fr\/blog\/wp-content\/uploads\/2022\/06\/RMN-GP_logoNoir.png","width":787,"height":788,"caption":"Les \u00e9ditions de la Rmn-GP"},"image":{"@id":"https:\/\/editions.grandpalaisrmn.fr\/blog\/#\/schema\/logo\/image\/"},"sameAs":["https:\/\/www.facebook.com\/EditionsRmnGP\/","https:\/\/www.pinterest.fr\/editionsRmnGP","https:\/\/www.instagram.com\/les_editions_de_la_rmngp\/"]},{"@type":"Person","@id":"https:\/\/editions.grandpalaisrmn.fr\/blog\/#\/schema\/person\/df4f655e9df6cfe1d48590c891fe6b82","name":"admin","image":{"@type":"ImageObject","inLanguage":"fr-FR","@id":"https:\/\/editions.grandpalaisrmn.fr\/blog\/#\/schema\/person\/image\/","url":"https:\/\/secure.gravatar.com\/avatar\/2beb26b736c247331cd5f9cb1f595938?s=96&d=mm&r=g","contentUrl":"https:\/\/secure.gravatar.com\/avatar\/2beb26b736c247331cd5f9cb1f595938?s=96&d=mm&r=g","caption":"admin"},"sameAs":["https:\/\/ppeditions.labrmngp.fr\/blog"],"url":"https:\/\/editions.grandpalaisrmn.fr\/blog\/author\/blog-admin_editions\/"}]}},"_links":{"self":[{"href":"https:\/\/editions.grandpalaisrmn.fr\/blog\/wp-json\/wp\/v2\/posts\/1857"}],"collection":[{"href":"https:\/\/editions.grandpalaisrmn.fr\/blog\/wp-json\/wp\/v2\/posts"}],"about":[{"href":"https:\/\/editions.grandpalaisrmn.fr\/blog\/wp-json\/wp\/v2\/types\/post"}],"author":[{"embeddable":true,"href":"https:\/\/editions.grandpalaisrmn.fr\/blog\/wp-json\/wp\/v2\/users\/1"}],"replies":[{"embeddable":true,"href":"https:\/\/editions.grandpalaisrmn.fr\/blog\/wp-json\/wp\/v2\/comments?post=1857"}],"version-history":[{"count":16,"href":"https:\/\/editions.grandpalaisrmn.fr\/blog\/wp-json\/wp\/v2\/posts\/1857\/revisions"}],"predecessor-version":[{"id":1906,"href":"https:\/\/editions.grandpalaisrmn.fr\/blog\/wp-json\/wp\/v2\/posts\/1857\/revisions\/1906"}],"wp:attachment":[{"href":"https:\/\/editions.grandpalaisrmn.fr\/blog\/wp-json\/wp\/v2\/media?parent=1857"}],"wp:term":[{"taxonomy":"category","embeddable":true,"href":"https:\/\/editions.grandpalaisrmn.fr\/blog\/wp-json\/wp\/v2\/categories?post=1857"},{"taxonomy":"post_tag","embeddable":true,"href":"https:\/\/editions.grandpalaisrmn.fr\/blog\/wp-json\/wp\/v2\/tags?post=1857"}],"curies":[{"name":"wp","href":"https:\/\/api.w.org\/{rel}","templated":true}]}}