{"id":190,"date":"2022-05-10T16:12:38","date_gmt":"2022-05-10T16:12:38","guid":{"rendered":"https:\/\/editions.grandpalaisrmn.fr\/blog\/?p=190"},"modified":"2023-07-19T08:45:06","modified_gmt":"2023-07-19T08:45:06","slug":"linvitee-des-editions-mona-achache","status":"publish","type":"post","link":"https:\/\/editions.grandpalaisrmn.fr\/blog\/linvitee-des-editions-mona-achache\/","title":{"rendered":"L\u2019invit\u00e9e des \u00e9ditions : Mona Achache"},"content":{"rendered":"<p class=\"Chapeau_Article\">Tous les mois, les \u00e9ditions invitent une personnalit\u00e9 \u00e0 choisir un ou plusieurs titres parmi leur catalogue. La s\u00e9lection et les commentaires livr\u00e9s par cet invit\u00e9 \u00e9clairent sans nul doute sa personnalit\u00e9\u00a0: \u00ab\u00a0Dis-moi ce que tu lis, je te dirai qui tu es.\u00a0\u00bb (Fran\u00e7ois Mauriac)<\/p>\n<p><img loading=\"lazy\" decoding=\"async\" class=\" wp-image-208 aligncenter\" src=\"https:\/\/editions.grandpalaisrmn.fr\/blog\/wp-content\/uploads\/2022\/05\/mona-achache-et-les-2-catalogues-Cinema-2-300x255.jpg\" alt=\"\" width=\"1024\" height=\"870\" srcset=\"https:\/\/editions.grandpalaisrmn.fr\/blog\/wp-content\/uploads\/2022\/05\/mona-achache-et-les-2-catalogues-Cinema-2-300x255.jpg 300w, https:\/\/editions.grandpalaisrmn.fr\/blog\/wp-content\/uploads\/2022\/05\/mona-achache-et-les-2-catalogues-Cinema-2-768x652.jpg 768w, https:\/\/editions.grandpalaisrmn.fr\/blog\/wp-content\/uploads\/2022\/05\/mona-achache-et-les-2-catalogues-Cinema-2.jpg 1024w\" sizes=\"(max-width: 1024px) 100vw, 1024px\" \/><\/p>\n<p>La s\u00e9lection de Mona Achache :<br \/>\nLa r\u00e9alisatrice a adapt\u00e9 \u00e0 l\u2019\u00e9cran le roman <em>L&rsquo;<\/em><em>\u00c9l\u00e9gance du h\u00e9risson,<\/em> de Muriel Barbery ; elle a tourn\u00e9 <em>Les Gazelles<\/em> et diff\u00e9rents documentaires et fictions pour la t\u00e9l\u00e9vision. Alors que le film qu&rsquo;elle vient de r\u00e9aliser, <em>C\u0153urs vaillants,<\/em>\u00a0sort en salle, elle se confie \u00e0 nos \u00e9ditions au sujet des deux titres : <em>Le Front de l\u2019art<\/em> et le catalogue d\u2019exposition <em>Enfin le cin\u00e9ma\u00a0!<\/em>.<\/p>\n<p><img loading=\"lazy\" decoding=\"async\" class=\" wp-image-211 aligncenter\" src=\"https:\/\/editions.grandpalaisrmn.fr\/blog\/wp-content\/uploads\/2022\/05\/rosevalland_enfinlecinema-300x221.jpg\" alt=\"\" width=\"486\" height=\"358\" srcset=\"https:\/\/editions.grandpalaisrmn.fr\/blog\/wp-content\/uploads\/2022\/05\/rosevalland_enfinlecinema-300x221.jpg 300w, https:\/\/editions.grandpalaisrmn.fr\/blog\/wp-content\/uploads\/2022\/05\/rosevalland_enfinlecinema.jpg 593w\" sizes=\"(max-width: 486px) 100vw, 486px\" \/><\/p>\n<p><a href=\"https:\/\/editions.grandpalaisrmn.fr\/fr\/editions\/NT106138\"><strong><em>Le Front de l\u2019art. D\u00e9fense des collections fran\u00e7aises, 1939-1945,<\/em><\/strong> de Rose Valland<\/a><\/p>\n<p>Rose, personnage principal du film C\u0153urs vaillants camp\u00e9 par Camille Cottin, est inspir\u00e9 de Rose Valland, grande figure de la R\u00e9sistance et de la sauvegarde des \u0153uvres spoli\u00e9es par les nazis en France. On la d\u00e9couvre, pendant la Seconde Guerre mondiale, conservatrice au mus\u00e9e du Jeu de Paume, puis au ch\u00e2teau de Chambord, alors utilis\u00e9s comme d\u00e9p\u00f4ts d\u2019\u0153uvres des mus\u00e9es nationaux<em>.<\/em><br \/>\n\u00ab\u00a0Soit je d\u00e9cidais de faire le portrait fid\u00e8le de Rose Valland, cette h\u00e9ro\u00efne incroyable, et je me plongeais dans sa vie, soit je partais de ce que je pouvais percevoir d\u2019elle et je m\u2019en \u00e9mancipais. Je voulais juste aller chercher l\u2019essence de ce qu\u2019elle a \u00e9t\u00e9, restituer ce que j\u2019ai pu percevoir de son temp\u00e9rament, de son rapport au courage, \u00e0 l\u2019engagement, au militantisme, \u00e0 la libert\u00e9 d\u2019\u00eatre qui elle voulait dans sa vie de femme et de conservatrice, et de n\u2019en faire qu\u2019\u00e0 sa t\u00eate\u00a0! Je me suis inspir\u00e9e de ce que je pouvais palper de ses \u00e9motions, de son caract\u00e8re. Volontairement, pour ne pas inhiber mon travail, je ne me suis pas inspir\u00e9e du livre de Rose Valland. Son personnage a n\u00e9anmoins guid\u00e9 sa construction. C\u2019est une libre inspiration. [\u2026] Je dois ma rencontre avec Rose Valland \u00e0 Jean Cottin, le producteur et sc\u00e9nariste du film. Son histoire a r\u00e9sonn\u00e9 en moi aussit\u00f4t\u2026 En 1999, le centre Pompidou a appel\u00e9 ma m\u00e8re pour lui annoncer qu\u2019un tableau, dont ma famille avait \u00e9t\u00e9 spoli\u00e9e en 1942, avait \u00e9t\u00e9 retrouv\u00e9. J\u2019ai demand\u00e9 \u00e0 ma cheffe d\u00e9coratrice qu\u2019il fasse partie du d\u00e9cor et qu\u2019il figure dans le bureau de Pierre Schommer, le responsable du d\u00e9p\u00f4t de Chambord. Au m\u00eame moment, la conservatrice du Mus\u00e9e dauphinois \u00e0 Grenoble, qui pr\u00e9parait son exposition sur Rose Valland, m\u2019appelle pour que le tableau rejoigne l\u2019exposition. Malheureusement, j\u2019ai d\u00fb d\u00e9cliner. Il s\u2019agit d\u2019un tableau sans valeur marchande, qui vient se noyer dans une caverne d\u2019Ali Baba d\u2019\u0153uvres d\u2019art, mais il a une histoire forte\u2026 Dans toutes les guerres, les forces obscures se sont toujours attach\u00e9es \u00e0 d\u00e9truire l\u2019art, la beaut\u00e9 et la fa\u00e7on qu\u2019avait chaque peuple d\u2019exprimer son identit\u00e9 en faisant du beau et en cr\u00e9ant. L\u2019art est la libert\u00e9 la plus totale. S\u2019y s\u2019attaquer, c\u2019est attaquer la plus belle part de notre humanit\u00e9. Il est n\u00e9cessaire que des personnes et des institutions continuent \u00e0 prot\u00e9ger le beau.\u00a0\u00bb<\/p>\n<figure id=\"attachment_194\" aria-describedby=\"caption-attachment-194\" style=\"width: 900px\" class=\"wp-caption aligncenter\"><img loading=\"lazy\" decoding=\"async\" class=\" wp-image-194\" src=\"https:\/\/editions.grandpalaisrmn.fr\/blog\/wp-content\/uploads\/2022\/05\/roseValland_Pierre-Schommer-300x169.jpg\" alt=\"Rose Valland et Pierre Shommer @\" width=\"900\" height=\"506\" srcset=\"https:\/\/editions.grandpalaisrmn.fr\/blog\/wp-content\/uploads\/2022\/05\/roseValland_Pierre-Schommer-300x169.jpg 300w, https:\/\/editions.grandpalaisrmn.fr\/blog\/wp-content\/uploads\/2022\/05\/roseValland_Pierre-Schommer-1024x576.jpg 1024w, https:\/\/editions.grandpalaisrmn.fr\/blog\/wp-content\/uploads\/2022\/05\/roseValland_Pierre-Schommer-768x432.jpg 768w, https:\/\/editions.grandpalaisrmn.fr\/blog\/wp-content\/uploads\/2022\/05\/roseValland_Pierre-Schommer-1536x864.jpg 1536w, https:\/\/editions.grandpalaisrmn.fr\/blog\/wp-content\/uploads\/2022\/05\/roseValland_Pierre-Schommer-2048x1152.jpg 2048w\" sizes=\"(max-width: 900px) 100vw, 900px\" \/><figcaption id=\"caption-attachment-194\" class=\"wp-caption-text\"><em>Rose Valland (Camille Cottin) et Pierre Schommer (Swann Arlaud) @ Film <\/em>C\u0153urs vaillants, de <em>Mona Achache<\/em><\/figcaption><\/figure>\n<p>&nbsp;<\/p>\n<p><a href=\"https:\/\/editions.grandpalaisrmn.fr\/fr\/editions\/EK197877\"><strong><em>Enfin le cin\u00e9ma ! Arts, images et spectacles en France (1833-1907). <\/em><\/strong>Le catalogue de l\u2019exposition au mus\u00e9e d\u2019Orsay (2021)<\/a><\/p>\n<p>\u00ab\u00a0Le catalogue est magnifique avec son papier brut et toutes ces photographies anciennes. Il me fait penser au travail de Frank Beauvais, en particulier \u00e0 son film\u00a0Ne croyez surtout pas que je hurle, o\u00f9 il raconte une histoire \u00e0 travers un montage d\u2019extraits de films, avec des commentaires en voix off. Aucun plan n\u2019a \u00e9t\u00e9 tourn\u00e9 ni ajout\u00e9. Frank Beauvais est un passionn\u00e9 qui doit vivre constamment avec des r\u00e9f\u00e9rences cin\u00e9matographiques. Ce catalogue me rappelle justement les photographies des vieux films qu\u2019il publie sur les r\u00e9seaux sociaux. Enfin le cin\u00e9ma\u00a0! sugg\u00e8re l\u2019id\u00e9e d\u2019un montage\u00a0; ce pourrait \u00eatre l\u2019histoire des arts et de la soci\u00e9t\u00e9 racont\u00e9e \u00e0 travers des photos de cin\u00e9ma, comme des extraits assembl\u00e9s.\u00a0\u00bb<\/p>\n<p>&nbsp;<\/p>\n<div class=\"CallToAction\">\n<p style=\"text-align: center;\">Consultez les catalogues recommand\u00e9s par Mona Achache :<br \/>\n<a href=\"https:\/\/editions.grandpalaisrmn.fr\/fr\/editions\/NT106138\">Le Front de l&rsquo;art\u00a0<\/a><br \/>\n<a href=\"https:\/\/editions.grandpalaisrmn.fr\/fr\/editions\/EK197877\">Enfin le cin\u00e9ma !<\/a><\/p>\n<\/div>\n","protected":false},"excerpt":{"rendered":"<p>Tous les mois, les \u00e9ditions invitent une personnalit\u00e9 \u00e0 choisir un ou plusieurs titres parmi leur catalogue. La s\u00e9lection et les commentaires livr\u00e9s par cet invit\u00e9 \u00e9clairent sans nul doute sa personnalit\u00e9\u00a0: \u00ab\u00a0Dis-moi ce que tu lis, je te dirai qui tu es.\u00a0\u00bb (Fran\u00e7ois Mauriac) La s\u00e9lection de Mona Achache : La r\u00e9alisatrice a adapt\u00e9&#8230;<\/p>\n","protected":false},"author":1,"featured_media":0,"comment_status":"open","ping_status":"closed","sticky":false,"template":"","format":"standard","meta":{"footnotes":""},"categories":[5],"tags":[],"class_list":["post-190","post","type-post","status-publish","format-standard","hentry","category-evenement"],"yoast_head":"<!-- This site is optimized with the Yoast SEO plugin v22.7 - https:\/\/yoast.com\/wordpress\/plugins\/seo\/ -->\n<title>L\u2019invit\u00e9e des \u00e9ditions : Mona Achache - Actualit\u00e9s de GrandPalaisRmn\u00c9ditions<\/title>\n<meta name=\"robots\" content=\"index, follow, max-snippet:-1, max-image-preview:large, max-video-preview:-1\" \/>\n<link rel=\"canonical\" href=\"https:\/\/editions.grandpalaisrmn.fr\/blog\/linvitee-des-editions-mona-achache\/\" \/>\n<meta property=\"og:locale\" content=\"fr_FR\" \/>\n<meta property=\"og:type\" content=\"article\" \/>\n<meta property=\"og:title\" content=\"L\u2019invit\u00e9e des \u00e9ditions : Mona Achache - Actualit\u00e9s de GrandPalaisRmn\u00c9ditions\" \/>\n<meta property=\"og:description\" content=\"Tous les mois, les \u00e9ditions invitent une personnalit\u00e9 \u00e0 choisir un ou plusieurs titres parmi leur catalogue. La s\u00e9lection et les commentaires livr\u00e9s par cet invit\u00e9 \u00e9clairent sans nul doute sa personnalit\u00e9\u00a0: \u00ab\u00a0Dis-moi ce que tu lis, je te dirai qui tu es.\u00a0\u00bb (Fran\u00e7ois Mauriac) La s\u00e9lection de Mona Achache : La r\u00e9alisatrice a adapt\u00e9...\" \/>\n<meta property=\"og:url\" content=\"https:\/\/editions.grandpalaisrmn.fr\/blog\/linvitee-des-editions-mona-achache\/\" \/>\n<meta property=\"og:site_name\" content=\"Actualit\u00e9s de GrandPalaisRmn\u00c9ditions\" \/>\n<meta property=\"article:publisher\" content=\"https:\/\/www.facebook.com\/EditionsRmnGP\/\" \/>\n<meta property=\"article:published_time\" content=\"2022-05-10T16:12:38+00:00\" \/>\n<meta property=\"article:modified_time\" content=\"2023-07-19T08:45:06+00:00\" \/>\n<meta property=\"og:image\" content=\"https:\/\/editions.grandpalaisrmn.fr\/blog\/wp-content\/uploads\/2022\/05\/mona-achache-et-les-2-catalogues-Cinema-2-300x255.jpg\" \/>\n<meta name=\"author\" content=\"admin\" \/>\n<meta name=\"twitter:card\" content=\"summary_large_image\" \/>\n<meta name=\"twitter:label1\" content=\"\u00c9crit par\" \/>\n\t<meta name=\"twitter:data1\" content=\"admin\" \/>\n\t<meta name=\"twitter:label2\" content=\"Dur\u00e9e de lecture estim\u00e9e\" \/>\n\t<meta name=\"twitter:data2\" content=\"4 minutes\" \/>\n<script type=\"application\/ld+json\" class=\"yoast-schema-graph\">{\"@context\":\"https:\/\/schema.org\",\"@graph\":[{\"@type\":\"Article\",\"@id\":\"https:\/\/editions.grandpalaisrmn.fr\/blog\/linvitee-des-editions-mona-achache\/#article\",\"isPartOf\":{\"@id\":\"https:\/\/editions.grandpalaisrmn.fr\/blog\/linvitee-des-editions-mona-achache\/\"},\"author\":{\"name\":\"admin\",\"@id\":\"https:\/\/editions.grandpalaisrmn.fr\/blog\/#\/schema\/person\/df4f655e9df6cfe1d48590c891fe6b82\"},\"headline\":\"L\u2019invit\u00e9e des \u00e9ditions : Mona Achache\",\"datePublished\":\"2022-05-10T16:12:38+00:00\",\"dateModified\":\"2023-07-19T08:45:06+00:00\",\"mainEntityOfPage\":{\"@id\":\"https:\/\/editions.grandpalaisrmn.fr\/blog\/linvitee-des-editions-mona-achache\/\"},\"wordCount\":783,\"commentCount\":0,\"publisher\":{\"@id\":\"https:\/\/editions.grandpalaisrmn.fr\/blog\/#organization\"},\"image\":{\"@id\":\"https:\/\/editions.grandpalaisrmn.fr\/blog\/linvitee-des-editions-mona-achache\/#primaryimage\"},\"thumbnailUrl\":\"https:\/\/editions.grandpalaisrmn.fr\/blog\/wp-content\/uploads\/2022\/05\/mona-achache-et-les-2-catalogues-Cinema-2-300x255.jpg\",\"articleSection\":[\"\u00c9v\u00e8nement\"],\"inLanguage\":\"fr-FR\",\"potentialAction\":[{\"@type\":\"CommentAction\",\"name\":\"Comment\",\"target\":[\"https:\/\/editions.grandpalaisrmn.fr\/blog\/linvitee-des-editions-mona-achache\/#respond\"]}]},{\"@type\":\"WebPage\",\"@id\":\"https:\/\/editions.grandpalaisrmn.fr\/blog\/linvitee-des-editions-mona-achache\/\",\"url\":\"https:\/\/editions.grandpalaisrmn.fr\/blog\/linvitee-des-editions-mona-achache\/\",\"name\":\"L\u2019invit\u00e9e des \u00e9ditions : Mona Achache - Actualit\u00e9s de GrandPalaisRmn\u00c9ditions\",\"isPartOf\":{\"@id\":\"https:\/\/editions.grandpalaisrmn.fr\/blog\/#website\"},\"primaryImageOfPage\":{\"@id\":\"https:\/\/editions.grandpalaisrmn.fr\/blog\/linvitee-des-editions-mona-achache\/#primaryimage\"},\"image\":{\"@id\":\"https:\/\/editions.grandpalaisrmn.fr\/blog\/linvitee-des-editions-mona-achache\/#primaryimage\"},\"thumbnailUrl\":\"https:\/\/editions.grandpalaisrmn.fr\/blog\/wp-content\/uploads\/2022\/05\/mona-achache-et-les-2-catalogues-Cinema-2-300x255.jpg\",\"datePublished\":\"2022-05-10T16:12:38+00:00\",\"dateModified\":\"2023-07-19T08:45:06+00:00\",\"breadcrumb\":{\"@id\":\"https:\/\/editions.grandpalaisrmn.fr\/blog\/linvitee-des-editions-mona-achache\/#breadcrumb\"},\"inLanguage\":\"fr-FR\",\"potentialAction\":[{\"@type\":\"ReadAction\",\"target\":[\"https:\/\/editions.grandpalaisrmn.fr\/blog\/linvitee-des-editions-mona-achache\/\"]}]},{\"@type\":\"ImageObject\",\"inLanguage\":\"fr-FR\",\"@id\":\"https:\/\/editions.grandpalaisrmn.fr\/blog\/linvitee-des-editions-mona-achache\/#primaryimage\",\"url\":\"https:\/\/editions.grandpalaisrmn.fr\/blog\/wp-content\/uploads\/2022\/05\/mona-achache-et-les-2-catalogues-Cinema-2.jpg\",\"contentUrl\":\"https:\/\/editions.grandpalaisrmn.fr\/blog\/wp-content\/uploads\/2022\/05\/mona-achache-et-les-2-catalogues-Cinema-2.jpg\",\"width\":1024,\"height\":869},{\"@type\":\"BreadcrumbList\",\"@id\":\"https:\/\/editions.grandpalaisrmn.fr\/blog\/linvitee-des-editions-mona-achache\/#breadcrumb\",\"itemListElement\":[{\"@type\":\"ListItem\",\"position\":1,\"name\":\"Accueil\",\"item\":\"https:\/\/editions.grandpalaisrmn.fr\/blog\/\"},{\"@type\":\"ListItem\",\"position\":2,\"name\":\"L\u2019invit\u00e9e des \u00e9ditions : Mona Achache\"}]},{\"@type\":\"WebSite\",\"@id\":\"https:\/\/editions.grandpalaisrmn.fr\/blog\/#website\",\"url\":\"https:\/\/editions.grandpalaisrmn.fr\/blog\/\",\"name\":\"Actualit\u00e9s de GrandPalaisRmn\u00c9ditions\",\"description\":\"\",\"publisher\":{\"@id\":\"https:\/\/editions.grandpalaisrmn.fr\/blog\/#organization\"},\"potentialAction\":[{\"@type\":\"SearchAction\",\"target\":{\"@type\":\"EntryPoint\",\"urlTemplate\":\"https:\/\/editions.grandpalaisrmn.fr\/blog\/?s={search_term_string}\"},\"query-input\":\"required name=search_term_string\"}],\"inLanguage\":\"fr-FR\"},{\"@type\":\"Organization\",\"@id\":\"https:\/\/editions.grandpalaisrmn.fr\/blog\/#organization\",\"name\":\"Les \u00e9ditions de la Rmn-GP\",\"url\":\"https:\/\/editions.grandpalaisrmn.fr\/blog\/\",\"logo\":{\"@type\":\"ImageObject\",\"inLanguage\":\"fr-FR\",\"@id\":\"https:\/\/editions.grandpalaisrmn.fr\/blog\/#\/schema\/logo\/image\/\",\"url\":\"https:\/\/editions.grandpalaisrmn.fr\/blog\/wp-content\/uploads\/2022\/06\/RMN-GP_logoNoir.png\",\"contentUrl\":\"https:\/\/editions.grandpalaisrmn.fr\/blog\/wp-content\/uploads\/2022\/06\/RMN-GP_logoNoir.png\",\"width\":787,\"height\":788,\"caption\":\"Les \u00e9ditions de la Rmn-GP\"},\"image\":{\"@id\":\"https:\/\/editions.grandpalaisrmn.fr\/blog\/#\/schema\/logo\/image\/\"},\"sameAs\":[\"https:\/\/www.facebook.com\/EditionsRmnGP\/\",\"https:\/\/www.pinterest.fr\/editionsRmnGP\",\"https:\/\/www.instagram.com\/les_editions_de_la_rmngp\/\"]},{\"@type\":\"Person\",\"@id\":\"https:\/\/editions.grandpalaisrmn.fr\/blog\/#\/schema\/person\/df4f655e9df6cfe1d48590c891fe6b82\",\"name\":\"admin\",\"image\":{\"@type\":\"ImageObject\",\"inLanguage\":\"fr-FR\",\"@id\":\"https:\/\/editions.grandpalaisrmn.fr\/blog\/#\/schema\/person\/image\/\",\"url\":\"https:\/\/secure.gravatar.com\/avatar\/2beb26b736c247331cd5f9cb1f595938?s=96&d=mm&r=g\",\"contentUrl\":\"https:\/\/secure.gravatar.com\/avatar\/2beb26b736c247331cd5f9cb1f595938?s=96&d=mm&r=g\",\"caption\":\"admin\"},\"sameAs\":[\"https:\/\/ppeditions.labrmngp.fr\/blog\"],\"url\":\"https:\/\/editions.grandpalaisrmn.fr\/blog\/author\/blog-admin_editions\/\"}]}<\/script>\n<!-- \/ Yoast SEO plugin. -->","yoast_head_json":{"title":"L\u2019invit\u00e9e des \u00e9ditions : Mona Achache - Actualit\u00e9s de GrandPalaisRmn\u00c9ditions","robots":{"index":"index","follow":"follow","max-snippet":"max-snippet:-1","max-image-preview":"max-image-preview:large","max-video-preview":"max-video-preview:-1"},"canonical":"https:\/\/editions.grandpalaisrmn.fr\/blog\/linvitee-des-editions-mona-achache\/","og_locale":"fr_FR","og_type":"article","og_title":"L\u2019invit\u00e9e des \u00e9ditions : Mona Achache - Actualit\u00e9s de GrandPalaisRmn\u00c9ditions","og_description":"Tous les mois, les \u00e9ditions invitent une personnalit\u00e9 \u00e0 choisir un ou plusieurs titres parmi leur catalogue. La s\u00e9lection et les commentaires livr\u00e9s par cet invit\u00e9 \u00e9clairent sans nul doute sa personnalit\u00e9\u00a0: \u00ab\u00a0Dis-moi ce que tu lis, je te dirai qui tu es.\u00a0\u00bb (Fran\u00e7ois Mauriac) La s\u00e9lection de Mona Achache : La r\u00e9alisatrice a adapt\u00e9...","og_url":"https:\/\/editions.grandpalaisrmn.fr\/blog\/linvitee-des-editions-mona-achache\/","og_site_name":"Actualit\u00e9s de GrandPalaisRmn\u00c9ditions","article_publisher":"https:\/\/www.facebook.com\/EditionsRmnGP\/","article_published_time":"2022-05-10T16:12:38+00:00","article_modified_time":"2023-07-19T08:45:06+00:00","og_image":[{"url":"https:\/\/editions.grandpalaisrmn.fr\/blog\/wp-content\/uploads\/2022\/05\/mona-achache-et-les-2-catalogues-Cinema-2-300x255.jpg"}],"author":"admin","twitter_card":"summary_large_image","twitter_misc":{"\u00c9crit par":"admin","Dur\u00e9e de lecture estim\u00e9e":"4 minutes"},"schema":{"@context":"https:\/\/schema.org","@graph":[{"@type":"Article","@id":"https:\/\/editions.grandpalaisrmn.fr\/blog\/linvitee-des-editions-mona-achache\/#article","isPartOf":{"@id":"https:\/\/editions.grandpalaisrmn.fr\/blog\/linvitee-des-editions-mona-achache\/"},"author":{"name":"admin","@id":"https:\/\/editions.grandpalaisrmn.fr\/blog\/#\/schema\/person\/df4f655e9df6cfe1d48590c891fe6b82"},"headline":"L\u2019invit\u00e9e des \u00e9ditions : Mona Achache","datePublished":"2022-05-10T16:12:38+00:00","dateModified":"2023-07-19T08:45:06+00:00","mainEntityOfPage":{"@id":"https:\/\/editions.grandpalaisrmn.fr\/blog\/linvitee-des-editions-mona-achache\/"},"wordCount":783,"commentCount":0,"publisher":{"@id":"https:\/\/editions.grandpalaisrmn.fr\/blog\/#organization"},"image":{"@id":"https:\/\/editions.grandpalaisrmn.fr\/blog\/linvitee-des-editions-mona-achache\/#primaryimage"},"thumbnailUrl":"https:\/\/editions.grandpalaisrmn.fr\/blog\/wp-content\/uploads\/2022\/05\/mona-achache-et-les-2-catalogues-Cinema-2-300x255.jpg","articleSection":["\u00c9v\u00e8nement"],"inLanguage":"fr-FR","potentialAction":[{"@type":"CommentAction","name":"Comment","target":["https:\/\/editions.grandpalaisrmn.fr\/blog\/linvitee-des-editions-mona-achache\/#respond"]}]},{"@type":"WebPage","@id":"https:\/\/editions.grandpalaisrmn.fr\/blog\/linvitee-des-editions-mona-achache\/","url":"https:\/\/editions.grandpalaisrmn.fr\/blog\/linvitee-des-editions-mona-achache\/","name":"L\u2019invit\u00e9e des \u00e9ditions : Mona Achache - Actualit\u00e9s de GrandPalaisRmn\u00c9ditions","isPartOf":{"@id":"https:\/\/editions.grandpalaisrmn.fr\/blog\/#website"},"primaryImageOfPage":{"@id":"https:\/\/editions.grandpalaisrmn.fr\/blog\/linvitee-des-editions-mona-achache\/#primaryimage"},"image":{"@id":"https:\/\/editions.grandpalaisrmn.fr\/blog\/linvitee-des-editions-mona-achache\/#primaryimage"},"thumbnailUrl":"https:\/\/editions.grandpalaisrmn.fr\/blog\/wp-content\/uploads\/2022\/05\/mona-achache-et-les-2-catalogues-Cinema-2-300x255.jpg","datePublished":"2022-05-10T16:12:38+00:00","dateModified":"2023-07-19T08:45:06+00:00","breadcrumb":{"@id":"https:\/\/editions.grandpalaisrmn.fr\/blog\/linvitee-des-editions-mona-achache\/#breadcrumb"},"inLanguage":"fr-FR","potentialAction":[{"@type":"ReadAction","target":["https:\/\/editions.grandpalaisrmn.fr\/blog\/linvitee-des-editions-mona-achache\/"]}]},{"@type":"ImageObject","inLanguage":"fr-FR","@id":"https:\/\/editions.grandpalaisrmn.fr\/blog\/linvitee-des-editions-mona-achache\/#primaryimage","url":"https:\/\/editions.grandpalaisrmn.fr\/blog\/wp-content\/uploads\/2022\/05\/mona-achache-et-les-2-catalogues-Cinema-2.jpg","contentUrl":"https:\/\/editions.grandpalaisrmn.fr\/blog\/wp-content\/uploads\/2022\/05\/mona-achache-et-les-2-catalogues-Cinema-2.jpg","width":1024,"height":869},{"@type":"BreadcrumbList","@id":"https:\/\/editions.grandpalaisrmn.fr\/blog\/linvitee-des-editions-mona-achache\/#breadcrumb","itemListElement":[{"@type":"ListItem","position":1,"name":"Accueil","item":"https:\/\/editions.grandpalaisrmn.fr\/blog\/"},{"@type":"ListItem","position":2,"name":"L\u2019invit\u00e9e des \u00e9ditions : Mona Achache"}]},{"@type":"WebSite","@id":"https:\/\/editions.grandpalaisrmn.fr\/blog\/#website","url":"https:\/\/editions.grandpalaisrmn.fr\/blog\/","name":"Actualit\u00e9s de GrandPalaisRmn\u00c9ditions","description":"","publisher":{"@id":"https:\/\/editions.grandpalaisrmn.fr\/blog\/#organization"},"potentialAction":[{"@type":"SearchAction","target":{"@type":"EntryPoint","urlTemplate":"https:\/\/editions.grandpalaisrmn.fr\/blog\/?s={search_term_string}"},"query-input":"required name=search_term_string"}],"inLanguage":"fr-FR"},{"@type":"Organization","@id":"https:\/\/editions.grandpalaisrmn.fr\/blog\/#organization","name":"Les \u00e9ditions de la Rmn-GP","url":"https:\/\/editions.grandpalaisrmn.fr\/blog\/","logo":{"@type":"ImageObject","inLanguage":"fr-FR","@id":"https:\/\/editions.grandpalaisrmn.fr\/blog\/#\/schema\/logo\/image\/","url":"https:\/\/editions.grandpalaisrmn.fr\/blog\/wp-content\/uploads\/2022\/06\/RMN-GP_logoNoir.png","contentUrl":"https:\/\/editions.grandpalaisrmn.fr\/blog\/wp-content\/uploads\/2022\/06\/RMN-GP_logoNoir.png","width":787,"height":788,"caption":"Les \u00e9ditions de la Rmn-GP"},"image":{"@id":"https:\/\/editions.grandpalaisrmn.fr\/blog\/#\/schema\/logo\/image\/"},"sameAs":["https:\/\/www.facebook.com\/EditionsRmnGP\/","https:\/\/www.pinterest.fr\/editionsRmnGP","https:\/\/www.instagram.com\/les_editions_de_la_rmngp\/"]},{"@type":"Person","@id":"https:\/\/editions.grandpalaisrmn.fr\/blog\/#\/schema\/person\/df4f655e9df6cfe1d48590c891fe6b82","name":"admin","image":{"@type":"ImageObject","inLanguage":"fr-FR","@id":"https:\/\/editions.grandpalaisrmn.fr\/blog\/#\/schema\/person\/image\/","url":"https:\/\/secure.gravatar.com\/avatar\/2beb26b736c247331cd5f9cb1f595938?s=96&d=mm&r=g","contentUrl":"https:\/\/secure.gravatar.com\/avatar\/2beb26b736c247331cd5f9cb1f595938?s=96&d=mm&r=g","caption":"admin"},"sameAs":["https:\/\/ppeditions.labrmngp.fr\/blog"],"url":"https:\/\/editions.grandpalaisrmn.fr\/blog\/author\/blog-admin_editions\/"}]}},"_links":{"self":[{"href":"https:\/\/editions.grandpalaisrmn.fr\/blog\/wp-json\/wp\/v2\/posts\/190"}],"collection":[{"href":"https:\/\/editions.grandpalaisrmn.fr\/blog\/wp-json\/wp\/v2\/posts"}],"about":[{"href":"https:\/\/editions.grandpalaisrmn.fr\/blog\/wp-json\/wp\/v2\/types\/post"}],"author":[{"embeddable":true,"href":"https:\/\/editions.grandpalaisrmn.fr\/blog\/wp-json\/wp\/v2\/users\/1"}],"replies":[{"embeddable":true,"href":"https:\/\/editions.grandpalaisrmn.fr\/blog\/wp-json\/wp\/v2\/comments?post=190"}],"version-history":[{"count":27,"href":"https:\/\/editions.grandpalaisrmn.fr\/blog\/wp-json\/wp\/v2\/posts\/190\/revisions"}],"predecessor-version":[{"id":1087,"href":"https:\/\/editions.grandpalaisrmn.fr\/blog\/wp-json\/wp\/v2\/posts\/190\/revisions\/1087"}],"wp:attachment":[{"href":"https:\/\/editions.grandpalaisrmn.fr\/blog\/wp-json\/wp\/v2\/media?parent=190"}],"wp:term":[{"taxonomy":"category","embeddable":true,"href":"https:\/\/editions.grandpalaisrmn.fr\/blog\/wp-json\/wp\/v2\/categories?post=190"},{"taxonomy":"post_tag","embeddable":true,"href":"https:\/\/editions.grandpalaisrmn.fr\/blog\/wp-json\/wp\/v2\/tags?post=190"}],"curies":[{"name":"wp","href":"https:\/\/api.w.org\/{rel}","templated":true}]}}