{"id":2054,"date":"2025-03-06T14:37:56","date_gmt":"2025-03-06T14:37:56","guid":{"rendered":"https:\/\/editions.grandpalaisrmn.fr\/blog\/?p=2054"},"modified":"2025-03-10T08:41:35","modified_gmt":"2025-03-10T08:41:35","slug":"entre-livre-dart-et-livre-dhistoire","status":"publish","type":"post","link":"https:\/\/editions.grandpalaisrmn.fr\/blog\/entre-livre-dart-et-livre-dhistoire\/","title":{"rendered":"Entre livre d\u2019art et livre d\u2019histoire,  le catalogue <em>L\u2019art \u00ab\u00a0d\u00e9g\u00e9n\u00e9r\u00e9\u00a0\u00bb<\/em> fait la lumi\u00e8re sur une p\u00e9riode sombre"},"content":{"rendered":"<p class=\"Chapeau_Article\">\u00c0 l\u2019occasion de l\u2019exposition \u00ab\u00a0L\u2019art \u201cd\u00e9g\u00e9n\u00e9r\u00e9\u201d\u00a0: Le proc\u00e8s de l\u2019art moderne sous le nazisme\u00a0\u00bb, consacr\u00e9e au proc\u00e8s de l\u2019art moderne sous le nazisme et \u00e0 la place qu\u2019occupe Pablo Picasso \u2013 arch\u00e9type de l\u2019\u00ab\u00a0artiste d\u00e9g\u00e9n\u00e9r\u00e9\u00a0\u00bb \u2013 dans cette histoire, notre maison et le Mus\u00e9e national Picasso-Paris publient le premier catalogue de r\u00e9f\u00e9rence en fran\u00e7ais sur le sujet.<br \/>\nD\u00e9couvrez les coulisses de sa conception au travers de notre entretien avec Johan Popelard, commissaire de l\u2019exposition, et Fran\u00e7ois Dareau, charg\u00e9 de recherches au mus\u00e9e.<\/p>\n<figure id=\"attachment_2056\" aria-describedby=\"caption-attachment-2056\" style=\"width: 1024px\" class=\"wp-caption aligncenter\"><img loading=\"lazy\" decoding=\"async\" class=\"size-full wp-image-2056\" src=\"https:\/\/editions.grandpalaisrmn.fr\/blog\/wp-content\/uploads\/2025\/03\/illustration_1024.jpg\" alt=\"\" width=\"1024\" height=\"1024\" srcset=\"https:\/\/editions.grandpalaisrmn.fr\/blog\/wp-content\/uploads\/2025\/03\/illustration_1024.jpg 1024w, https:\/\/editions.grandpalaisrmn.fr\/blog\/wp-content\/uploads\/2025\/03\/illustration_1024-300x300.jpg 300w, https:\/\/editions.grandpalaisrmn.fr\/blog\/wp-content\/uploads\/2025\/03\/illustration_1024-150x150.jpg 150w, https:\/\/editions.grandpalaisrmn.fr\/blog\/wp-content\/uploads\/2025\/03\/illustration_1024-768x768.jpg 768w\" sizes=\"(max-width: 1024px) 100vw, 1024px\" \/><figcaption id=\"caption-attachment-2056\" class=\"wp-caption-text\">Johan Popelard, commissaire de l\u2019exposition et directeur de publication du catalogue<\/figcaption><\/figure>\n<p><strong>Johan Popelard<\/strong> : \u00ab Plus de 1 400 artistes ont \u00e9t\u00e9 bannis, conspu\u00e9s, an\u00e9antis par une id\u00e9ologie effroyable, qui laisse une cicatrice encore vive dans notre m\u00e9moire collective. L\u2019histoire de ces artistes, victimes du nazisme, a r\u00e9sonn\u00e9 avec une intensit\u00e9 particuli\u00e8re pour votre \u00e9quipe d\u2019\u00e9dition du GrandPalaisRmn et la n\u00f4tre, au-del\u00e0 de notre engagement professionnel. Ensemble, \u00e9diteur, graphiste, fabricant, commissaire et auteurs, nous avons cr\u00e9\u00e9 un ouvrage qui rend hommage \u00e0 ces artistes et qui constitue une archive pour la m\u00e9moire collective. Un catalogue fort, sur le plan graphique, qui met en valeur une iconographie riche et soign\u00e9e, avec une typographie sp\u00e9cifique pour la couverture,\u00a0 dessin\u00e9e par les graphistes, Pierre P\u00e9ronnet et Wijntje van Rooijen.<br \/>\n<img loading=\"lazy\" decoding=\"async\" class=\"size-full wp-image-2057 aligncenter\" src=\"https:\/\/editions.grandpalaisrmn.fr\/blog\/wp-content\/uploads\/2025\/03\/illustr-1_900.jpg\" alt=\"\" width=\"900\" height=\"743\" srcset=\"https:\/\/editions.grandpalaisrmn.fr\/blog\/wp-content\/uploads\/2025\/03\/illustr-1_900.jpg 900w, https:\/\/editions.grandpalaisrmn.fr\/blog\/wp-content\/uploads\/2025\/03\/illustr-1_900-300x248.jpg 300w, https:\/\/editions.grandpalaisrmn.fr\/blog\/wp-content\/uploads\/2025\/03\/illustr-1_900-768x634.jpg 768w\" sizes=\"(max-width: 900px) 100vw, 900px\" \/><br \/>\n\u00ab D\u00e8s les premi\u00e8res pages, le catalogue donne des visages \u00e0 la trag\u00e9die, en pr\u00e9sentant les portraits singuliers et les destins d\u2019artistes percut\u00e9s par l\u2019histoire. Une double page d\u00e9voile ensuite l\u2019ampleur de la pers\u00e9cution en donnant \u00e0 lire 1 400 noms d\u2019artistes stigmatis\u00e9s comme \u00ab\u00a0d\u00e9g\u00e9n\u00e9r\u00e9s\u00a0\u00bb. Il nous semblait important de montrer\u00a0le caract\u00e8re massif de cette campagne de purge artistique.<br \/>\n\u00ab Puis, pour rendre compte de la diversit\u00e9 des parcours individuels et de la politique nazie en mati\u00e8re d\u2019art, l&rsquo;ouvrage alterne des textes courts et cibl\u00e9s sur des \u0153uvres, des artistes et des institutions avec des essais panoramiques sur le march\u00e9 de l\u2019art, la r\u00e9action des mus\u00e9es allemands, l\u2019histoire du concept de d\u00e9g\u00e9n\u00e9rescence.<br \/>\n\u00ab Il explore aussi les r\u00e9ceptions vari\u00e9es, souvent contrast\u00e9es, de Pablo Picasso \u00e0 travers le temps et l\u2019espace. Le portrait de l\u2019artiste en \u201cd\u00e9g\u00e9n\u00e9r\u00e9\u201d rappelle qu\u2019il fut autant d\u00e9test\u00e9 qu\u2019admir\u00e9, notamment dans l\u2019Allemagne nazie et la France de l\u2019entre-deux-guerres et de l\u2019Occupation.<br \/>\n<img loading=\"lazy\" decoding=\"async\" class=\"size-full wp-image-2072 aligncenter\" src=\"https:\/\/editions.grandpalaisrmn.fr\/blog\/wp-content\/uploads\/2025\/03\/Picasso_900-1.jpg\" alt=\"\" width=\"900\" height=\"764\" srcset=\"https:\/\/editions.grandpalaisrmn.fr\/blog\/wp-content\/uploads\/2025\/03\/Picasso_900-1.jpg 900w, https:\/\/editions.grandpalaisrmn.fr\/blog\/wp-content\/uploads\/2025\/03\/Picasso_900-1-300x255.jpg 300w, https:\/\/editions.grandpalaisrmn.fr\/blog\/wp-content\/uploads\/2025\/03\/Picasso_900-1-768x652.jpg 768w\" sizes=\"(max-width: 900px) 100vw, 900px\" \/><\/p>\n<p><strong>Francois Dareau\u00a0:<\/strong> \u00ab Il nous semblait important de souligner l\u2019ambigu\u00eft\u00e9 de certains dirigeants nazis et m\u00eame de certaines figures d\u2019artistes. Hermann G\u00f6ring a secr\u00e8tement acquis des \u0153uvres d\u2019art consid\u00e9r\u00e9es comme d\u00e9g\u00e9n\u00e9r\u00e9es pour sa collection personnelle, tout en les condamnant. Le peintre Emil Nolde, collectionn\u00e9 par Joseph Goebbels, ministre de la Propagande, avait la carte du parti et d\u00e9fendait un \u00ab art allemand \u00bb, mais il figurait quand m\u00eame dans l\u2019exposition d\u2019art d\u00e9g\u00e9n\u00e9r\u00e9 de 1937, \u00e0 Munich, dans une mise en sc\u00e8ne con\u00e7ue pour provoquer le d\u00e9go\u00fbt du visiteur, parmi les toiles de grands noms de l\u2019art europ\u00e9en, de Picasso \u00e0 Chagall, en passant par des Allemands tels que George Grosz, Otto Dix ou Ernst Ludwig Kirchner.<br \/>\nPlusieurs \u0153uvres provenant de la collection Gurlitt sont reproduites dans le livre. Hildebrand Gurlitt, d\u2019abord promoteur de l\u2019art moderne sous la R\u00e9publique de Weimar, fut ensuite l\u2019un des quatre marchands d\u2019art mandat\u00e9s par le r\u00e9gime nazi pour vendre ou \u00e9changer les \u0153uvres confisqu\u00e9es. Il constitua ainsi une vaste collection personnelle d\u2019\u0153uvres confisqu\u00e9es ou spoli\u00e9es, qu\u2019il a pr\u00e9tendue d\u00e9truite lors d\u2019un bombardement. Ce n\u2019est qu\u2019en 2012, \u00e0 l\u2019occasion d\u2019un contr\u00f4le d\u2019identit\u00e9 de son fils, que les autorit\u00e9s bavaroises ont d\u00e9couvert cette collection ! \u00bb<img loading=\"lazy\" decoding=\"async\" class=\"size-full wp-image-2065 aligncenter\" src=\"https:\/\/editions.grandpalaisrmn.fr\/blog\/wp-content\/uploads\/2025\/03\/tableaux_900-1.jpg\" alt=\"\" width=\"900\" height=\"799\" srcset=\"https:\/\/editions.grandpalaisrmn.fr\/blog\/wp-content\/uploads\/2025\/03\/tableaux_900-1.jpg 900w, https:\/\/editions.grandpalaisrmn.fr\/blog\/wp-content\/uploads\/2025\/03\/tableaux_900-1-300x266.jpg 300w, https:\/\/editions.grandpalaisrmn.fr\/blog\/wp-content\/uploads\/2025\/03\/tableaux_900-1-768x682.jpg 768w\" sizes=\"(max-width: 900px) 100vw, 900px\" \/><br \/>\n<strong>Johan Popelard<\/strong>\u00a0: \u00ab\u00a0L\u2019exposition et le catalogue se sont construits en miroir, dans une dialectique \u00e9troite. Les recherches pour le livre ont nourri la conception de l\u2019exposition et inversement. Pour les textes, nous avons fait appel \u00e0 diff\u00e9rents profils d\u2019auteurs\u00a0: des historiens, des historiens de l\u2019art et des conservateurs de mus\u00e9es allemands qui ont une connaissance fine des collections dont ils ont la charge et qui sont pr\u00eateurs pour l\u2019exposition. La sp\u00e9cificit\u00e9 de cet ouvrage est cette id\u00e9e de pouvoir r\u00e9unir des chercheurs francophones et germanophones, puisque l\u2019essentiel de l\u2019histoire que l\u2019on raconte s\u2019est d\u00e9roul\u00e9e en Allemagne. Il \u00e9tait important de donner une voix \u00e0 ces institutions, d\u2019autant que les recherches sont tr\u00e8s vivantes en Allemagne sur ce sujet depuis une trentaine d\u2019ann\u00e9es.<br \/>\nPour rendre compte de la r\u00e9alit\u00e9 des faits, nous avons souhait\u00e9 pr\u00e9senter une documentation photographique importante. Une iconographie abondante documente ainsi le catalogue et apporte des \u00e9l\u00e9ments concrets. La plupart des images, propos\u00e9es par les auteurs, proviennent de la BPK, l\u2019agence photographique patrimoniale allemande, l\u2019\u00e9quivalent de votre <a href=\"https:\/\/photo.grandpalaisrmn.fr\/\" target=\"_blank\" rel=\"noopener\">agence photographique du GrandPalaisRmn<\/a>, qui, d\u2019ailleurs, les diffuse en France.\u00a0\u00bb<\/p>\n<p>&nbsp;<\/p>\n<p>\u00c0 la crois\u00e9e du livre d\u2019art et du livre d\u2019histoire, le catalogue explore les chefs-d\u2019\u0153uvre d\u2019artistes stigmatis\u00e9s, tels Kandinsky, Klee ou Kirchner. Et, au-del\u00e0 de l\u2019exposition, \u00ab\u00a0l\u2019ouvrage propose une v\u00e9ritable enqu\u00eate intellectuelle, une arch\u00e9ologie du concept de \u201cd\u00e9g\u00e9n\u00e9rescence\u201d, qui \u00e9merge au cours du <span class=\"pcap\">xix<\/span><sup>e<\/sup>\u00a0si\u00e8cle et s\u2019appuie sur des fondements biologiques et raciaux dans diff\u00e9rentes disciplines. Le livre retrace cette longue histoire, dont les racines plongent loin dans le pass\u00e9, jusqu\u2019\u00e0 son point culminant\u00a0: la cristallisation d\u2019une id\u00e9ologie dans une action politique d\u2019une extr\u00eame violence.\u00a0\u00bb (Johan Popelard)<\/p>\n<div class=\"CallToAction\">\n<p style=\"text-align: center;\"><a href=\"https:\/\/editions.grandpalaisrmn.fr\/fr\/editions\/EK198134\">Commandez le catalogue d\u2019exposition <\/a><\/p>\n<p style=\"text-align: center;\"><a href=\"https:\/\/editions.grandpalaisrmn.fr\/fr\/editions\/par-musee\/paris_musee-national-picasso-paris\">D\u00e9couvrez nos publications pour le mus\u00e9e Picasso-Paris<\/a><\/p>\n<p style=\"text-align: center;\"><a href=\"https:\/\/www.museepicassoparis.fr\/fr\/lart-degenere-le-proces-de-lart-moderne-sous-le-nazisme\">Visitez le site du mus\u00e9e Picasso-Paris<\/a><\/p>\n<p style=\"text-align: center;\"><a href=\"https:\/\/editions.grandpalaisrmn.fr\/fr\/editions\/lettre-information\">Suivez notre actualit\u00e9 et abonnez-vous \u00e0 notre magazine<\/a><\/p>\n<\/div>\n","protected":false},"excerpt":{"rendered":"<p>\u00c0 l\u2019occasion de l\u2019exposition \u00ab\u00a0L\u2019art \u201cd\u00e9g\u00e9n\u00e9r\u00e9\u201d\u00a0: Le proc\u00e8s de l\u2019art moderne sous le nazisme\u00a0\u00bb, consacr\u00e9e au proc\u00e8s de l\u2019art moderne sous le nazisme et \u00e0 la place qu\u2019occupe Pablo Picasso \u2013 arch\u00e9type de l\u2019\u00ab\u00a0artiste d\u00e9g\u00e9n\u00e9r\u00e9\u00a0\u00bb \u2013 dans cette histoire, notre maison et le Mus\u00e9e national Picasso-Paris publient le premier catalogue de r\u00e9f\u00e9rence en fran\u00e7ais sur&#8230;<\/p>\n","protected":false},"author":1,"featured_media":0,"comment_status":"closed","ping_status":"closed","sticky":false,"template":"","format":"standard","meta":{"footnotes":""},"categories":[3],"tags":[],"class_list":["post-2054","post","type-post","status-publish","format-standard","hentry","category-edition"],"yoast_head":"<!-- This site is optimized with the Yoast SEO plugin v22.7 - https:\/\/yoast.com\/wordpress\/plugins\/seo\/ -->\n<title>L\u2019art \u201cd\u00e9g\u00e9n\u00e9r\u00e9\u201d, premier catalogue de r\u00e9f\u00e9rence en fran\u00e7ais sur le sujet<\/title>\n<meta name=\"description\" content=\"\u00c0 la crois\u00e9e du livre d\u2019art et du livre d\u2019histoire, ce catalogue explore les chefs-d\u2019\u0153uvre d\u2019artistes stigmatis\u00e9s, tels Kandinsky, Klee ou Kirchner\" \/>\n<meta name=\"robots\" content=\"index, follow, max-snippet:-1, max-image-preview:large, max-video-preview:-1\" \/>\n<link rel=\"canonical\" href=\"https:\/\/editions.grandpalaisrmn.fr\/blog\/entre-livre-dart-et-livre-dhistoire\/\" \/>\n<meta property=\"og:locale\" content=\"fr_FR\" \/>\n<meta property=\"og:type\" content=\"article\" \/>\n<meta property=\"og:title\" content=\"L\u2019art \u201cd\u00e9g\u00e9n\u00e9r\u00e9\u201d, premier catalogue de r\u00e9f\u00e9rence en fran\u00e7ais sur le sujet\" \/>\n<meta property=\"og:description\" content=\"\u00c0 la crois\u00e9e du livre d\u2019art et du livre d\u2019histoire, ce catalogue explore les chefs-d\u2019\u0153uvre d\u2019artistes stigmatis\u00e9s, tels Kandinsky, Klee ou Kirchner\" \/>\n<meta property=\"og:url\" content=\"https:\/\/editions.grandpalaisrmn.fr\/blog\/entre-livre-dart-et-livre-dhistoire\/\" \/>\n<meta property=\"og:site_name\" content=\"Actualit\u00e9s de GrandPalaisRmn\u00c9ditions\" \/>\n<meta property=\"article:publisher\" content=\"https:\/\/www.facebook.com\/EditionsRmnGP\/\" \/>\n<meta property=\"article:published_time\" content=\"2025-03-06T14:37:56+00:00\" \/>\n<meta property=\"article:modified_time\" content=\"2025-03-10T08:41:35+00:00\" \/>\n<meta property=\"og:image\" content=\"https:\/\/editions.grandpalaisrmn.fr\/blog\/wp-content\/uploads\/2025\/03\/illustration_1024-1.jpg\" \/>\n\t<meta property=\"og:image:width\" content=\"1024\" \/>\n\t<meta property=\"og:image:height\" content=\"668\" \/>\n\t<meta property=\"og:image:type\" content=\"image\/jpeg\" \/>\n<meta name=\"author\" content=\"admin\" \/>\n<meta name=\"twitter:card\" content=\"summary_large_image\" \/>\n<meta name=\"twitter:label1\" content=\"\u00c9crit par\" \/>\n\t<meta name=\"twitter:data1\" content=\"admin\" \/>\n\t<meta name=\"twitter:label2\" content=\"Dur\u00e9e de lecture estim\u00e9e\" \/>\n\t<meta name=\"twitter:data2\" content=\"6 minutes\" \/>\n<script type=\"application\/ld+json\" class=\"yoast-schema-graph\">{\"@context\":\"https:\/\/schema.org\",\"@graph\":[{\"@type\":\"Article\",\"@id\":\"https:\/\/editions.grandpalaisrmn.fr\/blog\/entre-livre-dart-et-livre-dhistoire\/#article\",\"isPartOf\":{\"@id\":\"https:\/\/editions.grandpalaisrmn.fr\/blog\/entre-livre-dart-et-livre-dhistoire\/\"},\"author\":{\"name\":\"admin\",\"@id\":\"https:\/\/editions.grandpalaisrmn.fr\/blog\/#\/schema\/person\/df4f655e9df6cfe1d48590c891fe6b82\"},\"headline\":\"Entre livre d\u2019art et livre d\u2019histoire, le catalogue L\u2019art \u00ab\u00a0d\u00e9g\u00e9n\u00e9r\u00e9\u00a0\u00bb fait la lumi\u00e8re sur une p\u00e9riode sombre\",\"datePublished\":\"2025-03-06T14:37:56+00:00\",\"dateModified\":\"2025-03-10T08:41:35+00:00\",\"mainEntityOfPage\":{\"@id\":\"https:\/\/editions.grandpalaisrmn.fr\/blog\/entre-livre-dart-et-livre-dhistoire\/\"},\"wordCount\":1040,\"publisher\":{\"@id\":\"https:\/\/editions.grandpalaisrmn.fr\/blog\/#organization\"},\"image\":{\"@id\":\"https:\/\/editions.grandpalaisrmn.fr\/blog\/entre-livre-dart-et-livre-dhistoire\/#primaryimage\"},\"thumbnailUrl\":\"https:\/\/editions.grandpalaisrmn.fr\/blog\/wp-content\/uploads\/2025\/03\/illustration_1024.jpg\",\"articleSection\":[\"\u00c9dition\"],\"inLanguage\":\"fr-FR\"},{\"@type\":\"WebPage\",\"@id\":\"https:\/\/editions.grandpalaisrmn.fr\/blog\/entre-livre-dart-et-livre-dhistoire\/\",\"url\":\"https:\/\/editions.grandpalaisrmn.fr\/blog\/entre-livre-dart-et-livre-dhistoire\/\",\"name\":\"L\u2019art \u201cd\u00e9g\u00e9n\u00e9r\u00e9\u201d, premier catalogue de r\u00e9f\u00e9rence en fran\u00e7ais sur le sujet\",\"isPartOf\":{\"@id\":\"https:\/\/editions.grandpalaisrmn.fr\/blog\/#website\"},\"primaryImageOfPage\":{\"@id\":\"https:\/\/editions.grandpalaisrmn.fr\/blog\/entre-livre-dart-et-livre-dhistoire\/#primaryimage\"},\"image\":{\"@id\":\"https:\/\/editions.grandpalaisrmn.fr\/blog\/entre-livre-dart-et-livre-dhistoire\/#primaryimage\"},\"thumbnailUrl\":\"https:\/\/editions.grandpalaisrmn.fr\/blog\/wp-content\/uploads\/2025\/03\/illustration_1024.jpg\",\"datePublished\":\"2025-03-06T14:37:56+00:00\",\"dateModified\":\"2025-03-10T08:41:35+00:00\",\"description\":\"\u00c0 la crois\u00e9e du livre d\u2019art et du livre d\u2019histoire, ce catalogue explore les chefs-d\u2019\u0153uvre d\u2019artistes stigmatis\u00e9s, tels Kandinsky, Klee ou Kirchner\",\"breadcrumb\":{\"@id\":\"https:\/\/editions.grandpalaisrmn.fr\/blog\/entre-livre-dart-et-livre-dhistoire\/#breadcrumb\"},\"inLanguage\":\"fr-FR\",\"potentialAction\":[{\"@type\":\"ReadAction\",\"target\":[\"https:\/\/editions.grandpalaisrmn.fr\/blog\/entre-livre-dart-et-livre-dhistoire\/\"]}]},{\"@type\":\"ImageObject\",\"inLanguage\":\"fr-FR\",\"@id\":\"https:\/\/editions.grandpalaisrmn.fr\/blog\/entre-livre-dart-et-livre-dhistoire\/#primaryimage\",\"url\":\"https:\/\/editions.grandpalaisrmn.fr\/blog\/wp-content\/uploads\/2025\/03\/illustration_1024.jpg\",\"contentUrl\":\"https:\/\/editions.grandpalaisrmn.fr\/blog\/wp-content\/uploads\/2025\/03\/illustration_1024.jpg\",\"width\":1024,\"height\":1024,\"caption\":\"Johan Popelard, commissaire de l''exposition et directeur de publication du catalogue\"},{\"@type\":\"BreadcrumbList\",\"@id\":\"https:\/\/editions.grandpalaisrmn.fr\/blog\/entre-livre-dart-et-livre-dhistoire\/#breadcrumb\",\"itemListElement\":[{\"@type\":\"ListItem\",\"position\":1,\"name\":\"Accueil\",\"item\":\"https:\/\/editions.grandpalaisrmn.fr\/blog\/\"},{\"@type\":\"ListItem\",\"position\":2,\"name\":\"Entre livre d\u2019art et livre d\u2019histoire, le catalogue L\u2019art \u00ab\u00a0d\u00e9g\u00e9n\u00e9r\u00e9\u00a0\u00bb fait la lumi\u00e8re sur une p\u00e9riode sombre\"}]},{\"@type\":\"WebSite\",\"@id\":\"https:\/\/editions.grandpalaisrmn.fr\/blog\/#website\",\"url\":\"https:\/\/editions.grandpalaisrmn.fr\/blog\/\",\"name\":\"Actualit\u00e9s de GrandPalaisRmn\u00c9ditions\",\"description\":\"\",\"publisher\":{\"@id\":\"https:\/\/editions.grandpalaisrmn.fr\/blog\/#organization\"},\"potentialAction\":[{\"@type\":\"SearchAction\",\"target\":{\"@type\":\"EntryPoint\",\"urlTemplate\":\"https:\/\/editions.grandpalaisrmn.fr\/blog\/?s={search_term_string}\"},\"query-input\":\"required name=search_term_string\"}],\"inLanguage\":\"fr-FR\"},{\"@type\":\"Organization\",\"@id\":\"https:\/\/editions.grandpalaisrmn.fr\/blog\/#organization\",\"name\":\"Les \u00e9ditions de la Rmn-GP\",\"url\":\"https:\/\/editions.grandpalaisrmn.fr\/blog\/\",\"logo\":{\"@type\":\"ImageObject\",\"inLanguage\":\"fr-FR\",\"@id\":\"https:\/\/editions.grandpalaisrmn.fr\/blog\/#\/schema\/logo\/image\/\",\"url\":\"https:\/\/editions.grandpalaisrmn.fr\/blog\/wp-content\/uploads\/2022\/06\/RMN-GP_logoNoir.png\",\"contentUrl\":\"https:\/\/editions.grandpalaisrmn.fr\/blog\/wp-content\/uploads\/2022\/06\/RMN-GP_logoNoir.png\",\"width\":787,\"height\":788,\"caption\":\"Les \u00e9ditions de la Rmn-GP\"},\"image\":{\"@id\":\"https:\/\/editions.grandpalaisrmn.fr\/blog\/#\/schema\/logo\/image\/\"},\"sameAs\":[\"https:\/\/www.facebook.com\/EditionsRmnGP\/\",\"https:\/\/www.pinterest.fr\/editionsRmnGP\",\"https:\/\/www.instagram.com\/les_editions_de_la_rmngp\/\"]},{\"@type\":\"Person\",\"@id\":\"https:\/\/editions.grandpalaisrmn.fr\/blog\/#\/schema\/person\/df4f655e9df6cfe1d48590c891fe6b82\",\"name\":\"admin\",\"image\":{\"@type\":\"ImageObject\",\"inLanguage\":\"fr-FR\",\"@id\":\"https:\/\/editions.grandpalaisrmn.fr\/blog\/#\/schema\/person\/image\/\",\"url\":\"https:\/\/secure.gravatar.com\/avatar\/2beb26b736c247331cd5f9cb1f595938?s=96&d=mm&r=g\",\"contentUrl\":\"https:\/\/secure.gravatar.com\/avatar\/2beb26b736c247331cd5f9cb1f595938?s=96&d=mm&r=g\",\"caption\":\"admin\"},\"sameAs\":[\"https:\/\/ppeditions.labrmngp.fr\/blog\"],\"url\":\"https:\/\/editions.grandpalaisrmn.fr\/blog\/author\/blog-admin_editions\/\"}]}<\/script>\n<!-- \/ Yoast SEO plugin. -->","yoast_head_json":{"title":"L\u2019art \u201cd\u00e9g\u00e9n\u00e9r\u00e9\u201d, premier catalogue de r\u00e9f\u00e9rence en fran\u00e7ais sur le sujet","description":"\u00c0 la crois\u00e9e du livre d\u2019art et du livre d\u2019histoire, ce catalogue explore les chefs-d\u2019\u0153uvre d\u2019artistes stigmatis\u00e9s, tels Kandinsky, Klee ou Kirchner","robots":{"index":"index","follow":"follow","max-snippet":"max-snippet:-1","max-image-preview":"max-image-preview:large","max-video-preview":"max-video-preview:-1"},"canonical":"https:\/\/editions.grandpalaisrmn.fr\/blog\/entre-livre-dart-et-livre-dhistoire\/","og_locale":"fr_FR","og_type":"article","og_title":"L\u2019art \u201cd\u00e9g\u00e9n\u00e9r\u00e9\u201d, premier catalogue de r\u00e9f\u00e9rence en fran\u00e7ais sur le sujet","og_description":"\u00c0 la crois\u00e9e du livre d\u2019art et du livre d\u2019histoire, ce catalogue explore les chefs-d\u2019\u0153uvre d\u2019artistes stigmatis\u00e9s, tels Kandinsky, Klee ou Kirchner","og_url":"https:\/\/editions.grandpalaisrmn.fr\/blog\/entre-livre-dart-et-livre-dhistoire\/","og_site_name":"Actualit\u00e9s de GrandPalaisRmn\u00c9ditions","article_publisher":"https:\/\/www.facebook.com\/EditionsRmnGP\/","article_published_time":"2025-03-06T14:37:56+00:00","article_modified_time":"2025-03-10T08:41:35+00:00","og_image":[{"width":1024,"height":668,"url":"https:\/\/editions.grandpalaisrmn.fr\/blog\/wp-content\/uploads\/2025\/03\/illustration_1024-1.jpg","type":"image\/jpeg"}],"author":"admin","twitter_card":"summary_large_image","twitter_misc":{"\u00c9crit par":"admin","Dur\u00e9e de lecture estim\u00e9e":"6 minutes"},"schema":{"@context":"https:\/\/schema.org","@graph":[{"@type":"Article","@id":"https:\/\/editions.grandpalaisrmn.fr\/blog\/entre-livre-dart-et-livre-dhistoire\/#article","isPartOf":{"@id":"https:\/\/editions.grandpalaisrmn.fr\/blog\/entre-livre-dart-et-livre-dhistoire\/"},"author":{"name":"admin","@id":"https:\/\/editions.grandpalaisrmn.fr\/blog\/#\/schema\/person\/df4f655e9df6cfe1d48590c891fe6b82"},"headline":"Entre livre d\u2019art et livre d\u2019histoire, le catalogue L\u2019art \u00ab\u00a0d\u00e9g\u00e9n\u00e9r\u00e9\u00a0\u00bb fait la lumi\u00e8re sur une p\u00e9riode sombre","datePublished":"2025-03-06T14:37:56+00:00","dateModified":"2025-03-10T08:41:35+00:00","mainEntityOfPage":{"@id":"https:\/\/editions.grandpalaisrmn.fr\/blog\/entre-livre-dart-et-livre-dhistoire\/"},"wordCount":1040,"publisher":{"@id":"https:\/\/editions.grandpalaisrmn.fr\/blog\/#organization"},"image":{"@id":"https:\/\/editions.grandpalaisrmn.fr\/blog\/entre-livre-dart-et-livre-dhistoire\/#primaryimage"},"thumbnailUrl":"https:\/\/editions.grandpalaisrmn.fr\/blog\/wp-content\/uploads\/2025\/03\/illustration_1024.jpg","articleSection":["\u00c9dition"],"inLanguage":"fr-FR"},{"@type":"WebPage","@id":"https:\/\/editions.grandpalaisrmn.fr\/blog\/entre-livre-dart-et-livre-dhistoire\/","url":"https:\/\/editions.grandpalaisrmn.fr\/blog\/entre-livre-dart-et-livre-dhistoire\/","name":"L\u2019art \u201cd\u00e9g\u00e9n\u00e9r\u00e9\u201d, premier catalogue de r\u00e9f\u00e9rence en fran\u00e7ais sur le sujet","isPartOf":{"@id":"https:\/\/editions.grandpalaisrmn.fr\/blog\/#website"},"primaryImageOfPage":{"@id":"https:\/\/editions.grandpalaisrmn.fr\/blog\/entre-livre-dart-et-livre-dhistoire\/#primaryimage"},"image":{"@id":"https:\/\/editions.grandpalaisrmn.fr\/blog\/entre-livre-dart-et-livre-dhistoire\/#primaryimage"},"thumbnailUrl":"https:\/\/editions.grandpalaisrmn.fr\/blog\/wp-content\/uploads\/2025\/03\/illustration_1024.jpg","datePublished":"2025-03-06T14:37:56+00:00","dateModified":"2025-03-10T08:41:35+00:00","description":"\u00c0 la crois\u00e9e du livre d\u2019art et du livre d\u2019histoire, ce catalogue explore les chefs-d\u2019\u0153uvre d\u2019artistes stigmatis\u00e9s, tels Kandinsky, Klee ou Kirchner","breadcrumb":{"@id":"https:\/\/editions.grandpalaisrmn.fr\/blog\/entre-livre-dart-et-livre-dhistoire\/#breadcrumb"},"inLanguage":"fr-FR","potentialAction":[{"@type":"ReadAction","target":["https:\/\/editions.grandpalaisrmn.fr\/blog\/entre-livre-dart-et-livre-dhistoire\/"]}]},{"@type":"ImageObject","inLanguage":"fr-FR","@id":"https:\/\/editions.grandpalaisrmn.fr\/blog\/entre-livre-dart-et-livre-dhistoire\/#primaryimage","url":"https:\/\/editions.grandpalaisrmn.fr\/blog\/wp-content\/uploads\/2025\/03\/illustration_1024.jpg","contentUrl":"https:\/\/editions.grandpalaisrmn.fr\/blog\/wp-content\/uploads\/2025\/03\/illustration_1024.jpg","width":1024,"height":1024,"caption":"Johan Popelard, commissaire de l''exposition et directeur de publication du catalogue"},{"@type":"BreadcrumbList","@id":"https:\/\/editions.grandpalaisrmn.fr\/blog\/entre-livre-dart-et-livre-dhistoire\/#breadcrumb","itemListElement":[{"@type":"ListItem","position":1,"name":"Accueil","item":"https:\/\/editions.grandpalaisrmn.fr\/blog\/"},{"@type":"ListItem","position":2,"name":"Entre livre d\u2019art et livre d\u2019histoire, le catalogue L\u2019art \u00ab\u00a0d\u00e9g\u00e9n\u00e9r\u00e9\u00a0\u00bb fait la lumi\u00e8re sur une p\u00e9riode sombre"}]},{"@type":"WebSite","@id":"https:\/\/editions.grandpalaisrmn.fr\/blog\/#website","url":"https:\/\/editions.grandpalaisrmn.fr\/blog\/","name":"Actualit\u00e9s de GrandPalaisRmn\u00c9ditions","description":"","publisher":{"@id":"https:\/\/editions.grandpalaisrmn.fr\/blog\/#organization"},"potentialAction":[{"@type":"SearchAction","target":{"@type":"EntryPoint","urlTemplate":"https:\/\/editions.grandpalaisrmn.fr\/blog\/?s={search_term_string}"},"query-input":"required name=search_term_string"}],"inLanguage":"fr-FR"},{"@type":"Organization","@id":"https:\/\/editions.grandpalaisrmn.fr\/blog\/#organization","name":"Les \u00e9ditions de la Rmn-GP","url":"https:\/\/editions.grandpalaisrmn.fr\/blog\/","logo":{"@type":"ImageObject","inLanguage":"fr-FR","@id":"https:\/\/editions.grandpalaisrmn.fr\/blog\/#\/schema\/logo\/image\/","url":"https:\/\/editions.grandpalaisrmn.fr\/blog\/wp-content\/uploads\/2022\/06\/RMN-GP_logoNoir.png","contentUrl":"https:\/\/editions.grandpalaisrmn.fr\/blog\/wp-content\/uploads\/2022\/06\/RMN-GP_logoNoir.png","width":787,"height":788,"caption":"Les \u00e9ditions de la Rmn-GP"},"image":{"@id":"https:\/\/editions.grandpalaisrmn.fr\/blog\/#\/schema\/logo\/image\/"},"sameAs":["https:\/\/www.facebook.com\/EditionsRmnGP\/","https:\/\/www.pinterest.fr\/editionsRmnGP","https:\/\/www.instagram.com\/les_editions_de_la_rmngp\/"]},{"@type":"Person","@id":"https:\/\/editions.grandpalaisrmn.fr\/blog\/#\/schema\/person\/df4f655e9df6cfe1d48590c891fe6b82","name":"admin","image":{"@type":"ImageObject","inLanguage":"fr-FR","@id":"https:\/\/editions.grandpalaisrmn.fr\/blog\/#\/schema\/person\/image\/","url":"https:\/\/secure.gravatar.com\/avatar\/2beb26b736c247331cd5f9cb1f595938?s=96&d=mm&r=g","contentUrl":"https:\/\/secure.gravatar.com\/avatar\/2beb26b736c247331cd5f9cb1f595938?s=96&d=mm&r=g","caption":"admin"},"sameAs":["https:\/\/ppeditions.labrmngp.fr\/blog"],"url":"https:\/\/editions.grandpalaisrmn.fr\/blog\/author\/blog-admin_editions\/"}]}},"_links":{"self":[{"href":"https:\/\/editions.grandpalaisrmn.fr\/blog\/wp-json\/wp\/v2\/posts\/2054"}],"collection":[{"href":"https:\/\/editions.grandpalaisrmn.fr\/blog\/wp-json\/wp\/v2\/posts"}],"about":[{"href":"https:\/\/editions.grandpalaisrmn.fr\/blog\/wp-json\/wp\/v2\/types\/post"}],"author":[{"embeddable":true,"href":"https:\/\/editions.grandpalaisrmn.fr\/blog\/wp-json\/wp\/v2\/users\/1"}],"replies":[{"embeddable":true,"href":"https:\/\/editions.grandpalaisrmn.fr\/blog\/wp-json\/wp\/v2\/comments?post=2054"}],"version-history":[{"count":28,"href":"https:\/\/editions.grandpalaisrmn.fr\/blog\/wp-json\/wp\/v2\/posts\/2054\/revisions"}],"predecessor-version":[{"id":2093,"href":"https:\/\/editions.grandpalaisrmn.fr\/blog\/wp-json\/wp\/v2\/posts\/2054\/revisions\/2093"}],"wp:attachment":[{"href":"https:\/\/editions.grandpalaisrmn.fr\/blog\/wp-json\/wp\/v2\/media?parent=2054"}],"wp:term":[{"taxonomy":"category","embeddable":true,"href":"https:\/\/editions.grandpalaisrmn.fr\/blog\/wp-json\/wp\/v2\/categories?post=2054"},{"taxonomy":"post_tag","embeddable":true,"href":"https:\/\/editions.grandpalaisrmn.fr\/blog\/wp-json\/wp\/v2\/tags?post=2054"}],"curies":[{"name":"wp","href":"https:\/\/api.w.org\/{rel}","templated":true}]}}