{"id":2439,"date":"2025-10-09T12:38:04","date_gmt":"2025-10-09T12:38:04","guid":{"rendered":"https:\/\/editions.grandpalaisrmn.fr\/blog\/?p=2439"},"modified":"2025-10-10T12:49:30","modified_gmt":"2025-10-10T12:49:30","slug":"les-machines-creatives-dherve-tullet","status":"publish","type":"post","link":"https:\/\/editions.grandpalaisrmn.fr\/blog\/les-machines-creatives-dherve-tullet\/","title":{"rendered":"Les machines cr\u00e9atives d\u2019Herv\u00e9 Tullet entrent dans notre catalogue et d\u00e9boulent au Grand Palais !"},"content":{"rendered":"<p class=\"Chapeau_Article\">L\u2019artiste <a href=\"https:\/\/herve-tullet.com\/\" target=\"_blank\" rel=\"noopener\">Herv\u00e9 Tullet<\/a> ne se contente pas d\u2019imaginer des livres, il cr\u00e9e des objets iconoclastes qui bousculent l\u2019\u00e9dition et invitent chacun \u00e0 devenir un cr\u00e9ateur. Du surprenant <em>Machin \u00e0 dessiner<\/em>, clin d\u2019\u0153il aux machines folles de Jean Tinguely<em>,<\/em> \u00e0 l\u2019intimit\u00e9 cr\u00e9ative de l\u2019album <em>J\u2019aime bien<\/em>, l\u2019artiste d\u00e9fie les conventions pour nos \u00e9ditions. C\u2019est l\u2019histoire que nous raconte Isabelle B\u00e9zard, \u00e9ditrice d\u2019Herv\u00e9 Tullet depuis plus de vingt ans.<\/p>\n<figure id=\"attachment_2442\" aria-describedby=\"caption-attachment-2442\" style=\"width: 1024px\" class=\"wp-caption aligncenter\"><img loading=\"lazy\" decoding=\"async\" class=\"wp-image-2442 size-full\" src=\"https:\/\/editions.grandpalaisrmn.fr\/blog\/wp-content\/uploads\/2025\/10\/illustr-isabelle-bezard_1024.jpg\" alt=\"Isabelle B\u00e9zard, \u00e9ditrice d\u2019Herv\u00e9 Tullet dans son bureau. elle nous pr\u00e9sente le machin \u00e0 dessiner et J'aime bien\" width=\"1024\" height=\"815\" srcset=\"https:\/\/editions.grandpalaisrmn.fr\/blog\/wp-content\/uploads\/2025\/10\/illustr-isabelle-bezard_1024.jpg 1024w, https:\/\/editions.grandpalaisrmn.fr\/blog\/wp-content\/uploads\/2025\/10\/illustr-isabelle-bezard_1024-300x239.jpg 300w, https:\/\/editions.grandpalaisrmn.fr\/blog\/wp-content\/uploads\/2025\/10\/illustr-isabelle-bezard_1024-768x611.jpg 768w\" sizes=\"(max-width: 1024px) 100vw, 1024px\" \/><figcaption id=\"caption-attachment-2442\" class=\"wp-caption-text\">Isabelle B\u00e9zard, \u00e9ditrice d\u2019Herv\u00e9 Tullet<\/figcaption><\/figure>\n<p><strong><em>Le Machin \u00e0 dessiner<\/em> et <em>J\u2019aime bien<\/em> lib\u00e8rent le geste\u00a0!<\/strong><br \/>\n\u00ab\u00a0<em>Le Machin \u00e0 dessiner<\/em> est un clin d\u2019\u0153il aux <a href=\"https:\/\/www.tinguely.ch\/fr\/tinguely-collection-conservation\/collection.html?period=&amp;material=&amp;detail=dc1834f6-0ad4-4349-9423-97a4aed5633a\" target=\"_blank\" rel=\"noopener\"><em>M\u00e9ta-Matics <\/em>de Jean Tinguely<\/a>, explique Isabelle B\u00e9zard. Votre directrice, Sophie Laporte, a, en effet, d\u2019abord contact\u00e9 Herv\u00e9 Tullet pour lui proposer de cr\u00e9er un ouvrage qui accompagnerait l\u2019exposition du Grand Palais \u201cNiki de\u00a0Saint\u00a0Phalle, Jean Tinguely, Pontus Hulten\u201d. Et de l\u00e0 sont n\u00e9s deux projets ambitieux qui s\u2019affranchissent des formats traditionnels.<br \/>\n\u00ab\u00a0Herv\u00e9 Tullet cherche souvent \u00e0 provoquer le geste de dessiner au moyen d\u2019objets inattendus. Dans <a href=\"https:\/\/editions.grandpalaisrmn.fr\/fr\/editions\/JK397917\"><em>Le Machin \u00e0 dessiner<\/em><\/a>, vous ne trouverez pas d\u2019histoire ni de personnages\u00a0: c\u2019est \u00e0 vous de cr\u00e9er votre univers\u00a0!<br \/>\n\u00ab\u00a0Le <em>Machin<\/em> se veut un outil \u00e0 dessin. Dot\u00e9 de trois bras mobiles et proposant de multiples pochoirs, contours et formes, il invite imm\u00e9diatement \u00e0 l\u2019action. Il suffit de s\u2019en emparer pour que l\u2019imaginaire s\u2019ouvre et s\u2019exprime dans une forme artistique brute et spontan\u00e9e.<\/p>\n<figure id=\"attachment_2447\" aria-describedby=\"caption-attachment-2447\" style=\"width: 900px\" class=\"wp-caption aligncenter\"><img loading=\"lazy\" decoding=\"async\" class=\"wp-image-2447 size-full\" src=\"https:\/\/editions.grandpalaisrmn.fr\/blog\/wp-content\/uploads\/2025\/10\/illustr-des-publications_BIS_900-1.jpg\" alt=\"Vue des deux publications d\u2019Herv\u00e9 Tullet pour GrandPalaisRmn\u00c9ditions\" width=\"900\" height=\"999\" srcset=\"https:\/\/editions.grandpalaisrmn.fr\/blog\/wp-content\/uploads\/2025\/10\/illustr-des-publications_BIS_900-1.jpg 900w, https:\/\/editions.grandpalaisrmn.fr\/blog\/wp-content\/uploads\/2025\/10\/illustr-des-publications_BIS_900-1-270x300.jpg 270w, https:\/\/editions.grandpalaisrmn.fr\/blog\/wp-content\/uploads\/2025\/10\/illustr-des-publications_BIS_900-1-768x852.jpg 768w, https:\/\/editions.grandpalaisrmn.fr\/blog\/wp-content\/uploads\/2025\/10\/illustr-des-publications_BIS_900-1-692x768.jpg 692w\" sizes=\"(max-width: 900px) 100vw, 900px\" \/><figcaption id=\"caption-attachment-2447\" class=\"wp-caption-text\">Les publications d\u2019Herv\u00e9 Tullet pour nos \u00e9ditions GrandPalaisRmn<\/figcaption><\/figure>\n<p>\u00ab\u00a0Mon implication dans le projet <em>Le<\/em> <em>Machin \u00e0 dessiner<\/em> a \u00e9t\u00e9 imm\u00e9diate. Je suis l\u2019\u00e9dition des livres d\u2019Herv\u00e9 Tullet depuis de tr\u00e8s nombreuses ann\u00e9es, une collaboration commenc\u00e9e lorsque je dirigeais les collections de la petite enfance chez Bayard.<br \/>\n\u00ab\u00a0Suite au succ\u00e8s du <em>Machin<\/em>, et comprenant le fort int\u00e9r\u00eat de votre maison pour la philosophie d\u2019Herv\u00e9 Tullet, nous vous avons pr\u00e9sent\u00e9 un projet plus personnel\u00a0: <a href=\"https:\/\/editions.grandpalaisrmn.fr\/fr\/editions\/JK198158\"><em>J\u2019aime bien<\/em><\/a>. Dans ce livre, Herv\u00e9 Tullet r\u00e9v\u00e8le sa pratique artistique intime. Il expose ses propres carnets pour inviter chacun \u00e0 s\u2019en inspirer et \u00e0 laisser libre cours \u00e0 sa propre cr\u00e9ativit\u00e9. Il s\u2019adresse \u00e0 un public large \u2013\u00a0parents, enseignants, \u00e9ducateurs ou toute personne cherchant \u00e0 cr\u00e9er, m\u00eame sans formation.<br \/>\n\u00ab\u00a0<em>J\u2019aime bien<\/em> n\u2019est autre qu\u2019un r\u00e9pertoire de gestes modestes \u2013 tracer des lignes, dessiner des ronds \u2013 qui sont comme autant de points de d\u00e9part. Le message est simple\u00a0: \u201cL\u2019art est avant tout un geste que l\u2019on investit pleinement. Vous voulez dessiner\u00a0? Commencez par un point, une ligne, un mouvement simple.\u201d<br \/>\nSans ordre ni pagination, ce livre est une invitation directe \u00e0 l\u2019action. J\u2019esp\u00e8re qu\u2019il deviendra un m\u00e9mento qui donnera \u00e0 chacun le courage de se lancer et d\u2019y trouver du plaisir.\u00a0\u00bb<\/p>\n<p><strong>Carte blanche<\/strong><br \/>\n\u00ab\u00a0Les \u00e9ditions GrandPalaisRmn sont une tr\u00e8s belle maison, poursuit Isabelle B\u00e9zard. D\u00e8s le d\u00e9part, Sophie Laporte a parfaitement compris que le d\u00e9sir d\u2019Herv\u00e9 Tullet est d\u2019\u00e9veiller l\u2019artiste en chacun de nous. Elle a fait ce que peu d\u2019\u00e9diteurs osent\u00a0: lui laisser carte blanche. <em>Le Machin \u00e0 dessiner<\/em> est le fruit direct de cette confiance.<br \/>\n\u00ab\u00a0Toute l\u2019\u00e9quipe a jou\u00e9 le jeu\u00a0! Ensemble, avec Isabelle Loric, votre responsable de fabrication, qui s\u2019est passionn\u00e9e pour le projet, nous avons cherch\u00e9 des solutions ing\u00e9nieuses afin de donner vie \u00e0 cette machine \u00e0 dessiner. Il fallait un papier ultrar\u00e9sistant, des rivets pour l\u2019esprit m\u00e9canique, et une pochette suffisamment large pour contenir les \u00e9l\u00e9ments mobiles et transformer cet objet inclassable en r\u00e9alit\u00e9 tangible.<br \/>\n\u00ab\u00a0Notre enthousiasme a \u00e9t\u00e9 tel qu\u2019il a contamin\u00e9 la librairie du Grand Palais. Dans un \u00e9lan \u00e0 la mesure de l\u2019audace du projet, l\u2019\u00e9quipe commerciale a fait du machin une v\u00e9ritable sculpture\u00a0: elle a construit un machin \u00e0 dessiner g\u00e9ant, qui tr\u00f4ne, bien visible, \u00e0 l\u2019entr\u00e9e de la boutique principale\u00a0: un signe que l\u2019\u00e9quipe a adopt\u00e9 notre d\u00e9marche\u00a0!<br \/>\n\u00ab\u00a0Et pour <em>J\u2019aime bien<\/em> (en co\u00e9dition avec Bayard Jeunesse), le GrandPalaisRmn a pouss\u00e9 l\u2019exp\u00e9rience cr\u00e9ative encore plus loin en proposant des carnets en boutique pour prolonger le geste artistique. \u00bb<\/p>\n<figure id=\"attachment_2467\" aria-describedby=\"caption-attachment-2467\" style=\"width: 900px\" class=\"wp-caption aligncenter\"><img loading=\"lazy\" decoding=\"async\" class=\"wp-image-2467 size-full\" src=\"https:\/\/editions.grandpalaisrmn.fr\/blog\/wp-content\/uploads\/2025\/10\/boutique-2_retoucheTB_900.jpg\" alt=\"vue du machin \u00e0 dessiner g\u00e9ant install\u00e9 dans la boutique du Grand Palais\" width=\"900\" height=\"900\" srcset=\"https:\/\/editions.grandpalaisrmn.fr\/blog\/wp-content\/uploads\/2025\/10\/boutique-2_retoucheTB_900.jpg 900w, https:\/\/editions.grandpalaisrmn.fr\/blog\/wp-content\/uploads\/2025\/10\/boutique-2_retoucheTB_900-300x300.jpg 300w, https:\/\/editions.grandpalaisrmn.fr\/blog\/wp-content\/uploads\/2025\/10\/boutique-2_retoucheTB_900-150x150.jpg 150w, https:\/\/editions.grandpalaisrmn.fr\/blog\/wp-content\/uploads\/2025\/10\/boutique-2_retoucheTB_900-768x768.jpg 768w\" sizes=\"(max-width: 900px) 100vw, 900px\" \/><figcaption id=\"caption-attachment-2467\" class=\"wp-caption-text\">La machin \u00e0 dessiner g\u00e9ant, en boutique du Grand Palais<\/figcaption><\/figure>\n<p><strong>Une \u00ab\u00a0famille cr\u00e9ative\u00a0\u00bb au service du geste<\/strong><br \/>\nEn accueillant l\u2019audace de cet artiste, notre maison d\u2019\u00e9dition a fait le pari de la confiance et de la complicit\u00e9.<br \/>\nIsabelle B\u00e9zard souligne, en effet, qu\u2019Herv\u00e9 Tullet a travaill\u00e9 sur ces deux ouvrages avec des collaborateurs auxquels il est li\u00e9 de longue date\u00a0: \u00ab\u00a0Il a tenu \u00e0 \u00eatre entour\u00e9 de son \u00e9quipe rapproch\u00e9e\u00a0: sa graphiste, Sandrine Granon, son photographe, L\u00e9o Tullet \u2013 qui est aussi son fils \u2013, et moi-m\u00eame formons une v\u00e9ritable famille cr\u00e9ative\u00a0; nous connaissons son univers depuis plus de vingt ans\u00a0!\u00a0\u00bb<br \/>\nSandrine Granon ma\u00eetrise ainsi parfaitement le vocabulaire graphique et typographique de l\u2019artiste, que l\u2019\u00e9ditrice nous d\u00e9crit \u00e0 grands traits\u00a0: \u00ab\u00a0Un lettrage manuscrit, des taches de couleur, des \u00e9claboussures, un papier \u00e9pais et solide, un c\u00f4t\u00e9 fait main\u00a0: tous ces indices sont l\u00e0 pour communiquer une complicit\u00e9 avec le lecteur, la marque de fabrique de l\u2019univers Tullet.<br \/>\n\u00ab\u00a0L\u00e9o Tullet, qui travaille au plus pr\u00e8s d\u2019Herv\u00e9, a r\u00e9alis\u00e9 les photographies dans l\u2019intimit\u00e9 de l\u2019atelier de l\u2019artiste, saisissant gestes et carnets sous son objectif.<br \/>\n\u00ab\u00a0Notre processus de travail est un v\u00e9ritable \u00ab\u00a0ping-pong\u00a0\u00bb cr\u00e9atif\u00a0: chacun rebondit sur les id\u00e9es des autres. Derri\u00e8re <em>Le Machin \u00e0 dessiner<\/em> et <em>J\u2019aime bien<\/em> se cache une aventure humaine, fid\u00e8le et profonde, qui s\u2019engage \u00e0 rendre l\u2019art accessible \u00e0 tous.\u00a0\u00bb<\/p>\n<figure id=\"attachment_2480\" aria-describedby=\"caption-attachment-2480\" style=\"width: 900px\" class=\"wp-caption aligncenter\"><img loading=\"lazy\" decoding=\"async\" class=\"size-full wp-image-2480\" src=\"https:\/\/editions.grandpalaisrmn.fr\/blog\/wp-content\/uploads\/2025\/10\/illustr-2bis_900.jpg\" alt=\"\" width=\"900\" height=\"911\" srcset=\"https:\/\/editions.grandpalaisrmn.fr\/blog\/wp-content\/uploads\/2025\/10\/illustr-2bis_900.jpg 900w, https:\/\/editions.grandpalaisrmn.fr\/blog\/wp-content\/uploads\/2025\/10\/illustr-2bis_900-296x300.jpg 296w, https:\/\/editions.grandpalaisrmn.fr\/blog\/wp-content\/uploads\/2025\/10\/illustr-2bis_900-768x777.jpg 768w, https:\/\/editions.grandpalaisrmn.fr\/blog\/wp-content\/uploads\/2025\/10\/illustr-2bis_900-759x768.jpg 759w\" sizes=\"(max-width: 900px) 100vw, 900px\" \/><figcaption id=\"caption-attachment-2480\" class=\"wp-caption-text\">Une belle r\u00e9union de travail autour d&rsquo;Herv\u00e9 Tullet, avec\u00a0Isabelle B\u00e9zard (\u00e9ditrice), L\u00e9o Tullet (photographe) et Isabelle Loric (notre responsable de fabrication). Seule, sa directrice artistique, <b>Sandrine Granon<\/b>, manquait \u00e0 l&rsquo;appel.<\/figcaption><\/figure>\n<p><strong>Du livre au Grand Palais <\/strong><br \/>\nLes aventures d\u2019Herv\u00e9 Tullet ne s\u2019arr\u00eatent jamais \u00e0 la derni\u00e8re page. Artiste traduit dans le monde entier, il est aussi un performeur qui fait de la cr\u00e9ation un \u00e9v\u00e9nement mondial. De l\u2019Afrique aux \u00c9tats-Unis en passant par le Japon, il voyage sans cesse pour animer des ateliers qui se concluent toujours par une grande \u0153uvre collective.<br \/>\nImaginez\u00a0: quelques couleurs, un m\u00e9gaphone, des centaines d\u2019enfants qui dessinent, changent de place, crient et jettent des pinceaux dans un joyeux chaos. Sous la supervision attentive d\u2019Herv\u00e9 Tullet, les artistes en herbe se l\u00e2chent.<br \/>\nCette philosophie de l\u2019action, de l\u2019art brut et du partage, il l\u2019a port\u00e9e jusqu\u2019\u00e0 la sc\u00e8ne, avec <em>Chor\u00e9graphiques<\/em>, un spectacle vivant collaboratif au th\u00e9\u00e2tre de la Colline.<br \/>\nLe\u00a011\u00a0octobre, <a href=\"https:\/\/www.grandpalais.fr\/fr\/programme\/tous-artistes-avec-herve-tullet\">Herv\u00e9 Tullet animera un grand workshop r\u00e9unissant 250\u00a0enfants au c\u0153ur du Grand Palais<\/a>. En \u00e9ditant son travail, nous int\u00e9grons sa philosophie au sein m\u00eame de l\u2019\u00e9cosyst\u00e8me GrandPalaisRmn. Du livre \u00e0 l\u2019objet, de l\u2019\u00e9dition \u00e0 l\u2019\u00e9v\u00e9nement\u00a0: la boucle est boucl\u00e9e, scellant notre pari commun sur une cr\u00e9ativit\u00e9 vivante et rassembleuse.<\/p>\n<div class=\"CallToAction\">\n<p style=\"text-align: center;\"><a href=\"https:\/\/editions.grandpalaisrmn.fr\/fr\/editions\/par-auteur\/tullet_herve\">Commandez les publications d\u2019Herv\u00e9 Tullet<\/a><\/p>\n<p style=\"text-align: center;\"><a href=\"https:\/\/editions.grandpalaisrmn.fr\/fr\/editions\/lettre-information\">Suivez notre actualit\u00e9 et abonnez-vous \u00e0 notre magazine<\/a><\/p>\n<\/div>\n","protected":false},"excerpt":{"rendered":"<p>L\u2019artiste Herv\u00e9 Tullet ne se contente pas d\u2019imaginer des livres, il cr\u00e9e des objets iconoclastes qui bousculent l\u2019\u00e9dition et invitent chacun \u00e0 devenir un cr\u00e9ateur. Du surprenant Machin \u00e0 dessiner, clin d\u2019\u0153il aux machines folles de Jean Tinguely, \u00e0 l\u2019intimit\u00e9 cr\u00e9ative de l\u2019album J\u2019aime bien, l\u2019artiste d\u00e9fie les conventions pour nos \u00e9ditions. C\u2019est l\u2019histoire que&#8230;<\/p>\n","protected":false},"author":1,"featured_media":0,"comment_status":"closed","ping_status":"closed","sticky":false,"template":"","format":"standard","meta":{"footnotes":""},"categories":[3,5,6],"tags":[],"class_list":["post-2439","post","type-post","status-publish","format-standard","hentry","category-edition","category-evenement","category-personnalite-de-la-culture"],"yoast_head":"<!-- This site is optimized with the Yoast SEO plugin v22.7 - https:\/\/yoast.com\/wordpress\/plugins\/seo\/ -->\n<title>Les machines cr\u00e9atives d\u2019Herv\u00e9 Tullet au Grand Palais<\/title>\n<meta name=\"description\" content=\"Les Machines cr\u00e9atives et les livres d&#039;Herv\u00e9 Tullet au catalogue de GrandPalais\u00c9ditions. Isabelle B\u00e9zard raconte cette collaboration\" \/>\n<meta name=\"robots\" content=\"index, follow, max-snippet:-1, max-image-preview:large, max-video-preview:-1\" \/>\n<link rel=\"canonical\" href=\"https:\/\/editions.grandpalaisrmn.fr\/blog\/les-machines-creatives-dherve-tullet\/\" \/>\n<meta property=\"og:locale\" content=\"fr_FR\" \/>\n<meta property=\"og:type\" content=\"article\" \/>\n<meta property=\"og:title\" content=\"Les machines cr\u00e9atives d\u2019Herv\u00e9 Tullet entrent dans notre catalogue et d\u00e9boulent au Grand Palais !\" \/>\n<meta property=\"og:description\" content=\"Les Machines cr\u00e9atives et les livres d&#039;Herv\u00e9 Tullet au catalogue de GrandPalais\u00c9ditions. Isabelle B\u00e9zard raconte cette collaboration\" \/>\n<meta property=\"og:url\" content=\"https:\/\/editions.grandpalaisrmn.fr\/blog\/les-machines-creatives-dherve-tullet\/\" \/>\n<meta property=\"og:site_name\" content=\"Actualit\u00e9s de GrandPalaisRmn\u00c9ditions\" \/>\n<meta property=\"article:publisher\" content=\"https:\/\/www.facebook.com\/EditionsRmnGP\/\" \/>\n<meta property=\"article:published_time\" content=\"2025-10-09T12:38:04+00:00\" \/>\n<meta property=\"article:modified_time\" content=\"2025-10-10T12:49:30+00:00\" \/>\n<meta property=\"og:image\" content=\"https:\/\/editions.grandpalaisrmn.fr\/blog\/wp-content\/uploads\/2025\/10\/illustr-isabelle-bezard-scaled.jpg\" \/>\n\t<meta property=\"og:image:width\" content=\"2560\" \/>\n\t<meta property=\"og:image:height\" content=\"2037\" \/>\n\t<meta property=\"og:image:type\" content=\"image\/jpeg\" \/>\n<meta name=\"author\" content=\"admin\" \/>\n<meta name=\"twitter:card\" content=\"summary_large_image\" \/>\n<meta name=\"twitter:label1\" content=\"\u00c9crit par\" \/>\n\t<meta name=\"twitter:data1\" content=\"admin\" \/>\n\t<meta name=\"twitter:label2\" content=\"Dur\u00e9e de lecture estim\u00e9e\" \/>\n\t<meta name=\"twitter:data2\" content=\"7 minutes\" \/>\n<script type=\"application\/ld+json\" class=\"yoast-schema-graph\">{\"@context\":\"https:\/\/schema.org\",\"@graph\":[{\"@type\":\"Article\",\"@id\":\"https:\/\/editions.grandpalaisrmn.fr\/blog\/les-machines-creatives-dherve-tullet\/#article\",\"isPartOf\":{\"@id\":\"https:\/\/editions.grandpalaisrmn.fr\/blog\/les-machines-creatives-dherve-tullet\/\"},\"author\":{\"name\":\"admin\",\"@id\":\"https:\/\/editions.grandpalaisrmn.fr\/blog\/#\/schema\/person\/df4f655e9df6cfe1d48590c891fe6b82\"},\"headline\":\"Les machines cr\u00e9atives d\u2019Herv\u00e9 Tullet entrent dans notre catalogue et d\u00e9boulent au Grand Palais !\",\"datePublished\":\"2025-10-09T12:38:04+00:00\",\"dateModified\":\"2025-10-10T12:49:30+00:00\",\"mainEntityOfPage\":{\"@id\":\"https:\/\/editions.grandpalaisrmn.fr\/blog\/les-machines-creatives-dherve-tullet\/\"},\"wordCount\":1249,\"publisher\":{\"@id\":\"https:\/\/editions.grandpalaisrmn.fr\/blog\/#organization\"},\"image\":{\"@id\":\"https:\/\/editions.grandpalaisrmn.fr\/blog\/les-machines-creatives-dherve-tullet\/#primaryimage\"},\"thumbnailUrl\":\"https:\/\/editions.grandpalaisrmn.fr\/blog\/wp-content\/uploads\/2025\/10\/illustr-isabelle-bezard_1024.jpg\",\"articleSection\":[\"\u00c9dition\",\"\u00c9v\u00e8nement\",\"Personnalit\u00e9 de la culture\"],\"inLanguage\":\"fr-FR\"},{\"@type\":\"WebPage\",\"@id\":\"https:\/\/editions.grandpalaisrmn.fr\/blog\/les-machines-creatives-dherve-tullet\/\",\"url\":\"https:\/\/editions.grandpalaisrmn.fr\/blog\/les-machines-creatives-dherve-tullet\/\",\"name\":\"Les machines cr\u00e9atives d\u2019Herv\u00e9 Tullet au Grand Palais\",\"isPartOf\":{\"@id\":\"https:\/\/editions.grandpalaisrmn.fr\/blog\/#website\"},\"primaryImageOfPage\":{\"@id\":\"https:\/\/editions.grandpalaisrmn.fr\/blog\/les-machines-creatives-dherve-tullet\/#primaryimage\"},\"image\":{\"@id\":\"https:\/\/editions.grandpalaisrmn.fr\/blog\/les-machines-creatives-dherve-tullet\/#primaryimage\"},\"thumbnailUrl\":\"https:\/\/editions.grandpalaisrmn.fr\/blog\/wp-content\/uploads\/2025\/10\/illustr-isabelle-bezard_1024.jpg\",\"datePublished\":\"2025-10-09T12:38:04+00:00\",\"dateModified\":\"2025-10-10T12:49:30+00:00\",\"description\":\"Les Machines cr\u00e9atives et les livres d'Herv\u00e9 Tullet au catalogue de GrandPalais\u00c9ditions. Isabelle B\u00e9zard raconte cette collaboration\",\"breadcrumb\":{\"@id\":\"https:\/\/editions.grandpalaisrmn.fr\/blog\/les-machines-creatives-dherve-tullet\/#breadcrumb\"},\"inLanguage\":\"fr-FR\",\"potentialAction\":[{\"@type\":\"ReadAction\",\"target\":[\"https:\/\/editions.grandpalaisrmn.fr\/blog\/les-machines-creatives-dherve-tullet\/\"]}]},{\"@type\":\"ImageObject\",\"inLanguage\":\"fr-FR\",\"@id\":\"https:\/\/editions.grandpalaisrmn.fr\/blog\/les-machines-creatives-dherve-tullet\/#primaryimage\",\"url\":\"https:\/\/editions.grandpalaisrmn.fr\/blog\/wp-content\/uploads\/2025\/10\/illustr-isabelle-bezard_1024.jpg\",\"contentUrl\":\"https:\/\/editions.grandpalaisrmn.fr\/blog\/wp-content\/uploads\/2025\/10\/illustr-isabelle-bezard_1024.jpg\",\"width\":1024,\"height\":815},{\"@type\":\"BreadcrumbList\",\"@id\":\"https:\/\/editions.grandpalaisrmn.fr\/blog\/les-machines-creatives-dherve-tullet\/#breadcrumb\",\"itemListElement\":[{\"@type\":\"ListItem\",\"position\":1,\"name\":\"Accueil\",\"item\":\"https:\/\/editions.grandpalaisrmn.fr\/blog\/\"},{\"@type\":\"ListItem\",\"position\":2,\"name\":\"Les machines cr\u00e9atives d\u2019Herv\u00e9 Tullet entrent dans notre catalogue et d\u00e9boulent au Grand Palais !\"}]},{\"@type\":\"WebSite\",\"@id\":\"https:\/\/editions.grandpalaisrmn.fr\/blog\/#website\",\"url\":\"https:\/\/editions.grandpalaisrmn.fr\/blog\/\",\"name\":\"Actualit\u00e9s de GrandPalaisRmn\u00c9ditions\",\"description\":\"\",\"publisher\":{\"@id\":\"https:\/\/editions.grandpalaisrmn.fr\/blog\/#organization\"},\"potentialAction\":[{\"@type\":\"SearchAction\",\"target\":{\"@type\":\"EntryPoint\",\"urlTemplate\":\"https:\/\/editions.grandpalaisrmn.fr\/blog\/?s={search_term_string}\"},\"query-input\":\"required name=search_term_string\"}],\"inLanguage\":\"fr-FR\"},{\"@type\":\"Organization\",\"@id\":\"https:\/\/editions.grandpalaisrmn.fr\/blog\/#organization\",\"name\":\"Les \u00e9ditions de la Rmn-GP\",\"url\":\"https:\/\/editions.grandpalaisrmn.fr\/blog\/\",\"logo\":{\"@type\":\"ImageObject\",\"inLanguage\":\"fr-FR\",\"@id\":\"https:\/\/editions.grandpalaisrmn.fr\/blog\/#\/schema\/logo\/image\/\",\"url\":\"https:\/\/editions.grandpalaisrmn.fr\/blog\/wp-content\/uploads\/2022\/06\/RMN-GP_logoNoir.png\",\"contentUrl\":\"https:\/\/editions.grandpalaisrmn.fr\/blog\/wp-content\/uploads\/2022\/06\/RMN-GP_logoNoir.png\",\"width\":787,\"height\":788,\"caption\":\"Les \u00e9ditions de la Rmn-GP\"},\"image\":{\"@id\":\"https:\/\/editions.grandpalaisrmn.fr\/blog\/#\/schema\/logo\/image\/\"},\"sameAs\":[\"https:\/\/www.facebook.com\/EditionsRmnGP\/\",\"https:\/\/www.pinterest.fr\/editionsRmnGP\",\"https:\/\/www.instagram.com\/les_editions_de_la_rmngp\/\"]},{\"@type\":\"Person\",\"@id\":\"https:\/\/editions.grandpalaisrmn.fr\/blog\/#\/schema\/person\/df4f655e9df6cfe1d48590c891fe6b82\",\"name\":\"admin\",\"image\":{\"@type\":\"ImageObject\",\"inLanguage\":\"fr-FR\",\"@id\":\"https:\/\/editions.grandpalaisrmn.fr\/blog\/#\/schema\/person\/image\/\",\"url\":\"https:\/\/secure.gravatar.com\/avatar\/2beb26b736c247331cd5f9cb1f595938?s=96&d=mm&r=g\",\"contentUrl\":\"https:\/\/secure.gravatar.com\/avatar\/2beb26b736c247331cd5f9cb1f595938?s=96&d=mm&r=g\",\"caption\":\"admin\"},\"sameAs\":[\"https:\/\/ppeditions.labrmngp.fr\/blog\"],\"url\":\"https:\/\/editions.grandpalaisrmn.fr\/blog\/author\/blog-admin_editions\/\"}]}<\/script>\n<!-- \/ Yoast SEO plugin. -->","yoast_head_json":{"title":"Les machines cr\u00e9atives d\u2019Herv\u00e9 Tullet au Grand Palais","description":"Les Machines cr\u00e9atives et les livres d'Herv\u00e9 Tullet au catalogue de GrandPalais\u00c9ditions. Isabelle B\u00e9zard raconte cette collaboration","robots":{"index":"index","follow":"follow","max-snippet":"max-snippet:-1","max-image-preview":"max-image-preview:large","max-video-preview":"max-video-preview:-1"},"canonical":"https:\/\/editions.grandpalaisrmn.fr\/blog\/les-machines-creatives-dherve-tullet\/","og_locale":"fr_FR","og_type":"article","og_title":"Les machines cr\u00e9atives d\u2019Herv\u00e9 Tullet entrent dans notre catalogue et d\u00e9boulent au Grand Palais !","og_description":"Les Machines cr\u00e9atives et les livres d'Herv\u00e9 Tullet au catalogue de GrandPalais\u00c9ditions. Isabelle B\u00e9zard raconte cette collaboration","og_url":"https:\/\/editions.grandpalaisrmn.fr\/blog\/les-machines-creatives-dherve-tullet\/","og_site_name":"Actualit\u00e9s de GrandPalaisRmn\u00c9ditions","article_publisher":"https:\/\/www.facebook.com\/EditionsRmnGP\/","article_published_time":"2025-10-09T12:38:04+00:00","article_modified_time":"2025-10-10T12:49:30+00:00","og_image":[{"width":2560,"height":2037,"url":"https:\/\/editions.grandpalaisrmn.fr\/blog\/wp-content\/uploads\/2025\/10\/illustr-isabelle-bezard-scaled.jpg","type":"image\/jpeg"}],"author":"admin","twitter_card":"summary_large_image","twitter_misc":{"\u00c9crit par":"admin","Dur\u00e9e de lecture estim\u00e9e":"7 minutes"},"schema":{"@context":"https:\/\/schema.org","@graph":[{"@type":"Article","@id":"https:\/\/editions.grandpalaisrmn.fr\/blog\/les-machines-creatives-dherve-tullet\/#article","isPartOf":{"@id":"https:\/\/editions.grandpalaisrmn.fr\/blog\/les-machines-creatives-dherve-tullet\/"},"author":{"name":"admin","@id":"https:\/\/editions.grandpalaisrmn.fr\/blog\/#\/schema\/person\/df4f655e9df6cfe1d48590c891fe6b82"},"headline":"Les machines cr\u00e9atives d\u2019Herv\u00e9 Tullet entrent dans notre catalogue et d\u00e9boulent au Grand Palais !","datePublished":"2025-10-09T12:38:04+00:00","dateModified":"2025-10-10T12:49:30+00:00","mainEntityOfPage":{"@id":"https:\/\/editions.grandpalaisrmn.fr\/blog\/les-machines-creatives-dherve-tullet\/"},"wordCount":1249,"publisher":{"@id":"https:\/\/editions.grandpalaisrmn.fr\/blog\/#organization"},"image":{"@id":"https:\/\/editions.grandpalaisrmn.fr\/blog\/les-machines-creatives-dherve-tullet\/#primaryimage"},"thumbnailUrl":"https:\/\/editions.grandpalaisrmn.fr\/blog\/wp-content\/uploads\/2025\/10\/illustr-isabelle-bezard_1024.jpg","articleSection":["\u00c9dition","\u00c9v\u00e8nement","Personnalit\u00e9 de la culture"],"inLanguage":"fr-FR"},{"@type":"WebPage","@id":"https:\/\/editions.grandpalaisrmn.fr\/blog\/les-machines-creatives-dherve-tullet\/","url":"https:\/\/editions.grandpalaisrmn.fr\/blog\/les-machines-creatives-dherve-tullet\/","name":"Les machines cr\u00e9atives d\u2019Herv\u00e9 Tullet au Grand Palais","isPartOf":{"@id":"https:\/\/editions.grandpalaisrmn.fr\/blog\/#website"},"primaryImageOfPage":{"@id":"https:\/\/editions.grandpalaisrmn.fr\/blog\/les-machines-creatives-dherve-tullet\/#primaryimage"},"image":{"@id":"https:\/\/editions.grandpalaisrmn.fr\/blog\/les-machines-creatives-dherve-tullet\/#primaryimage"},"thumbnailUrl":"https:\/\/editions.grandpalaisrmn.fr\/blog\/wp-content\/uploads\/2025\/10\/illustr-isabelle-bezard_1024.jpg","datePublished":"2025-10-09T12:38:04+00:00","dateModified":"2025-10-10T12:49:30+00:00","description":"Les Machines cr\u00e9atives et les livres d'Herv\u00e9 Tullet au catalogue de GrandPalais\u00c9ditions. Isabelle B\u00e9zard raconte cette collaboration","breadcrumb":{"@id":"https:\/\/editions.grandpalaisrmn.fr\/blog\/les-machines-creatives-dherve-tullet\/#breadcrumb"},"inLanguage":"fr-FR","potentialAction":[{"@type":"ReadAction","target":["https:\/\/editions.grandpalaisrmn.fr\/blog\/les-machines-creatives-dherve-tullet\/"]}]},{"@type":"ImageObject","inLanguage":"fr-FR","@id":"https:\/\/editions.grandpalaisrmn.fr\/blog\/les-machines-creatives-dherve-tullet\/#primaryimage","url":"https:\/\/editions.grandpalaisrmn.fr\/blog\/wp-content\/uploads\/2025\/10\/illustr-isabelle-bezard_1024.jpg","contentUrl":"https:\/\/editions.grandpalaisrmn.fr\/blog\/wp-content\/uploads\/2025\/10\/illustr-isabelle-bezard_1024.jpg","width":1024,"height":815},{"@type":"BreadcrumbList","@id":"https:\/\/editions.grandpalaisrmn.fr\/blog\/les-machines-creatives-dherve-tullet\/#breadcrumb","itemListElement":[{"@type":"ListItem","position":1,"name":"Accueil","item":"https:\/\/editions.grandpalaisrmn.fr\/blog\/"},{"@type":"ListItem","position":2,"name":"Les machines cr\u00e9atives d\u2019Herv\u00e9 Tullet entrent dans notre catalogue et d\u00e9boulent au Grand Palais !"}]},{"@type":"WebSite","@id":"https:\/\/editions.grandpalaisrmn.fr\/blog\/#website","url":"https:\/\/editions.grandpalaisrmn.fr\/blog\/","name":"Actualit\u00e9s de GrandPalaisRmn\u00c9ditions","description":"","publisher":{"@id":"https:\/\/editions.grandpalaisrmn.fr\/blog\/#organization"},"potentialAction":[{"@type":"SearchAction","target":{"@type":"EntryPoint","urlTemplate":"https:\/\/editions.grandpalaisrmn.fr\/blog\/?s={search_term_string}"},"query-input":"required name=search_term_string"}],"inLanguage":"fr-FR"},{"@type":"Organization","@id":"https:\/\/editions.grandpalaisrmn.fr\/blog\/#organization","name":"Les \u00e9ditions de la Rmn-GP","url":"https:\/\/editions.grandpalaisrmn.fr\/blog\/","logo":{"@type":"ImageObject","inLanguage":"fr-FR","@id":"https:\/\/editions.grandpalaisrmn.fr\/blog\/#\/schema\/logo\/image\/","url":"https:\/\/editions.grandpalaisrmn.fr\/blog\/wp-content\/uploads\/2022\/06\/RMN-GP_logoNoir.png","contentUrl":"https:\/\/editions.grandpalaisrmn.fr\/blog\/wp-content\/uploads\/2022\/06\/RMN-GP_logoNoir.png","width":787,"height":788,"caption":"Les \u00e9ditions de la Rmn-GP"},"image":{"@id":"https:\/\/editions.grandpalaisrmn.fr\/blog\/#\/schema\/logo\/image\/"},"sameAs":["https:\/\/www.facebook.com\/EditionsRmnGP\/","https:\/\/www.pinterest.fr\/editionsRmnGP","https:\/\/www.instagram.com\/les_editions_de_la_rmngp\/"]},{"@type":"Person","@id":"https:\/\/editions.grandpalaisrmn.fr\/blog\/#\/schema\/person\/df4f655e9df6cfe1d48590c891fe6b82","name":"admin","image":{"@type":"ImageObject","inLanguage":"fr-FR","@id":"https:\/\/editions.grandpalaisrmn.fr\/blog\/#\/schema\/person\/image\/","url":"https:\/\/secure.gravatar.com\/avatar\/2beb26b736c247331cd5f9cb1f595938?s=96&d=mm&r=g","contentUrl":"https:\/\/secure.gravatar.com\/avatar\/2beb26b736c247331cd5f9cb1f595938?s=96&d=mm&r=g","caption":"admin"},"sameAs":["https:\/\/ppeditions.labrmngp.fr\/blog"],"url":"https:\/\/editions.grandpalaisrmn.fr\/blog\/author\/blog-admin_editions\/"}]}},"_links":{"self":[{"href":"https:\/\/editions.grandpalaisrmn.fr\/blog\/wp-json\/wp\/v2\/posts\/2439"}],"collection":[{"href":"https:\/\/editions.grandpalaisrmn.fr\/blog\/wp-json\/wp\/v2\/posts"}],"about":[{"href":"https:\/\/editions.grandpalaisrmn.fr\/blog\/wp-json\/wp\/v2\/types\/post"}],"author":[{"embeddable":true,"href":"https:\/\/editions.grandpalaisrmn.fr\/blog\/wp-json\/wp\/v2\/users\/1"}],"replies":[{"embeddable":true,"href":"https:\/\/editions.grandpalaisrmn.fr\/blog\/wp-json\/wp\/v2\/comments?post=2439"}],"version-history":[{"count":31,"href":"https:\/\/editions.grandpalaisrmn.fr\/blog\/wp-json\/wp\/v2\/posts\/2439\/revisions"}],"predecessor-version":[{"id":2484,"href":"https:\/\/editions.grandpalaisrmn.fr\/blog\/wp-json\/wp\/v2\/posts\/2439\/revisions\/2484"}],"wp:attachment":[{"href":"https:\/\/editions.grandpalaisrmn.fr\/blog\/wp-json\/wp\/v2\/media?parent=2439"}],"wp:term":[{"taxonomy":"category","embeddable":true,"href":"https:\/\/editions.grandpalaisrmn.fr\/blog\/wp-json\/wp\/v2\/categories?post=2439"},{"taxonomy":"post_tag","embeddable":true,"href":"https:\/\/editions.grandpalaisrmn.fr\/blog\/wp-json\/wp\/v2\/tags?post=2439"}],"curies":[{"name":"wp","href":"https:\/\/api.w.org\/{rel}","templated":true}]}}