{"id":253,"date":"2022-06-08T09:19:12","date_gmt":"2022-06-08T09:19:12","guid":{"rendered":"https:\/\/editions.grandpalaisrmn.fr\/blog\/?p=253"},"modified":"2024-04-16T10:55:17","modified_gmt":"2024-04-16T10:55:17","slug":"la-foret-magique-le-catalogue-dexposition-ecoconcu-pour-le-palais-des-beaux-arts-de-lille-de-larbre-a-la-feuille","status":"publish","type":"post","link":"https:\/\/editions.grandpalaisrmn.fr\/blog\/la-foret-magique-le-catalogue-dexposition-ecoconcu-pour-le-palais-des-beaux-arts-de-lille-de-larbre-a-la-feuille\/","title":{"rendered":"La For\u00eat magique, le catalogue d\u2019exposition \u00e9cocon\u00e7u pour le palais des Beaux-Arts de Lille : de l\u2019arbre \u00e0 la feuille\u2026"},"content":{"rendered":"<p><strong>\u00c0 l\u2019origine de la cha\u00eene du livre est l\u2019arbre, duquel est extraite la p\u00e2te \u00e0 papier. Si le livre est enfant des for\u00eats, il devient son gardien \u00e0 travers l\u2019exposition \u00ab\u00a0La For\u00eat magique\u00a0\u00bb et son catalogue, qui s\u2019enracinent au palais des Beaux-Arts de Lille pour enchanter visiteurs et lecteurs. <\/strong><br \/>\n<strong>Le parcours, \u00e0 la fois artistique et militant, s\u2019articule autour du th\u00e8me des arbres et de la nature dans l\u2019imaginaire des artistes : une dimension \u00e9cologique inspirante pour GrandPalaisRmn\u00c9ditions, qui \u00e9ditent un <a href=\"https:\/\/editions.grandpalaisrmn.fr\/fr\/editions\/EC707915\">catalogue <em>\u00e9cocon\u00e7u<\/em><\/a>.<\/strong><\/p>\n<p><img loading=\"lazy\" decoding=\"async\" class=\" wp-image-264 aligncenter\" src=\"https:\/\/editions.grandpalaisrmn.fr\/blog\/wp-content\/uploads\/2022\/06\/dans-la-foret.jpg\" alt=\"\" width=\"1024\" height=\"840\" srcset=\"https:\/\/editions.grandpalaisrmn.fr\/blog\/wp-content\/uploads\/2022\/06\/dans-la-foret.jpg 1024w, https:\/\/editions.grandpalaisrmn.fr\/blog\/wp-content\/uploads\/2022\/06\/dans-la-foret-300x246.jpg 300w, https:\/\/editions.grandpalaisrmn.fr\/blog\/wp-content\/uploads\/2022\/06\/dans-la-foret-768x630.jpg 768w\" sizes=\"(max-width: 1024px) 100vw, 1024px\" \/><\/p>\n<p><strong>Une exposition \u00e9cocon\u00e7ue<\/strong><br \/>\nLoin des \u00e9v\u00e9nements blockbusters, le palais inscrit son mod\u00e8le dans la continuit\u00e9 de l\u2019exposition \u00ab\u00a0<a href=\"https:\/\/editions.grandpalaisrmn.fr\/fr\/editions\/EC707861\">Exp\u00e9rience Goya<\/a>\u00a0\u00bb en 2021 et de son engagement en mati\u00e8re de d\u00e9veloppement durable\u00a0avec une s\u00e9lection d\u2019\u0153uvres resserr\u00e9e, le r\u00e9emploi des d\u00e9cors de la sc\u00e9nographie et la r\u00e9duction du transport des \u0153uvres.<br \/>\nR\u00e9gis Cotentin est co-commissaire de l\u2019exposition et responsable de l\u2019art contemporain au palais des Beaux-Arts de Lille. Il nous explique\u00a0: <em>\u00ab\u00a0Aujourd\u2019hui, il est important d\u2019avoir une vraie action \u00e9cologique et de ne pas rejeter les efforts sur les g\u00e9n\u00e9rations futures. Nous r\u00e9utilisons plus de 65\u00a0% des modules sc\u00e9nographiques d\u2019\u201cExp\u00e9rience Goya\u201d, gr\u00e2ce \u00e0 la virtuosit\u00e9 du sc\u00e9nographe Maciej Fiszer. Nous avons resserr\u00e9 aussi le nombre des \u0153uvres pr\u00e9sent\u00e9es au public en s\u00e9lectionnant les plus pertinentes\u00a0; loin d\u2019une liste id\u00e9ale\u00a0: l\u2019attention a \u00e9t\u00e9 port\u00e9e sur des cr\u00e9ations parfois m\u00e9connues, mais toujours \u00e9loquentes. Enfin, nous avons favoris\u00e9 les pr\u00eats europ\u00e9ens en regroupant au maximum les transports et en concentrant les \u0153uvres d\u2019une m\u00eame zone.\u00a0\u00bb<\/em><\/p>\n<p><strong>La forme autant que le fond\u00a0: la mati\u00e8re grise se met au vert\u00a0!<\/strong><br \/>\nNos \u00e9ditions ont pris part \u00e0 ce projet vertueux. Elles ont recherch\u00e9 les meilleurs leviers pour adapter le catalogue aux imp\u00e9ratifs environnementaux\u00a0: papier recycl\u00e9, petit format, encre v\u00e9g\u00e9tale et r\u00e9duction du bilan carbone \u00e0 travers la limitation des transports.<br \/>\nHugues Charreyron, <a href=\"https:\/\/editions.grandpalaisrmn.fr\/fr\/editions\/savoir-faire-de-fabrication\">responsable de fabrication<\/a> pour ce titre, nous confie\u00a0: <em>\u00ab\u00a0Pour r\u00e9pondre aux attentes du palais et mutualiser les bonnes pratiques, j\u2019ai d\u2019abord cherch\u00e9 des papiers qui soient \u00e0 la fois \u00e9cologiques, recycl\u00e9s et qui pr\u00e9sentent d\u2019excellentes caract\u00e9ristiques qualitatives. Nous avons finalement choisi un <strong><a href=\"https:\/\/fr.fsc.org\/fr-fr\/les-produits-finis-certifiables\/imprimes-et-papiers\">papier offset 100\u00a0% recycl\u00e9 et certifi\u00e9 FSC<\/a>.<\/strong>\u00a0\u00bb<\/em> Cette certification internationale garantit que les bois utilis\u00e9s sont conformes aux proc\u00e9dures de gestion durable des for\u00eats. Elle est accord\u00e9e aux p\u00e2tes de bois dont l\u2019extraction ne nuit pas \u00e0 la biodiversit\u00e9 et qui ne sont ni issues de for\u00eats anciennes ni li\u00e9es \u00e0 la d\u00e9forestation. Hugues Charreyron poursuit\u00a0: <em>\u00ab\u00a0\u00c0 partir de ce crit\u00e8re, j\u2019ai cherch\u00e9 les papiers disponibles pour le petit format choisi (17\u00a0\u00d7 24 cm). Avec <a href=\"https:\/\/papertiger.fr\/\">Aur\u00e9lien Farina, le graphiste<\/a>, nous avons fait un \u00e9tat des lieux des diff\u00e9rentes qualit\u00e9s et des teintes possibles, \u00e0 la fois pour le papier int\u00e9rieur et pour la couverture.\u00a0\u00bb<\/em><\/p>\n<p><img loading=\"lazy\" decoding=\"async\" class=\"wp-image-270 aligncenter\" src=\"https:\/\/editions.grandpalaisrmn.fr\/blog\/wp-content\/uploads\/2022\/06\/foret-1.jpg\" alt=\"\" width=\"810\" height=\"549\" srcset=\"https:\/\/editions.grandpalaisrmn.fr\/blog\/wp-content\/uploads\/2022\/06\/foret-1.jpg 640w, https:\/\/editions.grandpalaisrmn.fr\/blog\/wp-content\/uploads\/2022\/06\/foret-1-300x203.jpg 300w\" sizes=\"(max-width: 810px) 100vw, 810px\" \/><\/p>\n<p>Pour le choix de l\u2019encre, Hugues Charreyron se r\u00e9jouit\u00a0: <em>\u00ab\u00a0Heureusement, depuis plusieurs ann\u00e9es, nous utilisons de <strong>l\u2019encre \u00e0 base d\u2019huile v\u00e9g\u00e9tale<\/strong>\u00a0\u00bb<\/em>, une alternative aux encres min\u00e9rales \u00e0 base d\u2019hydrocarbures p\u00e9troliers, nuisibles \u00e0 l\u2019environnement et aux hommes.<\/p>\n<p>Enfin, pour ma\u00eetriser au mieux le bilan carbone produit par <strong>les transports \u2013\u00a0en amont et en aval\u00a0\u2013<\/strong> des papiers et des ouvrages, la maison a privil\u00e9gi\u00e9 un imprimeur belge, localis\u00e9 tout pr\u00e8s de Lille.<\/p>\n<p>L\u2019exposition et son catalogue peuvent jouer un r\u00f4le dans la prise de conscience environnementale, en \u00e9veillant les sensibilit\u00e9s, en transformant les repr\u00e9sentations et, de fait, certains comportements humains. <em>\u00ab\u00a0C\u2019est une triste chose de songer que la nature parle et que le genre humain n\u2019\u00e9coute pas\u00a0\u00bb\u00a0: La For\u00eat magique<\/em>\u00a0peut \u00eatre une r\u00e9ponse rassurante \u00e0 la d\u00e9ploration de Victor Hugo.<\/p>\n<p>&nbsp;<\/p>\n<div class=\"CallToAction\">\n<p style=\"text-align: center;\"><a href=\"https:\/\/editions.grandpalaisrmn.fr\/fr\/editions\/EC707915\">Consultez la notice de ce catalogue<\/a><\/p>\n<p style=\"text-align: center;\"><a href=\"https:\/\/editions.grandpalaisrmn.fr\/fr\/editions\/JK297895\">D\u00e9couvrez <em>Terra Ultima<\/em>, un autre titre qui exalte la Nature<\/a><\/p>\n<\/div>\n","protected":false},"excerpt":{"rendered":"<p>\u00c0 l\u2019origine de la cha\u00eene du livre est l\u2019arbre, duquel est extraite la p\u00e2te \u00e0 papier. Si le livre est enfant des for\u00eats, il devient son gardien \u00e0 travers l\u2019exposition \u00ab\u00a0La For\u00eat magique\u00a0\u00bb et son catalogue, qui s\u2019enracinent au palais des Beaux-Arts de Lille pour enchanter visiteurs et lecteurs. Le parcours, \u00e0 la fois artistique&#8230;<\/p>\n","protected":false},"author":1,"featured_media":0,"comment_status":"open","ping_status":"closed","sticky":false,"template":"","format":"standard","meta":{"footnotes":""},"categories":[2],"tags":[],"class_list":["post-253","post","type-post","status-publish","format-standard","hentry","category-fabrication"],"yoast_head":"<!-- This site is optimized with the Yoast SEO plugin v22.7 - https:\/\/yoast.com\/wordpress\/plugins\/seo\/ -->\n<title>Livre d\u2019art \u00e9cocon\u00e7u sur papier offset 100\u00a0% recycl\u00e9 et certifi\u00e9 FSC<\/title>\n<meta name=\"description\" content=\"Catalogue adapt\u00e9 aux imp\u00e9ratifs environnementaux\u00a0: papier recycl\u00e9, encre v\u00e9g\u00e9tale et r\u00e9duction du bilan carbone \u00e0 travers la limitation des transports.\" \/>\n<meta name=\"robots\" content=\"index, follow, max-snippet:-1, max-image-preview:large, max-video-preview:-1\" \/>\n<link rel=\"canonical\" href=\"https:\/\/editions.grandpalaisrmn.fr\/blog\/la-foret-magique-le-catalogue-dexposition-ecoconcu-pour-le-palais-des-beaux-arts-de-lille-de-larbre-a-la-feuille\/\" \/>\n<meta property=\"og:locale\" content=\"fr_FR\" \/>\n<meta property=\"og:type\" content=\"article\" \/>\n<meta property=\"og:title\" content=\"Livre d\u2019art \u00e9cocon\u00e7u sur papier offset 100\u00a0% recycl\u00e9 et certifi\u00e9 FSC\" \/>\n<meta property=\"og:description\" content=\"Catalogue adapt\u00e9 aux imp\u00e9ratifs environnementaux\u00a0: papier recycl\u00e9, encre v\u00e9g\u00e9tale et r\u00e9duction du bilan carbone \u00e0 travers la limitation des transports.\" \/>\n<meta property=\"og:url\" content=\"https:\/\/editions.grandpalaisrmn.fr\/blog\/la-foret-magique-le-catalogue-dexposition-ecoconcu-pour-le-palais-des-beaux-arts-de-lille-de-larbre-a-la-feuille\/\" \/>\n<meta property=\"og:site_name\" content=\"Actualit\u00e9s de GrandPalaisRmn\u00c9ditions\" \/>\n<meta property=\"article:publisher\" content=\"https:\/\/www.facebook.com\/EditionsRmnGP\/\" \/>\n<meta property=\"article:published_time\" content=\"2022-06-08T09:19:12+00:00\" \/>\n<meta property=\"article:modified_time\" content=\"2024-04-16T10:55:17+00:00\" \/>\n<meta property=\"og:image\" content=\"https:\/\/editions.grandpalaisrmn.fr\/blog\/wp-content\/uploads\/2022\/06\/dans-la-foret.jpg\" \/>\n<meta name=\"author\" content=\"admin\" \/>\n<meta name=\"twitter:card\" content=\"summary_large_image\" \/>\n<meta name=\"twitter:label1\" content=\"\u00c9crit par\" \/>\n\t<meta name=\"twitter:data1\" content=\"admin\" \/>\n\t<meta name=\"twitter:label2\" content=\"Dur\u00e9e de lecture estim\u00e9e\" \/>\n\t<meta name=\"twitter:data2\" content=\"4 minutes\" \/>\n<script type=\"application\/ld+json\" class=\"yoast-schema-graph\">{\"@context\":\"https:\/\/schema.org\",\"@graph\":[{\"@type\":\"Article\",\"@id\":\"https:\/\/editions.grandpalaisrmn.fr\/blog\/la-foret-magique-le-catalogue-dexposition-ecoconcu-pour-le-palais-des-beaux-arts-de-lille-de-larbre-a-la-feuille\/#article\",\"isPartOf\":{\"@id\":\"https:\/\/editions.grandpalaisrmn.fr\/blog\/la-foret-magique-le-catalogue-dexposition-ecoconcu-pour-le-palais-des-beaux-arts-de-lille-de-larbre-a-la-feuille\/\"},\"author\":{\"name\":\"admin\",\"@id\":\"https:\/\/editions.grandpalaisrmn.fr\/blog\/#\/schema\/person\/df4f655e9df6cfe1d48590c891fe6b82\"},\"headline\":\"La For\u00eat magique, le catalogue d\u2019exposition \u00e9cocon\u00e7u pour le palais des Beaux-Arts de Lille : de l\u2019arbre \u00e0 la feuille\u2026\",\"datePublished\":\"2022-06-08T09:19:12+00:00\",\"dateModified\":\"2024-04-16T10:55:17+00:00\",\"mainEntityOfPage\":{\"@id\":\"https:\/\/editions.grandpalaisrmn.fr\/blog\/la-foret-magique-le-catalogue-dexposition-ecoconcu-pour-le-palais-des-beaux-arts-de-lille-de-larbre-a-la-feuille\/\"},\"wordCount\":693,\"commentCount\":0,\"publisher\":{\"@id\":\"https:\/\/editions.grandpalaisrmn.fr\/blog\/#organization\"},\"image\":{\"@id\":\"https:\/\/editions.grandpalaisrmn.fr\/blog\/la-foret-magique-le-catalogue-dexposition-ecoconcu-pour-le-palais-des-beaux-arts-de-lille-de-larbre-a-la-feuille\/#primaryimage\"},\"thumbnailUrl\":\"https:\/\/editions.grandpalaisrmn.fr\/blog\/wp-content\/uploads\/2022\/06\/dans-la-foret.jpg\",\"articleSection\":[\"Fabrication\"],\"inLanguage\":\"fr-FR\",\"potentialAction\":[{\"@type\":\"CommentAction\",\"name\":\"Comment\",\"target\":[\"https:\/\/editions.grandpalaisrmn.fr\/blog\/la-foret-magique-le-catalogue-dexposition-ecoconcu-pour-le-palais-des-beaux-arts-de-lille-de-larbre-a-la-feuille\/#respond\"]}]},{\"@type\":\"WebPage\",\"@id\":\"https:\/\/editions.grandpalaisrmn.fr\/blog\/la-foret-magique-le-catalogue-dexposition-ecoconcu-pour-le-palais-des-beaux-arts-de-lille-de-larbre-a-la-feuille\/\",\"url\":\"https:\/\/editions.grandpalaisrmn.fr\/blog\/la-foret-magique-le-catalogue-dexposition-ecoconcu-pour-le-palais-des-beaux-arts-de-lille-de-larbre-a-la-feuille\/\",\"name\":\"Livre d\u2019art \u00e9cocon\u00e7u sur papier offset 100\u00a0% recycl\u00e9 et certifi\u00e9 FSC\",\"isPartOf\":{\"@id\":\"https:\/\/editions.grandpalaisrmn.fr\/blog\/#website\"},\"primaryImageOfPage\":{\"@id\":\"https:\/\/editions.grandpalaisrmn.fr\/blog\/la-foret-magique-le-catalogue-dexposition-ecoconcu-pour-le-palais-des-beaux-arts-de-lille-de-larbre-a-la-feuille\/#primaryimage\"},\"image\":{\"@id\":\"https:\/\/editions.grandpalaisrmn.fr\/blog\/la-foret-magique-le-catalogue-dexposition-ecoconcu-pour-le-palais-des-beaux-arts-de-lille-de-larbre-a-la-feuille\/#primaryimage\"},\"thumbnailUrl\":\"https:\/\/editions.grandpalaisrmn.fr\/blog\/wp-content\/uploads\/2022\/06\/dans-la-foret.jpg\",\"datePublished\":\"2022-06-08T09:19:12+00:00\",\"dateModified\":\"2024-04-16T10:55:17+00:00\",\"description\":\"Catalogue adapt\u00e9 aux imp\u00e9ratifs environnementaux\u00a0: papier recycl\u00e9, encre v\u00e9g\u00e9tale et r\u00e9duction du bilan carbone \u00e0 travers la limitation des transports.\",\"breadcrumb\":{\"@id\":\"https:\/\/editions.grandpalaisrmn.fr\/blog\/la-foret-magique-le-catalogue-dexposition-ecoconcu-pour-le-palais-des-beaux-arts-de-lille-de-larbre-a-la-feuille\/#breadcrumb\"},\"inLanguage\":\"fr-FR\",\"potentialAction\":[{\"@type\":\"ReadAction\",\"target\":[\"https:\/\/editions.grandpalaisrmn.fr\/blog\/la-foret-magique-le-catalogue-dexposition-ecoconcu-pour-le-palais-des-beaux-arts-de-lille-de-larbre-a-la-feuille\/\"]}]},{\"@type\":\"ImageObject\",\"inLanguage\":\"fr-FR\",\"@id\":\"https:\/\/editions.grandpalaisrmn.fr\/blog\/la-foret-magique-le-catalogue-dexposition-ecoconcu-pour-le-palais-des-beaux-arts-de-lille-de-larbre-a-la-feuille\/#primaryimage\",\"url\":\"https:\/\/editions.grandpalaisrmn.fr\/blog\/wp-content\/uploads\/2022\/06\/dans-la-foret.jpg\",\"contentUrl\":\"https:\/\/editions.grandpalaisrmn.fr\/blog\/wp-content\/uploads\/2022\/06\/dans-la-foret.jpg\",\"width\":1024,\"height\":840},{\"@type\":\"BreadcrumbList\",\"@id\":\"https:\/\/editions.grandpalaisrmn.fr\/blog\/la-foret-magique-le-catalogue-dexposition-ecoconcu-pour-le-palais-des-beaux-arts-de-lille-de-larbre-a-la-feuille\/#breadcrumb\",\"itemListElement\":[{\"@type\":\"ListItem\",\"position\":1,\"name\":\"Accueil\",\"item\":\"https:\/\/editions.grandpalaisrmn.fr\/blog\/\"},{\"@type\":\"ListItem\",\"position\":2,\"name\":\"La For\u00eat magique, le catalogue d\u2019exposition \u00e9cocon\u00e7u pour le palais des Beaux-Arts de Lille : de l\u2019arbre \u00e0 la feuille\u2026\"}]},{\"@type\":\"WebSite\",\"@id\":\"https:\/\/editions.grandpalaisrmn.fr\/blog\/#website\",\"url\":\"https:\/\/editions.grandpalaisrmn.fr\/blog\/\",\"name\":\"Actualit\u00e9s de GrandPalaisRmn\u00c9ditions\",\"description\":\"\",\"publisher\":{\"@id\":\"https:\/\/editions.grandpalaisrmn.fr\/blog\/#organization\"},\"potentialAction\":[{\"@type\":\"SearchAction\",\"target\":{\"@type\":\"EntryPoint\",\"urlTemplate\":\"https:\/\/editions.grandpalaisrmn.fr\/blog\/?s={search_term_string}\"},\"query-input\":\"required name=search_term_string\"}],\"inLanguage\":\"fr-FR\"},{\"@type\":\"Organization\",\"@id\":\"https:\/\/editions.grandpalaisrmn.fr\/blog\/#organization\",\"name\":\"Les \u00e9ditions de la Rmn-GP\",\"url\":\"https:\/\/editions.grandpalaisrmn.fr\/blog\/\",\"logo\":{\"@type\":\"ImageObject\",\"inLanguage\":\"fr-FR\",\"@id\":\"https:\/\/editions.grandpalaisrmn.fr\/blog\/#\/schema\/logo\/image\/\",\"url\":\"https:\/\/editions.grandpalaisrmn.fr\/blog\/wp-content\/uploads\/2022\/06\/RMN-GP_logoNoir.png\",\"contentUrl\":\"https:\/\/editions.grandpalaisrmn.fr\/blog\/wp-content\/uploads\/2022\/06\/RMN-GP_logoNoir.png\",\"width\":787,\"height\":788,\"caption\":\"Les \u00e9ditions de la Rmn-GP\"},\"image\":{\"@id\":\"https:\/\/editions.grandpalaisrmn.fr\/blog\/#\/schema\/logo\/image\/\"},\"sameAs\":[\"https:\/\/www.facebook.com\/EditionsRmnGP\/\",\"https:\/\/www.pinterest.fr\/editionsRmnGP\",\"https:\/\/www.instagram.com\/les_editions_de_la_rmngp\/\"]},{\"@type\":\"Person\",\"@id\":\"https:\/\/editions.grandpalaisrmn.fr\/blog\/#\/schema\/person\/df4f655e9df6cfe1d48590c891fe6b82\",\"name\":\"admin\",\"image\":{\"@type\":\"ImageObject\",\"inLanguage\":\"fr-FR\",\"@id\":\"https:\/\/editions.grandpalaisrmn.fr\/blog\/#\/schema\/person\/image\/\",\"url\":\"https:\/\/secure.gravatar.com\/avatar\/2beb26b736c247331cd5f9cb1f595938?s=96&d=mm&r=g\",\"contentUrl\":\"https:\/\/secure.gravatar.com\/avatar\/2beb26b736c247331cd5f9cb1f595938?s=96&d=mm&r=g\",\"caption\":\"admin\"},\"sameAs\":[\"https:\/\/ppeditions.labrmngp.fr\/blog\"],\"url\":\"https:\/\/editions.grandpalaisrmn.fr\/blog\/author\/blog-admin_editions\/\"}]}<\/script>\n<!-- \/ Yoast SEO plugin. -->","yoast_head_json":{"title":"Livre d\u2019art \u00e9cocon\u00e7u sur papier offset 100\u00a0% recycl\u00e9 et certifi\u00e9 FSC","description":"Catalogue adapt\u00e9 aux imp\u00e9ratifs environnementaux\u00a0: papier recycl\u00e9, encre v\u00e9g\u00e9tale et r\u00e9duction du bilan carbone \u00e0 travers la limitation des transports.","robots":{"index":"index","follow":"follow","max-snippet":"max-snippet:-1","max-image-preview":"max-image-preview:large","max-video-preview":"max-video-preview:-1"},"canonical":"https:\/\/editions.grandpalaisrmn.fr\/blog\/la-foret-magique-le-catalogue-dexposition-ecoconcu-pour-le-palais-des-beaux-arts-de-lille-de-larbre-a-la-feuille\/","og_locale":"fr_FR","og_type":"article","og_title":"Livre d\u2019art \u00e9cocon\u00e7u sur papier offset 100\u00a0% recycl\u00e9 et certifi\u00e9 FSC","og_description":"Catalogue adapt\u00e9 aux imp\u00e9ratifs environnementaux\u00a0: papier recycl\u00e9, encre v\u00e9g\u00e9tale et r\u00e9duction du bilan carbone \u00e0 travers la limitation des transports.","og_url":"https:\/\/editions.grandpalaisrmn.fr\/blog\/la-foret-magique-le-catalogue-dexposition-ecoconcu-pour-le-palais-des-beaux-arts-de-lille-de-larbre-a-la-feuille\/","og_site_name":"Actualit\u00e9s de GrandPalaisRmn\u00c9ditions","article_publisher":"https:\/\/www.facebook.com\/EditionsRmnGP\/","article_published_time":"2022-06-08T09:19:12+00:00","article_modified_time":"2024-04-16T10:55:17+00:00","og_image":[{"url":"https:\/\/editions.grandpalaisrmn.fr\/blog\/wp-content\/uploads\/2022\/06\/dans-la-foret.jpg"}],"author":"admin","twitter_card":"summary_large_image","twitter_misc":{"\u00c9crit par":"admin","Dur\u00e9e de lecture estim\u00e9e":"4 minutes"},"schema":{"@context":"https:\/\/schema.org","@graph":[{"@type":"Article","@id":"https:\/\/editions.grandpalaisrmn.fr\/blog\/la-foret-magique-le-catalogue-dexposition-ecoconcu-pour-le-palais-des-beaux-arts-de-lille-de-larbre-a-la-feuille\/#article","isPartOf":{"@id":"https:\/\/editions.grandpalaisrmn.fr\/blog\/la-foret-magique-le-catalogue-dexposition-ecoconcu-pour-le-palais-des-beaux-arts-de-lille-de-larbre-a-la-feuille\/"},"author":{"name":"admin","@id":"https:\/\/editions.grandpalaisrmn.fr\/blog\/#\/schema\/person\/df4f655e9df6cfe1d48590c891fe6b82"},"headline":"La For\u00eat magique, le catalogue d\u2019exposition \u00e9cocon\u00e7u pour le palais des Beaux-Arts de Lille : de l\u2019arbre \u00e0 la feuille\u2026","datePublished":"2022-06-08T09:19:12+00:00","dateModified":"2024-04-16T10:55:17+00:00","mainEntityOfPage":{"@id":"https:\/\/editions.grandpalaisrmn.fr\/blog\/la-foret-magique-le-catalogue-dexposition-ecoconcu-pour-le-palais-des-beaux-arts-de-lille-de-larbre-a-la-feuille\/"},"wordCount":693,"commentCount":0,"publisher":{"@id":"https:\/\/editions.grandpalaisrmn.fr\/blog\/#organization"},"image":{"@id":"https:\/\/editions.grandpalaisrmn.fr\/blog\/la-foret-magique-le-catalogue-dexposition-ecoconcu-pour-le-palais-des-beaux-arts-de-lille-de-larbre-a-la-feuille\/#primaryimage"},"thumbnailUrl":"https:\/\/editions.grandpalaisrmn.fr\/blog\/wp-content\/uploads\/2022\/06\/dans-la-foret.jpg","articleSection":["Fabrication"],"inLanguage":"fr-FR","potentialAction":[{"@type":"CommentAction","name":"Comment","target":["https:\/\/editions.grandpalaisrmn.fr\/blog\/la-foret-magique-le-catalogue-dexposition-ecoconcu-pour-le-palais-des-beaux-arts-de-lille-de-larbre-a-la-feuille\/#respond"]}]},{"@type":"WebPage","@id":"https:\/\/editions.grandpalaisrmn.fr\/blog\/la-foret-magique-le-catalogue-dexposition-ecoconcu-pour-le-palais-des-beaux-arts-de-lille-de-larbre-a-la-feuille\/","url":"https:\/\/editions.grandpalaisrmn.fr\/blog\/la-foret-magique-le-catalogue-dexposition-ecoconcu-pour-le-palais-des-beaux-arts-de-lille-de-larbre-a-la-feuille\/","name":"Livre d\u2019art \u00e9cocon\u00e7u sur papier offset 100\u00a0% recycl\u00e9 et certifi\u00e9 FSC","isPartOf":{"@id":"https:\/\/editions.grandpalaisrmn.fr\/blog\/#website"},"primaryImageOfPage":{"@id":"https:\/\/editions.grandpalaisrmn.fr\/blog\/la-foret-magique-le-catalogue-dexposition-ecoconcu-pour-le-palais-des-beaux-arts-de-lille-de-larbre-a-la-feuille\/#primaryimage"},"image":{"@id":"https:\/\/editions.grandpalaisrmn.fr\/blog\/la-foret-magique-le-catalogue-dexposition-ecoconcu-pour-le-palais-des-beaux-arts-de-lille-de-larbre-a-la-feuille\/#primaryimage"},"thumbnailUrl":"https:\/\/editions.grandpalaisrmn.fr\/blog\/wp-content\/uploads\/2022\/06\/dans-la-foret.jpg","datePublished":"2022-06-08T09:19:12+00:00","dateModified":"2024-04-16T10:55:17+00:00","description":"Catalogue adapt\u00e9 aux imp\u00e9ratifs environnementaux\u00a0: papier recycl\u00e9, encre v\u00e9g\u00e9tale et r\u00e9duction du bilan carbone \u00e0 travers la limitation des transports.","breadcrumb":{"@id":"https:\/\/editions.grandpalaisrmn.fr\/blog\/la-foret-magique-le-catalogue-dexposition-ecoconcu-pour-le-palais-des-beaux-arts-de-lille-de-larbre-a-la-feuille\/#breadcrumb"},"inLanguage":"fr-FR","potentialAction":[{"@type":"ReadAction","target":["https:\/\/editions.grandpalaisrmn.fr\/blog\/la-foret-magique-le-catalogue-dexposition-ecoconcu-pour-le-palais-des-beaux-arts-de-lille-de-larbre-a-la-feuille\/"]}]},{"@type":"ImageObject","inLanguage":"fr-FR","@id":"https:\/\/editions.grandpalaisrmn.fr\/blog\/la-foret-magique-le-catalogue-dexposition-ecoconcu-pour-le-palais-des-beaux-arts-de-lille-de-larbre-a-la-feuille\/#primaryimage","url":"https:\/\/editions.grandpalaisrmn.fr\/blog\/wp-content\/uploads\/2022\/06\/dans-la-foret.jpg","contentUrl":"https:\/\/editions.grandpalaisrmn.fr\/blog\/wp-content\/uploads\/2022\/06\/dans-la-foret.jpg","width":1024,"height":840},{"@type":"BreadcrumbList","@id":"https:\/\/editions.grandpalaisrmn.fr\/blog\/la-foret-magique-le-catalogue-dexposition-ecoconcu-pour-le-palais-des-beaux-arts-de-lille-de-larbre-a-la-feuille\/#breadcrumb","itemListElement":[{"@type":"ListItem","position":1,"name":"Accueil","item":"https:\/\/editions.grandpalaisrmn.fr\/blog\/"},{"@type":"ListItem","position":2,"name":"La For\u00eat magique, le catalogue d\u2019exposition \u00e9cocon\u00e7u pour le palais des Beaux-Arts de Lille : de l\u2019arbre \u00e0 la feuille\u2026"}]},{"@type":"WebSite","@id":"https:\/\/editions.grandpalaisrmn.fr\/blog\/#website","url":"https:\/\/editions.grandpalaisrmn.fr\/blog\/","name":"Actualit\u00e9s de GrandPalaisRmn\u00c9ditions","description":"","publisher":{"@id":"https:\/\/editions.grandpalaisrmn.fr\/blog\/#organization"},"potentialAction":[{"@type":"SearchAction","target":{"@type":"EntryPoint","urlTemplate":"https:\/\/editions.grandpalaisrmn.fr\/blog\/?s={search_term_string}"},"query-input":"required name=search_term_string"}],"inLanguage":"fr-FR"},{"@type":"Organization","@id":"https:\/\/editions.grandpalaisrmn.fr\/blog\/#organization","name":"Les \u00e9ditions de la Rmn-GP","url":"https:\/\/editions.grandpalaisrmn.fr\/blog\/","logo":{"@type":"ImageObject","inLanguage":"fr-FR","@id":"https:\/\/editions.grandpalaisrmn.fr\/blog\/#\/schema\/logo\/image\/","url":"https:\/\/editions.grandpalaisrmn.fr\/blog\/wp-content\/uploads\/2022\/06\/RMN-GP_logoNoir.png","contentUrl":"https:\/\/editions.grandpalaisrmn.fr\/blog\/wp-content\/uploads\/2022\/06\/RMN-GP_logoNoir.png","width":787,"height":788,"caption":"Les \u00e9ditions de la Rmn-GP"},"image":{"@id":"https:\/\/editions.grandpalaisrmn.fr\/blog\/#\/schema\/logo\/image\/"},"sameAs":["https:\/\/www.facebook.com\/EditionsRmnGP\/","https:\/\/www.pinterest.fr\/editionsRmnGP","https:\/\/www.instagram.com\/les_editions_de_la_rmngp\/"]},{"@type":"Person","@id":"https:\/\/editions.grandpalaisrmn.fr\/blog\/#\/schema\/person\/df4f655e9df6cfe1d48590c891fe6b82","name":"admin","image":{"@type":"ImageObject","inLanguage":"fr-FR","@id":"https:\/\/editions.grandpalaisrmn.fr\/blog\/#\/schema\/person\/image\/","url":"https:\/\/secure.gravatar.com\/avatar\/2beb26b736c247331cd5f9cb1f595938?s=96&d=mm&r=g","contentUrl":"https:\/\/secure.gravatar.com\/avatar\/2beb26b736c247331cd5f9cb1f595938?s=96&d=mm&r=g","caption":"admin"},"sameAs":["https:\/\/ppeditions.labrmngp.fr\/blog"],"url":"https:\/\/editions.grandpalaisrmn.fr\/blog\/author\/blog-admin_editions\/"}]}},"_links":{"self":[{"href":"https:\/\/editions.grandpalaisrmn.fr\/blog\/wp-json\/wp\/v2\/posts\/253"}],"collection":[{"href":"https:\/\/editions.grandpalaisrmn.fr\/blog\/wp-json\/wp\/v2\/posts"}],"about":[{"href":"https:\/\/editions.grandpalaisrmn.fr\/blog\/wp-json\/wp\/v2\/types\/post"}],"author":[{"embeddable":true,"href":"https:\/\/editions.grandpalaisrmn.fr\/blog\/wp-json\/wp\/v2\/users\/1"}],"replies":[{"embeddable":true,"href":"https:\/\/editions.grandpalaisrmn.fr\/blog\/wp-json\/wp\/v2\/comments?post=253"}],"version-history":[{"count":15,"href":"https:\/\/editions.grandpalaisrmn.fr\/blog\/wp-json\/wp\/v2\/posts\/253\/revisions"}],"predecessor-version":[{"id":1569,"href":"https:\/\/editions.grandpalaisrmn.fr\/blog\/wp-json\/wp\/v2\/posts\/253\/revisions\/1569"}],"wp:attachment":[{"href":"https:\/\/editions.grandpalaisrmn.fr\/blog\/wp-json\/wp\/v2\/media?parent=253"}],"wp:term":[{"taxonomy":"category","embeddable":true,"href":"https:\/\/editions.grandpalaisrmn.fr\/blog\/wp-json\/wp\/v2\/categories?post=253"},{"taxonomy":"post_tag","embeddable":true,"href":"https:\/\/editions.grandpalaisrmn.fr\/blog\/wp-json\/wp\/v2\/tags?post=253"}],"curies":[{"name":"wp","href":"https:\/\/api.w.org\/{rel}","templated":true}]}}