{"id":2571,"date":"2025-12-11T11:28:29","date_gmt":"2025-12-11T11:28:29","guid":{"rendered":"https:\/\/editions.grandpalaisrmn.fr\/blog\/?p=2571"},"modified":"2025-12-16T11:32:15","modified_gmt":"2025-12-16T11:32:15","slug":"grottesco-premiere-monographie-deva-jospin-un-livre-dartiste","status":"publish","type":"post","link":"https:\/\/editions.grandpalaisrmn.fr\/blog\/grottesco-premiere-monographie-deva-jospin-un-livre-dartiste\/","title":{"rendered":"<em>Grottesco<\/em>, premi\u00e8re monographie d\u2019Eva Jospin, un livre d\u2019artiste"},"content":{"rendered":"<p class=\"Chapeau_Article\">Notre maison \u00e9dite la premi\u00e8re monographie d\u2019<a href=\"https:\/\/suzanne-tarasieve.com\/artist\/eva-jospin\/\" target=\"_blank\" rel=\"noopener\">Eva Jospin<\/a>, un livre qui donne corps et volume \u00e0 la mati\u00e8re m\u00eame de son \u0153uvre. N\u00e9 de la collaboration fertile et exigeante entre la plasticienne et la graphiste <a href=\"https:\/\/www.instagram.com\/linemartincelo\/?hl=fr\" target=\"_blank\" rel=\"noopener\">Line C\u00e9lo<\/a>, l\u2019ouvrage accompagne l\u2019exposition \u00e9ponyme au Grand Palais.\u00a0 Plongez dans les coulisses de ce projet \u00e9ditorial o\u00f9 l\u2019alchimie cr\u00e9ative, ne laissant rien au hasard, transforme la publication en v\u00e9ritable livre d\u2019artiste\u00a0: un voyage depuis les royaumes de carton jusqu\u2019aux feuilles de papier.<\/p>\n<figure id=\"attachment_2640\" aria-describedby=\"caption-attachment-2640\" style=\"width: 1024px\" class=\"wp-caption aligncenter\"><img loading=\"lazy\" decoding=\"async\" class=\"size-full wp-image-2640\" src=\"https:\/\/editions.grandpalaisrmn.fr\/blog\/wp-content\/uploads\/2025\/12\/Cat_Eva_Jospin_Laurent_Dupont_1024.jpg\" alt=\"\" width=\"1024\" height=\"1051\" srcset=\"https:\/\/editions.grandpalaisrmn.fr\/blog\/wp-content\/uploads\/2025\/12\/Cat_Eva_Jospin_Laurent_Dupont_1024.jpg 1024w, https:\/\/editions.grandpalaisrmn.fr\/blog\/wp-content\/uploads\/2025\/12\/Cat_Eva_Jospin_Laurent_Dupont_1024-292x300.jpg 292w, https:\/\/editions.grandpalaisrmn.fr\/blog\/wp-content\/uploads\/2025\/12\/Cat_Eva_Jospin_Laurent_Dupont_1024-998x1024.jpg 998w, https:\/\/editions.grandpalaisrmn.fr\/blog\/wp-content\/uploads\/2025\/12\/Cat_Eva_Jospin_Laurent_Dupont_1024-768x788.jpg 768w, https:\/\/editions.grandpalaisrmn.fr\/blog\/wp-content\/uploads\/2025\/12\/Cat_Eva_Jospin_Laurent_Dupont_1024-748x768.jpg 748w\" sizes=\"(max-width: 1024px) 100vw, 1024px\" \/><figcaption id=\"caption-attachment-2640\" class=\"wp-caption-text\">Le catalogue de l&rsquo;exposition et la chalcographie produite dans nos ateliers. Photo @ Laurent Dupont<\/figcaption><\/figure>\n<p><strong>Manifeste d\u2019une vision artistique partag\u00e9e<\/strong><br \/>\nAu c\u0153ur de cette \u00e9dition, deux femmes li\u00e9es par une complicit\u00e9 tiss\u00e9e au fil de quatre catalogues ant\u00e9rieurs\u00a0: l\u2019artiste Eva Jospin, qui fa\u00e7onne des royaumes de carton, et la graphiste Line C\u00e9lo, form\u00e9e aux Beaux-Arts et aux c\u00f4t\u00e9s du c\u00e9l\u00e8bre \u00e9diteur Xavier Barral.<br \/>\nElles envisageaient depuis longtemps de r\u00e9aliser ensemble une monographie\u00a0: \u00ab\u00a0Nous en avions discut\u00e9 avec Sophie Laporte, la directrice de vos \u00e9ditions, raconte Line C\u00e9lo. Elle \u00e9tait partante, mais les agendas n\u2019avaient pas permis la concr\u00e9tisation de ce projet.\u00a0\u00bb C\u2019est finalement l\u2019exposition \u00ab\u00a0Grottesco\u00a0\u00bb, ouverte jusqu\u2019au 15 mars 2026 au Grand Palais, qui a donn\u00e9 \u00e0 nos \u00e9ditions l\u2019occasion de le mener \u00e0 bien en cr\u00e9ant, qui plus est, un objet \u00e9ditorial unique\u00a0: ce catalogue d\u2019exposition offre en effet au lecteur une plong\u00e9e dans l\u2019\u0153uvre de l\u2019artiste, un voyage au plus pr\u00e8s de la mati\u00e8re.<br \/>\nLine C\u00e9lo s\u2019est faite l\u2019interpr\u00e8te et l\u2019artisane du r\u00eave d\u2019une artiste exigeante. Un r\u00f4le qui illustre l\u2019importance de la collaboration aux yeux d\u2019Eva Jospin, comme l\u2019artiste le souligne dans le catalogue\u00a0: \u00ab\u00a0C\u2019est formidable de pouvoir collaborer avec d\u2019autres personnes. C\u2019est vous qui dirigez le projet, qui avez la vision, mais vous travaillez avec des savoir-faire que vous n\u2019avez pas [\u2026]. La collaboration enrichit le travail. Ce n\u2019est pas seulement une d\u00e9l\u00e9gation de t\u00e2ches, c\u2019est un \u00e9change.\u00a0\u00bb<\/p>\n<figure id=\"attachment_2631\" aria-describedby=\"caption-attachment-2631\" style=\"width: 943px\" class=\"wp-caption aligncenter\"><img loading=\"lazy\" decoding=\"async\" class=\"size-full wp-image-2631\" src=\"https:\/\/editions.grandpalaisrmn.fr\/blog\/wp-content\/uploads\/2025\/12\/jospin_2_1900.jpg\" alt=\"\" width=\"943\" height=\"672\" srcset=\"https:\/\/editions.grandpalaisrmn.fr\/blog\/wp-content\/uploads\/2025\/12\/jospin_2_1900.jpg 943w, https:\/\/editions.grandpalaisrmn.fr\/blog\/wp-content\/uploads\/2025\/12\/jospin_2_1900-300x214.jpg 300w, https:\/\/editions.grandpalaisrmn.fr\/blog\/wp-content\/uploads\/2025\/12\/jospin_2_1900-768x547.jpg 768w\" sizes=\"(max-width: 943px) 100vw, 943px\" \/><figcaption id=\"caption-attachment-2631\" class=\"wp-caption-text\">Vues de Selva (Exposition \u00ab\u00a0Selva\u00a0\u00bb, Museo Fortuny, Venise 2024)<\/figcaption><\/figure>\n<p><strong>L\u2019art de la d\u00e9couverte<\/strong><br \/>\nLe titre de l\u2019ouvrage est riche de sens, charg\u00e9 d\u2019une profondeur historique\u00a0: \u00ab\u00a0<em>G<\/em><em>rottesco<\/em> fait r\u00e9f\u00e9rence au style dit grotesque, explique Eva Jospin dans un entretien avec l\u2019historienne de l\u2019art Diana Campbell, mais il remonte en r\u00e9alit\u00e9 \u00e0 la red\u00e9couverte de la Domus Aurea, \u00e0 Rome. \u00c0 la fin du <span class=\"pcap\">xv<\/span><sup>e<\/sup> si\u00e8cle, un jeune homme, tomb\u00e9 dans ce qui ressemblait \u00e0 une grotte, d\u00e9couvre d\u2019incroyables peintures romaines au plafond du palais. Les artistes se sont mis alors \u00e0 copier le style de ces peintures, qu\u2019ils ont qualifi\u00e9es de \u00ab\u00a0grotesques\u00a0\u00bb, en souvenir de sa d\u00e9couverte.\u00a0\u00bb<br \/>\nOr la notion de descente et de d\u00e9couverte progressive est essentielle dans l\u2019\u0153uvre de la plasticienne, qui sc\u00e9nographie ses expositions pour que l\u2019ensemble ne soit jamais embrass\u00e9 d\u2019un seul coup d\u2019\u0153il. Cette exigence irrigue le catalogue. Pour faire \u00e9cho \u00e0 la philosophie de l\u2019artiste \u2014 \u00ab Si on veut comprendre quelque chose en profondeur, il faut en faire le tour, au sens propre comme au sens figur\u00e9 \u00bb \u2014, Line C\u00e9lo a con\u00e7u un ouvrage qui est lui-m\u00eame tridimensionnel. Par un jeu minutieux de photographies en gros plans, en zoom, de face et de dos, la graphiste donne corps et volume \u00e0 la mati\u00e8re et invite le lecteur \u00e0 explorer les \u0153uvres sous tous les angles.<\/p>\n<p><img loading=\"lazy\" decoding=\"async\" class=\"size-full wp-image-2633 aligncenter\" src=\"https:\/\/editions.grandpalaisrmn.fr\/blog\/wp-content\/uploads\/2025\/12\/EC108174_blanc2_900.jpg\" alt=\"\" width=\"955\" height=\"695\" srcset=\"https:\/\/editions.grandpalaisrmn.fr\/blog\/wp-content\/uploads\/2025\/12\/EC108174_blanc2_900.jpg 955w, https:\/\/editions.grandpalaisrmn.fr\/blog\/wp-content\/uploads\/2025\/12\/EC108174_blanc2_900-300x218.jpg 300w, https:\/\/editions.grandpalaisrmn.fr\/blog\/wp-content\/uploads\/2025\/12\/EC108174_blanc2_900-768x559.jpg 768w\" sizes=\"(max-width: 955px) 100vw, 955px\" \/><\/p>\n<p><strong>La couverture, un v\u00e9ritable manifeste artistique<\/strong><br \/>\nL\u00e9a Pietton, responsable d\u2019\u00e9dition, en coordonnant la publication avec une rigueur attentive et une grande discr\u00e9tion, a su pr\u00e9server un espace de libert\u00e9 artistique absolue. Elle \u00e9voque avec nous les caract\u00e9ristiques de l\u2019ouvrage\u00a0: \u00ab\u00a0La couverture se pr\u00e9sente comme un \u00e9crin. La conception du catalogue, en grand format et avec une reliure traditionnelle, repose sur un effet d\u2019embo\u00eetement tr\u00e8s soign\u00e9. Le corps du livre est plus petit que sa couverture, ce qui cr\u00e9e une grande marge (nomm\u00e9e \u201cchasse\u201d) encadrant les doubles pages. Cela met \u00e9galement en \u00e9vidence la qualit\u00e9 du rembordement de la toile ext\u00e9rieure. Ces finitions raffin\u00e9es \u2014\u00a0telles que la toile, la typographie et le marquage \u00e0 chaud au fer \u00e0 dorer, qui \u00e9voque la broderie en fils de laiton pratiqu\u00e9e par l\u2019artiste\u00a0\u2014 renvoient \u00e0 des codes classiques et en font un volume remarquable.\u00a0\u00bb<\/p>\n<figure id=\"attachment_2620\" aria-describedby=\"caption-attachment-2620\" style=\"width: 900px\" class=\"wp-caption aligncenter\"><img loading=\"lazy\" decoding=\"async\" class=\"size-full wp-image-2620\" src=\"https:\/\/editions.grandpalaisrmn.fr\/blog\/wp-content\/uploads\/2025\/12\/debordement2_900.jpg\" alt=\"\" width=\"900\" height=\"600\" srcset=\"https:\/\/editions.grandpalaisrmn.fr\/blog\/wp-content\/uploads\/2025\/12\/debordement2_900.jpg 900w, https:\/\/editions.grandpalaisrmn.fr\/blog\/wp-content\/uploads\/2025\/12\/debordement2_900-300x200.jpg 300w, https:\/\/editions.grandpalaisrmn.fr\/blog\/wp-content\/uploads\/2025\/12\/debordement2_900-768x512.jpg 768w\" sizes=\"(max-width: 900px) 100vw, 900px\" \/><figcaption id=\"caption-attachment-2620\" class=\"wp-caption-text\">Grande \u201cchasse\u201d\u00a0: le corps du livre est plus petit que sa couverture<\/figcaption><\/figure>\n<p>La couverture est devenue le c\u0153ur d\u2019une recherche formelle men\u00e9e par le duo cr\u00e9atif. \u00ab\u00a0Me renouveler face \u00e0 des \u0153uvres que j\u2019aime et que je connais intimement est un v\u00e9ritable enjeu, confie la graphiste. Nous avons choisi de faire appel \u00e0 la typographe C\u00e9line Hurka, dont j\u2019avais remarqu\u00e9 le travail original et subtil. Eva Jospin a orient\u00e9 cette cr\u00e9ation en proposant comme r\u00e9f\u00e9rence l\u2019\u0153uvre de Jean B\u00e9rain, un dessinateur du <span class=\"pcap\">xvii<\/span><sup>e<\/sup> si\u00e8cle dont les recueils d\u2019ornements ont \u00e9t\u00e9 largement diffus\u00e9s en Europe.\u00a0\u00bb<br \/>\nEva Jospin a pos\u00e9 le geste final d\u2019ornementation, parant elle-m\u00eame les lettres du titre de motifs v\u00e9g\u00e9taux pour cr\u00e9er un effet d\u2019entrelacement. Et en \u00e9cho aux cadres ovales de ces dessins, Line C\u00e9lo a positionn\u00e9 le titre en arc de cercle.<br \/>\nDe cette alliance entre h\u00e9ritage classique et exigence contemporaine est n\u00e9 un lettrage con\u00e7u sur mesure pour la publication, valid\u00e9 avec enthousiasme par nos \u00e9ditions.<\/p>\n<figure id=\"attachment_2580\" aria-describedby=\"caption-attachment-2580\" style=\"width: 900px\" class=\"wp-caption aligncenter\"><img loading=\"lazy\" decoding=\"async\" class=\"wp-image-2580 size-full\" src=\"https:\/\/editions.grandpalaisrmn.fr\/blog\/wp-content\/uploads\/2025\/12\/typo-900.jpg\" alt=\"\" width=\"900\" height=\"600\" srcset=\"https:\/\/editions.grandpalaisrmn.fr\/blog\/wp-content\/uploads\/2025\/12\/typo-900.jpg 900w, https:\/\/editions.grandpalaisrmn.fr\/blog\/wp-content\/uploads\/2025\/12\/typo-900-300x200.jpg 300w, https:\/\/editions.grandpalaisrmn.fr\/blog\/wp-content\/uploads\/2025\/12\/typo-900-768x512.jpg 768w\" sizes=\"(max-width: 900px) 100vw, 900px\" \/><figcaption id=\"caption-attachment-2580\" class=\"wp-caption-text\">Recherches graphiques pour cr\u00e9er des caract\u00e8res inspir\u00e9s de l\u2019esth\u00e9tique de Jean B\u00e9rain (C\u00e9line Hurka)<span style=\"font-size: 16px;\">\u00a0<\/span><\/figcaption><\/figure>\n<p>Eva Jospin a fait preuve de la m\u00eame exigence minutieuse, de la m\u00eame passion du d\u00e9tail, pour ce projet \u00e9ditorial que pour ses installations plastiques. \u00ab\u00a0Chercher \u00e0 atteindre la beaut\u00e9 n\u00e9cessite un travail consid\u00e9rable\u00a0\u00bb, souligne Line C\u00e9lo. Totalement engag\u00e9e dans la conception et la r\u00e9alisation du livre, la graphiste a accompagn\u00e9 Isabelle Loric, notre responsable de fabrication pour cet ouvrage, \u00e0 l\u2019imprimerie pour la phase cruciale du calage chez l\u2019imprimeur.<\/p>\n<p><img loading=\"lazy\" decoding=\"async\" class=\"size-full wp-image-2632 aligncenter\" src=\"https:\/\/editions.grandpalaisrmn.fr\/blog\/wp-content\/uploads\/2025\/12\/dessins_2_900.jpg\" alt=\"\" width=\"942\" height=\"709\" srcset=\"https:\/\/editions.grandpalaisrmn.fr\/blog\/wp-content\/uploads\/2025\/12\/dessins_2_900.jpg 942w, https:\/\/editions.grandpalaisrmn.fr\/blog\/wp-content\/uploads\/2025\/12\/dessins_2_900-300x226.jpg 300w, https:\/\/editions.grandpalaisrmn.fr\/blog\/wp-content\/uploads\/2025\/12\/dessins_2_900-768x578.jpg 768w\" sizes=\"(max-width: 942px) 100vw, 942px\" \/><\/p>\n<p><strong>Trois papiers, trois dimensions<\/strong><br \/>\nLa structure de la monographie consacr\u00e9e \u00e0 Eva Jospin repose sur trois piliers de conception qui visent \u00e0 la fois \u00e0 saisir la gen\u00e8se intime de son \u0153uvre et \u00e0 assurer une qualit\u00e9 visuelle et mat\u00e9rielle p\u00e9renne.<br \/>\nLes premi\u00e8res pages offrent une immersion imm\u00e9diate dans le processus cr\u00e9atif de l\u2019artiste. Puisque \u00ab\u00a0ses dessins r\u00e9alis\u00e9s avec des feutres tr\u00e8s fins sont toujours \u00e0 la source de ses cr\u00e9ations\u00a0\u00bb, Line C\u00e9lo a choisi d\u2019ouvrir le catalogue sur douze planches de dessins, telles les pr\u00e9mices d\u2019un r\u00eave. Ce pr\u00e9lude instaure un sentiment d\u2019intimit\u00e9, renforc\u00e9 par le choix d\u2019un papier verg\u00e9 qui \u00e9voque \u00ab\u00a0les cahiers de dessins\u00a0\u00bb et rappelle la noblesse des supports de gravure d\u2019autrefois.<br \/>\nPlac\u00e9s en d\u00e9but et en fin d\u2019ouvrage, deux textes fondamentaux, r\u00e9dig\u00e9s par les historiens de l\u2019art Pierre Wat et Diana Campbell, analysent et contextualisent l\u2019\u0153uvre de l\u2019artiste. \u00ab\u00a0Je voulais un livre intemporel, confie Line C\u00e9lo. Pour distinguer les textes, j\u2019ai choisi avec l\u2019aide d\u2019Isabelle Loric un papier assez fin et souple, de couleur jaune p\u00e2le, teint\u00e9 dans la masse, et un caract\u00e8re typographique \u00e0 empattement simple et classique, le\u00a0Fournier. Ces choix apportent de l\u2019\u00e9l\u00e9gance et pr\u00e9servent le livre de tout effet de datation.<br \/>\nEnfin,\u00a0un soin extr\u00eame a \u00e9t\u00e9 port\u00e9 \u00e0 l\u2019iconographie, qu\u2019a r\u00e9unie Consuelo Crulci-Perrois. Harmoniser des clich\u00e9s h\u00e9t\u00e9rog\u00e8nes a exig\u00e9 un travail d\u2019orf\u00e8vre de nous tous\u00a0: chaque \u0153uvre a \u00e9t\u00e9 minutieusement d\u00e9tour\u00e9e et calibr\u00e9e en collaboration avec le pr\u00e9cieux atelier Les Artisans du Regard.\u00a0\u00bb<\/p>\n<p>Livre d\u2019exception, le catalogue d\u2019exposition <em>Grottesco<\/em> consacre la r\u00e9ussite d\u2019une collaboration qui a relev\u00e9 le d\u00e9fi de transposer dans un livre la dimension sculpturale de l\u2019\u0153uvre d\u2019Eva Jospin. De l\u2019alphabet sur mesure orn\u00e9 de lianes par l\u2019artiste elle-m\u00eame au choix m\u00e9ticuleux des papiers et de l\u2019iconographie, chaque d\u00e9tail, pens\u00e9 et valid\u00e9 avec nos \u00e9ditions, fait \u00e9cho \u00e0 la tridimensionnalit\u00e9 et \u00e0 la philosophie des sculptures d\u2019Eva Jospin.<br \/>\nCette premi\u00e8re monographie consacre le travail de la plasticienne\u00a0: une reconnaissance d\u2019autant plus m\u00e9rit\u00e9e que l\u2019artiste, nouvellement acad\u00e9micienne des Beaux-Arts, s\u2019engage \u00e0 encourager la cr\u00e9ation artistique dans toutes ses expressions et \u00e0 d\u00e9fendre le patrimoine culturel fran\u00e7ais. Bien plus qu\u2019une r\u00e9f\u00e9rence, ce livre appara\u00eet comme le manifeste d\u2019une artiste majeure qui ne cesse de faire dialoguer l\u2019exigence de la perfection avec la g\u00e9n\u00e9rosit\u00e9 du partage.<\/p>\n<div class=\"CallToAction\">\n<p style=\"text-align: center;\"><a href=\"https:\/\/editions.grandpalaisrmn.fr\/fr\/editions\/EC108174\">Commandez le catalogue<\/a><\/p>\n<p style=\"text-align: center;\"><a href=\"https:\/\/editions.grandpalaisrmn.fr\/fr\/editions\/par-musee\/paris_grand-palais\">D\u00e9couvrez nos \u00e9ditions pour le Grand Palais <\/a><\/p>\n<p style=\"text-align: center;\"><a href=\"https:\/\/www.grandpalais.fr\/fr\/programme\/eva-jospin-grottesco-claire-tabouret-dun-seul-souffle\">Pr\u00e9parez votre visite de l\u2019exposition<\/a><\/p>\n<p style=\"text-align: center;\"><a href=\"https:\/\/editions.grandpalaisrmn.fr\/fr\/editions\/lettre-information\">Suivez notre actualit\u00e9 et abonnez-vous \u00e0 notre magazine<\/a><\/p>\n<\/div>\n","protected":false},"excerpt":{"rendered":"<p>Notre maison \u00e9dite la premi\u00e8re monographie d\u2019Eva Jospin, un livre qui donne corps et volume \u00e0 la mati\u00e8re m\u00eame de son \u0153uvre. N\u00e9 de la collaboration fertile et exigeante entre la plasticienne et la graphiste Line C\u00e9lo, l\u2019ouvrage accompagne l\u2019exposition \u00e9ponyme au Grand Palais.\u00a0 Plongez dans les coulisses de ce projet \u00e9ditorial o\u00f9 l\u2019alchimie cr\u00e9ative,&#8230;<\/p>\n","protected":false},"author":1,"featured_media":0,"comment_status":"closed","ping_status":"closed","sticky":false,"template":"","format":"standard","meta":{"footnotes":""},"categories":[3,2,6],"tags":[],"class_list":["post-2571","post","type-post","status-publish","format-standard","hentry","category-edition","category-fabrication","category-personnalite-de-la-culture"],"yoast_head":"<!-- This site is optimized with the Yoast SEO plugin v22.7 - https:\/\/yoast.com\/wordpress\/plugins\/seo\/ -->\n<title>Un livre d\u2019artiste : Grottesco, premi\u00e8re monographie d\u2019Eva Jospin<\/title>\n<meta name=\"description\" content=\"N\u00e9 de la collaboration entre Eva Jospin et la graphiste Line C\u00e9lo, l\u2019ouvrage accompagne l\u2019exposition \u00ab\u00a0Grottesco\u00a0\u00bb au Grand Palais\" \/>\n<meta name=\"robots\" content=\"index, follow, max-snippet:-1, max-image-preview:large, max-video-preview:-1\" \/>\n<link rel=\"canonical\" href=\"https:\/\/editions.grandpalaisrmn.fr\/blog\/grottesco-premiere-monographie-deva-jospin-un-livre-dartiste\/\" \/>\n<meta property=\"og:locale\" content=\"fr_FR\" \/>\n<meta property=\"og:type\" content=\"article\" \/>\n<meta property=\"og:title\" content=\"Un livre d\u2019artiste : Grottesco, premi\u00e8re monographie d\u2019Eva Jospin\" \/>\n<meta property=\"og:description\" content=\"N\u00e9 de la collaboration entre Eva Jospin et la graphiste Line C\u00e9lo, l\u2019ouvrage accompagne l\u2019exposition \u00ab\u00a0Grottesco\u00a0\u00bb au Grand Palais\" \/>\n<meta property=\"og:url\" content=\"https:\/\/editions.grandpalaisrmn.fr\/blog\/grottesco-premiere-monographie-deva-jospin-un-livre-dartiste\/\" \/>\n<meta property=\"og:site_name\" content=\"Actualit\u00e9s de GrandPalaisRmn\u00c9ditions\" \/>\n<meta property=\"article:publisher\" content=\"https:\/\/www.facebook.com\/EditionsRmnGP\/\" \/>\n<meta property=\"article:published_time\" content=\"2025-12-11T11:28:29+00:00\" \/>\n<meta property=\"article:modified_time\" content=\"2025-12-16T11:32:15+00:00\" \/>\n<meta property=\"og:image\" content=\"https:\/\/editions.grandpalaisrmn.fr\/blog\/wp-content\/uploads\/2025\/12\/Cat_Eva_Jospin_Laurent_Dupont_1024.jpg\" \/>\n\t<meta property=\"og:image:width\" content=\"1024\" \/>\n\t<meta property=\"og:image:height\" content=\"1051\" \/>\n\t<meta property=\"og:image:type\" content=\"image\/jpeg\" \/>\n<meta name=\"author\" content=\"admin\" \/>\n<meta name=\"twitter:card\" content=\"summary_large_image\" \/>\n<meta name=\"twitter:label1\" content=\"\u00c9crit par\" \/>\n\t<meta name=\"twitter:data1\" content=\"admin\" \/>\n\t<meta name=\"twitter:label2\" content=\"Dur\u00e9e de lecture estim\u00e9e\" \/>\n\t<meta name=\"twitter:data2\" content=\"9 minutes\" \/>\n<script type=\"application\/ld+json\" class=\"yoast-schema-graph\">{\"@context\":\"https:\/\/schema.org\",\"@graph\":[{\"@type\":\"Article\",\"@id\":\"https:\/\/editions.grandpalaisrmn.fr\/blog\/grottesco-premiere-monographie-deva-jospin-un-livre-dartiste\/#article\",\"isPartOf\":{\"@id\":\"https:\/\/editions.grandpalaisrmn.fr\/blog\/grottesco-premiere-monographie-deva-jospin-un-livre-dartiste\/\"},\"author\":{\"name\":\"admin\",\"@id\":\"https:\/\/editions.grandpalaisrmn.fr\/blog\/#\/schema\/person\/df4f655e9df6cfe1d48590c891fe6b82\"},\"headline\":\"Grottesco, premi\u00e8re monographie d\u2019Eva Jospin, un livre d\u2019artiste\",\"datePublished\":\"2025-12-11T11:28:29+00:00\",\"dateModified\":\"2025-12-16T11:32:15+00:00\",\"mainEntityOfPage\":{\"@id\":\"https:\/\/editions.grandpalaisrmn.fr\/blog\/grottesco-premiere-monographie-deva-jospin-un-livre-dartiste\/\"},\"wordCount\":1552,\"publisher\":{\"@id\":\"https:\/\/editions.grandpalaisrmn.fr\/blog\/#organization\"},\"image\":{\"@id\":\"https:\/\/editions.grandpalaisrmn.fr\/blog\/grottesco-premiere-monographie-deva-jospin-un-livre-dartiste\/#primaryimage\"},\"thumbnailUrl\":\"https:\/\/editions.grandpalaisrmn.fr\/blog\/wp-content\/uploads\/2025\/12\/Cat_Eva_Jospin_Laurent_Dupont_1024.jpg\",\"articleSection\":[\"\u00c9dition\",\"Fabrication\",\"Personnalit\u00e9 de la culture\"],\"inLanguage\":\"fr-FR\"},{\"@type\":\"WebPage\",\"@id\":\"https:\/\/editions.grandpalaisrmn.fr\/blog\/grottesco-premiere-monographie-deva-jospin-un-livre-dartiste\/\",\"url\":\"https:\/\/editions.grandpalaisrmn.fr\/blog\/grottesco-premiere-monographie-deva-jospin-un-livre-dartiste\/\",\"name\":\"Un livre d\u2019artiste : Grottesco, premi\u00e8re monographie d\u2019Eva Jospin\",\"isPartOf\":{\"@id\":\"https:\/\/editions.grandpalaisrmn.fr\/blog\/#website\"},\"primaryImageOfPage\":{\"@id\":\"https:\/\/editions.grandpalaisrmn.fr\/blog\/grottesco-premiere-monographie-deva-jospin-un-livre-dartiste\/#primaryimage\"},\"image\":{\"@id\":\"https:\/\/editions.grandpalaisrmn.fr\/blog\/grottesco-premiere-monographie-deva-jospin-un-livre-dartiste\/#primaryimage\"},\"thumbnailUrl\":\"https:\/\/editions.grandpalaisrmn.fr\/blog\/wp-content\/uploads\/2025\/12\/Cat_Eva_Jospin_Laurent_Dupont_1024.jpg\",\"datePublished\":\"2025-12-11T11:28:29+00:00\",\"dateModified\":\"2025-12-16T11:32:15+00:00\",\"description\":\"N\u00e9 de la collaboration entre Eva Jospin et la graphiste Line C\u00e9lo, l\u2019ouvrage accompagne l\u2019exposition \u00ab\u00a0Grottesco\u00a0\u00bb au Grand Palais\",\"breadcrumb\":{\"@id\":\"https:\/\/editions.grandpalaisrmn.fr\/blog\/grottesco-premiere-monographie-deva-jospin-un-livre-dartiste\/#breadcrumb\"},\"inLanguage\":\"fr-FR\",\"potentialAction\":[{\"@type\":\"ReadAction\",\"target\":[\"https:\/\/editions.grandpalaisrmn.fr\/blog\/grottesco-premiere-monographie-deva-jospin-un-livre-dartiste\/\"]}]},{\"@type\":\"ImageObject\",\"inLanguage\":\"fr-FR\",\"@id\":\"https:\/\/editions.grandpalaisrmn.fr\/blog\/grottesco-premiere-monographie-deva-jospin-un-livre-dartiste\/#primaryimage\",\"url\":\"https:\/\/editions.grandpalaisrmn.fr\/blog\/wp-content\/uploads\/2025\/12\/Cat_Eva_Jospin_Laurent_Dupont_1024.jpg\",\"contentUrl\":\"https:\/\/editions.grandpalaisrmn.fr\/blog\/wp-content\/uploads\/2025\/12\/Cat_Eva_Jospin_Laurent_Dupont_1024.jpg\",\"width\":1024,\"height\":1051,\"caption\":\"Le catalogue de l'exposition et la chalcographie produite dans nos ateliers. Photo @ Laurent Dupont\"},{\"@type\":\"BreadcrumbList\",\"@id\":\"https:\/\/editions.grandpalaisrmn.fr\/blog\/grottesco-premiere-monographie-deva-jospin-un-livre-dartiste\/#breadcrumb\",\"itemListElement\":[{\"@type\":\"ListItem\",\"position\":1,\"name\":\"Accueil\",\"item\":\"https:\/\/editions.grandpalaisrmn.fr\/blog\/\"},{\"@type\":\"ListItem\",\"position\":2,\"name\":\"Grottesco, premi\u00e8re monographie d\u2019Eva Jospin, un livre d\u2019artiste\"}]},{\"@type\":\"WebSite\",\"@id\":\"https:\/\/editions.grandpalaisrmn.fr\/blog\/#website\",\"url\":\"https:\/\/editions.grandpalaisrmn.fr\/blog\/\",\"name\":\"Actualit\u00e9s de GrandPalaisRmn\u00c9ditions\",\"description\":\"\",\"publisher\":{\"@id\":\"https:\/\/editions.grandpalaisrmn.fr\/blog\/#organization\"},\"potentialAction\":[{\"@type\":\"SearchAction\",\"target\":{\"@type\":\"EntryPoint\",\"urlTemplate\":\"https:\/\/editions.grandpalaisrmn.fr\/blog\/?s={search_term_string}\"},\"query-input\":\"required name=search_term_string\"}],\"inLanguage\":\"fr-FR\"},{\"@type\":\"Organization\",\"@id\":\"https:\/\/editions.grandpalaisrmn.fr\/blog\/#organization\",\"name\":\"Les \u00e9ditions de la Rmn-GP\",\"url\":\"https:\/\/editions.grandpalaisrmn.fr\/blog\/\",\"logo\":{\"@type\":\"ImageObject\",\"inLanguage\":\"fr-FR\",\"@id\":\"https:\/\/editions.grandpalaisrmn.fr\/blog\/#\/schema\/logo\/image\/\",\"url\":\"https:\/\/editions.grandpalaisrmn.fr\/blog\/wp-content\/uploads\/2022\/06\/RMN-GP_logoNoir.png\",\"contentUrl\":\"https:\/\/editions.grandpalaisrmn.fr\/blog\/wp-content\/uploads\/2022\/06\/RMN-GP_logoNoir.png\",\"width\":787,\"height\":788,\"caption\":\"Les \u00e9ditions de la Rmn-GP\"},\"image\":{\"@id\":\"https:\/\/editions.grandpalaisrmn.fr\/blog\/#\/schema\/logo\/image\/\"},\"sameAs\":[\"https:\/\/www.facebook.com\/EditionsRmnGP\/\",\"https:\/\/www.pinterest.fr\/editionsRmnGP\",\"https:\/\/www.instagram.com\/les_editions_de_la_rmngp\/\"]},{\"@type\":\"Person\",\"@id\":\"https:\/\/editions.grandpalaisrmn.fr\/blog\/#\/schema\/person\/df4f655e9df6cfe1d48590c891fe6b82\",\"name\":\"admin\",\"image\":{\"@type\":\"ImageObject\",\"inLanguage\":\"fr-FR\",\"@id\":\"https:\/\/editions.grandpalaisrmn.fr\/blog\/#\/schema\/person\/image\/\",\"url\":\"https:\/\/secure.gravatar.com\/avatar\/2beb26b736c247331cd5f9cb1f595938?s=96&d=mm&r=g\",\"contentUrl\":\"https:\/\/secure.gravatar.com\/avatar\/2beb26b736c247331cd5f9cb1f595938?s=96&d=mm&r=g\",\"caption\":\"admin\"},\"sameAs\":[\"https:\/\/ppeditions.labrmngp.fr\/blog\"],\"url\":\"https:\/\/editions.grandpalaisrmn.fr\/blog\/author\/blog-admin_editions\/\"}]}<\/script>\n<!-- \/ Yoast SEO plugin. -->","yoast_head_json":{"title":"Un livre d\u2019artiste : Grottesco, premi\u00e8re monographie d\u2019Eva Jospin","description":"N\u00e9 de la collaboration entre Eva Jospin et la graphiste Line C\u00e9lo, l\u2019ouvrage accompagne l\u2019exposition \u00ab\u00a0Grottesco\u00a0\u00bb au Grand Palais","robots":{"index":"index","follow":"follow","max-snippet":"max-snippet:-1","max-image-preview":"max-image-preview:large","max-video-preview":"max-video-preview:-1"},"canonical":"https:\/\/editions.grandpalaisrmn.fr\/blog\/grottesco-premiere-monographie-deva-jospin-un-livre-dartiste\/","og_locale":"fr_FR","og_type":"article","og_title":"Un livre d\u2019artiste : Grottesco, premi\u00e8re monographie d\u2019Eva Jospin","og_description":"N\u00e9 de la collaboration entre Eva Jospin et la graphiste Line C\u00e9lo, l\u2019ouvrage accompagne l\u2019exposition \u00ab\u00a0Grottesco\u00a0\u00bb au Grand Palais","og_url":"https:\/\/editions.grandpalaisrmn.fr\/blog\/grottesco-premiere-monographie-deva-jospin-un-livre-dartiste\/","og_site_name":"Actualit\u00e9s de GrandPalaisRmn\u00c9ditions","article_publisher":"https:\/\/www.facebook.com\/EditionsRmnGP\/","article_published_time":"2025-12-11T11:28:29+00:00","article_modified_time":"2025-12-16T11:32:15+00:00","og_image":[{"width":1024,"height":1051,"url":"https:\/\/editions.grandpalaisrmn.fr\/blog\/wp-content\/uploads\/2025\/12\/Cat_Eva_Jospin_Laurent_Dupont_1024.jpg","type":"image\/jpeg"}],"author":"admin","twitter_card":"summary_large_image","twitter_misc":{"\u00c9crit par":"admin","Dur\u00e9e de lecture estim\u00e9e":"9 minutes"},"schema":{"@context":"https:\/\/schema.org","@graph":[{"@type":"Article","@id":"https:\/\/editions.grandpalaisrmn.fr\/blog\/grottesco-premiere-monographie-deva-jospin-un-livre-dartiste\/#article","isPartOf":{"@id":"https:\/\/editions.grandpalaisrmn.fr\/blog\/grottesco-premiere-monographie-deva-jospin-un-livre-dartiste\/"},"author":{"name":"admin","@id":"https:\/\/editions.grandpalaisrmn.fr\/blog\/#\/schema\/person\/df4f655e9df6cfe1d48590c891fe6b82"},"headline":"Grottesco, premi\u00e8re monographie d\u2019Eva Jospin, un livre d\u2019artiste","datePublished":"2025-12-11T11:28:29+00:00","dateModified":"2025-12-16T11:32:15+00:00","mainEntityOfPage":{"@id":"https:\/\/editions.grandpalaisrmn.fr\/blog\/grottesco-premiere-monographie-deva-jospin-un-livre-dartiste\/"},"wordCount":1552,"publisher":{"@id":"https:\/\/editions.grandpalaisrmn.fr\/blog\/#organization"},"image":{"@id":"https:\/\/editions.grandpalaisrmn.fr\/blog\/grottesco-premiere-monographie-deva-jospin-un-livre-dartiste\/#primaryimage"},"thumbnailUrl":"https:\/\/editions.grandpalaisrmn.fr\/blog\/wp-content\/uploads\/2025\/12\/Cat_Eva_Jospin_Laurent_Dupont_1024.jpg","articleSection":["\u00c9dition","Fabrication","Personnalit\u00e9 de la culture"],"inLanguage":"fr-FR"},{"@type":"WebPage","@id":"https:\/\/editions.grandpalaisrmn.fr\/blog\/grottesco-premiere-monographie-deva-jospin-un-livre-dartiste\/","url":"https:\/\/editions.grandpalaisrmn.fr\/blog\/grottesco-premiere-monographie-deva-jospin-un-livre-dartiste\/","name":"Un livre d\u2019artiste : Grottesco, premi\u00e8re monographie d\u2019Eva Jospin","isPartOf":{"@id":"https:\/\/editions.grandpalaisrmn.fr\/blog\/#website"},"primaryImageOfPage":{"@id":"https:\/\/editions.grandpalaisrmn.fr\/blog\/grottesco-premiere-monographie-deva-jospin-un-livre-dartiste\/#primaryimage"},"image":{"@id":"https:\/\/editions.grandpalaisrmn.fr\/blog\/grottesco-premiere-monographie-deva-jospin-un-livre-dartiste\/#primaryimage"},"thumbnailUrl":"https:\/\/editions.grandpalaisrmn.fr\/blog\/wp-content\/uploads\/2025\/12\/Cat_Eva_Jospin_Laurent_Dupont_1024.jpg","datePublished":"2025-12-11T11:28:29+00:00","dateModified":"2025-12-16T11:32:15+00:00","description":"N\u00e9 de la collaboration entre Eva Jospin et la graphiste Line C\u00e9lo, l\u2019ouvrage accompagne l\u2019exposition \u00ab\u00a0Grottesco\u00a0\u00bb au Grand Palais","breadcrumb":{"@id":"https:\/\/editions.grandpalaisrmn.fr\/blog\/grottesco-premiere-monographie-deva-jospin-un-livre-dartiste\/#breadcrumb"},"inLanguage":"fr-FR","potentialAction":[{"@type":"ReadAction","target":["https:\/\/editions.grandpalaisrmn.fr\/blog\/grottesco-premiere-monographie-deva-jospin-un-livre-dartiste\/"]}]},{"@type":"ImageObject","inLanguage":"fr-FR","@id":"https:\/\/editions.grandpalaisrmn.fr\/blog\/grottesco-premiere-monographie-deva-jospin-un-livre-dartiste\/#primaryimage","url":"https:\/\/editions.grandpalaisrmn.fr\/blog\/wp-content\/uploads\/2025\/12\/Cat_Eva_Jospin_Laurent_Dupont_1024.jpg","contentUrl":"https:\/\/editions.grandpalaisrmn.fr\/blog\/wp-content\/uploads\/2025\/12\/Cat_Eva_Jospin_Laurent_Dupont_1024.jpg","width":1024,"height":1051,"caption":"Le catalogue de l'exposition et la chalcographie produite dans nos ateliers. Photo @ Laurent Dupont"},{"@type":"BreadcrumbList","@id":"https:\/\/editions.grandpalaisrmn.fr\/blog\/grottesco-premiere-monographie-deva-jospin-un-livre-dartiste\/#breadcrumb","itemListElement":[{"@type":"ListItem","position":1,"name":"Accueil","item":"https:\/\/editions.grandpalaisrmn.fr\/blog\/"},{"@type":"ListItem","position":2,"name":"Grottesco, premi\u00e8re monographie d\u2019Eva Jospin, un livre d\u2019artiste"}]},{"@type":"WebSite","@id":"https:\/\/editions.grandpalaisrmn.fr\/blog\/#website","url":"https:\/\/editions.grandpalaisrmn.fr\/blog\/","name":"Actualit\u00e9s de GrandPalaisRmn\u00c9ditions","description":"","publisher":{"@id":"https:\/\/editions.grandpalaisrmn.fr\/blog\/#organization"},"potentialAction":[{"@type":"SearchAction","target":{"@type":"EntryPoint","urlTemplate":"https:\/\/editions.grandpalaisrmn.fr\/blog\/?s={search_term_string}"},"query-input":"required name=search_term_string"}],"inLanguage":"fr-FR"},{"@type":"Organization","@id":"https:\/\/editions.grandpalaisrmn.fr\/blog\/#organization","name":"Les \u00e9ditions de la Rmn-GP","url":"https:\/\/editions.grandpalaisrmn.fr\/blog\/","logo":{"@type":"ImageObject","inLanguage":"fr-FR","@id":"https:\/\/editions.grandpalaisrmn.fr\/blog\/#\/schema\/logo\/image\/","url":"https:\/\/editions.grandpalaisrmn.fr\/blog\/wp-content\/uploads\/2022\/06\/RMN-GP_logoNoir.png","contentUrl":"https:\/\/editions.grandpalaisrmn.fr\/blog\/wp-content\/uploads\/2022\/06\/RMN-GP_logoNoir.png","width":787,"height":788,"caption":"Les \u00e9ditions de la Rmn-GP"},"image":{"@id":"https:\/\/editions.grandpalaisrmn.fr\/blog\/#\/schema\/logo\/image\/"},"sameAs":["https:\/\/www.facebook.com\/EditionsRmnGP\/","https:\/\/www.pinterest.fr\/editionsRmnGP","https:\/\/www.instagram.com\/les_editions_de_la_rmngp\/"]},{"@type":"Person","@id":"https:\/\/editions.grandpalaisrmn.fr\/blog\/#\/schema\/person\/df4f655e9df6cfe1d48590c891fe6b82","name":"admin","image":{"@type":"ImageObject","inLanguage":"fr-FR","@id":"https:\/\/editions.grandpalaisrmn.fr\/blog\/#\/schema\/person\/image\/","url":"https:\/\/secure.gravatar.com\/avatar\/2beb26b736c247331cd5f9cb1f595938?s=96&d=mm&r=g","contentUrl":"https:\/\/secure.gravatar.com\/avatar\/2beb26b736c247331cd5f9cb1f595938?s=96&d=mm&r=g","caption":"admin"},"sameAs":["https:\/\/ppeditions.labrmngp.fr\/blog"],"url":"https:\/\/editions.grandpalaisrmn.fr\/blog\/author\/blog-admin_editions\/"}]}},"_links":{"self":[{"href":"https:\/\/editions.grandpalaisrmn.fr\/blog\/wp-json\/wp\/v2\/posts\/2571"}],"collection":[{"href":"https:\/\/editions.grandpalaisrmn.fr\/blog\/wp-json\/wp\/v2\/posts"}],"about":[{"href":"https:\/\/editions.grandpalaisrmn.fr\/blog\/wp-json\/wp\/v2\/types\/post"}],"author":[{"embeddable":true,"href":"https:\/\/editions.grandpalaisrmn.fr\/blog\/wp-json\/wp\/v2\/users\/1"}],"replies":[{"embeddable":true,"href":"https:\/\/editions.grandpalaisrmn.fr\/blog\/wp-json\/wp\/v2\/comments?post=2571"}],"version-history":[{"count":30,"href":"https:\/\/editions.grandpalaisrmn.fr\/blog\/wp-json\/wp\/v2\/posts\/2571\/revisions"}],"predecessor-version":[{"id":2641,"href":"https:\/\/editions.grandpalaisrmn.fr\/blog\/wp-json\/wp\/v2\/posts\/2571\/revisions\/2641"}],"wp:attachment":[{"href":"https:\/\/editions.grandpalaisrmn.fr\/blog\/wp-json\/wp\/v2\/media?parent=2571"}],"wp:term":[{"taxonomy":"category","embeddable":true,"href":"https:\/\/editions.grandpalaisrmn.fr\/blog\/wp-json\/wp\/v2\/categories?post=2571"},{"taxonomy":"post_tag","embeddable":true,"href":"https:\/\/editions.grandpalaisrmn.fr\/blog\/wp-json\/wp\/v2\/tags?post=2571"}],"curies":[{"name":"wp","href":"https:\/\/api.w.org\/{rel}","templated":true}]}}