{"id":2660,"date":"2026-01-29T16:48:03","date_gmt":"2026-01-29T16:48:03","guid":{"rendered":"https:\/\/editions.grandpalaisrmn.fr\/blog\/?p=2660"},"modified":"2026-01-29T16:48:03","modified_gmt":"2026-01-29T16:48:03","slug":"jean-paul-salome-explore-le-catalogue-faux-et-faussaires","status":"publish","type":"post","link":"https:\/\/editions.grandpalaisrmn.fr\/blog\/jean-paul-salome-explore-le-catalogue-faux-et-faussaires\/","title":{"rendered":"\u00ab Faire du faux avec du vrai \u00bb : Jean-Paul Salom\u00e9 explore le catalogue <em>Faux et faussaires<\/em>"},"content":{"rendered":"<p class=\"Chapeau_Article\">Alors que son film <em>L\u2019Affaire Bojarski<\/em>, sur le faux-monnayeur \u00e9ponyme, est en t\u00eate du box-office, avec 400 000 entr\u00e9es en seulement cinq jours, le r\u00e9alisateur Jean-Paul Salom\u00e9 nous a rejoints \u00e0 l\u2019h\u00f4tel de Soubise, si\u00e8ge historique des Archives nationales. C\u2019est l\u00e0, dans le clair-obscur de l\u2019exposition \u00ab Faux et faussaires &#8211; Du Moyen \u00c2ge \u00e0 nos jours \u00bb \u00a0que\u00a0le r\u00e9alisateur est venu encore approfondir sa connaissance d\u2019un sujet qui lui est d\u00e9sormais familier. Entre deux vitrines, il feuillette avec nous le catalogue de l\u2019exposition\u00a0: pour lui, chaque page \u00e9voque l\u2019univers cin\u00e9matographique.<\/p>\n<figure id=\"attachment_2681\" aria-describedby=\"caption-attachment-2681\" style=\"width: 1024px\" class=\"wp-caption aligncenter\"><img loading=\"lazy\" decoding=\"async\" class=\"size-full wp-image-2681\" src=\"https:\/\/editions.grandpalaisrmn.fr\/blog\/wp-content\/uploads\/2026\/01\/Jean-Paul-Salome_1024bis.jpg\" alt=\"\" width=\"1024\" height=\"673\" srcset=\"https:\/\/editions.grandpalaisrmn.fr\/blog\/wp-content\/uploads\/2026\/01\/Jean-Paul-Salome_1024bis.jpg 1024w, https:\/\/editions.grandpalaisrmn.fr\/blog\/wp-content\/uploads\/2026\/01\/Jean-Paul-Salome_1024bis-300x197.jpg 300w, https:\/\/editions.grandpalaisrmn.fr\/blog\/wp-content\/uploads\/2026\/01\/Jean-Paul-Salome_1024bis-768x505.jpg 768w, https:\/\/editions.grandpalaisrmn.fr\/blog\/wp-content\/uploads\/2026\/01\/Jean-Paul-Salome_1024bis-390x255.jpg 390w, https:\/\/editions.grandpalaisrmn.fr\/blog\/wp-content\/uploads\/2026\/01\/Jean-Paul-Salome_1024bis-600x393.jpg 600w, https:\/\/editions.grandpalaisrmn.fr\/blog\/wp-content\/uploads\/2026\/01\/Jean-Paul-Salome_1024bis-285x186.jpg 285w\" sizes=\"(max-width: 1024px) 100vw, 1024px\" \/><figcaption id=\"caption-attachment-2681\" class=\"wp-caption-text\">Jean-Paul Salom\u00e9 aux Archives nationales<\/figcaption><\/figure>\n<p><strong>L\u2019archive comme moteur de cr\u00e9ation<\/strong><br \/>\n\u00ab Regardez ces photographies ! \u00bb s\u2019enthousiasme Jean-Paul Salom\u00e9 en ouvrant le catalogue au chapitre consacr\u00e9 \u00e0 l\u2019affaire Bojarski. \u00ab Ce sont pr\u00e9cis\u00e9ment ces documents qui nous ont permis de reconstruire l\u2019atelier clandestin ou de composer certains plans du film. \u00bb Pour donner vie au contrefacteur expert et g\u00e9nie solitaire Bojarski, le cin\u00e9aste s\u2019est en effet plong\u00e9 dans les archives de la Banque de France et dans celles du mus\u00e9e fran\u00e7ais de la fausse monnaie \u00e0 Lyon. Le film et le catalogue partagent le m\u00eame ADN visuel en donnant \u00e0 voir machines d\u2019\u00e9poque, rapports de police, croquis techniques\u2026<br \/>\nLa production du film a recr\u00e9\u00e9 certaines images d\u2019archives\u00a0: ainsi, la c\u00e9l\u00e8bre double page d\u2019un num\u00e9ro de <em>Paris Match<\/em> publi\u00e9 en 1954 prend vie \u00e0 l\u2019\u00e9cran. La magie du cin\u00e9ma et la v\u00e9rit\u00e9 documentaire fusionnent lorsque Bastien Bouillon incarne le commissaire Benhamou examinant les billets \u00e0 la loupe : l\u2019acteur donne corps \u00e0 une iconographie d\u00e9sormais l\u00e9gendaire.<br \/>\n<img loading=\"lazy\" decoding=\"async\" class=\"size-full wp-image-2672 aligncenter\" src=\"https:\/\/editions.grandpalaisrmn.fr\/blog\/wp-content\/uploads\/2026\/01\/reconstitution-1.jpg\" alt=\"\" width=\"880\" height=\"374\" srcset=\"https:\/\/editions.grandpalaisrmn.fr\/blog\/wp-content\/uploads\/2026\/01\/reconstitution-1.jpg 880w, https:\/\/editions.grandpalaisrmn.fr\/blog\/wp-content\/uploads\/2026\/01\/reconstitution-1-300x128.jpg 300w, https:\/\/editions.grandpalaisrmn.fr\/blog\/wp-content\/uploads\/2026\/01\/reconstitution-1-768x326.jpg 768w\" sizes=\"(max-width: 880px) 100vw, 880px\" \/><\/p>\n<p class=\"legende_image\">\u00c0 gauche : catalogue <em>Faux et faussaires<\/em>, double page de <em>Paris Match<\/em>. \u00c0 droite : film <em>L\u2019Affaire Bojarski <\/em>\u00a9 2025 Guy Ferrandis<\/p>\n<p><strong>Bojarski\u00a0: le \u00ab\u00a0Manet de la monnaie\u00a0\u00bb<\/strong><br \/>\n\u00ab Bojarski \u00e9tait surnomm\u00e9 le \u201cC\u00e9zanne de la fausse monnaie\u201d pour sa ma\u00eetrise absolue de la chromie \u00bb, explique Jean-Paul Salom\u00e9, fascin\u00e9 par la pr\u00e9cision de ce copiste hors norme. \u00ab Quelqu\u2019un dans mon entourage a m\u00eame os\u00e9 ce jeu de mots : le \u201cManet de la monnaie\u201d ! Loin d\u2019\u00eatre un truand classique, Bojarski \u00e9tait un ing\u00e9nieur brillant dont le d\u00e9lit est devenu un art. Il a fini par se d\u00e9couvrir une fibre artistique, atteignant une perfection obsessionnelle. Il allait jusqu\u2019\u00e0 rectifier des d\u00e9tails qu\u2019il jugeait b\u00e2cl\u00e9s sur les originaux de la Banque de France, s\u2019amuse le cin\u00e9aste. Sa marque de fabrique ? Une discr\u00e8te provocation nich\u00e9e au c\u0153ur du graphisme. Sur les billets de 100 francs Bonaparte, Bojarski omettait volontairement un p\u00e9tale sur une fleur, tout en haut \u00e0 gauche. Une coquetterie d\u2019artiste ! \u00bb<br \/>\n<img loading=\"lazy\" decoding=\"async\" class=\"size-full wp-image-2677 aligncenter\" src=\"https:\/\/editions.grandpalaisrmn.fr\/blog\/wp-content\/uploads\/2026\/01\/billet_900_plusblanc.jpg\" alt=\"\" width=\"900\" height=\"669\" srcset=\"https:\/\/editions.grandpalaisrmn.fr\/blog\/wp-content\/uploads\/2026\/01\/billet_900_plusblanc.jpg 900w, https:\/\/editions.grandpalaisrmn.fr\/blog\/wp-content\/uploads\/2026\/01\/billet_900_plusblanc-300x223.jpg 300w, https:\/\/editions.grandpalaisrmn.fr\/blog\/wp-content\/uploads\/2026\/01\/billet_900_plusblanc-768x571.jpg 768w\" sizes=\"(max-width: 900px) 100vw, 900px\" \/><br \/>\n<strong>Le catalogue\u00a0: un \u00ab\u00a0S\u00e9rie noire\u00a0\u00bb moderne<\/strong><br \/>\nJean-Paul Salom\u00e9, qui a puis\u00e9 son inspiration dans les polars des ann\u00e9es\u00a01950-1960, salue la puissance visuelle du catalogue <em>Faux et faussaires<\/em> : \u00ab On est imm\u00e9diatement plong\u00e9 dans l\u2019esth\u00e9tique d\u2019un film noir \u00bb, confie-t-il.<br \/>\nL\u2019ouvrage reprend les codes visuels du genre, qui a connu son \u00e2ge d\u2019or dans les ann\u00e9es 1960. Le graphisme, con\u00e7u par Cyril Cohen (Volume Visuel), installe cette ambiance d\u00e8s la couverture : le portrait fragment\u00e9 d\u2019un visage masqu\u00e9 \u00e9voque l\u2019anonymat du faussaire agissant dans l\u2019ombre de son atelier clandestin. La typographie, qui rappelle celle des tampons de pr\u00e9fecture ou des machines \u00e0 \u00e9crire, assimile chaque titre \u00e0 l\u2019intitul\u00e9 d\u2019un dossier administratif confidentiel. Le lecteur se trouve ainsi subrepticement plong\u00e9, au fil des pages, dans l\u2019atmosph\u00e8re d\u2019un commissariat.<br \/>\nCette immersion est renforc\u00e9e par un traitement r\u00e9dactionnel calqu\u00e9 sur les \u00ab canards \u00bb de l&rsquo;\u00e9poque : les textes, brefs et incisifs, adoptent la nervosit\u00e9 du fait divers. La mise en page d\u00e9cline les codes de la presse p\u00e9riodique \u2014 colonnes serr\u00e9es, titres percutants et accroches saillantes \u2014 pour traiter le sujet avec l&rsquo;urgence d&rsquo;une \u00e9dition sp\u00e9ciale.<br \/>\nEnfin, le choix d\u2019un contraste chromatique tranch\u00e9, o\u00f9 le rouge vif vient bousculer le noir profond, rend un hommage direct aux couvertures de la collection culte \u00ab\u00a0S\u00e9rie noire\u00a0\u00bb. Le catalogue capte par son graphisme l&rsquo;aura d&rsquo;une r\u00e9f\u00e9rence \u00e9ditoriale.<br \/>\n<img loading=\"lazy\" decoding=\"async\" class=\"size-full wp-image-2679 aligncenter\" src=\"https:\/\/editions.grandpalaisrmn.fr\/blog\/wp-content\/uploads\/2026\/01\/Couv_900_plusblanc.jpg\" alt=\"\" width=\"900\" height=\"627\" srcset=\"https:\/\/editions.grandpalaisrmn.fr\/blog\/wp-content\/uploads\/2026\/01\/Couv_900_plusblanc.jpg 900w, https:\/\/editions.grandpalaisrmn.fr\/blog\/wp-content\/uploads\/2026\/01\/Couv_900_plusblanc-300x209.jpg 300w, https:\/\/editions.grandpalaisrmn.fr\/blog\/wp-content\/uploads\/2026\/01\/Couv_900_plusblanc-768x535.jpg 768w\" sizes=\"(max-width: 900px) 100vw, 900px\" \/><br \/>\n<strong>\u00ab\u00a0Faire du faux avec du vrai\u00a0\u00bb<\/strong><br \/>\nSi Jean-Paul Salom\u00e9 puise son inspiration dans des films d\u2019\u00e9poque, il s\u2019appuie aussi sur l\u2019expertise des d\u00e9corateurs et costumiers, que nourrit leur fr\u00e9quentation des archives et des catalogues d\u2019art \u2013\u00a0qualifi\u00e9s d\u2019\u00ab\u00a0outils indispensables\u00a0\u00bb par le r\u00e9alisateur.<br \/>\nAu d\u00e9tour d\u2019une anecdote sur les moulages r\u00e9alis\u00e9s par les <a href=\"https:\/\/ateliers.grandpalaisrmn.fr\/\" target=\"_blank\" rel=\"noopener\">ateliers d\u2019art du GrandPalaisRmn<\/a> pour son film <em>Ars\u00e8ne Lupin<\/em> (2004), le cin\u00e9aste, qui met plus volontiers en sc\u00e8ne des sujets historiques et des faits r\u00e9els, d\u00e9clare \u00e0 propos de son propre m\u00e9tier : \u00ab Faire du cin\u00e9ma, c\u2019est fabriquer du faux avec du vrai. Je vole des fragments au r\u00e9el pour construire une illusion \u00e0 laquelle tout le monde a envie de croire. Pourtant, c\u2019est avec cette fausset\u00e9 \u2013 ces d\u00e9cors, ces costumes, ces lumi\u00e8res \u2013 que l\u2019on parvient \u00e0 toucher la v\u00e9rit\u00e9 humaine d\u2019un personnage. Je ne fais pas de captation, je recr\u00e9e un monde. \u00bb<\/p>\n<div class=\"CallToAction\">\n<p style=\"text-align: center;\"><a href=\"https:\/\/editions.grandpalaisrmn.fr\/fr\/editions\/EK398162\">Commandez le catalogue<\/a><\/p>\n<p style=\"text-align: center;\"><a href=\"https:\/\/www.archives-nationales.culture.gouv.fr\/evenements\/faux-et-faussaires-du-moyen-age-nos-jours\">Pr\u00e9parez votre visite de l\u2019exposition <\/a><\/p>\n<p style=\"text-align: center;\"><a href=\"https:\/\/le-pacte.com\/france\/film\/laffaire-bojarski\">D\u00e9couvrez le teaser du film <\/a><\/p>\n<p style=\"text-align: center;\"><a href=\"https:\/\/editions.grandpalaisrmn.fr\/fr\/editions\/lettre-information\">Suivez notre actualit\u00e9 et abonnez-vous \u00e0 notre magazine<\/a><\/p>\n<\/div>\n","protected":false},"excerpt":{"rendered":"<p>Alors que son film L\u2019Affaire Bojarski, sur le faux-monnayeur \u00e9ponyme, est en t\u00eate du box-office, avec 400 000 entr\u00e9es en seulement cinq jours, le r\u00e9alisateur Jean-Paul Salom\u00e9 nous a rejoints \u00e0 l\u2019h\u00f4tel de Soubise, si\u00e8ge historique des Archives nationales. C\u2019est l\u00e0, dans le clair-obscur de l\u2019exposition \u00ab Faux et faussaires &#8211; Du Moyen \u00c2ge \u00e0&#8230;<\/p>\n","protected":false},"author":1,"featured_media":0,"comment_status":"closed","ping_status":"closed","sticky":false,"template":"","format":"standard","meta":{"footnotes":""},"categories":[3,4,6],"tags":[],"class_list":["post-2660","post","type-post","status-publish","format-standard","hentry","category-edition","category-partenariats","category-personnalite-de-la-culture"],"yoast_head":"<!-- This site is optimized with the Yoast SEO plugin v22.7 - https:\/\/yoast.com\/wordpress\/plugins\/seo\/ -->\n<title>Jean-Paul Salom\u00e9 explore le catalogue d&#039;exposition &quot;Faux et faussaires&quot;<\/title>\n<meta name=\"description\" content=\"Rencontre aux Archives nationales avec le r\u00e9alisateur du film &quot;L\u2019Affaire Bojarski&quot;. Regard sur le catalogue dont un chapitre retrace l&#039;histoire de son film.\" \/>\n<meta name=\"robots\" content=\"index, follow, max-snippet:-1, max-image-preview:large, max-video-preview:-1\" \/>\n<link rel=\"canonical\" href=\"https:\/\/editions.grandpalaisrmn.fr\/blog\/jean-paul-salome-explore-le-catalogue-faux-et-faussaires\/\" \/>\n<meta property=\"og:locale\" content=\"fr_FR\" \/>\n<meta property=\"og:type\" content=\"article\" \/>\n<meta property=\"og:title\" content=\"Jean-Paul Salom\u00e9 explore le catalogue d&#039;exposition &quot;Faux et faussaires&quot;\" \/>\n<meta property=\"og:description\" content=\"Rencontre aux Archives nationales avec le r\u00e9alisateur du film &quot;L\u2019Affaire Bojarski&quot;. Regard sur le catalogue dont un chapitre retrace l&#039;histoire de son film.\" \/>\n<meta property=\"og:url\" content=\"https:\/\/editions.grandpalaisrmn.fr\/blog\/jean-paul-salome-explore-le-catalogue-faux-et-faussaires\/\" \/>\n<meta property=\"og:site_name\" content=\"Actualit\u00e9s de GrandPalaisRmn\u00c9ditions\" \/>\n<meta property=\"article:publisher\" content=\"https:\/\/www.facebook.com\/EditionsRmnGP\/\" \/>\n<meta property=\"article:published_time\" content=\"2026-01-29T16:48:03+00:00\" \/>\n<meta property=\"og:image\" content=\"https:\/\/editions.grandpalaisrmn.fr\/blog\/wp-content\/uploads\/2026\/01\/Jean-Paul-Salome_1024.jpg\" \/>\n\t<meta property=\"og:image:width\" content=\"1024\" \/>\n\t<meta property=\"og:image:height\" content=\"673\" \/>\n\t<meta property=\"og:image:type\" content=\"image\/jpeg\" \/>\n<meta name=\"author\" content=\"admin\" \/>\n<meta name=\"twitter:card\" content=\"summary_large_image\" \/>\n<meta name=\"twitter:label1\" content=\"\u00c9crit par\" \/>\n\t<meta name=\"twitter:data1\" content=\"admin\" \/>\n\t<meta name=\"twitter:label2\" content=\"Dur\u00e9e de lecture estim\u00e9e\" \/>\n\t<meta name=\"twitter:data2\" content=\"5 minutes\" \/>\n<script type=\"application\/ld+json\" class=\"yoast-schema-graph\">{\"@context\":\"https:\/\/schema.org\",\"@graph\":[{\"@type\":\"Article\",\"@id\":\"https:\/\/editions.grandpalaisrmn.fr\/blog\/jean-paul-salome-explore-le-catalogue-faux-et-faussaires\/#article\",\"isPartOf\":{\"@id\":\"https:\/\/editions.grandpalaisrmn.fr\/blog\/jean-paul-salome-explore-le-catalogue-faux-et-faussaires\/\"},\"author\":{\"name\":\"admin\",\"@id\":\"https:\/\/editions.grandpalaisrmn.fr\/blog\/#\/schema\/person\/df4f655e9df6cfe1d48590c891fe6b82\"},\"headline\":\"\u00ab Faire du faux avec du vrai \u00bb : Jean-Paul Salom\u00e9 explore le catalogue Faux et faussaires\",\"datePublished\":\"2026-01-29T16:48:03+00:00\",\"dateModified\":\"2026-01-29T16:48:03+00:00\",\"mainEntityOfPage\":{\"@id\":\"https:\/\/editions.grandpalaisrmn.fr\/blog\/jean-paul-salome-explore-le-catalogue-faux-et-faussaires\/\"},\"wordCount\":907,\"publisher\":{\"@id\":\"https:\/\/editions.grandpalaisrmn.fr\/blog\/#organization\"},\"image\":{\"@id\":\"https:\/\/editions.grandpalaisrmn.fr\/blog\/jean-paul-salome-explore-le-catalogue-faux-et-faussaires\/#primaryimage\"},\"thumbnailUrl\":\"https:\/\/editions.grandpalaisrmn.fr\/blog\/wp-content\/uploads\/2026\/01\/Jean-Paul-Salome_1024bis.jpg\",\"articleSection\":[\"\u00c9dition\",\"Partenariats\",\"Personnalit\u00e9 de la culture\"],\"inLanguage\":\"fr-FR\"},{\"@type\":\"WebPage\",\"@id\":\"https:\/\/editions.grandpalaisrmn.fr\/blog\/jean-paul-salome-explore-le-catalogue-faux-et-faussaires\/\",\"url\":\"https:\/\/editions.grandpalaisrmn.fr\/blog\/jean-paul-salome-explore-le-catalogue-faux-et-faussaires\/\",\"name\":\"Jean-Paul Salom\u00e9 explore le catalogue d'exposition \\\"Faux et faussaires\\\"\",\"isPartOf\":{\"@id\":\"https:\/\/editions.grandpalaisrmn.fr\/blog\/#website\"},\"primaryImageOfPage\":{\"@id\":\"https:\/\/editions.grandpalaisrmn.fr\/blog\/jean-paul-salome-explore-le-catalogue-faux-et-faussaires\/#primaryimage\"},\"image\":{\"@id\":\"https:\/\/editions.grandpalaisrmn.fr\/blog\/jean-paul-salome-explore-le-catalogue-faux-et-faussaires\/#primaryimage\"},\"thumbnailUrl\":\"https:\/\/editions.grandpalaisrmn.fr\/blog\/wp-content\/uploads\/2026\/01\/Jean-Paul-Salome_1024bis.jpg\",\"datePublished\":\"2026-01-29T16:48:03+00:00\",\"dateModified\":\"2026-01-29T16:48:03+00:00\",\"description\":\"Rencontre aux Archives nationales avec le r\u00e9alisateur du film \\\"L\u2019Affaire Bojarski\\\". Regard sur le catalogue dont un chapitre retrace l'histoire de son film.\",\"breadcrumb\":{\"@id\":\"https:\/\/editions.grandpalaisrmn.fr\/blog\/jean-paul-salome-explore-le-catalogue-faux-et-faussaires\/#breadcrumb\"},\"inLanguage\":\"fr-FR\",\"potentialAction\":[{\"@type\":\"ReadAction\",\"target\":[\"https:\/\/editions.grandpalaisrmn.fr\/blog\/jean-paul-salome-explore-le-catalogue-faux-et-faussaires\/\"]}]},{\"@type\":\"ImageObject\",\"inLanguage\":\"fr-FR\",\"@id\":\"https:\/\/editions.grandpalaisrmn.fr\/blog\/jean-paul-salome-explore-le-catalogue-faux-et-faussaires\/#primaryimage\",\"url\":\"https:\/\/editions.grandpalaisrmn.fr\/blog\/wp-content\/uploads\/2026\/01\/Jean-Paul-Salome_1024bis.jpg\",\"contentUrl\":\"https:\/\/editions.grandpalaisrmn.fr\/blog\/wp-content\/uploads\/2026\/01\/Jean-Paul-Salome_1024bis.jpg\",\"width\":1024,\"height\":673,\"caption\":\"Jean-Paul Salom\u00e9 aux Archives nationales\"},{\"@type\":\"BreadcrumbList\",\"@id\":\"https:\/\/editions.grandpalaisrmn.fr\/blog\/jean-paul-salome-explore-le-catalogue-faux-et-faussaires\/#breadcrumb\",\"itemListElement\":[{\"@type\":\"ListItem\",\"position\":1,\"name\":\"Accueil\",\"item\":\"https:\/\/editions.grandpalaisrmn.fr\/blog\/\"},{\"@type\":\"ListItem\",\"position\":2,\"name\":\"\u00ab Faire du faux avec du vrai \u00bb : Jean-Paul Salom\u00e9 explore le catalogue Faux et faussaires\"}]},{\"@type\":\"WebSite\",\"@id\":\"https:\/\/editions.grandpalaisrmn.fr\/blog\/#website\",\"url\":\"https:\/\/editions.grandpalaisrmn.fr\/blog\/\",\"name\":\"Actualit\u00e9s de GrandPalaisRmn\u00c9ditions\",\"description\":\"\",\"publisher\":{\"@id\":\"https:\/\/editions.grandpalaisrmn.fr\/blog\/#organization\"},\"potentialAction\":[{\"@type\":\"SearchAction\",\"target\":{\"@type\":\"EntryPoint\",\"urlTemplate\":\"https:\/\/editions.grandpalaisrmn.fr\/blog\/?s={search_term_string}\"},\"query-input\":\"required name=search_term_string\"}],\"inLanguage\":\"fr-FR\"},{\"@type\":\"Organization\",\"@id\":\"https:\/\/editions.grandpalaisrmn.fr\/blog\/#organization\",\"name\":\"Les \u00e9ditions de la Rmn-GP\",\"url\":\"https:\/\/editions.grandpalaisrmn.fr\/blog\/\",\"logo\":{\"@type\":\"ImageObject\",\"inLanguage\":\"fr-FR\",\"@id\":\"https:\/\/editions.grandpalaisrmn.fr\/blog\/#\/schema\/logo\/image\/\",\"url\":\"https:\/\/editions.grandpalaisrmn.fr\/blog\/wp-content\/uploads\/2022\/06\/RMN-GP_logoNoir.png\",\"contentUrl\":\"https:\/\/editions.grandpalaisrmn.fr\/blog\/wp-content\/uploads\/2022\/06\/RMN-GP_logoNoir.png\",\"width\":787,\"height\":788,\"caption\":\"Les \u00e9ditions de la Rmn-GP\"},\"image\":{\"@id\":\"https:\/\/editions.grandpalaisrmn.fr\/blog\/#\/schema\/logo\/image\/\"},\"sameAs\":[\"https:\/\/www.facebook.com\/EditionsRmnGP\/\",\"https:\/\/www.pinterest.fr\/editionsRmnGP\",\"https:\/\/www.instagram.com\/les_editions_de_la_rmngp\/\"]},{\"@type\":\"Person\",\"@id\":\"https:\/\/editions.grandpalaisrmn.fr\/blog\/#\/schema\/person\/df4f655e9df6cfe1d48590c891fe6b82\",\"name\":\"admin\",\"image\":{\"@type\":\"ImageObject\",\"inLanguage\":\"fr-FR\",\"@id\":\"https:\/\/editions.grandpalaisrmn.fr\/blog\/#\/schema\/person\/image\/\",\"url\":\"https:\/\/secure.gravatar.com\/avatar\/2beb26b736c247331cd5f9cb1f595938?s=96&d=mm&r=g\",\"contentUrl\":\"https:\/\/secure.gravatar.com\/avatar\/2beb26b736c247331cd5f9cb1f595938?s=96&d=mm&r=g\",\"caption\":\"admin\"},\"sameAs\":[\"https:\/\/ppeditions.labrmngp.fr\/blog\"],\"url\":\"https:\/\/editions.grandpalaisrmn.fr\/blog\/author\/blog-admin_editions\/\"}]}<\/script>\n<!-- \/ Yoast SEO plugin. -->","yoast_head_json":{"title":"Jean-Paul Salom\u00e9 explore le catalogue d'exposition \"Faux et faussaires\"","description":"Rencontre aux Archives nationales avec le r\u00e9alisateur du film \"L\u2019Affaire Bojarski\". Regard sur le catalogue dont un chapitre retrace l'histoire de son film.","robots":{"index":"index","follow":"follow","max-snippet":"max-snippet:-1","max-image-preview":"max-image-preview:large","max-video-preview":"max-video-preview:-1"},"canonical":"https:\/\/editions.grandpalaisrmn.fr\/blog\/jean-paul-salome-explore-le-catalogue-faux-et-faussaires\/","og_locale":"fr_FR","og_type":"article","og_title":"Jean-Paul Salom\u00e9 explore le catalogue d'exposition \"Faux et faussaires\"","og_description":"Rencontre aux Archives nationales avec le r\u00e9alisateur du film \"L\u2019Affaire Bojarski\". Regard sur le catalogue dont un chapitre retrace l'histoire de son film.","og_url":"https:\/\/editions.grandpalaisrmn.fr\/blog\/jean-paul-salome-explore-le-catalogue-faux-et-faussaires\/","og_site_name":"Actualit\u00e9s de GrandPalaisRmn\u00c9ditions","article_publisher":"https:\/\/www.facebook.com\/EditionsRmnGP\/","article_published_time":"2026-01-29T16:48:03+00:00","og_image":[{"width":1024,"height":673,"url":"https:\/\/editions.grandpalaisrmn.fr\/blog\/wp-content\/uploads\/2026\/01\/Jean-Paul-Salome_1024.jpg","type":"image\/jpeg"}],"author":"admin","twitter_card":"summary_large_image","twitter_misc":{"\u00c9crit par":"admin","Dur\u00e9e de lecture estim\u00e9e":"5 minutes"},"schema":{"@context":"https:\/\/schema.org","@graph":[{"@type":"Article","@id":"https:\/\/editions.grandpalaisrmn.fr\/blog\/jean-paul-salome-explore-le-catalogue-faux-et-faussaires\/#article","isPartOf":{"@id":"https:\/\/editions.grandpalaisrmn.fr\/blog\/jean-paul-salome-explore-le-catalogue-faux-et-faussaires\/"},"author":{"name":"admin","@id":"https:\/\/editions.grandpalaisrmn.fr\/blog\/#\/schema\/person\/df4f655e9df6cfe1d48590c891fe6b82"},"headline":"\u00ab Faire du faux avec du vrai \u00bb : Jean-Paul Salom\u00e9 explore le catalogue Faux et faussaires","datePublished":"2026-01-29T16:48:03+00:00","dateModified":"2026-01-29T16:48:03+00:00","mainEntityOfPage":{"@id":"https:\/\/editions.grandpalaisrmn.fr\/blog\/jean-paul-salome-explore-le-catalogue-faux-et-faussaires\/"},"wordCount":907,"publisher":{"@id":"https:\/\/editions.grandpalaisrmn.fr\/blog\/#organization"},"image":{"@id":"https:\/\/editions.grandpalaisrmn.fr\/blog\/jean-paul-salome-explore-le-catalogue-faux-et-faussaires\/#primaryimage"},"thumbnailUrl":"https:\/\/editions.grandpalaisrmn.fr\/blog\/wp-content\/uploads\/2026\/01\/Jean-Paul-Salome_1024bis.jpg","articleSection":["\u00c9dition","Partenariats","Personnalit\u00e9 de la culture"],"inLanguage":"fr-FR"},{"@type":"WebPage","@id":"https:\/\/editions.grandpalaisrmn.fr\/blog\/jean-paul-salome-explore-le-catalogue-faux-et-faussaires\/","url":"https:\/\/editions.grandpalaisrmn.fr\/blog\/jean-paul-salome-explore-le-catalogue-faux-et-faussaires\/","name":"Jean-Paul Salom\u00e9 explore le catalogue d'exposition \"Faux et faussaires\"","isPartOf":{"@id":"https:\/\/editions.grandpalaisrmn.fr\/blog\/#website"},"primaryImageOfPage":{"@id":"https:\/\/editions.grandpalaisrmn.fr\/blog\/jean-paul-salome-explore-le-catalogue-faux-et-faussaires\/#primaryimage"},"image":{"@id":"https:\/\/editions.grandpalaisrmn.fr\/blog\/jean-paul-salome-explore-le-catalogue-faux-et-faussaires\/#primaryimage"},"thumbnailUrl":"https:\/\/editions.grandpalaisrmn.fr\/blog\/wp-content\/uploads\/2026\/01\/Jean-Paul-Salome_1024bis.jpg","datePublished":"2026-01-29T16:48:03+00:00","dateModified":"2026-01-29T16:48:03+00:00","description":"Rencontre aux Archives nationales avec le r\u00e9alisateur du film \"L\u2019Affaire Bojarski\". Regard sur le catalogue dont un chapitre retrace l'histoire de son film.","breadcrumb":{"@id":"https:\/\/editions.grandpalaisrmn.fr\/blog\/jean-paul-salome-explore-le-catalogue-faux-et-faussaires\/#breadcrumb"},"inLanguage":"fr-FR","potentialAction":[{"@type":"ReadAction","target":["https:\/\/editions.grandpalaisrmn.fr\/blog\/jean-paul-salome-explore-le-catalogue-faux-et-faussaires\/"]}]},{"@type":"ImageObject","inLanguage":"fr-FR","@id":"https:\/\/editions.grandpalaisrmn.fr\/blog\/jean-paul-salome-explore-le-catalogue-faux-et-faussaires\/#primaryimage","url":"https:\/\/editions.grandpalaisrmn.fr\/blog\/wp-content\/uploads\/2026\/01\/Jean-Paul-Salome_1024bis.jpg","contentUrl":"https:\/\/editions.grandpalaisrmn.fr\/blog\/wp-content\/uploads\/2026\/01\/Jean-Paul-Salome_1024bis.jpg","width":1024,"height":673,"caption":"Jean-Paul Salom\u00e9 aux Archives nationales"},{"@type":"BreadcrumbList","@id":"https:\/\/editions.grandpalaisrmn.fr\/blog\/jean-paul-salome-explore-le-catalogue-faux-et-faussaires\/#breadcrumb","itemListElement":[{"@type":"ListItem","position":1,"name":"Accueil","item":"https:\/\/editions.grandpalaisrmn.fr\/blog\/"},{"@type":"ListItem","position":2,"name":"\u00ab Faire du faux avec du vrai \u00bb : Jean-Paul Salom\u00e9 explore le catalogue Faux et faussaires"}]},{"@type":"WebSite","@id":"https:\/\/editions.grandpalaisrmn.fr\/blog\/#website","url":"https:\/\/editions.grandpalaisrmn.fr\/blog\/","name":"Actualit\u00e9s de GrandPalaisRmn\u00c9ditions","description":"","publisher":{"@id":"https:\/\/editions.grandpalaisrmn.fr\/blog\/#organization"},"potentialAction":[{"@type":"SearchAction","target":{"@type":"EntryPoint","urlTemplate":"https:\/\/editions.grandpalaisrmn.fr\/blog\/?s={search_term_string}"},"query-input":"required name=search_term_string"}],"inLanguage":"fr-FR"},{"@type":"Organization","@id":"https:\/\/editions.grandpalaisrmn.fr\/blog\/#organization","name":"Les \u00e9ditions de la Rmn-GP","url":"https:\/\/editions.grandpalaisrmn.fr\/blog\/","logo":{"@type":"ImageObject","inLanguage":"fr-FR","@id":"https:\/\/editions.grandpalaisrmn.fr\/blog\/#\/schema\/logo\/image\/","url":"https:\/\/editions.grandpalaisrmn.fr\/blog\/wp-content\/uploads\/2022\/06\/RMN-GP_logoNoir.png","contentUrl":"https:\/\/editions.grandpalaisrmn.fr\/blog\/wp-content\/uploads\/2022\/06\/RMN-GP_logoNoir.png","width":787,"height":788,"caption":"Les \u00e9ditions de la Rmn-GP"},"image":{"@id":"https:\/\/editions.grandpalaisrmn.fr\/blog\/#\/schema\/logo\/image\/"},"sameAs":["https:\/\/www.facebook.com\/EditionsRmnGP\/","https:\/\/www.pinterest.fr\/editionsRmnGP","https:\/\/www.instagram.com\/les_editions_de_la_rmngp\/"]},{"@type":"Person","@id":"https:\/\/editions.grandpalaisrmn.fr\/blog\/#\/schema\/person\/df4f655e9df6cfe1d48590c891fe6b82","name":"admin","image":{"@type":"ImageObject","inLanguage":"fr-FR","@id":"https:\/\/editions.grandpalaisrmn.fr\/blog\/#\/schema\/person\/image\/","url":"https:\/\/secure.gravatar.com\/avatar\/2beb26b736c247331cd5f9cb1f595938?s=96&d=mm&r=g","contentUrl":"https:\/\/secure.gravatar.com\/avatar\/2beb26b736c247331cd5f9cb1f595938?s=96&d=mm&r=g","caption":"admin"},"sameAs":["https:\/\/ppeditions.labrmngp.fr\/blog"],"url":"https:\/\/editions.grandpalaisrmn.fr\/blog\/author\/blog-admin_editions\/"}]}},"_links":{"self":[{"href":"https:\/\/editions.grandpalaisrmn.fr\/blog\/wp-json\/wp\/v2\/posts\/2660"}],"collection":[{"href":"https:\/\/editions.grandpalaisrmn.fr\/blog\/wp-json\/wp\/v2\/posts"}],"about":[{"href":"https:\/\/editions.grandpalaisrmn.fr\/blog\/wp-json\/wp\/v2\/types\/post"}],"author":[{"embeddable":true,"href":"https:\/\/editions.grandpalaisrmn.fr\/blog\/wp-json\/wp\/v2\/users\/1"}],"replies":[{"embeddable":true,"href":"https:\/\/editions.grandpalaisrmn.fr\/blog\/wp-json\/wp\/v2\/comments?post=2660"}],"version-history":[{"count":20,"href":"https:\/\/editions.grandpalaisrmn.fr\/blog\/wp-json\/wp\/v2\/posts\/2660\/revisions"}],"predecessor-version":[{"id":2689,"href":"https:\/\/editions.grandpalaisrmn.fr\/blog\/wp-json\/wp\/v2\/posts\/2660\/revisions\/2689"}],"wp:attachment":[{"href":"https:\/\/editions.grandpalaisrmn.fr\/blog\/wp-json\/wp\/v2\/media?parent=2660"}],"wp:term":[{"taxonomy":"category","embeddable":true,"href":"https:\/\/editions.grandpalaisrmn.fr\/blog\/wp-json\/wp\/v2\/categories?post=2660"},{"taxonomy":"post_tag","embeddable":true,"href":"https:\/\/editions.grandpalaisrmn.fr\/blog\/wp-json\/wp\/v2\/tags?post=2660"}],"curies":[{"name":"wp","href":"https:\/\/api.w.org\/{rel}","templated":true}]}}