{"id":2723,"date":"2026-04-15T10:15:29","date_gmt":"2026-04-15T10:15:29","guid":{"rendered":"https:\/\/editions.grandpalaisrmn.fr\/blog\/?p=2723"},"modified":"2026-04-16T12:16:17","modified_gmt":"2026-04-16T12:16:17","slug":"auguste-renoir-au-musee-dorsay-catalogues-dexposition","status":"publish","type":"post","link":"https:\/\/editions.grandpalaisrmn.fr\/blog\/auguste-renoir-au-musee-dorsay-catalogues-dexposition\/","title":{"rendered":"Auguste Renoir au mus\u00e9e d\u2019Orsay : d\u00e9couvrez les secrets de fabrication des catalogues d&rsquo;exposition"},"content":{"rendered":"<p class=\"Chapeau_Article\">C\u2019est l\u2019histoire d\u2019un d\u00e9fi \u00e9ditorial et mus\u00e9al : r\u00e9habiliter l\u2019un des \u0153uvres les plus connus, mais aussi l\u2019un des plus galvaud\u00e9s au monde, celui d\u2019Auguste Renoir. Les \u00e9quipes du mus\u00e9e d&rsquo;Orsay et nos \u00e9ditions ont conjugu\u00e9 leurs talents pour donner naissance \u00e0 deux catalogues, fruits d\u2019un dialogue entre New York, Boston, Londres et Paris : propos\u00e9s en fran\u00e7ais et en anglais, ces ouvrages renouvellent notre regard sur le ma\u00eetre.<br \/>\nD\u00e9couvrez les coulisses d\u2019une aventure transatlantique dont les couleurs et le trait renoiriens furent la boussole, en compagnie de Marie-Caroline Dufayet, directrice des \u00e9ditions du mus\u00e9e d\u2019Orsay, et de Paul Perrin, conservateur en chef, directeur de la conservation et des collections et commissaire d\u2019exposition, \u00e9galement au mus\u00e9e d\u2019Orsay.<\/p>\n<p><img loading=\"lazy\" decoding=\"async\" class=\"size-full wp-image-2746 aligncenter\" src=\"https:\/\/editions.grandpalaisrmn.fr\/blog\/wp-content\/uploads\/2026\/04\/4couv_1024_bis_blanchie-2.jpg\" alt=\"\" width=\"900\" height=\"741\" srcset=\"https:\/\/editions.grandpalaisrmn.fr\/blog\/wp-content\/uploads\/2026\/04\/4couv_1024_bis_blanchie-2.jpg 900w, https:\/\/editions.grandpalaisrmn.fr\/blog\/wp-content\/uploads\/2026\/04\/4couv_1024_bis_blanchie-2-300x247.jpg 300w, https:\/\/editions.grandpalaisrmn.fr\/blog\/wp-content\/uploads\/2026\/04\/4couv_1024_bis_blanchie-2-768x632.jpg 768w\" sizes=\"(max-width: 900px) 100vw, 900px\" \/><\/p>\n<p><strong>Deux catalogues compl\u00e9mentaires pour r\u00e9v\u00e9ler Renoir<\/strong><br \/>\n\u00ab Pour cette saison, exceptionnellement, les deux espaces d\u2019exposition du mus\u00e9e c\u00e9l\u00e8brent le m\u00eame artiste, explique Paul Perrin. D\u2019un c\u00f4t\u00e9, nous r\u00e9v\u00e9lons le \u00ab\u00a0<a href=\"https:\/\/www.musee-orsay.fr\/fr\/programme\/agenda\/expositions\/renoir-dessinateur\" target=\"_blank\" rel=\"noopener\">Renoir dessinateur\u00a0\u00bb<\/a>\u00a0: battant en br\u00e8che le mythe tenace d\u2019un artiste qui aurait d\u00e9truit ses dessins, nous d\u00e9voilons une centaine de feuilles, v\u00e9ritables tr\u00e9sors d\u2019atelier rarement expos\u00e9s. De l\u2019autre, \u00ab\u00a0<a href=\"https:\/\/www.musee-orsay.fr\/fr\/programme\/agenda\/expositions\/renoir-et-lamour\" target=\"_blank\" rel=\"noopener\">Renoir et l\u2019amour\u00a0\u00bb<\/a>\u00a0marque un retour aux fondamentaux, au Renoir inventeur de l\u2019impressionnisme et peintre de la vie moderne. On croit conna\u00eetre sa peinture, mais c\u2019est la premi\u00e8re fois en France depuis 1985 qu\u2019une exposition r\u00e9unit tous ses chefs-d\u2019\u0153uvre ! \u00bb<br \/>\nLes deux catalogues qui accompagnent ces expositions ont \u00e9t\u00e9 con\u00e7us en compl\u00e9mentarit\u00e9, chacun port\u00e9 par une identit\u00e9 visuelle propre\u00a0: \u00ab\u00a0L\u2019un, sobre et \u00e9pur\u00e9, invite \u00e0 d\u00e9couvrir l\u2019intimit\u00e9 de la cr\u00e9ation, quand l\u2019autre, plus contemporain, exalte la couleur et la vie moderne, commente Marie Caroline Dufayet. Jusque dans leur fa\u00e7onnage \u2013\u00a0papiers, reliures et graphismes distincts\u00a0\u2013, ces deux objets dialoguent pour r\u00e9v\u00e9ler les multiples visages d\u2019un ma\u00eetre que l&rsquo;on croit conna\u00eetre.\u00a0\u00bb<\/p>\n<p><strong><img loading=\"lazy\" decoding=\"async\" class=\"size-full wp-image-2744 aligncenter\" src=\"https:\/\/editions.grandpalaisrmn.fr\/blog\/wp-content\/uploads\/2026\/04\/pages-de-garde_blanchie.jpg\" alt=\"\" width=\"900\" height=\"495\" srcset=\"https:\/\/editions.grandpalaisrmn.fr\/blog\/wp-content\/uploads\/2026\/04\/pages-de-garde_blanchie.jpg 900w, https:\/\/editions.grandpalaisrmn.fr\/blog\/wp-content\/uploads\/2026\/04\/pages-de-garde_blanchie-300x165.jpg 300w, https:\/\/editions.grandpalaisrmn.fr\/blog\/wp-content\/uploads\/2026\/04\/pages-de-garde_blanchie-768x422.jpg 768w\" sizes=\"(max-width: 900px) 100vw, 900px\" \/>Comprendre enfin des \u0153uvres trop famili\u00e8res<\/strong><br \/>\nUne particularit\u00e9 du catalogue <em>Renoir et l\u2019amour<\/em> r\u00e9side dans la place accord\u00e9e au commentaire des \u0153uvres\u00a0: un choix assum\u00e9 qui r\u00e9pond \u00e0 la n\u00e9cessit\u00e9 de lire \u00e0 nouveau des \u0153uvres que l\u2019on ne regarde plus vraiment. \u00ab\u00a0Nous avons voulu redonner du sens \u00e0 ces \u0153uvres\u00a0; cela faisait tr\u00e8s longtemps que ce travail n&rsquo;avait pas \u00e9t\u00e9 fait, souligne Marie-Caroline Dufayet. On voit ces tableaux, mais sans finalement les regarder ni les comprendre tout \u00e0 fait, tant ils nous sont familiers. Il nous paraissait essentiel de redonner des cl\u00e9s de lecture.\u00a0\u00bb<\/p>\n<p><img loading=\"lazy\" decoding=\"async\" class=\"size-full wp-image-2728 aligncenter\" src=\"https:\/\/editions.grandpalaisrmn.fr\/blog\/wp-content\/uploads\/2026\/04\/notice_900.jpg\" alt=\"\" width=\"900\" height=\"587\" srcset=\"https:\/\/editions.grandpalaisrmn.fr\/blog\/wp-content\/uploads\/2026\/04\/notice_900.jpg 900w, https:\/\/editions.grandpalaisrmn.fr\/blog\/wp-content\/uploads\/2026\/04\/notice_900-300x196.jpg 300w, https:\/\/editions.grandpalaisrmn.fr\/blog\/wp-content\/uploads\/2026\/04\/notice_900-768x501.jpg 768w, https:\/\/editions.grandpalaisrmn.fr\/blog\/wp-content\/uploads\/2026\/04\/notice_900-390x255.jpg 390w, https:\/\/editions.grandpalaisrmn.fr\/blog\/wp-content\/uploads\/2026\/04\/notice_900-285x186.jpg 285w\" sizes=\"(max-width: 900px) 100vw, 900px\" \/><\/p>\n<p><strong>Rendre \u00e0 Renoir sa v\u00e9rit\u00e9<\/strong><br \/>\nLe grand drame de Renoir\u00a0? Son propre succ\u00e8s, qui a donn\u00e9 lieu \u00e0 de multiples d\u00e9clinaisons mercantiles de son \u0153uvre\u00a0: articles de papeterie, pi\u00e8ces textiles, bo\u00eetes de chocolats ou de biscuits, calendriers des postes\u2026 Pour sortir Renoir de l&rsquo;imagerie populaire \u00e0 laquelle ces productions marchandes l\u2019avaient r\u00e9duit, il fallait restituer leur complexit\u00e9 et leur profondeur \u00e0 ses \u0153uvres, mais aussi veiller avec grand soin \u00e0 la qualit\u00e9 de leur reproduction. Pour Paul Perrin, l\u2019exigence technique devenait, d\u00e8s lors, un imp\u00e9ratif \u00e9thique\u00a0: \u00ab\u00a0Les reproductions sont souvent catastrophiques dans les ouvrages de grande diffusion sur Renoir. Il \u00e9tait imp\u00e9ratif de rendre \u00e0 la peinture sa justesse et sa lumi\u00e8re et d\u2019\u00eatre au plus pr\u00e8s de la r\u00e9alit\u00e9 de ces \u0153uvres.\u00a0\u00bb<br \/>\nPour relever ce d\u00e9fi, le mus\u00e9e d&rsquo;Orsay a pu compter sur l&rsquo;expertise de nos \u00e9ditions. \u00ab\u00a0Votre \u00e9quipe est un appui pr\u00e9cieux pour nous\u00a0; le mus\u00e9e ne peut consentir \u00e0 aucun compromis en mati\u00e8re de qualit\u00e9, confie Marie-Caroline Dufayet. Le suivi de fabrication assur\u00e9 par Isabelle Loric a \u00e9t\u00e9, \u00e0 cet \u00e9gard, exceptionnel. Nous avan\u00e7ons en totale confiance avec vous. Les enjeux sont immenses\u00a0: scientifiques, bien s\u00fbr, le catalogue \u00e9tant le couronnement d\u2019ann\u00e9es de recherche, mais aussi financiers, avec pr\u00e8s de 23\u00a0000\u00a0exemplaires imprim\u00e9s pour <em>Renoir et l\u2019amour<\/em> et 10\u00a0000 pour <em>Renoir dessinateur<\/em>. Nous devons \u00e9galement rendre justice au travail de la conservation et \u00e0 la g\u00e9n\u00e9rosit\u00e9 des pr\u00eateurs.\u00a0\u00bb<\/p>\n<figure id=\"attachment_2729\" aria-describedby=\"caption-attachment-2729\" style=\"width: 900px\" class=\"wp-caption aligncenter\"><img loading=\"lazy\" decoding=\"async\" class=\"wp-image-2729\" src=\"https:\/\/editions.grandpalaisrmn.fr\/blog\/wp-content\/uploads\/2026\/04\/a-limprimerie_900.jpg\" alt=\"\" width=\"900\" height=\"669\" srcset=\"https:\/\/editions.grandpalaisrmn.fr\/blog\/wp-content\/uploads\/2026\/04\/a-limprimerie_900.jpg 900w, https:\/\/editions.grandpalaisrmn.fr\/blog\/wp-content\/uploads\/2026\/04\/a-limprimerie_900-300x223.jpg 300w, https:\/\/editions.grandpalaisrmn.fr\/blog\/wp-content\/uploads\/2026\/04\/a-limprimerie_900-768x571.jpg 768w\" sizes=\"(max-width: 900px) 100vw, 900px\" \/><figcaption id=\"caption-attachment-2729\" class=\"wp-caption-text\">Pendant le calage chez Printer Trento (imprimerie)<\/figcaption><\/figure>\n<p>Auguste Renoir est sans doute l&rsquo;un des peintres dont l&rsquo;\u0153uvre a \u00e9t\u00e9 la plus d\u00e9natur\u00e9e par la reproduction. Pour rompre avec cet \u00e9tat de fait, l\u2019\u00e9quipe \u00e9ditoriale d\u2019Orsay, Paul Perrin, Isabelle Loric et l\u2019atelier de photogravure des Artisans du Regard n\u2019ont eu de cesse, en multipliant les allers-retours, de confronter directement les \u00e9preuves de chromie avec les tableaux originaux, qu\u2019ils soient expos\u00e9s dans les salles du mus\u00e9e d\u2019Orsay, conserv\u00e9s dans ses r\u00e9serves ou au sein de son d\u00e9partement des Arts graphiques. Ce dialogue constant avec les Artisans du Regard a \u00e9t\u00e9 d&rsquo;une exigence rare\u00a0: chaque nuance a \u00e9t\u00e9 scrut\u00e9e, les chromies modifi\u00e9es et rectifi\u00e9es \u00e0 de multiples reprises afin d\u2019atteindre la parfaite justesse. Jusqu&rsquo;au calage final en machine, chaque r\u00e9glage d&rsquo;encre a \u00e9t\u00e9 minutieusement ajust\u00e9 pour capturer la vibration de la touche et l\u2019exactitude de la palette.<br \/>\nCette qu\u00eate d\u2019excellence s\u2019exprime jusque dans les choix des mat\u00e9riaux, comme l\u2019illustrent ces explications de Marie-Caroline Dufayet\u00a0: \u00ab\u00a0Pour <em>Renoir dessinateur<\/em>, un papier offset bouffant a \u00e9t\u00e9 choisi en raison de son aspect mati\u00e8re, brut, qui restitue toute la sensualit\u00e9 du dessin. Pour <em>Renoir et l\u2019amour<\/em>, un papier couch\u00e9 a \u00e9t\u00e9 privil\u00e9gi\u00e9\u00a0: il permet \u00e0 la lumi\u00e8re et \u00e0 la profondeur de l&rsquo;huile d&rsquo;\u00e9clater pleinement.\u00a0\u00bb<\/p>\n<figure id=\"attachment_2735\" aria-describedby=\"caption-attachment-2735\" style=\"width: 900px\" class=\"wp-caption aligncenter\"><img loading=\"lazy\" decoding=\"async\" class=\"wp-image-2735\" src=\"https:\/\/editions.grandpalaisrmn.fr\/blog\/wp-content\/uploads\/2026\/04\/Paul-Perrin-et-marie-caroline-dufayet_900-1.jpg\" alt=\"\" width=\"900\" height=\"584\" srcset=\"https:\/\/editions.grandpalaisrmn.fr\/blog\/wp-content\/uploads\/2026\/04\/Paul-Perrin-et-marie-caroline-dufayet_900-1.jpg 900w, https:\/\/editions.grandpalaisrmn.fr\/blog\/wp-content\/uploads\/2026\/04\/Paul-Perrin-et-marie-caroline-dufayet_900-1-300x195.jpg 300w, https:\/\/editions.grandpalaisrmn.fr\/blog\/wp-content\/uploads\/2026\/04\/Paul-Perrin-et-marie-caroline-dufayet_900-1-768x498.jpg 768w, https:\/\/editions.grandpalaisrmn.fr\/blog\/wp-content\/uploads\/2026\/04\/Paul-Perrin-et-marie-caroline-dufayet_900-1-285x186.jpg 285w\" sizes=\"(max-width: 900px) 100vw, 900px\" \/><figcaption id=\"caption-attachment-2735\" class=\"wp-caption-text\">Collaboration scientifique et \u00e9ditoriale entre Paul Perrin et Marie-Caroline Dufayet<\/figcaption><\/figure>\n<p><strong>Une \u00e9pop\u00e9e transatlantique<\/strong><br \/>\nSur le point d\u2019\u00e9voquer avec nous les coulisses de ces projets \u00e9ditoriaux parall\u00e8les, Marie-Caroline Dufayet lib\u00e8re les volumes de leur film protecteur d\u2019un geste presque solennel. Derri\u00e8re ce froissement l\u00e9ger, l\u2019aboutissement d\u2019une aventure internationale\u00a0: deux catalogues con\u00e7us pour voyager et \u00eatre lus entre Paris, New\u00a0York, Boston et Londres.<br \/>\nLe destin de ces publications \u00e9pouse l\u2019itin\u00e9rance exceptionnelle des expositions\u00a0: de la Morgan Library de New\u00a0York \u00e0 Orsay, pour <em>Renoir dessinateur\u00a0<\/em>; de Paris au Museum of Fine Arts de Boston en passant par la National Gallery de Londres, pour <em>Renoir et l\u2019amour<\/em>. Une travers\u00e9e de l&rsquo;Atlantique et de la Manche, afin de porter la voix du ma\u00eetre fran\u00e7ais au plus grand nombre.<br \/>\nCette collaboration \u00e9ditoriale met en lumi\u00e8re une caract\u00e9ristique de la place occup\u00e9e actuellement par Renoir dans l\u2019histoire des arts\u00a0: \u00ab\u00a0Une grande partie des sp\u00e9cialistes de Renoir sont aujourd&rsquo;hui anglo-saxons, mais nous avons veill\u00e9 \u00e0 avoir des auteurs de tous horizons\u00a0\u00bb, souligne Paul Perrin. Ces livres sont le fruit d&rsquo;une confrontation fertile entre des cultures \u00e9ditoriales parfois divergentes. De l&#8217;emplacement d&rsquo;une note au cadrage d&rsquo;une couverture, chaque choix a \u00e9t\u00e9 mesur\u00e9, discut\u00e9. Pour la directrice des \u00e9ditions du mus\u00e9e d\u2019Orsay, il ne s&rsquo;agit pas de faire des concessions, mais de faire des choix \u00e0 l\u2019issue de dialogues f\u00e9conds\u00a0: \u00ab\u00a0Un compromis n\u2019est jamais vraiment satisfaisant\u00a0; il faut comprendre les arguments de chacun. Le placement des notes de bas de page a ainsi \u00e9t\u00e9 l\u2019objet de nombreux \u00e9changes\u00a0: les \u00e9diteurs am\u00e9ricains les pr\u00e9f\u00e8rent en fin d\u2019ouvrage alors que nous les pr\u00e9f\u00e9rons en bas de page, au plus pr\u00e8s des \u00e9crits. Dans <em>Renoir dessinateur<\/em>, comme les textes sont courts, nous avons propos\u00e9 une maquette avec les notes en fin d\u2019article. C\u2019est assez proche de nos usages, \u00e7a fonctionne graphiquement, c\u2019est pratique pour le lecteur. Ensemble, nous avons trouv\u00e9 la bonne formule.\u00a0\u00bb<\/p>\n<figure id=\"attachment_2732\" aria-describedby=\"caption-attachment-2732\" style=\"width: 900px\" class=\"wp-caption aligncenter\"><img loading=\"lazy\" decoding=\"async\" class=\"wp-image-2732 size-full\" src=\"https:\/\/editions.grandpalaisrmn.fr\/blog\/wp-content\/uploads\/2026\/04\/couv-fr-et-anglaises-_-900.jpg\" alt=\"\" width=\"900\" height=\"319\" srcset=\"https:\/\/editions.grandpalaisrmn.fr\/blog\/wp-content\/uploads\/2026\/04\/couv-fr-et-anglaises-_-900.jpg 900w, https:\/\/editions.grandpalaisrmn.fr\/blog\/wp-content\/uploads\/2026\/04\/couv-fr-et-anglaises-_-900-300x106.jpg 300w, https:\/\/editions.grandpalaisrmn.fr\/blog\/wp-content\/uploads\/2026\/04\/couv-fr-et-anglaises-_-900-768x272.jpg 768w\" sizes=\"(max-width: 900px) 100vw, 900px\" \/><figcaption id=\"caption-attachment-2732\" class=\"wp-caption-text\">Couvertures fran\u00e7aises et anglophones des catalogues<\/figcaption><\/figure>\n<p>Pour les couvertures, les regards divergent aussi, explique Paul Perrin\u00a0: \u00ab\u00a0Pour l\u2019\u00e9dition fran\u00e7aise de <em>Renoir et l\u2019amour<\/em>, nous avons choisi un cadrage serr\u00e9 sur le jeu de regards au sein d\u2019un trio de personnages du <em>D\u00e9jeuner des canotiers <\/em>et une typographie forte. Ce choix d\u2019\u0153uvre \u00e9tait important, car le pr\u00eat de ce tableau est absolument exceptionnel, et c\u2019est une \u0153uvre cl\u00e9 de l\u2019exposition. Nous souhaitions aussi surprendre un peu en \u00e9vitant l\u2019association facile et romantique de \u00ab\u00a0l\u2019amour\u00a0\u00bb avec l\u2019image d\u2019un couple\u00a0; nous trouvions plus int\u00e9ressant d\u2019associer ce titre \u00e0 une sorte de triangle amoureux et \u00e0 une sc\u00e8ne plus large de convivialit\u00e9 et de groupe. Le choix d\u2019attirer l\u2019attention sur un d\u00e9tail du tableau nous permet aussi de renouveler le regard sur une toile immens\u00e9ment connue. Nos partenaires am\u00e9ricains ont pr\u00e9f\u00e9r\u00e9 rester fid\u00e8les \u00e0 l&rsquo;ic\u00f4ne du Museum of Fine Arts de Boston\u00a0: le c\u00e9l\u00e8bre couple de danseurs de <em>La Danse \u00e0 Bougival<\/em>, pr\u00e9sent\u00e9 plein cadre.\u00a0\u00bb<br \/>\nQuant aux titres, le consensus s&rsquo;est fait sur une traduction exacte\u00a0: \u00ab\u00a0<em>Renoir et l\u2019amour<\/em>\u00a0\/<em> Renoir and Love. <\/em>Ce titre pourrait passer pour \u201cmi\u00e8vre\u201d, remarque Marie-Caroline Dufayet, mais il est tr\u00e8s efficace, en r\u00e9alit\u00e9. L&rsquo;ouvrage explore toutes les nuances de ce sentiment\u00a0: de l&rsquo;amour filial \u00e0 l&rsquo;amiti\u00e9 en passant par celui de la nature, jusqu&rsquo;aux lectures les plus contemporaines sur les st\u00e9r\u00e9otypes de genre.\u00a0\u00bb<\/p>\n<div class=\"CallToAction\">\n<p style=\"text-align: center;\"><a href=\"https:\/\/editions.grandpalaisrmn.fr\/fr\/editions\/par-artiste\/renoirauguste\">Commandez les publications<\/a><\/p>\n<p style=\"text-align: center;\"><a href=\"https:\/\/editions.grandpalaisrmn.fr\/fr\/editions\/par-musee\/paris_musee-dorsay\">Explorez le catalogue des co\u00e9ditions avec le mus\u00e9e d&rsquo;Orsay<\/a><\/p>\n<p style=\"text-align: center;\"><a href=\"https:\/\/editions.grandpalaisrmn.fr\/fr\/editions\/lettre-information\">Suivez notre actualit\u00e9,<br \/>\ninscrivez-vous \u00e0 notre lettre d\u2019information<\/a><\/p>\n<\/div>\n","protected":false},"excerpt":{"rendered":"<p>C\u2019est l\u2019histoire d\u2019un d\u00e9fi \u00e9ditorial et mus\u00e9al : r\u00e9habiliter l\u2019un des \u0153uvres les plus connus, mais aussi l\u2019un des plus galvaud\u00e9s au monde, celui d\u2019Auguste Renoir. Les \u00e9quipes du mus\u00e9e d&rsquo;Orsay et nos \u00e9ditions ont conjugu\u00e9 leurs talents pour donner naissance \u00e0 deux catalogues, fruits d\u2019un dialogue entre New York, Boston, Londres et Paris :&#8230;<\/p>\n","protected":false},"author":1,"featured_media":0,"comment_status":"closed","ping_status":"closed","sticky":false,"template":"","format":"standard","meta":{"footnotes":""},"categories":[3],"tags":[],"class_list":["post-2723","post","type-post","status-publish","format-standard","hentry","category-edition"],"yoast_head":"<!-- This site is optimized with the Yoast SEO plugin v22.7 - https:\/\/yoast.com\/wordpress\/plugins\/seo\/ -->\n<title>Renoir au mus\u00e9e d\u2019Orsay. Les secrets de fabrication des catalogues d&#039;exposition<\/title>\n<meta name=\"description\" content=\"Rencontre avec Marie-Caroline Dufayet, directrice des \u00e9ditions du mus\u00e9e d\u2019Orsay, et de Paul Perrin, conservateur en chef\" \/>\n<meta name=\"robots\" content=\"index, follow, max-snippet:-1, max-image-preview:large, max-video-preview:-1\" \/>\n<link rel=\"canonical\" href=\"https:\/\/editions.grandpalaisrmn.fr\/blog\/auguste-renoir-au-musee-dorsay-catalogues-dexposition\/\" \/>\n<meta property=\"og:locale\" content=\"fr_FR\" \/>\n<meta property=\"og:type\" content=\"article\" \/>\n<meta property=\"og:title\" content=\"Renoir au mus\u00e9e d\u2019Orsay. Les secrets de fabrication des catalogues d&#039;exposition\" \/>\n<meta property=\"og:description\" content=\"Rencontre avec Marie-Caroline Dufayet, directrice des \u00e9ditions du mus\u00e9e d\u2019Orsay, et de Paul Perrin, conservateur en chef\" \/>\n<meta property=\"og:url\" content=\"https:\/\/editions.grandpalaisrmn.fr\/blog\/auguste-renoir-au-musee-dorsay-catalogues-dexposition\/\" \/>\n<meta property=\"og:site_name\" content=\"Actualit\u00e9s de GrandPalaisRmn\u00c9ditions\" \/>\n<meta property=\"article:publisher\" content=\"https:\/\/www.facebook.com\/EditionsRmnGP\/\" \/>\n<meta property=\"article:published_time\" content=\"2026-04-15T10:15:29+00:00\" \/>\n<meta property=\"article:modified_time\" content=\"2026-04-16T12:16:17+00:00\" \/>\n<meta property=\"og:image\" content=\"https:\/\/editions.grandpalaisrmn.fr\/blog\/wp-content\/uploads\/2026\/04\/4couv_1024_bis_blanchie-2.jpg\" \/>\n<meta name=\"author\" content=\"admin\" \/>\n<meta name=\"twitter:card\" content=\"summary_large_image\" \/>\n<meta name=\"twitter:label1\" content=\"\u00c9crit par\" \/>\n\t<meta name=\"twitter:data1\" content=\"admin\" \/>\n\t<meta name=\"twitter:label2\" content=\"Dur\u00e9e de lecture estim\u00e9e\" \/>\n\t<meta name=\"twitter:data2\" content=\"9 minutes\" \/>\n<script type=\"application\/ld+json\" class=\"yoast-schema-graph\">{\"@context\":\"https:\/\/schema.org\",\"@graph\":[{\"@type\":\"Article\",\"@id\":\"https:\/\/editions.grandpalaisrmn.fr\/blog\/auguste-renoir-au-musee-dorsay-catalogues-dexposition\/#article\",\"isPartOf\":{\"@id\":\"https:\/\/editions.grandpalaisrmn.fr\/blog\/auguste-renoir-au-musee-dorsay-catalogues-dexposition\/\"},\"author\":{\"name\":\"admin\",\"@id\":\"https:\/\/editions.grandpalaisrmn.fr\/blog\/#\/schema\/person\/df4f655e9df6cfe1d48590c891fe6b82\"},\"headline\":\"Auguste Renoir au mus\u00e9e d\u2019Orsay : d\u00e9couvrez les secrets de fabrication des catalogues d&rsquo;exposition\",\"datePublished\":\"2026-04-15T10:15:29+00:00\",\"dateModified\":\"2026-04-16T12:16:17+00:00\",\"mainEntityOfPage\":{\"@id\":\"https:\/\/editions.grandpalaisrmn.fr\/blog\/auguste-renoir-au-musee-dorsay-catalogues-dexposition\/\"},\"wordCount\":1610,\"publisher\":{\"@id\":\"https:\/\/editions.grandpalaisrmn.fr\/blog\/#organization\"},\"image\":{\"@id\":\"https:\/\/editions.grandpalaisrmn.fr\/blog\/auguste-renoir-au-musee-dorsay-catalogues-dexposition\/#primaryimage\"},\"thumbnailUrl\":\"https:\/\/editions.grandpalaisrmn.fr\/blog\/wp-content\/uploads\/2026\/04\/4couv_1024_bis_blanchie-2.jpg\",\"articleSection\":[\"\u00c9dition\"],\"inLanguage\":\"fr-FR\"},{\"@type\":\"WebPage\",\"@id\":\"https:\/\/editions.grandpalaisrmn.fr\/blog\/auguste-renoir-au-musee-dorsay-catalogues-dexposition\/\",\"url\":\"https:\/\/editions.grandpalaisrmn.fr\/blog\/auguste-renoir-au-musee-dorsay-catalogues-dexposition\/\",\"name\":\"Renoir au mus\u00e9e d\u2019Orsay. Les secrets de fabrication des catalogues d'exposition\",\"isPartOf\":{\"@id\":\"https:\/\/editions.grandpalaisrmn.fr\/blog\/#website\"},\"primaryImageOfPage\":{\"@id\":\"https:\/\/editions.grandpalaisrmn.fr\/blog\/auguste-renoir-au-musee-dorsay-catalogues-dexposition\/#primaryimage\"},\"image\":{\"@id\":\"https:\/\/editions.grandpalaisrmn.fr\/blog\/auguste-renoir-au-musee-dorsay-catalogues-dexposition\/#primaryimage\"},\"thumbnailUrl\":\"https:\/\/editions.grandpalaisrmn.fr\/blog\/wp-content\/uploads\/2026\/04\/4couv_1024_bis_blanchie-2.jpg\",\"datePublished\":\"2026-04-15T10:15:29+00:00\",\"dateModified\":\"2026-04-16T12:16:17+00:00\",\"description\":\"Rencontre avec Marie-Caroline Dufayet, directrice des \u00e9ditions du mus\u00e9e d\u2019Orsay, et de Paul Perrin, conservateur en chef\",\"breadcrumb\":{\"@id\":\"https:\/\/editions.grandpalaisrmn.fr\/blog\/auguste-renoir-au-musee-dorsay-catalogues-dexposition\/#breadcrumb\"},\"inLanguage\":\"fr-FR\",\"potentialAction\":[{\"@type\":\"ReadAction\",\"target\":[\"https:\/\/editions.grandpalaisrmn.fr\/blog\/auguste-renoir-au-musee-dorsay-catalogues-dexposition\/\"]}]},{\"@type\":\"ImageObject\",\"inLanguage\":\"fr-FR\",\"@id\":\"https:\/\/editions.grandpalaisrmn.fr\/blog\/auguste-renoir-au-musee-dorsay-catalogues-dexposition\/#primaryimage\",\"url\":\"https:\/\/editions.grandpalaisrmn.fr\/blog\/wp-content\/uploads\/2026\/04\/4couv_1024_bis_blanchie-2.jpg\",\"contentUrl\":\"https:\/\/editions.grandpalaisrmn.fr\/blog\/wp-content\/uploads\/2026\/04\/4couv_1024_bis_blanchie-2.jpg\",\"width\":900,\"height\":741},{\"@type\":\"BreadcrumbList\",\"@id\":\"https:\/\/editions.grandpalaisrmn.fr\/blog\/auguste-renoir-au-musee-dorsay-catalogues-dexposition\/#breadcrumb\",\"itemListElement\":[{\"@type\":\"ListItem\",\"position\":1,\"name\":\"Accueil\",\"item\":\"https:\/\/editions.grandpalaisrmn.fr\/blog\/\"},{\"@type\":\"ListItem\",\"position\":2,\"name\":\"Auguste Renoir au mus\u00e9e d\u2019Orsay : d\u00e9couvrez les secrets de fabrication des catalogues d&rsquo;exposition\"}]},{\"@type\":\"WebSite\",\"@id\":\"https:\/\/editions.grandpalaisrmn.fr\/blog\/#website\",\"url\":\"https:\/\/editions.grandpalaisrmn.fr\/blog\/\",\"name\":\"Actualit\u00e9s de GrandPalaisRmn\u00c9ditions\",\"description\":\"\",\"publisher\":{\"@id\":\"https:\/\/editions.grandpalaisrmn.fr\/blog\/#organization\"},\"potentialAction\":[{\"@type\":\"SearchAction\",\"target\":{\"@type\":\"EntryPoint\",\"urlTemplate\":\"https:\/\/editions.grandpalaisrmn.fr\/blog\/?s={search_term_string}\"},\"query-input\":\"required name=search_term_string\"}],\"inLanguage\":\"fr-FR\"},{\"@type\":\"Organization\",\"@id\":\"https:\/\/editions.grandpalaisrmn.fr\/blog\/#organization\",\"name\":\"Les \u00e9ditions de la Rmn-GP\",\"url\":\"https:\/\/editions.grandpalaisrmn.fr\/blog\/\",\"logo\":{\"@type\":\"ImageObject\",\"inLanguage\":\"fr-FR\",\"@id\":\"https:\/\/editions.grandpalaisrmn.fr\/blog\/#\/schema\/logo\/image\/\",\"url\":\"https:\/\/editions.grandpalaisrmn.fr\/blog\/wp-content\/uploads\/2022\/06\/RMN-GP_logoNoir.png\",\"contentUrl\":\"https:\/\/editions.grandpalaisrmn.fr\/blog\/wp-content\/uploads\/2022\/06\/RMN-GP_logoNoir.png\",\"width\":787,\"height\":788,\"caption\":\"Les \u00e9ditions de la Rmn-GP\"},\"image\":{\"@id\":\"https:\/\/editions.grandpalaisrmn.fr\/blog\/#\/schema\/logo\/image\/\"},\"sameAs\":[\"https:\/\/www.facebook.com\/EditionsRmnGP\/\",\"https:\/\/www.pinterest.fr\/editionsRmnGP\",\"https:\/\/www.instagram.com\/les_editions_de_la_rmngp\/\"]},{\"@type\":\"Person\",\"@id\":\"https:\/\/editions.grandpalaisrmn.fr\/blog\/#\/schema\/person\/df4f655e9df6cfe1d48590c891fe6b82\",\"name\":\"admin\",\"image\":{\"@type\":\"ImageObject\",\"inLanguage\":\"fr-FR\",\"@id\":\"https:\/\/editions.grandpalaisrmn.fr\/blog\/#\/schema\/person\/image\/\",\"url\":\"https:\/\/secure.gravatar.com\/avatar\/2beb26b736c247331cd5f9cb1f595938?s=96&d=mm&r=g\",\"contentUrl\":\"https:\/\/secure.gravatar.com\/avatar\/2beb26b736c247331cd5f9cb1f595938?s=96&d=mm&r=g\",\"caption\":\"admin\"},\"sameAs\":[\"https:\/\/ppeditions.labrmngp.fr\/blog\"],\"url\":\"https:\/\/editions.grandpalaisrmn.fr\/blog\/author\/blog-admin_editions\/\"}]}<\/script>\n<!-- \/ Yoast SEO plugin. -->","yoast_head_json":{"title":"Renoir au mus\u00e9e d\u2019Orsay. Les secrets de fabrication des catalogues d'exposition","description":"Rencontre avec Marie-Caroline Dufayet, directrice des \u00e9ditions du mus\u00e9e d\u2019Orsay, et de Paul Perrin, conservateur en chef","robots":{"index":"index","follow":"follow","max-snippet":"max-snippet:-1","max-image-preview":"max-image-preview:large","max-video-preview":"max-video-preview:-1"},"canonical":"https:\/\/editions.grandpalaisrmn.fr\/blog\/auguste-renoir-au-musee-dorsay-catalogues-dexposition\/","og_locale":"fr_FR","og_type":"article","og_title":"Renoir au mus\u00e9e d\u2019Orsay. Les secrets de fabrication des catalogues d'exposition","og_description":"Rencontre avec Marie-Caroline Dufayet, directrice des \u00e9ditions du mus\u00e9e d\u2019Orsay, et de Paul Perrin, conservateur en chef","og_url":"https:\/\/editions.grandpalaisrmn.fr\/blog\/auguste-renoir-au-musee-dorsay-catalogues-dexposition\/","og_site_name":"Actualit\u00e9s de GrandPalaisRmn\u00c9ditions","article_publisher":"https:\/\/www.facebook.com\/EditionsRmnGP\/","article_published_time":"2026-04-15T10:15:29+00:00","article_modified_time":"2026-04-16T12:16:17+00:00","og_image":[{"url":"https:\/\/editions.grandpalaisrmn.fr\/blog\/wp-content\/uploads\/2026\/04\/4couv_1024_bis_blanchie-2.jpg"}],"author":"admin","twitter_card":"summary_large_image","twitter_misc":{"\u00c9crit par":"admin","Dur\u00e9e de lecture estim\u00e9e":"9 minutes"},"schema":{"@context":"https:\/\/schema.org","@graph":[{"@type":"Article","@id":"https:\/\/editions.grandpalaisrmn.fr\/blog\/auguste-renoir-au-musee-dorsay-catalogues-dexposition\/#article","isPartOf":{"@id":"https:\/\/editions.grandpalaisrmn.fr\/blog\/auguste-renoir-au-musee-dorsay-catalogues-dexposition\/"},"author":{"name":"admin","@id":"https:\/\/editions.grandpalaisrmn.fr\/blog\/#\/schema\/person\/df4f655e9df6cfe1d48590c891fe6b82"},"headline":"Auguste Renoir au mus\u00e9e d\u2019Orsay : d\u00e9couvrez les secrets de fabrication des catalogues d&rsquo;exposition","datePublished":"2026-04-15T10:15:29+00:00","dateModified":"2026-04-16T12:16:17+00:00","mainEntityOfPage":{"@id":"https:\/\/editions.grandpalaisrmn.fr\/blog\/auguste-renoir-au-musee-dorsay-catalogues-dexposition\/"},"wordCount":1610,"publisher":{"@id":"https:\/\/editions.grandpalaisrmn.fr\/blog\/#organization"},"image":{"@id":"https:\/\/editions.grandpalaisrmn.fr\/blog\/auguste-renoir-au-musee-dorsay-catalogues-dexposition\/#primaryimage"},"thumbnailUrl":"https:\/\/editions.grandpalaisrmn.fr\/blog\/wp-content\/uploads\/2026\/04\/4couv_1024_bis_blanchie-2.jpg","articleSection":["\u00c9dition"],"inLanguage":"fr-FR"},{"@type":"WebPage","@id":"https:\/\/editions.grandpalaisrmn.fr\/blog\/auguste-renoir-au-musee-dorsay-catalogues-dexposition\/","url":"https:\/\/editions.grandpalaisrmn.fr\/blog\/auguste-renoir-au-musee-dorsay-catalogues-dexposition\/","name":"Renoir au mus\u00e9e d\u2019Orsay. Les secrets de fabrication des catalogues d'exposition","isPartOf":{"@id":"https:\/\/editions.grandpalaisrmn.fr\/blog\/#website"},"primaryImageOfPage":{"@id":"https:\/\/editions.grandpalaisrmn.fr\/blog\/auguste-renoir-au-musee-dorsay-catalogues-dexposition\/#primaryimage"},"image":{"@id":"https:\/\/editions.grandpalaisrmn.fr\/blog\/auguste-renoir-au-musee-dorsay-catalogues-dexposition\/#primaryimage"},"thumbnailUrl":"https:\/\/editions.grandpalaisrmn.fr\/blog\/wp-content\/uploads\/2026\/04\/4couv_1024_bis_blanchie-2.jpg","datePublished":"2026-04-15T10:15:29+00:00","dateModified":"2026-04-16T12:16:17+00:00","description":"Rencontre avec Marie-Caroline Dufayet, directrice des \u00e9ditions du mus\u00e9e d\u2019Orsay, et de Paul Perrin, conservateur en chef","breadcrumb":{"@id":"https:\/\/editions.grandpalaisrmn.fr\/blog\/auguste-renoir-au-musee-dorsay-catalogues-dexposition\/#breadcrumb"},"inLanguage":"fr-FR","potentialAction":[{"@type":"ReadAction","target":["https:\/\/editions.grandpalaisrmn.fr\/blog\/auguste-renoir-au-musee-dorsay-catalogues-dexposition\/"]}]},{"@type":"ImageObject","inLanguage":"fr-FR","@id":"https:\/\/editions.grandpalaisrmn.fr\/blog\/auguste-renoir-au-musee-dorsay-catalogues-dexposition\/#primaryimage","url":"https:\/\/editions.grandpalaisrmn.fr\/blog\/wp-content\/uploads\/2026\/04\/4couv_1024_bis_blanchie-2.jpg","contentUrl":"https:\/\/editions.grandpalaisrmn.fr\/blog\/wp-content\/uploads\/2026\/04\/4couv_1024_bis_blanchie-2.jpg","width":900,"height":741},{"@type":"BreadcrumbList","@id":"https:\/\/editions.grandpalaisrmn.fr\/blog\/auguste-renoir-au-musee-dorsay-catalogues-dexposition\/#breadcrumb","itemListElement":[{"@type":"ListItem","position":1,"name":"Accueil","item":"https:\/\/editions.grandpalaisrmn.fr\/blog\/"},{"@type":"ListItem","position":2,"name":"Auguste Renoir au mus\u00e9e d\u2019Orsay : d\u00e9couvrez les secrets de fabrication des catalogues d&rsquo;exposition"}]},{"@type":"WebSite","@id":"https:\/\/editions.grandpalaisrmn.fr\/blog\/#website","url":"https:\/\/editions.grandpalaisrmn.fr\/blog\/","name":"Actualit\u00e9s de GrandPalaisRmn\u00c9ditions","description":"","publisher":{"@id":"https:\/\/editions.grandpalaisrmn.fr\/blog\/#organization"},"potentialAction":[{"@type":"SearchAction","target":{"@type":"EntryPoint","urlTemplate":"https:\/\/editions.grandpalaisrmn.fr\/blog\/?s={search_term_string}"},"query-input":"required name=search_term_string"}],"inLanguage":"fr-FR"},{"@type":"Organization","@id":"https:\/\/editions.grandpalaisrmn.fr\/blog\/#organization","name":"Les \u00e9ditions de la Rmn-GP","url":"https:\/\/editions.grandpalaisrmn.fr\/blog\/","logo":{"@type":"ImageObject","inLanguage":"fr-FR","@id":"https:\/\/editions.grandpalaisrmn.fr\/blog\/#\/schema\/logo\/image\/","url":"https:\/\/editions.grandpalaisrmn.fr\/blog\/wp-content\/uploads\/2022\/06\/RMN-GP_logoNoir.png","contentUrl":"https:\/\/editions.grandpalaisrmn.fr\/blog\/wp-content\/uploads\/2022\/06\/RMN-GP_logoNoir.png","width":787,"height":788,"caption":"Les \u00e9ditions de la Rmn-GP"},"image":{"@id":"https:\/\/editions.grandpalaisrmn.fr\/blog\/#\/schema\/logo\/image\/"},"sameAs":["https:\/\/www.facebook.com\/EditionsRmnGP\/","https:\/\/www.pinterest.fr\/editionsRmnGP","https:\/\/www.instagram.com\/les_editions_de_la_rmngp\/"]},{"@type":"Person","@id":"https:\/\/editions.grandpalaisrmn.fr\/blog\/#\/schema\/person\/df4f655e9df6cfe1d48590c891fe6b82","name":"admin","image":{"@type":"ImageObject","inLanguage":"fr-FR","@id":"https:\/\/editions.grandpalaisrmn.fr\/blog\/#\/schema\/person\/image\/","url":"https:\/\/secure.gravatar.com\/avatar\/2beb26b736c247331cd5f9cb1f595938?s=96&d=mm&r=g","contentUrl":"https:\/\/secure.gravatar.com\/avatar\/2beb26b736c247331cd5f9cb1f595938?s=96&d=mm&r=g","caption":"admin"},"sameAs":["https:\/\/ppeditions.labrmngp.fr\/blog"],"url":"https:\/\/editions.grandpalaisrmn.fr\/blog\/author\/blog-admin_editions\/"}]}},"_links":{"self":[{"href":"https:\/\/editions.grandpalaisrmn.fr\/blog\/wp-json\/wp\/v2\/posts\/2723"}],"collection":[{"href":"https:\/\/editions.grandpalaisrmn.fr\/blog\/wp-json\/wp\/v2\/posts"}],"about":[{"href":"https:\/\/editions.grandpalaisrmn.fr\/blog\/wp-json\/wp\/v2\/types\/post"}],"author":[{"embeddable":true,"href":"https:\/\/editions.grandpalaisrmn.fr\/blog\/wp-json\/wp\/v2\/users\/1"}],"replies":[{"embeddable":true,"href":"https:\/\/editions.grandpalaisrmn.fr\/blog\/wp-json\/wp\/v2\/comments?post=2723"}],"version-history":[{"count":17,"href":"https:\/\/editions.grandpalaisrmn.fr\/blog\/wp-json\/wp\/v2\/posts\/2723\/revisions"}],"predecessor-version":[{"id":2752,"href":"https:\/\/editions.grandpalaisrmn.fr\/blog\/wp-json\/wp\/v2\/posts\/2723\/revisions\/2752"}],"wp:attachment":[{"href":"https:\/\/editions.grandpalaisrmn.fr\/blog\/wp-json\/wp\/v2\/media?parent=2723"}],"wp:term":[{"taxonomy":"category","embeddable":true,"href":"https:\/\/editions.grandpalaisrmn.fr\/blog\/wp-json\/wp\/v2\/categories?post=2723"},{"taxonomy":"post_tag","embeddable":true,"href":"https:\/\/editions.grandpalaisrmn.fr\/blog\/wp-json\/wp\/v2\/tags?post=2723"}],"curies":[{"name":"wp","href":"https:\/\/api.w.org\/{rel}","templated":true}]}}