{"id":473,"date":"2022-10-26T08:02:42","date_gmt":"2022-10-26T08:02:42","guid":{"rendered":"https:\/\/editions.grandpalaisrmn.fr\/blog\/?p=473"},"modified":"2024-04-16T11:07:21","modified_gmt":"2024-04-16T11:07:21","slug":"en-avant-les-histoires-de-lart-un-album-jeunesse","status":"publish","type":"post","link":"https:\/\/editions.grandpalaisrmn.fr\/blog\/en-avant-les-histoires-de-lart-un-album-jeunesse\/","title":{"rendered":"<em>En avant les histoires\u2026 de l\u2019art <\/em> ! La devise Playmobil\u00ae inspire un nouvel album jeunesse"},"content":{"rendered":"<p class=\"Chapeau_Article\">Int\u00e9resser et initier les enfants \u00e0 l\u2019histoire de l\u2019art \u00e0 l\u2019aide de petites figurines sans nez, aux yeux tout ronds et au carr\u00e9 net, tel est le pari audacieux du nouvel album jeunesse des GrandPalaisRmn\u00c9ditions. R\u00e9dig\u00e9 dans un style alerte par Cl\u00e9mence Simon \u2013 pour laquelle \u00ab l\u2019art peut \u00eatre impressionniste, mais pas impressionnant \u00bb \u2013, il offre au regard des jeunes lecteurs les plus c\u00e9l\u00e8bres chefs-d\u2019\u0153uvre de la peinture, r\u00e9interpr\u00e9t\u00e9s de fa\u00e7on insolite, par l\u2019artiste Pierre-Adrien Sollier : les personnages qui en sont les sujets sont remplac\u00e9s par\u2026 des figures Playmobil\u00ae !<br \/>\nDans un extrait de la publication, Sophie Laporte, directrice des GrandPalaisRmn\u00c9ditions, relate sa rencontre singuli\u00e8re avec l\u2019artiste peintre dans son atelier parisien.<\/p>\n<figure id=\"attachment_516\" aria-describedby=\"caption-attachment-516\" style=\"width: 1024px\" class=\"wp-caption aligncenter\"><img loading=\"lazy\" decoding=\"async\" class=\"wp-image-516 size-full\" title=\"Pierre-Adrien Sollier, peintre\" src=\"https:\/\/editions.grandpalaisrmn.fr\/blog\/wp-content\/uploads\/2022\/10\/sollier-dans-son-atelier-crop2.jpg\" alt=\"\" width=\"1024\" height=\"803\" srcset=\"https:\/\/editions.grandpalaisrmn.fr\/blog\/wp-content\/uploads\/2022\/10\/sollier-dans-son-atelier-crop2.jpg 1024w, https:\/\/editions.grandpalaisrmn.fr\/blog\/wp-content\/uploads\/2022\/10\/sollier-dans-son-atelier-crop2-300x235.jpg 300w, https:\/\/editions.grandpalaisrmn.fr\/blog\/wp-content\/uploads\/2022\/10\/sollier-dans-son-atelier-crop2-768x602.jpg 768w\" sizes=\"(max-width: 1024px) 100vw, 1024px\" \/><figcaption id=\"caption-attachment-516\" class=\"wp-caption-text\">Pierre-Adrien Sollier dans son atelier, 2022<\/figcaption><\/figure>\n<p>\u00ab Perch\u00e9s sur leurs chevalets, nous toisent un <em>Bacchus <\/em>de Caravage, un <em>Autoportrait<\/em> d\u2019Albrecht Du\u0308rer et une\u00a0<em>Marie-Antoinette<\/em> d\u2019E\u0301lisabeth-Louise Vige\u0301e-Le Brun. Quel singulier accrochage\u2026 A\u0300 y regarder de plus pr\u00e8s, par-del\u00e0 les \u00e9poques de la peinture, un fil relie ces \u0153uvres et nous les rend tout de suite famili\u00e8res : surprise ! Des personnages Playmobil\u00ae se sont gliss\u00e9s a\u0300 la place des mod\u00e8les d\u2019origine !<br \/>\nAinsi se d\u00e9voile l\u2019atelier du peintre Pierre-Adrien Sollier, baigne\u0301 d\u2019une lumi\u00e8re fine en ce Paris temps de pluie. Partout des toiles de tous formats compl\u00e8tent cette galerie fantastique ou\u0300 sont convoqu\u00e9s les chefs-d\u2019\u0153uvre de la peinture.<\/p>\n<figure id=\"attachment_475\" aria-describedby=\"caption-attachment-475\" style=\"width: 900px\" class=\"wp-caption aligncenter\"><img loading=\"lazy\" decoding=\"async\" class=\"wp-image-475\" src=\"https:\/\/editions.grandpalaisrmn.fr\/blog\/wp-content\/uploads\/2022\/10\/les-laitieres-1024x549.jpg\" alt=\"\" width=\"900\" height=\"483\" srcset=\"https:\/\/editions.grandpalaisrmn.fr\/blog\/wp-content\/uploads\/2022\/10\/les-laitieres-1024x549.jpg 1024w, https:\/\/editions.grandpalaisrmn.fr\/blog\/wp-content\/uploads\/2022\/10\/les-laitieres-300x161.jpg 300w, https:\/\/editions.grandpalaisrmn.fr\/blog\/wp-content\/uploads\/2022\/10\/les-laitieres-768x412.jpg 768w, https:\/\/editions.grandpalaisrmn.fr\/blog\/wp-content\/uploads\/2022\/10\/les-laitieres.jpg 1145w\" sizes=\"(max-width: 900px) 100vw, 900px\" \/><figcaption id=\"caption-attachment-475\" class=\"wp-caption-text\">La Laiti\u00e8re, de Johannes Vermeer (1660) au Rijksmuseum ; La Laiti\u00e8re, de Pierre-Adrien Sollier<\/figcaption><\/figure>\n<p>Comment cette id\u00e9e est-elle venue a\u0300 Pierre-Adrien ? C\u2019est une question qu\u2019on lui pose souvent ! Certes, encore \u00e9tudiant a\u0300 la Saint Martin\u2019s School of Art, de Londres, il y a bien eu ces story-boards anim\u00e9s qu\u2019il concevait a\u0300 l\u2019aide des c\u00e9l\u00e8bres figurines, pour r\u00e9aliser ensuite des animations en 3D.<br \/>\nMais son premier amour \u00e9tait bien la peinture (classique). Tombe\u0301 dans la marmite a\u0300 l\u2019\u00e2ge de 12 ans, il n\u2019a depuis plus jamais l\u00e2ch\u00e9 ses pinceaux. Dans L\u2019Atelier Bleu Martenot, de Colombes, ville ou\u0300 il a grandi, il s\u2019initie d\u2019abord a\u0300 la peinture a\u0300 l\u2019huile par un patient travail de copie. Avide de pousser plus loin la technique, il fait ensuite une rencontre d\u00e9cisive, celle de Jean Borelli, expert en nature morte. Illusionnisme virtuose et go\u00fbt du jeu, voil\u00e0 de quoi fasciner le jeune homme, qui progresse vite, apprivoisant la peinture acrylique comme la mise en place de la lumi\u00e8re. C\u2019est ainsi qu\u2019il poursuivra sa formation par des \u00e9tudes d\u2019art a\u0300 l\u2019Atelier de S\u00e8vres, puis a\u0300 l\u2019\u00c9cole d\u2019art publique de la Ville de Paris et a\u0300 Londres, enfin.<br \/>\nDe retour en France, sans \u00ab renier ses classiques \u00bb, dont il a tant appris, Pierre-Adrien regarde aussi bien du c\u00f4t\u00e9 des artistes \u00e9mergents, du pop art ou du street art, tels que Takashi Murakami, Jean-Michel Basquiat, Superflat, le mouvement Geek, que de celui de la culture pop des ann\u00e9es 1980, des mangas en passant par les comics et les B.D. Un joyeux p\u00eale-m\u00eale\u2026 et un choc des cultures dont Le Radeau de la Me\u0301duse de The\u0301odore Ge\u0301ricault, \u0153uvre romantique au parfum de tragique, ressort envahi par les fameux Playmobil\u00ae. Et leur \u00e9ternel sourire de plastique d\u2019offrir une m\u00e9taphore a\u0300 la pollution contemporaine : chronique d\u2019un naufrage annonce\u0301\u2026 A\u0300 n\u2019en pas douter, une image percutante et contemporaine, tandis que le d\u00e9tournement fait mouche.<br \/>\nEt c\u2019est parti ! Premi\u00e8re exposition personnelle a\u0300 la galerie parisienne GAG (galerie des Arts graphiques), en 2011, et premiers succ\u00e8s, avant que ne vienne le buzz sur Internet et que ses \u0153uvres ne s\u2019envolent pour trois mois vers S\u00e9oul, en Cor\u00e9e du Sud, en 2015. \u00bb<\/p>\n<p>Aujourd\u2019hui, Pierre-Adrien Sollier termine dans son atelier la r\u00e9interpr\u00e9tation du <em>Jardin des d\u00e9lices<\/em> et de <em>La Tour de Babel.<\/em> Dans le prolongement des expositions pr\u00e9sent\u00e9es en Cor\u00e9e, il aimerait continuer \u00e0 d\u00e9velopper et \u00e0 \u00e9toffer son mus\u00e9e nomade r\u00e9alis\u00e9 \u00e0 partir des toiles Playmobil\u00ae : une mani\u00e8re humoristique et po\u00e9tique de rendre l\u2019histoire de l\u2019art accessible aux enfants\u2026 tout autant qu\u2019aux parents, parfois nostalgiques du sourire rassurant de ces figurines, pendant les apr\u00e8s-midis cr\u00e9atives de leur enfance.<\/p>\n<p>&nbsp;<\/p>\n<div class=\"CallToAction\">\n<p><a href=\"https:\/\/editions.grandpalaisrmn.fr\/fr\/editions\/JA107939\">Feuilletez l&rsquo;album<\/a><\/p>\n<\/div>\n<p>&nbsp;<\/p>\n","protected":false},"excerpt":{"rendered":"<p>Int\u00e9resser et initier les enfants \u00e0 l\u2019histoire de l\u2019art \u00e0 l\u2019aide de petites figurines sans nez, aux yeux tout ronds et au carr\u00e9 net, tel est le pari audacieux du nouvel album jeunesse des GrandPalaisRmn\u00c9ditions. R\u00e9dig\u00e9 dans un style alerte par Cl\u00e9mence Simon \u2013 pour laquelle \u00ab l\u2019art peut \u00eatre impressionniste, mais pas impressionnant \u00bb&#8230;<\/p>\n","protected":false},"author":1,"featured_media":0,"comment_status":"open","ping_status":"closed","sticky":false,"template":"","format":"standard","meta":{"footnotes":""},"categories":[3],"tags":[],"class_list":["post-473","post","type-post","status-publish","format-standard","hentry","category-edition"],"yoast_head":"<!-- This site is optimized with the Yoast SEO plugin v22.7 - https:\/\/yoast.com\/wordpress\/plugins\/seo\/ -->\n<title>La devise Playmobil\u00ae inspire un album jeunesse d&#039;initiation \u00e0 l&#039;histoire de l&#039;art<\/title>\n<meta name=\"description\" content=\"Rencontre avec Pierre-Adrien Sollier qui r\u00e9interpr\u00e9te les plus c\u00e9l\u00e8bres chefs-d\u2019\u0153uvre de la peinture de fa\u00e7on insolite\" \/>\n<meta name=\"robots\" content=\"index, follow, max-snippet:-1, max-image-preview:large, max-video-preview:-1\" \/>\n<link rel=\"canonical\" href=\"https:\/\/editions.grandpalaisrmn.fr\/blog\/en-avant-les-histoires-de-lart-un-album-jeunesse\/\" \/>\n<meta property=\"og:locale\" content=\"fr_FR\" \/>\n<meta property=\"og:type\" content=\"article\" \/>\n<meta property=\"og:title\" content=\"La devise Playmobil\u00ae inspire un album jeunesse d&#039;initiation \u00e0 l&#039;histoire de l&#039;art\" \/>\n<meta property=\"og:description\" content=\"Rencontre avec Pierre-Adrien Sollier qui r\u00e9interpr\u00e9te les plus c\u00e9l\u00e8bres chefs-d\u2019\u0153uvre de la peinture de fa\u00e7on insolite\" \/>\n<meta property=\"og:url\" content=\"https:\/\/editions.grandpalaisrmn.fr\/blog\/en-avant-les-histoires-de-lart-un-album-jeunesse\/\" \/>\n<meta property=\"og:site_name\" content=\"Actualit\u00e9s de GrandPalaisRmn\u00c9ditions\" \/>\n<meta property=\"article:publisher\" content=\"https:\/\/www.facebook.com\/EditionsRmnGP\/\" \/>\n<meta property=\"article:published_time\" content=\"2022-10-26T08:02:42+00:00\" \/>\n<meta property=\"article:modified_time\" content=\"2024-04-16T11:07:21+00:00\" \/>\n<meta property=\"og:image\" content=\"https:\/\/editions.grandpalaisrmn.fr\/blog\/wp-content\/uploads\/2022\/10\/sollier-dans-son-atelier-crop2.jpg\" \/>\n<meta name=\"author\" content=\"admin\" \/>\n<meta name=\"twitter:card\" content=\"summary_large_image\" \/>\n<meta name=\"twitter:label1\" content=\"\u00c9crit par\" \/>\n\t<meta name=\"twitter:data1\" content=\"admin\" \/>\n\t<meta name=\"twitter:label2\" content=\"Dur\u00e9e de lecture estim\u00e9e\" \/>\n\t<meta name=\"twitter:data2\" content=\"4 minutes\" \/>\n<script type=\"application\/ld+json\" class=\"yoast-schema-graph\">{\"@context\":\"https:\/\/schema.org\",\"@graph\":[{\"@type\":\"Article\",\"@id\":\"https:\/\/editions.grandpalaisrmn.fr\/blog\/en-avant-les-histoires-de-lart-un-album-jeunesse\/#article\",\"isPartOf\":{\"@id\":\"https:\/\/editions.grandpalaisrmn.fr\/blog\/en-avant-les-histoires-de-lart-un-album-jeunesse\/\"},\"author\":{\"name\":\"admin\",\"@id\":\"https:\/\/editions.grandpalaisrmn.fr\/blog\/#\/schema\/person\/df4f655e9df6cfe1d48590c891fe6b82\"},\"headline\":\"En avant les histoires\u2026 de l\u2019art ! La devise Playmobil\u00ae inspire un nouvel album jeunesse\",\"datePublished\":\"2022-10-26T08:02:42+00:00\",\"dateModified\":\"2024-04-16T11:07:21+00:00\",\"mainEntityOfPage\":{\"@id\":\"https:\/\/editions.grandpalaisrmn.fr\/blog\/en-avant-les-histoires-de-lart-un-album-jeunesse\/\"},\"wordCount\":768,\"commentCount\":1,\"publisher\":{\"@id\":\"https:\/\/editions.grandpalaisrmn.fr\/blog\/#organization\"},\"image\":{\"@id\":\"https:\/\/editions.grandpalaisrmn.fr\/blog\/en-avant-les-histoires-de-lart-un-album-jeunesse\/#primaryimage\"},\"thumbnailUrl\":\"https:\/\/editions.grandpalaisrmn.fr\/blog\/wp-content\/uploads\/2022\/10\/sollier-dans-son-atelier-crop2.jpg\",\"articleSection\":[\"\u00c9dition\"],\"inLanguage\":\"fr-FR\",\"potentialAction\":[{\"@type\":\"CommentAction\",\"name\":\"Comment\",\"target\":[\"https:\/\/editions.grandpalaisrmn.fr\/blog\/en-avant-les-histoires-de-lart-un-album-jeunesse\/#respond\"]}]},{\"@type\":\"WebPage\",\"@id\":\"https:\/\/editions.grandpalaisrmn.fr\/blog\/en-avant-les-histoires-de-lart-un-album-jeunesse\/\",\"url\":\"https:\/\/editions.grandpalaisrmn.fr\/blog\/en-avant-les-histoires-de-lart-un-album-jeunesse\/\",\"name\":\"La devise Playmobil\u00ae inspire un album jeunesse d'initiation \u00e0 l'histoire de l'art\",\"isPartOf\":{\"@id\":\"https:\/\/editions.grandpalaisrmn.fr\/blog\/#website\"},\"primaryImageOfPage\":{\"@id\":\"https:\/\/editions.grandpalaisrmn.fr\/blog\/en-avant-les-histoires-de-lart-un-album-jeunesse\/#primaryimage\"},\"image\":{\"@id\":\"https:\/\/editions.grandpalaisrmn.fr\/blog\/en-avant-les-histoires-de-lart-un-album-jeunesse\/#primaryimage\"},\"thumbnailUrl\":\"https:\/\/editions.grandpalaisrmn.fr\/blog\/wp-content\/uploads\/2022\/10\/sollier-dans-son-atelier-crop2.jpg\",\"datePublished\":\"2022-10-26T08:02:42+00:00\",\"dateModified\":\"2024-04-16T11:07:21+00:00\",\"description\":\"Rencontre avec Pierre-Adrien Sollier qui r\u00e9interpr\u00e9te les plus c\u00e9l\u00e8bres chefs-d\u2019\u0153uvre de la peinture de fa\u00e7on insolite\",\"breadcrumb\":{\"@id\":\"https:\/\/editions.grandpalaisrmn.fr\/blog\/en-avant-les-histoires-de-lart-un-album-jeunesse\/#breadcrumb\"},\"inLanguage\":\"fr-FR\",\"potentialAction\":[{\"@type\":\"ReadAction\",\"target\":[\"https:\/\/editions.grandpalaisrmn.fr\/blog\/en-avant-les-histoires-de-lart-un-album-jeunesse\/\"]}]},{\"@type\":\"ImageObject\",\"inLanguage\":\"fr-FR\",\"@id\":\"https:\/\/editions.grandpalaisrmn.fr\/blog\/en-avant-les-histoires-de-lart-un-album-jeunesse\/#primaryimage\",\"url\":\"https:\/\/editions.grandpalaisrmn.fr\/blog\/wp-content\/uploads\/2022\/10\/sollier-dans-son-atelier-crop2.jpg\",\"contentUrl\":\"https:\/\/editions.grandpalaisrmn.fr\/blog\/wp-content\/uploads\/2022\/10\/sollier-dans-son-atelier-crop2.jpg\",\"width\":1024,\"height\":803},{\"@type\":\"BreadcrumbList\",\"@id\":\"https:\/\/editions.grandpalaisrmn.fr\/blog\/en-avant-les-histoires-de-lart-un-album-jeunesse\/#breadcrumb\",\"itemListElement\":[{\"@type\":\"ListItem\",\"position\":1,\"name\":\"Accueil\",\"item\":\"https:\/\/editions.grandpalaisrmn.fr\/blog\/\"},{\"@type\":\"ListItem\",\"position\":2,\"name\":\"En avant les histoires\u2026 de l\u2019art ! La devise Playmobil\u00ae inspire un nouvel album jeunesse\"}]},{\"@type\":\"WebSite\",\"@id\":\"https:\/\/editions.grandpalaisrmn.fr\/blog\/#website\",\"url\":\"https:\/\/editions.grandpalaisrmn.fr\/blog\/\",\"name\":\"Actualit\u00e9s de GrandPalaisRmn\u00c9ditions\",\"description\":\"\",\"publisher\":{\"@id\":\"https:\/\/editions.grandpalaisrmn.fr\/blog\/#organization\"},\"potentialAction\":[{\"@type\":\"SearchAction\",\"target\":{\"@type\":\"EntryPoint\",\"urlTemplate\":\"https:\/\/editions.grandpalaisrmn.fr\/blog\/?s={search_term_string}\"},\"query-input\":\"required name=search_term_string\"}],\"inLanguage\":\"fr-FR\"},{\"@type\":\"Organization\",\"@id\":\"https:\/\/editions.grandpalaisrmn.fr\/blog\/#organization\",\"name\":\"Les \u00e9ditions de la Rmn-GP\",\"url\":\"https:\/\/editions.grandpalaisrmn.fr\/blog\/\",\"logo\":{\"@type\":\"ImageObject\",\"inLanguage\":\"fr-FR\",\"@id\":\"https:\/\/editions.grandpalaisrmn.fr\/blog\/#\/schema\/logo\/image\/\",\"url\":\"https:\/\/editions.grandpalaisrmn.fr\/blog\/wp-content\/uploads\/2022\/06\/RMN-GP_logoNoir.png\",\"contentUrl\":\"https:\/\/editions.grandpalaisrmn.fr\/blog\/wp-content\/uploads\/2022\/06\/RMN-GP_logoNoir.png\",\"width\":787,\"height\":788,\"caption\":\"Les \u00e9ditions de la Rmn-GP\"},\"image\":{\"@id\":\"https:\/\/editions.grandpalaisrmn.fr\/blog\/#\/schema\/logo\/image\/\"},\"sameAs\":[\"https:\/\/www.facebook.com\/EditionsRmnGP\/\",\"https:\/\/www.pinterest.fr\/editionsRmnGP\",\"https:\/\/www.instagram.com\/les_editions_de_la_rmngp\/\"]},{\"@type\":\"Person\",\"@id\":\"https:\/\/editions.grandpalaisrmn.fr\/blog\/#\/schema\/person\/df4f655e9df6cfe1d48590c891fe6b82\",\"name\":\"admin\",\"image\":{\"@type\":\"ImageObject\",\"inLanguage\":\"fr-FR\",\"@id\":\"https:\/\/editions.grandpalaisrmn.fr\/blog\/#\/schema\/person\/image\/\",\"url\":\"https:\/\/secure.gravatar.com\/avatar\/2beb26b736c247331cd5f9cb1f595938?s=96&d=mm&r=g\",\"contentUrl\":\"https:\/\/secure.gravatar.com\/avatar\/2beb26b736c247331cd5f9cb1f595938?s=96&d=mm&r=g\",\"caption\":\"admin\"},\"sameAs\":[\"https:\/\/ppeditions.labrmngp.fr\/blog\"],\"url\":\"https:\/\/editions.grandpalaisrmn.fr\/blog\/author\/blog-admin_editions\/\"}]}<\/script>\n<!-- \/ Yoast SEO plugin. -->","yoast_head_json":{"title":"La devise Playmobil\u00ae inspire un album jeunesse d'initiation \u00e0 l'histoire de l'art","description":"Rencontre avec Pierre-Adrien Sollier qui r\u00e9interpr\u00e9te les plus c\u00e9l\u00e8bres chefs-d\u2019\u0153uvre de la peinture de fa\u00e7on insolite","robots":{"index":"index","follow":"follow","max-snippet":"max-snippet:-1","max-image-preview":"max-image-preview:large","max-video-preview":"max-video-preview:-1"},"canonical":"https:\/\/editions.grandpalaisrmn.fr\/blog\/en-avant-les-histoires-de-lart-un-album-jeunesse\/","og_locale":"fr_FR","og_type":"article","og_title":"La devise Playmobil\u00ae inspire un album jeunesse d'initiation \u00e0 l'histoire de l'art","og_description":"Rencontre avec Pierre-Adrien Sollier qui r\u00e9interpr\u00e9te les plus c\u00e9l\u00e8bres chefs-d\u2019\u0153uvre de la peinture de fa\u00e7on insolite","og_url":"https:\/\/editions.grandpalaisrmn.fr\/blog\/en-avant-les-histoires-de-lart-un-album-jeunesse\/","og_site_name":"Actualit\u00e9s de GrandPalaisRmn\u00c9ditions","article_publisher":"https:\/\/www.facebook.com\/EditionsRmnGP\/","article_published_time":"2022-10-26T08:02:42+00:00","article_modified_time":"2024-04-16T11:07:21+00:00","og_image":[{"url":"https:\/\/editions.grandpalaisrmn.fr\/blog\/wp-content\/uploads\/2022\/10\/sollier-dans-son-atelier-crop2.jpg"}],"author":"admin","twitter_card":"summary_large_image","twitter_misc":{"\u00c9crit par":"admin","Dur\u00e9e de lecture estim\u00e9e":"4 minutes"},"schema":{"@context":"https:\/\/schema.org","@graph":[{"@type":"Article","@id":"https:\/\/editions.grandpalaisrmn.fr\/blog\/en-avant-les-histoires-de-lart-un-album-jeunesse\/#article","isPartOf":{"@id":"https:\/\/editions.grandpalaisrmn.fr\/blog\/en-avant-les-histoires-de-lart-un-album-jeunesse\/"},"author":{"name":"admin","@id":"https:\/\/editions.grandpalaisrmn.fr\/blog\/#\/schema\/person\/df4f655e9df6cfe1d48590c891fe6b82"},"headline":"En avant les histoires\u2026 de l\u2019art ! La devise Playmobil\u00ae inspire un nouvel album jeunesse","datePublished":"2022-10-26T08:02:42+00:00","dateModified":"2024-04-16T11:07:21+00:00","mainEntityOfPage":{"@id":"https:\/\/editions.grandpalaisrmn.fr\/blog\/en-avant-les-histoires-de-lart-un-album-jeunesse\/"},"wordCount":768,"commentCount":1,"publisher":{"@id":"https:\/\/editions.grandpalaisrmn.fr\/blog\/#organization"},"image":{"@id":"https:\/\/editions.grandpalaisrmn.fr\/blog\/en-avant-les-histoires-de-lart-un-album-jeunesse\/#primaryimage"},"thumbnailUrl":"https:\/\/editions.grandpalaisrmn.fr\/blog\/wp-content\/uploads\/2022\/10\/sollier-dans-son-atelier-crop2.jpg","articleSection":["\u00c9dition"],"inLanguage":"fr-FR","potentialAction":[{"@type":"CommentAction","name":"Comment","target":["https:\/\/editions.grandpalaisrmn.fr\/blog\/en-avant-les-histoires-de-lart-un-album-jeunesse\/#respond"]}]},{"@type":"WebPage","@id":"https:\/\/editions.grandpalaisrmn.fr\/blog\/en-avant-les-histoires-de-lart-un-album-jeunesse\/","url":"https:\/\/editions.grandpalaisrmn.fr\/blog\/en-avant-les-histoires-de-lart-un-album-jeunesse\/","name":"La devise Playmobil\u00ae inspire un album jeunesse d'initiation \u00e0 l'histoire de l'art","isPartOf":{"@id":"https:\/\/editions.grandpalaisrmn.fr\/blog\/#website"},"primaryImageOfPage":{"@id":"https:\/\/editions.grandpalaisrmn.fr\/blog\/en-avant-les-histoires-de-lart-un-album-jeunesse\/#primaryimage"},"image":{"@id":"https:\/\/editions.grandpalaisrmn.fr\/blog\/en-avant-les-histoires-de-lart-un-album-jeunesse\/#primaryimage"},"thumbnailUrl":"https:\/\/editions.grandpalaisrmn.fr\/blog\/wp-content\/uploads\/2022\/10\/sollier-dans-son-atelier-crop2.jpg","datePublished":"2022-10-26T08:02:42+00:00","dateModified":"2024-04-16T11:07:21+00:00","description":"Rencontre avec Pierre-Adrien Sollier qui r\u00e9interpr\u00e9te les plus c\u00e9l\u00e8bres chefs-d\u2019\u0153uvre de la peinture de fa\u00e7on insolite","breadcrumb":{"@id":"https:\/\/editions.grandpalaisrmn.fr\/blog\/en-avant-les-histoires-de-lart-un-album-jeunesse\/#breadcrumb"},"inLanguage":"fr-FR","potentialAction":[{"@type":"ReadAction","target":["https:\/\/editions.grandpalaisrmn.fr\/blog\/en-avant-les-histoires-de-lart-un-album-jeunesse\/"]}]},{"@type":"ImageObject","inLanguage":"fr-FR","@id":"https:\/\/editions.grandpalaisrmn.fr\/blog\/en-avant-les-histoires-de-lart-un-album-jeunesse\/#primaryimage","url":"https:\/\/editions.grandpalaisrmn.fr\/blog\/wp-content\/uploads\/2022\/10\/sollier-dans-son-atelier-crop2.jpg","contentUrl":"https:\/\/editions.grandpalaisrmn.fr\/blog\/wp-content\/uploads\/2022\/10\/sollier-dans-son-atelier-crop2.jpg","width":1024,"height":803},{"@type":"BreadcrumbList","@id":"https:\/\/editions.grandpalaisrmn.fr\/blog\/en-avant-les-histoires-de-lart-un-album-jeunesse\/#breadcrumb","itemListElement":[{"@type":"ListItem","position":1,"name":"Accueil","item":"https:\/\/editions.grandpalaisrmn.fr\/blog\/"},{"@type":"ListItem","position":2,"name":"En avant les histoires\u2026 de l\u2019art ! La devise Playmobil\u00ae inspire un nouvel album jeunesse"}]},{"@type":"WebSite","@id":"https:\/\/editions.grandpalaisrmn.fr\/blog\/#website","url":"https:\/\/editions.grandpalaisrmn.fr\/blog\/","name":"Actualit\u00e9s de GrandPalaisRmn\u00c9ditions","description":"","publisher":{"@id":"https:\/\/editions.grandpalaisrmn.fr\/blog\/#organization"},"potentialAction":[{"@type":"SearchAction","target":{"@type":"EntryPoint","urlTemplate":"https:\/\/editions.grandpalaisrmn.fr\/blog\/?s={search_term_string}"},"query-input":"required name=search_term_string"}],"inLanguage":"fr-FR"},{"@type":"Organization","@id":"https:\/\/editions.grandpalaisrmn.fr\/blog\/#organization","name":"Les \u00e9ditions de la Rmn-GP","url":"https:\/\/editions.grandpalaisrmn.fr\/blog\/","logo":{"@type":"ImageObject","inLanguage":"fr-FR","@id":"https:\/\/editions.grandpalaisrmn.fr\/blog\/#\/schema\/logo\/image\/","url":"https:\/\/editions.grandpalaisrmn.fr\/blog\/wp-content\/uploads\/2022\/06\/RMN-GP_logoNoir.png","contentUrl":"https:\/\/editions.grandpalaisrmn.fr\/blog\/wp-content\/uploads\/2022\/06\/RMN-GP_logoNoir.png","width":787,"height":788,"caption":"Les \u00e9ditions de la Rmn-GP"},"image":{"@id":"https:\/\/editions.grandpalaisrmn.fr\/blog\/#\/schema\/logo\/image\/"},"sameAs":["https:\/\/www.facebook.com\/EditionsRmnGP\/","https:\/\/www.pinterest.fr\/editionsRmnGP","https:\/\/www.instagram.com\/les_editions_de_la_rmngp\/"]},{"@type":"Person","@id":"https:\/\/editions.grandpalaisrmn.fr\/blog\/#\/schema\/person\/df4f655e9df6cfe1d48590c891fe6b82","name":"admin","image":{"@type":"ImageObject","inLanguage":"fr-FR","@id":"https:\/\/editions.grandpalaisrmn.fr\/blog\/#\/schema\/person\/image\/","url":"https:\/\/secure.gravatar.com\/avatar\/2beb26b736c247331cd5f9cb1f595938?s=96&d=mm&r=g","contentUrl":"https:\/\/secure.gravatar.com\/avatar\/2beb26b736c247331cd5f9cb1f595938?s=96&d=mm&r=g","caption":"admin"},"sameAs":["https:\/\/ppeditions.labrmngp.fr\/blog"],"url":"https:\/\/editions.grandpalaisrmn.fr\/blog\/author\/blog-admin_editions\/"}]}},"_links":{"self":[{"href":"https:\/\/editions.grandpalaisrmn.fr\/blog\/wp-json\/wp\/v2\/posts\/473"}],"collection":[{"href":"https:\/\/editions.grandpalaisrmn.fr\/blog\/wp-json\/wp\/v2\/posts"}],"about":[{"href":"https:\/\/editions.grandpalaisrmn.fr\/blog\/wp-json\/wp\/v2\/types\/post"}],"author":[{"embeddable":true,"href":"https:\/\/editions.grandpalaisrmn.fr\/blog\/wp-json\/wp\/v2\/users\/1"}],"replies":[{"embeddable":true,"href":"https:\/\/editions.grandpalaisrmn.fr\/blog\/wp-json\/wp\/v2\/comments?post=473"}],"version-history":[{"count":21,"href":"https:\/\/editions.grandpalaisrmn.fr\/blog\/wp-json\/wp\/v2\/posts\/473\/revisions"}],"predecessor-version":[{"id":1576,"href":"https:\/\/editions.grandpalaisrmn.fr\/blog\/wp-json\/wp\/v2\/posts\/473\/revisions\/1576"}],"wp:attachment":[{"href":"https:\/\/editions.grandpalaisrmn.fr\/blog\/wp-json\/wp\/v2\/media?parent=473"}],"wp:term":[{"taxonomy":"category","embeddable":true,"href":"https:\/\/editions.grandpalaisrmn.fr\/blog\/wp-json\/wp\/v2\/categories?post=473"},{"taxonomy":"post_tag","embeddable":true,"href":"https:\/\/editions.grandpalaisrmn.fr\/blog\/wp-json\/wp\/v2\/tags?post=473"}],"curies":[{"name":"wp","href":"https:\/\/api.w.org\/{rel}","templated":true}]}}