{"id":488,"date":"2022-10-26T07:46:37","date_gmt":"2022-10-26T07:46:37","guid":{"rendered":"https:\/\/editions.grandpalaisrmn.fr\/blog\/?p=488"},"modified":"2024-11-07T13:35:15","modified_gmt":"2024-11-07T13:35:15","slug":"ou-vont-les-lapins-la-nuit-marie-sellier-marie-assenat","status":"publish","type":"post","link":"https:\/\/editions.grandpalaisrmn.fr\/blog\/ou-vont-les-lapins-la-nuit-marie-sellier-marie-assenat\/","title":{"rendered":"<em>O\u00f9 vont les lapins la nuit ?<\/em> : le nouveau titre jeunesse de Marie Sellier, illustr\u00e9 par Marie Ass\u00e9nat,  fait grandir le plaisir de l\u2019art"},"content":{"rendered":"<p><strong>Cela fait plus de trente ans, et plus de cent titres, que petits et grands se r\u00e9galent des <a href=\"https:\/\/editions.grandpalaisrmn.fr\/fr\/editions\/par-auteur\/sellier_marie\">histoires \u00e9crites par Marie Sellier<\/a>. Sa derni\u00e8re publication, <em><a href=\"https:\/\/editions.grandpalaisrmn.fr\/fr\/editions\/JA107860\">O\u00f9 vont les lapins la nuit\u00a0?<\/a>,<\/em> embarque les enfants dans l\u2019univers des tapisseries de <em>La Dame \u00e0 la licorne<\/em>, expos\u00e9es au <a href=\"https:\/\/editions.grandpalaisrmn.fr\/fr\/editions\/par-musee\/paris_musee-de-cluny---musee-national-du-moyen-age\">mus\u00e9e de Cluny<\/a>. <\/strong><br \/>\n<strong>Marie Sellier perp\u00e9tue ainsi la vocation qu\u2019elle a, chevill\u00e9e au corps et au c\u0153ur, d\u2019<a href=\"https:\/\/editions.grandpalaisrmn.fr\/fr\/editions\/par-categorie\/jeunesse\">initier les enfants \u00e0 l\u2019art<\/a> et de guider leurs regards. <\/strong><\/p>\n<figure id=\"attachment_489\" aria-describedby=\"caption-attachment-489\" style=\"width: 1024px\" class=\"wp-caption aligncenter\"><img loading=\"lazy\" decoding=\"async\" class=\"wp-image-489 \" src=\"https:\/\/editions.grandpalaisrmn.fr\/blog\/wp-content\/uploads\/2022\/10\/IMG_2541-ter-1024x964.jpg\" alt=\"\" width=\"1024\" height=\"964\" srcset=\"https:\/\/editions.grandpalaisrmn.fr\/blog\/wp-content\/uploads\/2022\/10\/IMG_2541-ter-1024x964.jpg 1024w, https:\/\/editions.grandpalaisrmn.fr\/blog\/wp-content\/uploads\/2022\/10\/IMG_2541-ter-300x282.jpg 300w, https:\/\/editions.grandpalaisrmn.fr\/blog\/wp-content\/uploads\/2022\/10\/IMG_2541-ter-768x723.jpg 768w, https:\/\/editions.grandpalaisrmn.fr\/blog\/wp-content\/uploads\/2022\/10\/IMG_2541-ter-1536x1446.jpg 1536w, https:\/\/editions.grandpalaisrmn.fr\/blog\/wp-content\/uploads\/2022\/10\/IMG_2541-ter.jpg 1832w\" sizes=\"(max-width: 1024px) 100vw, 1024px\" \/><figcaption id=\"caption-attachment-489\" class=\"wp-caption-text\">Marie Sellier @ GrandPalaisRmn\u00c9ditions, 2022<\/figcaption><\/figure>\n<p>Nous sommes all\u00e9s \u00e0 la rencontre de cette c\u00e9l\u00e8bre autrice de livres jeunesse par une apr\u00e8s-midi tr\u00e8s pluvieuse. Marie Sellier nous attend et nous ouvre grand la porte de sa maison. Elle s\u2019empresse de nous pr\u00e9parer un th\u00e9 br\u00fblant et nous tend une de ses paires de chaussons, que nous enfilons bien volontiers.<br \/>\nAttentionn\u00e9e, elle est aussi gourmande\u00a0: c\u2019est la cuisine qui donne le ton \u00e0 sa maison. C\u0153ur du foyer, elle en est \u00e0 la fois l\u2019entr\u00e9e et l\u2019accueil. De la grande baie vitr\u00e9e se d\u00e9gage une lumi\u00e8re douce et apaisante. Deux chats siamois, dans le jardin couleur d\u2019automne, attendent patiemment de rentrer au chaud. Au centre de la pi\u00e8ce, une longue table en bois \u00e9voque de g\u00e9n\u00e9reux repas partag\u00e9s et le souvenir des recettes savoureuses transmises par Ad\u00e9la\u00efde, la cuisini\u00e8re de la grand-m\u00e8re de Marie Sellier.<\/p>\n<p><strong>La \u00ab\u00a0th\u00e9orie du tabouret \u00e0 trois pieds\u00a0\u00bb<em><br \/>\n<\/em><\/strong>Marie Sellier a l\u2019art de recevoir et de tendre la main. Et c\u2019est bien de transmission dont il est question tout au long de notre rendez-vous. Elle n\u2019a de cesse de transmettre son amour de l\u2019art aux enfants\u00a0: \u00ab\u00a0Ma grand-m\u00e8re m\u2019a initi\u00e9e aux arts. Elle m\u2019a prise par la main, et moi, je fais de m\u00eame avec tous mes petits lecteurs. J\u2019ai toujours pens\u00e9, m\u00eame quand j\u2019\u00e9tais beaucoup plus jeune, que j\u2019\u00e9tais la grand-m\u00e8re de tous les enfants qui allaient me lire. Ma pr\u00e9occupation, menue et t\u00eatue, est de donner \u00e0 voir, de guider le regard, parce que, tout simplement, l\u2019\u0153uvre d\u2019art n\u2019existe que si on la regarde. Des \u00e9tudes ont montr\u00e9 que les visiteurs de mus\u00e9es passent 98\u00a0% de leur temps \u00e0 lire les cartels et 2\u00a0% seulement \u00e0 regarder les tableaux\u2026 L\u2019avantage du livre, c\u2019est qu\u2019il offre une grande proximit\u00e9 avec l\u2019\u0153uvre. Un d\u00e9tail, une fiction, tout est pr\u00e9texte \u00e0 p\u00e9n\u00e9trer dans le tableau. C\u2019est presque automatique, le regard de l\u2019enfant est capt\u00e9. Il s\u2019installe dans l\u2019\u0153uvre d\u2019art et s\u2019y trouve bien.\u00a0\u00bb<br \/>\nMarie Sellier a ainsi construit la \u00ab\u00a0th\u00e9orie du tabouret \u00e0 trois pieds\u00a0\u00bb: \u00ab\u00a0Voir, \u00e9mouvoir, savoir forment un tr\u00e9pied sur lequel je m\u2019assois quand je pr\u00e9sente une \u0153uvre. C\u2019est un tabouret \u00e0 g\u00e9om\u00e9trie variable. Une fois qu\u2019on a pris le temps de regarder, qu\u2019on a \u2013\u00a0peut-\u00eatre\u00a0\u2013 ressenti quelque chose, alors peuvent s\u2019ouvrir les portes du savoir\u2026\u00a0\u00bb<\/p>\n<p><strong>Mais \u00ab\u00a0o\u00f9 vont les lapins la nuit\u00a0\u00bb\u00a0?<br \/>\n<\/strong>Dans <a href=\"https:\/\/editions.grandpalaisrmn.fr\/fr\/editions\/JA107860\"><em>O\u00f9 vont les lapins la nuit\u00a0?<\/em><\/a>, Marie Sellier n\u2019explique pas aux enfants l\u2019origine, les all\u00e9gories ou les techniques de fabrication des tentures du mus\u00e9e de Cluny. Elle pr\u00e9f\u00e8re raconter que, la nuit venue, lorsque les portes du mus\u00e9e de Cluny ferment et que les visiteurs rentrent chez eux, les petits lapins de la tapisserie prennent vie. Ils se glissent alors dans leurs terriers, creusent des trous derri\u00e8re les tentures et embarquent les enfants dans une visite guid\u00e9e. \u00ab\u00a0Le chef lapin nous fait visiter le local \u00e0 outils, la p\u00e9pini\u00e8re o\u00f9 sont conserv\u00e9es les quelque quarante esp\u00e8ces de fleurs repr\u00e9sent\u00e9es dans l\u2019\u0153uvre, l\u2019atelier de r\u00e9fection des tapisseries, l\u2019\u00e9tonnante chambre de la licorne\u2026 jusqu\u2019\u00e0 une porte noire, close, imposante, qu\u2019il nous interdit de franchir\u2026 Bien s\u00fbr, sourit Marie Sellier, le lecteur force la porte\u00a0: et l\u00e0, tous les monstres du mus\u00e9e de Cluny sont derri\u00e8re\u00a0! C\u2019est une fa\u00e7on de replacer la tenture au c\u0153ur du mus\u00e9e avant la sc\u00e8ne finale du petit-d\u00e9jeuner sur l\u2019herbe rouge. Le mus\u00e9e rouvre alors ses portes et, tandis que les visiteurs affluent, photographient, chaque lapin, de nouveau, s\u2019immobilise et prend la pose jusqu\u2019au soir.\u00a0\u00bb<\/p>\n<figure id=\"attachment_490\" aria-describedby=\"caption-attachment-490\" style=\"width: 900px\" class=\"wp-caption aligncenter\"><img loading=\"lazy\" decoding=\"async\" class=\"wp-image-490\" src=\"https:\/\/editions.grandpalaisrmn.fr\/blog\/wp-content\/uploads\/2022\/10\/IMG-1786-1024x795.jpg\" alt=\"\" width=\"900\" height=\"698\" srcset=\"https:\/\/editions.grandpalaisrmn.fr\/blog\/wp-content\/uploads\/2022\/10\/IMG-1786-1024x795.jpg 1024w, https:\/\/editions.grandpalaisrmn.fr\/blog\/wp-content\/uploads\/2022\/10\/IMG-1786-300x233.jpg 300w, https:\/\/editions.grandpalaisrmn.fr\/blog\/wp-content\/uploads\/2022\/10\/IMG-1786-768x596.jpg 768w, https:\/\/editions.grandpalaisrmn.fr\/blog\/wp-content\/uploads\/2022\/10\/IMG-1786-1536x1192.jpg 1536w, https:\/\/editions.grandpalaisrmn.fr\/blog\/wp-content\/uploads\/2022\/10\/IMG-1786-2048x1589.jpg 2048w\" sizes=\"(max-width: 900px) 100vw, 900px\" \/><figcaption id=\"caption-attachment-490\" class=\"wp-caption-text\"><em>O\u00f9 vont les lapins la nuit ?<\/em> avec Massimo et Jos\u00e9phine @ GrandPalaisRmn\u00c9ditions, 2022<\/figcaption><\/figure>\n<p><strong>\u00ab\u00a0Une magie, une effusion n\u00e9e de la fusion texte-image\u00a0\u00bb<em><br \/>\n<\/em><\/strong>Au d\u00e9part, quand Sophie Laporte lui a propos\u00e9 de r\u00e9fl\u00e9chir \u00e0 un projet autour de <em>La Dame \u00e0 la licorne<\/em> pour le mus\u00e9e de Cluny, Marie Sellier a tout de suite accept\u00e9, mais \u00e0 la condition de ne pas s\u2019appesantir sur la licorne\u00a0!<em> \u00ab\u00a0Parce que les licornes, aujourd\u2019hui, il y en a vraiment trop\u00a0!\u00a0\u00bb<\/em> se justifie-t-elle. Mais le graphisme de <span style=\"text-decoration: line-through;\">l<\/span>\u2019illustratrice a vite eu raison de ses r\u00e9serves. \u00ab\u00a0Marie Ass\u00e9nat a eu le talent de faire un pas de c\u00f4t\u00e9 en optant pour un style r\u00e9solument \u00e9loign\u00e9 de celui du chef-d\u2019\u0153uvre du mus\u00e9e de Cluny. Ce contrepoint est un choix assum\u00e9. La couverture indique sans ambigu\u00eft\u00e9 qu\u2019on est bien dans <em>La Dame \u00e0 la licorne. <\/em>Elle pose la r\u00e9f\u00e9rence pour mieux s\u2019en \u00e9carter ensuite, en faisant surgir des pages d\u2019amusantes \u00e9vocations de licorne et des petits lapins bien diff\u00e9rents de ceux qui gambadent sur les tentures du mus\u00e9e.\u00a0\u00bb<br \/>\nMarie Sellier, six fois grand-m\u00e8re, a test\u00e9 le livre sur ses petits-enfants durant l\u2019\u00e9t\u00e9\u00a02022 et n\u2019a cess\u00e9 de reprendre le texte jusqu\u2019\u00e0 son d\u00e9part pour l\u2019imprimerie\u00a0: \u00ab\u00a0Mes textes \u00e9voluent jusqu\u2019au dernier moment en fonction de l\u2019illustration. Un album, c\u2019est la fusion des mots et des images, et non le placage d\u2019images sur des mots ou inversement\u00a0! Si, par exemple, mon texte mentionne un petit lapin chauss\u00e9 de bottes rouges et que ce d\u00e9tail se retrouve dans l\u2019illustration, je vais le supprimer.Ce sont ces ajustements que j\u2019adore dans la conception des albums, car ils sont \u00e0 chaque fois renouvel\u00e9s, in\u00e9dits, en fonction de l\u2019imaginaire et de la technique de celui ou celle qui les illustre. C\u2019est une magie, une effusion n\u00e9e de cette fusion texte-image. \u00c0 ce titre, la collaboration avec Marie Ass\u00e9nat a \u00e9t\u00e9, du d\u00e9but \u00e0 la fin, un pur bonheur tout en finesse et en clins d\u2019\u0153il. Le livre fourmille de trouvailles qu\u2019elle a ajout\u00e9es au fil des pages. Nous nous sommes vraiment trouv\u00e9es\u00a0!\u00a0\u00bb<\/p>\n<p><img loading=\"lazy\" decoding=\"async\" class=\"size-full wp-image-509 aligncenter\" src=\"https:\/\/editions.grandpalaisrmn.fr\/blog\/wp-content\/uploads\/2022\/10\/IMG_0002.jpg\" alt=\"\" width=\"900\" height=\"675\" srcset=\"https:\/\/editions.grandpalaisrmn.fr\/blog\/wp-content\/uploads\/2022\/10\/IMG_0002.jpg 900w, https:\/\/editions.grandpalaisrmn.fr\/blog\/wp-content\/uploads\/2022\/10\/IMG_0002-300x225.jpg 300w, https:\/\/editions.grandpalaisrmn.fr\/blog\/wp-content\/uploads\/2022\/10\/IMG_0002-768x576.jpg 768w\" sizes=\"(max-width: 900px) 100vw, 900px\" \/><\/p>\n<p>Par ce titre, Marie Sellier renoue avec les livres sur l\u2019art. \u00ab Je m\u2019en suis \u00e9cart\u00e9e un temps pour \u00e9crire des fictions et des romans. C\u2019est pour moi une grande joie de continuer \u00e0 publier \u00e0 GrandPalaisRmn\u00c9ditions, o\u00f9 j\u2019ai fait mes premiers pas d\u2019autrice en 1991 avec la collection \u201cl\u2019Enfance de l\u2019art\u201d ! J\u2019y \u00e9tais all\u00e9e au culot en proposant mon projet \u00e0 Anne de Margerie, alors directrice des \u00e9ditions. Elle m\u2019a dit : \u201cOn signe tout de suite !\u201d Ensemble, nous avons \u00e9dit\u00e9 seize titres dans cette collection, et puis dans d\u2019autres encore, dont la <a href=\"https:\/\/editions.grandpalaisrmn.fr\/fr\/editions\/nos-collections\/mon-petit--my-little\">collection \u201cMon petit\u201d<\/a>, toujours bien vivante, et qui compte d\u2019ailleurs un titre sur le mus\u00e9e de Cluny \u2013\u00a0<a href=\"https:\/\/editions.grandpalaisrmn.fr\/fr\/editions\/JC704774\"><strong>Mon petit Cluny<\/strong><\/a><em>.<\/em> Ensuite, la politique de la maison a chang\u00e9 et cess\u00e9 de privil\u00e9gier l\u2019\u00e9dition de livres jeunesse. Aujourd\u2019hui, avec l\u2019arriv\u00e9e de Sophie Laporte \u00e0 la direction, cet axe est \u00e0 nouveau d\u00e9velopp\u00e9 et je suis tr\u00e8s heureuse de pouvoir poursuivre notre collaboration. <em>O\u00f9 vont les lapins la nuit\u00a0?<\/em> est mon 37<sup>e<\/sup> titre pour\u00a0GrandPalaisRmn\u00c9ditions !\u00a0\u00bb<\/p>\n<p>Marie Sellier nous confie que, avant ses \u00e9tudes \u00e0 Sciences Po Paris, elle a suivi une formation dans une \u00e9cole d\u2019art anglaise. Publierait-elle, aujourd\u2019hui, un livre dont elle r\u00e9aliserait les illustrations\u00a0? \u00ab\u00a0Nous sommes toujours bloqu\u00e9s par des tas de peurs\u2026 Avant <a href=\"https:\/\/editions.grandpalaisrmn.fr\/fr\/editions\/JA104062\"><strong>L\u2019Afrique, petit Chaka<\/strong><\/a> (\u00e9dit\u00e9 en 2001 aux GrandPalaisRmn\u00c9ditions), je ne pouvais pas m\u2019aventurer sur le terrain de la fiction. Je ne concevais alors que des livres documentaires. Ce titre a d\u00e9verrouill\u00e9 l\u2019acc\u00e8s \u00e0 mon imaginaire et je me suis autoris\u00e9e \u00e0 \u00e9crire de la fiction. Si <em>L\u2019Afrique, petit Chaka <\/em>a marqu\u00e9 une \u00e9tape dans mon parcours, peut-\u00eatre qu\u2019un prochain titre d\u00e9bloquera ma peur de dessiner. Sait-on jamais\u00a0?\u00a0\u00bb conclut-elle avec un large sourire.<\/p>\n<div class=\"CallToAction\">\n<p><a href=\"https:\/\/editions.grandpalaisrmn.fr\/fr\/editions\/JA107860\">Consultez la notice de l&rsquo;ouvrage<\/a><\/p>\n<p><a href=\"https:\/\/editions.grandpalaisrmn.fr\/fr\/editions\/par-auteur\/sellier_marie\">Retrouvez tous les titres de Marie Sellier aux \u00e9ditions GrandPalaisRmn<\/a><\/p>\n<\/div>\n","protected":false},"excerpt":{"rendered":"<p>Cela fait plus de trente ans, et plus de cent titres, que petits et grands se r\u00e9galent des histoires \u00e9crites par Marie Sellier. Sa derni\u00e8re publication, O\u00f9 vont les lapins la nuit\u00a0?, embarque les enfants dans l\u2019univers des tapisseries de La Dame \u00e0 la licorne, expos\u00e9es au mus\u00e9e de Cluny. Marie Sellier perp\u00e9tue ainsi la&#8230;<\/p>\n","protected":false},"author":1,"featured_media":0,"comment_status":"open","ping_status":"closed","sticky":false,"template":"","format":"standard","meta":{"footnotes":""},"categories":[3],"tags":[],"class_list":["post-488","post","type-post","status-publish","format-standard","hentry","category-edition"],"yoast_head":"<!-- This site is optimized with the Yoast SEO plugin v22.7 - https:\/\/yoast.com\/wordpress\/plugins\/seo\/ -->\n<title>Marie Sellier, l&#039;autrice de livre jeunesse pour la d\u00e9couverte de l&#039;art<\/title>\n<meta name=\"description\" content=\"Marie Sellier nous d\u00e9crit ses m\u00e9thodes pour faire aimer l&#039;art aux enfants. Interview \u00e0 l&#039;occasion de la parution de son nouveau titre\" \/>\n<meta name=\"robots\" content=\"index, follow, max-snippet:-1, max-image-preview:large, max-video-preview:-1\" \/>\n<link rel=\"canonical\" href=\"https:\/\/editions.grandpalaisrmn.fr\/blog\/ou-vont-les-lapins-la-nuit-marie-sellier-marie-assenat\/\" \/>\n<meta property=\"og:locale\" content=\"fr_FR\" \/>\n<meta property=\"og:type\" content=\"article\" \/>\n<meta property=\"og:title\" content=\"Marie Sellier, l&#039;autrice de livre jeunesse pour la d\u00e9couverte de l&#039;art\" \/>\n<meta property=\"og:description\" content=\"Marie Sellier nous d\u00e9crit ses m\u00e9thodes pour faire aimer l&#039;art aux enfants. Interview \u00e0 l&#039;occasion de la parution de son nouveau titre\" \/>\n<meta property=\"og:url\" content=\"https:\/\/editions.grandpalaisrmn.fr\/blog\/ou-vont-les-lapins-la-nuit-marie-sellier-marie-assenat\/\" \/>\n<meta property=\"og:site_name\" content=\"Actualit\u00e9s de GrandPalaisRmn\u00c9ditions\" \/>\n<meta property=\"article:publisher\" content=\"https:\/\/www.facebook.com\/EditionsRmnGP\/\" \/>\n<meta property=\"article:published_time\" content=\"2022-10-26T07:46:37+00:00\" \/>\n<meta property=\"article:modified_time\" content=\"2024-11-07T13:35:15+00:00\" \/>\n<meta property=\"og:image\" content=\"https:\/\/editions.grandpalaisrmn.fr\/blog\/wp-content\/uploads\/2022\/10\/IMG_2541-ter-1024x964.jpg\" \/>\n<meta name=\"author\" content=\"admin\" \/>\n<meta name=\"twitter:card\" content=\"summary_large_image\" \/>\n<meta name=\"twitter:label1\" content=\"\u00c9crit par\" \/>\n\t<meta name=\"twitter:data1\" content=\"admin\" \/>\n\t<meta name=\"twitter:label2\" content=\"Dur\u00e9e de lecture estim\u00e9e\" \/>\n\t<meta name=\"twitter:data2\" content=\"8 minutes\" \/>\n<script type=\"application\/ld+json\" class=\"yoast-schema-graph\">{\"@context\":\"https:\/\/schema.org\",\"@graph\":[{\"@type\":\"Article\",\"@id\":\"https:\/\/editions.grandpalaisrmn.fr\/blog\/ou-vont-les-lapins-la-nuit-marie-sellier-marie-assenat\/#article\",\"isPartOf\":{\"@id\":\"https:\/\/editions.grandpalaisrmn.fr\/blog\/ou-vont-les-lapins-la-nuit-marie-sellier-marie-assenat\/\"},\"author\":{\"name\":\"admin\",\"@id\":\"https:\/\/editions.grandpalaisrmn.fr\/blog\/#\/schema\/person\/df4f655e9df6cfe1d48590c891fe6b82\"},\"headline\":\"O\u00f9 vont les lapins la nuit ? : le nouveau titre jeunesse de Marie Sellier, illustr\u00e9 par Marie Ass\u00e9nat, fait grandir le plaisir de l\u2019art\",\"datePublished\":\"2022-10-26T07:46:37+00:00\",\"dateModified\":\"2024-11-07T13:35:15+00:00\",\"mainEntityOfPage\":{\"@id\":\"https:\/\/editions.grandpalaisrmn.fr\/blog\/ou-vont-les-lapins-la-nuit-marie-sellier-marie-assenat\/\"},\"wordCount\":1484,\"commentCount\":0,\"publisher\":{\"@id\":\"https:\/\/editions.grandpalaisrmn.fr\/blog\/#organization\"},\"image\":{\"@id\":\"https:\/\/editions.grandpalaisrmn.fr\/blog\/ou-vont-les-lapins-la-nuit-marie-sellier-marie-assenat\/#primaryimage\"},\"thumbnailUrl\":\"https:\/\/editions.grandpalaisrmn.fr\/blog\/wp-content\/uploads\/2022\/10\/IMG_2541-ter-1024x964.jpg\",\"articleSection\":[\"\u00c9dition\"],\"inLanguage\":\"fr-FR\",\"potentialAction\":[{\"@type\":\"CommentAction\",\"name\":\"Comment\",\"target\":[\"https:\/\/editions.grandpalaisrmn.fr\/blog\/ou-vont-les-lapins-la-nuit-marie-sellier-marie-assenat\/#respond\"]}]},{\"@type\":\"WebPage\",\"@id\":\"https:\/\/editions.grandpalaisrmn.fr\/blog\/ou-vont-les-lapins-la-nuit-marie-sellier-marie-assenat\/\",\"url\":\"https:\/\/editions.grandpalaisrmn.fr\/blog\/ou-vont-les-lapins-la-nuit-marie-sellier-marie-assenat\/\",\"name\":\"Marie Sellier, l'autrice de livre jeunesse pour la d\u00e9couverte de l'art\",\"isPartOf\":{\"@id\":\"https:\/\/editions.grandpalaisrmn.fr\/blog\/#website\"},\"primaryImageOfPage\":{\"@id\":\"https:\/\/editions.grandpalaisrmn.fr\/blog\/ou-vont-les-lapins-la-nuit-marie-sellier-marie-assenat\/#primaryimage\"},\"image\":{\"@id\":\"https:\/\/editions.grandpalaisrmn.fr\/blog\/ou-vont-les-lapins-la-nuit-marie-sellier-marie-assenat\/#primaryimage\"},\"thumbnailUrl\":\"https:\/\/editions.grandpalaisrmn.fr\/blog\/wp-content\/uploads\/2022\/10\/IMG_2541-ter-1024x964.jpg\",\"datePublished\":\"2022-10-26T07:46:37+00:00\",\"dateModified\":\"2024-11-07T13:35:15+00:00\",\"description\":\"Marie Sellier nous d\u00e9crit ses m\u00e9thodes pour faire aimer l'art aux enfants. Interview \u00e0 l'occasion de la parution de son nouveau titre\",\"breadcrumb\":{\"@id\":\"https:\/\/editions.grandpalaisrmn.fr\/blog\/ou-vont-les-lapins-la-nuit-marie-sellier-marie-assenat\/#breadcrumb\"},\"inLanguage\":\"fr-FR\",\"potentialAction\":[{\"@type\":\"ReadAction\",\"target\":[\"https:\/\/editions.grandpalaisrmn.fr\/blog\/ou-vont-les-lapins-la-nuit-marie-sellier-marie-assenat\/\"]}]},{\"@type\":\"ImageObject\",\"inLanguage\":\"fr-FR\",\"@id\":\"https:\/\/editions.grandpalaisrmn.fr\/blog\/ou-vont-les-lapins-la-nuit-marie-sellier-marie-assenat\/#primaryimage\",\"url\":\"https:\/\/editions.grandpalaisrmn.fr\/blog\/wp-content\/uploads\/2022\/10\/IMG_2541-ter.jpg\",\"contentUrl\":\"https:\/\/editions.grandpalaisrmn.fr\/blog\/wp-content\/uploads\/2022\/10\/IMG_2541-ter.jpg\",\"width\":1832,\"height\":1725},{\"@type\":\"BreadcrumbList\",\"@id\":\"https:\/\/editions.grandpalaisrmn.fr\/blog\/ou-vont-les-lapins-la-nuit-marie-sellier-marie-assenat\/#breadcrumb\",\"itemListElement\":[{\"@type\":\"ListItem\",\"position\":1,\"name\":\"Accueil\",\"item\":\"https:\/\/editions.grandpalaisrmn.fr\/blog\/\"},{\"@type\":\"ListItem\",\"position\":2,\"name\":\"O\u00f9 vont les lapins la nuit ? : le nouveau titre jeunesse de Marie Sellier, illustr\u00e9 par Marie Ass\u00e9nat, fait grandir le plaisir de l\u2019art\"}]},{\"@type\":\"WebSite\",\"@id\":\"https:\/\/editions.grandpalaisrmn.fr\/blog\/#website\",\"url\":\"https:\/\/editions.grandpalaisrmn.fr\/blog\/\",\"name\":\"Actualit\u00e9s de GrandPalaisRmn\u00c9ditions\",\"description\":\"\",\"publisher\":{\"@id\":\"https:\/\/editions.grandpalaisrmn.fr\/blog\/#organization\"},\"potentialAction\":[{\"@type\":\"SearchAction\",\"target\":{\"@type\":\"EntryPoint\",\"urlTemplate\":\"https:\/\/editions.grandpalaisrmn.fr\/blog\/?s={search_term_string}\"},\"query-input\":\"required name=search_term_string\"}],\"inLanguage\":\"fr-FR\"},{\"@type\":\"Organization\",\"@id\":\"https:\/\/editions.grandpalaisrmn.fr\/blog\/#organization\",\"name\":\"Les \u00e9ditions de la Rmn-GP\",\"url\":\"https:\/\/editions.grandpalaisrmn.fr\/blog\/\",\"logo\":{\"@type\":\"ImageObject\",\"inLanguage\":\"fr-FR\",\"@id\":\"https:\/\/editions.grandpalaisrmn.fr\/blog\/#\/schema\/logo\/image\/\",\"url\":\"https:\/\/editions.grandpalaisrmn.fr\/blog\/wp-content\/uploads\/2022\/06\/RMN-GP_logoNoir.png\",\"contentUrl\":\"https:\/\/editions.grandpalaisrmn.fr\/blog\/wp-content\/uploads\/2022\/06\/RMN-GP_logoNoir.png\",\"width\":787,\"height\":788,\"caption\":\"Les \u00e9ditions de la Rmn-GP\"},\"image\":{\"@id\":\"https:\/\/editions.grandpalaisrmn.fr\/blog\/#\/schema\/logo\/image\/\"},\"sameAs\":[\"https:\/\/www.facebook.com\/EditionsRmnGP\/\",\"https:\/\/www.pinterest.fr\/editionsRmnGP\",\"https:\/\/www.instagram.com\/les_editions_de_la_rmngp\/\"]},{\"@type\":\"Person\",\"@id\":\"https:\/\/editions.grandpalaisrmn.fr\/blog\/#\/schema\/person\/df4f655e9df6cfe1d48590c891fe6b82\",\"name\":\"admin\",\"image\":{\"@type\":\"ImageObject\",\"inLanguage\":\"fr-FR\",\"@id\":\"https:\/\/editions.grandpalaisrmn.fr\/blog\/#\/schema\/person\/image\/\",\"url\":\"https:\/\/secure.gravatar.com\/avatar\/2beb26b736c247331cd5f9cb1f595938?s=96&d=mm&r=g\",\"contentUrl\":\"https:\/\/secure.gravatar.com\/avatar\/2beb26b736c247331cd5f9cb1f595938?s=96&d=mm&r=g\",\"caption\":\"admin\"},\"sameAs\":[\"https:\/\/ppeditions.labrmngp.fr\/blog\"],\"url\":\"https:\/\/editions.grandpalaisrmn.fr\/blog\/author\/blog-admin_editions\/\"}]}<\/script>\n<!-- \/ Yoast SEO plugin. -->","yoast_head_json":{"title":"Marie Sellier, l'autrice de livre jeunesse pour la d\u00e9couverte de l'art","description":"Marie Sellier nous d\u00e9crit ses m\u00e9thodes pour faire aimer l'art aux enfants. Interview \u00e0 l'occasion de la parution de son nouveau titre","robots":{"index":"index","follow":"follow","max-snippet":"max-snippet:-1","max-image-preview":"max-image-preview:large","max-video-preview":"max-video-preview:-1"},"canonical":"https:\/\/editions.grandpalaisrmn.fr\/blog\/ou-vont-les-lapins-la-nuit-marie-sellier-marie-assenat\/","og_locale":"fr_FR","og_type":"article","og_title":"Marie Sellier, l'autrice de livre jeunesse pour la d\u00e9couverte de l'art","og_description":"Marie Sellier nous d\u00e9crit ses m\u00e9thodes pour faire aimer l'art aux enfants. Interview \u00e0 l'occasion de la parution de son nouveau titre","og_url":"https:\/\/editions.grandpalaisrmn.fr\/blog\/ou-vont-les-lapins-la-nuit-marie-sellier-marie-assenat\/","og_site_name":"Actualit\u00e9s de GrandPalaisRmn\u00c9ditions","article_publisher":"https:\/\/www.facebook.com\/EditionsRmnGP\/","article_published_time":"2022-10-26T07:46:37+00:00","article_modified_time":"2024-11-07T13:35:15+00:00","og_image":[{"url":"https:\/\/editions.grandpalaisrmn.fr\/blog\/wp-content\/uploads\/2022\/10\/IMG_2541-ter-1024x964.jpg"}],"author":"admin","twitter_card":"summary_large_image","twitter_misc":{"\u00c9crit par":"admin","Dur\u00e9e de lecture estim\u00e9e":"8 minutes"},"schema":{"@context":"https:\/\/schema.org","@graph":[{"@type":"Article","@id":"https:\/\/editions.grandpalaisrmn.fr\/blog\/ou-vont-les-lapins-la-nuit-marie-sellier-marie-assenat\/#article","isPartOf":{"@id":"https:\/\/editions.grandpalaisrmn.fr\/blog\/ou-vont-les-lapins-la-nuit-marie-sellier-marie-assenat\/"},"author":{"name":"admin","@id":"https:\/\/editions.grandpalaisrmn.fr\/blog\/#\/schema\/person\/df4f655e9df6cfe1d48590c891fe6b82"},"headline":"O\u00f9 vont les lapins la nuit ? : le nouveau titre jeunesse de Marie Sellier, illustr\u00e9 par Marie Ass\u00e9nat, fait grandir le plaisir de l\u2019art","datePublished":"2022-10-26T07:46:37+00:00","dateModified":"2024-11-07T13:35:15+00:00","mainEntityOfPage":{"@id":"https:\/\/editions.grandpalaisrmn.fr\/blog\/ou-vont-les-lapins-la-nuit-marie-sellier-marie-assenat\/"},"wordCount":1484,"commentCount":0,"publisher":{"@id":"https:\/\/editions.grandpalaisrmn.fr\/blog\/#organization"},"image":{"@id":"https:\/\/editions.grandpalaisrmn.fr\/blog\/ou-vont-les-lapins-la-nuit-marie-sellier-marie-assenat\/#primaryimage"},"thumbnailUrl":"https:\/\/editions.grandpalaisrmn.fr\/blog\/wp-content\/uploads\/2022\/10\/IMG_2541-ter-1024x964.jpg","articleSection":["\u00c9dition"],"inLanguage":"fr-FR","potentialAction":[{"@type":"CommentAction","name":"Comment","target":["https:\/\/editions.grandpalaisrmn.fr\/blog\/ou-vont-les-lapins-la-nuit-marie-sellier-marie-assenat\/#respond"]}]},{"@type":"WebPage","@id":"https:\/\/editions.grandpalaisrmn.fr\/blog\/ou-vont-les-lapins-la-nuit-marie-sellier-marie-assenat\/","url":"https:\/\/editions.grandpalaisrmn.fr\/blog\/ou-vont-les-lapins-la-nuit-marie-sellier-marie-assenat\/","name":"Marie Sellier, l'autrice de livre jeunesse pour la d\u00e9couverte de l'art","isPartOf":{"@id":"https:\/\/editions.grandpalaisrmn.fr\/blog\/#website"},"primaryImageOfPage":{"@id":"https:\/\/editions.grandpalaisrmn.fr\/blog\/ou-vont-les-lapins-la-nuit-marie-sellier-marie-assenat\/#primaryimage"},"image":{"@id":"https:\/\/editions.grandpalaisrmn.fr\/blog\/ou-vont-les-lapins-la-nuit-marie-sellier-marie-assenat\/#primaryimage"},"thumbnailUrl":"https:\/\/editions.grandpalaisrmn.fr\/blog\/wp-content\/uploads\/2022\/10\/IMG_2541-ter-1024x964.jpg","datePublished":"2022-10-26T07:46:37+00:00","dateModified":"2024-11-07T13:35:15+00:00","description":"Marie Sellier nous d\u00e9crit ses m\u00e9thodes pour faire aimer l'art aux enfants. Interview \u00e0 l'occasion de la parution de son nouveau titre","breadcrumb":{"@id":"https:\/\/editions.grandpalaisrmn.fr\/blog\/ou-vont-les-lapins-la-nuit-marie-sellier-marie-assenat\/#breadcrumb"},"inLanguage":"fr-FR","potentialAction":[{"@type":"ReadAction","target":["https:\/\/editions.grandpalaisrmn.fr\/blog\/ou-vont-les-lapins-la-nuit-marie-sellier-marie-assenat\/"]}]},{"@type":"ImageObject","inLanguage":"fr-FR","@id":"https:\/\/editions.grandpalaisrmn.fr\/blog\/ou-vont-les-lapins-la-nuit-marie-sellier-marie-assenat\/#primaryimage","url":"https:\/\/editions.grandpalaisrmn.fr\/blog\/wp-content\/uploads\/2022\/10\/IMG_2541-ter.jpg","contentUrl":"https:\/\/editions.grandpalaisrmn.fr\/blog\/wp-content\/uploads\/2022\/10\/IMG_2541-ter.jpg","width":1832,"height":1725},{"@type":"BreadcrumbList","@id":"https:\/\/editions.grandpalaisrmn.fr\/blog\/ou-vont-les-lapins-la-nuit-marie-sellier-marie-assenat\/#breadcrumb","itemListElement":[{"@type":"ListItem","position":1,"name":"Accueil","item":"https:\/\/editions.grandpalaisrmn.fr\/blog\/"},{"@type":"ListItem","position":2,"name":"O\u00f9 vont les lapins la nuit ? : le nouveau titre jeunesse de Marie Sellier, illustr\u00e9 par Marie Ass\u00e9nat, fait grandir le plaisir de l\u2019art"}]},{"@type":"WebSite","@id":"https:\/\/editions.grandpalaisrmn.fr\/blog\/#website","url":"https:\/\/editions.grandpalaisrmn.fr\/blog\/","name":"Actualit\u00e9s de GrandPalaisRmn\u00c9ditions","description":"","publisher":{"@id":"https:\/\/editions.grandpalaisrmn.fr\/blog\/#organization"},"potentialAction":[{"@type":"SearchAction","target":{"@type":"EntryPoint","urlTemplate":"https:\/\/editions.grandpalaisrmn.fr\/blog\/?s={search_term_string}"},"query-input":"required name=search_term_string"}],"inLanguage":"fr-FR"},{"@type":"Organization","@id":"https:\/\/editions.grandpalaisrmn.fr\/blog\/#organization","name":"Les \u00e9ditions de la Rmn-GP","url":"https:\/\/editions.grandpalaisrmn.fr\/blog\/","logo":{"@type":"ImageObject","inLanguage":"fr-FR","@id":"https:\/\/editions.grandpalaisrmn.fr\/blog\/#\/schema\/logo\/image\/","url":"https:\/\/editions.grandpalaisrmn.fr\/blog\/wp-content\/uploads\/2022\/06\/RMN-GP_logoNoir.png","contentUrl":"https:\/\/editions.grandpalaisrmn.fr\/blog\/wp-content\/uploads\/2022\/06\/RMN-GP_logoNoir.png","width":787,"height":788,"caption":"Les \u00e9ditions de la Rmn-GP"},"image":{"@id":"https:\/\/editions.grandpalaisrmn.fr\/blog\/#\/schema\/logo\/image\/"},"sameAs":["https:\/\/www.facebook.com\/EditionsRmnGP\/","https:\/\/www.pinterest.fr\/editionsRmnGP","https:\/\/www.instagram.com\/les_editions_de_la_rmngp\/"]},{"@type":"Person","@id":"https:\/\/editions.grandpalaisrmn.fr\/blog\/#\/schema\/person\/df4f655e9df6cfe1d48590c891fe6b82","name":"admin","image":{"@type":"ImageObject","inLanguage":"fr-FR","@id":"https:\/\/editions.grandpalaisrmn.fr\/blog\/#\/schema\/person\/image\/","url":"https:\/\/secure.gravatar.com\/avatar\/2beb26b736c247331cd5f9cb1f595938?s=96&d=mm&r=g","contentUrl":"https:\/\/secure.gravatar.com\/avatar\/2beb26b736c247331cd5f9cb1f595938?s=96&d=mm&r=g","caption":"admin"},"sameAs":["https:\/\/ppeditions.labrmngp.fr\/blog"],"url":"https:\/\/editions.grandpalaisrmn.fr\/blog\/author\/blog-admin_editions\/"}]}},"_links":{"self":[{"href":"https:\/\/editions.grandpalaisrmn.fr\/blog\/wp-json\/wp\/v2\/posts\/488"}],"collection":[{"href":"https:\/\/editions.grandpalaisrmn.fr\/blog\/wp-json\/wp\/v2\/posts"}],"about":[{"href":"https:\/\/editions.grandpalaisrmn.fr\/blog\/wp-json\/wp\/v2\/types\/post"}],"author":[{"embeddable":true,"href":"https:\/\/editions.grandpalaisrmn.fr\/blog\/wp-json\/wp\/v2\/users\/1"}],"replies":[{"embeddable":true,"href":"https:\/\/editions.grandpalaisrmn.fr\/blog\/wp-json\/wp\/v2\/comments?post=488"}],"version-history":[{"count":24,"href":"https:\/\/editions.grandpalaisrmn.fr\/blog\/wp-json\/wp\/v2\/posts\/488\/revisions"}],"predecessor-version":[{"id":1900,"href":"https:\/\/editions.grandpalaisrmn.fr\/blog\/wp-json\/wp\/v2\/posts\/488\/revisions\/1900"}],"wp:attachment":[{"href":"https:\/\/editions.grandpalaisrmn.fr\/blog\/wp-json\/wp\/v2\/media?parent=488"}],"wp:term":[{"taxonomy":"category","embeddable":true,"href":"https:\/\/editions.grandpalaisrmn.fr\/blog\/wp-json\/wp\/v2\/categories?post=488"},{"taxonomy":"post_tag","embeddable":true,"href":"https:\/\/editions.grandpalaisrmn.fr\/blog\/wp-json\/wp\/v2\/tags?post=488"}],"curies":[{"name":"wp","href":"https:\/\/api.w.org\/{rel}","templated":true}]}}