{"id":522,"date":"2022-11-04T09:33:52","date_gmt":"2022-11-04T09:33:52","guid":{"rendered":"https:\/\/editions.grandpalaisrmn.fr\/blog\/?p=522"},"modified":"2024-04-16T07:51:55","modified_gmt":"2024-04-16T07:51:55","slug":"le-catalogue-de-lexposition-photographique-les-tribulations-derwin-blumenfeld-1930-1950-coedite-avec-les-editions-de-la-rmn-gp","status":"publish","type":"post","link":"https:\/\/editions.grandpalaisrmn.fr\/blog\/le-catalogue-de-lexposition-photographique-les-tribulations-derwin-blumenfeld-1930-1950-coedite-avec-les-editions-de-la-rmn-gp\/","title":{"rendered":"Le catalogue de l\u2019exposition \u00ab Les Tribulations d\u2019Erwin Blumenfeld, 1930-1950 \u00bb : entre beau livre et ouvrage de r\u00e9f\u00e9rence"},"content":{"rendered":"<p><strong>Erwin Blumenfeld, figure embl\u00e9matique de la photographie de mode, est \u00e0 l\u2019honneur au mus\u00e9e d&rsquo;art et d&rsquo;histoire du Juda\u00efsme (mahJ), avec une exposition saisissante\u00a0: \u00ab\u00a0Les Tribulations d\u2019Erwin Blumenfeld,\u00a01930-1950\u00a0\u00bb.<br \/>\nAccompagn\u00e9e par l\u2019\u00e9quipe de GrandPalaisRmn\u00c9ditions, Juliette Braillon, responsable des \u00e9ditions du mus\u00e9e, offre un catalogue d\u2019exposition exigeant et prot\u00e9iforme, qui d\u00e9ploie les \u0153uvres expos\u00e9es, les valorise \u00e0 travers des reproductions d\u2019une extr\u00eame qualit\u00e9 et les enrichit par des recherches et essais scientifiques.<\/strong><\/p>\n<figure id=\"attachment_523\" aria-describedby=\"caption-attachment-523\" style=\"width: 2303px\" class=\"wp-caption alignnone\"><img loading=\"lazy\" decoding=\"async\" class=\"size-full wp-image-523\" src=\"https:\/\/editions.grandpalaisrmn.fr\/blog\/wp-content\/uploads\/2022\/11\/JB-Choix.jpg\" alt=\"\" width=\"2303\" height=\"1690\" srcset=\"https:\/\/editions.grandpalaisrmn.fr\/blog\/wp-content\/uploads\/2022\/11\/JB-Choix.jpg 2303w, https:\/\/editions.grandpalaisrmn.fr\/blog\/wp-content\/uploads\/2022\/11\/JB-Choix-300x220.jpg 300w, https:\/\/editions.grandpalaisrmn.fr\/blog\/wp-content\/uploads\/2022\/11\/JB-Choix-1024x751.jpg 1024w, https:\/\/editions.grandpalaisrmn.fr\/blog\/wp-content\/uploads\/2022\/11\/JB-Choix-768x564.jpg 768w, https:\/\/editions.grandpalaisrmn.fr\/blog\/wp-content\/uploads\/2022\/11\/JB-Choix-1536x1127.jpg 1536w, https:\/\/editions.grandpalaisrmn.fr\/blog\/wp-content\/uploads\/2022\/11\/JB-Choix-2048x1503.jpg 2048w\" sizes=\"(max-width: 2303px) 100vw, 2303px\" \/><figcaption id=\"caption-attachment-523\" class=\"wp-caption-text\">Juliette Braillon, responsable des \u00e9ditions du mahJ \u00a9 GrandPalaisRmn\u00c9ditions, 2022<\/figcaption><\/figure>\n<p><strong>\u00ab\u00a0Chaque image est un r\u00e9cit\u00a0\u00bb<\/strong><strong>, E. Blumenfeld (extrait de <em>Jadis et Daguerre<\/em>)<br \/>\n<\/strong>L\u2019exposition \u00ab\u00a0Les Tribulations d\u2019Erwin Blumenfeld,\u00a01930-1950\u00a0\u00bb suit le cheminement de l\u2019artiste sur deux d\u00e9cennies, en proposant une lecture intime et introspective. Le parcours est construit sur la base de l\u2019autobiographie du photographe, publi\u00e9e sous le titre <em>Jadis et Daguerre<\/em> aux \u00e9ditions Actes Sud. \u00ab\u00a0La p\u00e9riode 1930-1950, entre son installation \u00e0 Paris et son arriv\u00e9e \u00e0 New York, est celle o\u00f9 le photographe voit son destin boulevers\u00e9. Pour retracer cet itin\u00e9raire personnel et artistique, il \u00e9tait important de mettre la parole et les mots d\u2019Erwin Blumenfeld au c\u0153ur de l\u2019ouvrage. Aussi, de nombreuses citations rythment l\u2019exposition et d\u00e9coupent le r\u00e9cit du catalogue.<br \/>\nC\u2019est une exposition photographique riche, avec une s\u00e9lection d\u2019images incroyables, gr\u00e2ce au fonds d\u2019archives familiales que la petite-fille de l\u2019artiste, Nadia Blumenfeld-Charbit, a g\u00e9n\u00e9reusement mis \u00e0 la disposition du mahJ. Le parcours et le catalogue offrent des s\u00e9ries de photographies in\u00e9dites\u00a0\u00bb, explique Juliette Braillon.<\/p>\n<p><img loading=\"lazy\" decoding=\"async\" class=\"wp-image-562 aligncenter\" src=\"https:\/\/editions.grandpalaisrmn.fr\/blog\/wp-content\/uploads\/2022\/11\/Catalogue_Blumenfeld_01.jpg\" alt=\"\" width=\"900\" height=\"694\" srcset=\"https:\/\/editions.grandpalaisrmn.fr\/blog\/wp-content\/uploads\/2022\/11\/Catalogue_Blumenfeld_01.jpg 1737w, https:\/\/editions.grandpalaisrmn.fr\/blog\/wp-content\/uploads\/2022\/11\/Catalogue_Blumenfeld_01-300x231.jpg 300w, https:\/\/editions.grandpalaisrmn.fr\/blog\/wp-content\/uploads\/2022\/11\/Catalogue_Blumenfeld_01-1024x790.jpg 1024w, https:\/\/editions.grandpalaisrmn.fr\/blog\/wp-content\/uploads\/2022\/11\/Catalogue_Blumenfeld_01-768x592.jpg 768w, https:\/\/editions.grandpalaisrmn.fr\/blog\/wp-content\/uploads\/2022\/11\/Catalogue_Blumenfeld_01-1536x1185.jpg 1536w\" sizes=\"(max-width: 900px) 100vw, 900px\" \/><\/p>\n<p><strong>\u00ab\u00a0Je prends au s\u00e9rieux la beaut\u00e9\u00a0\u00bb<\/strong><strong> E. Blumenfeld (extrait de <em>Jadis et Daguerre<\/em>)<br \/>\n<\/strong>\u00ab Pr\u00e9parer un catalogue d\u2019exposition photographique exige un parfait traitement des images. Pour m\u2019accompagner dans ce travail sur ce cinqui\u00e8me titre en co\u00e9dition, j\u2019ai fait confiance \u00e0 GrandPalaisRmn\u00c9ditions, qui portent la m\u00eame envie du beau livre d\u2019art, exigeant par ses qualit\u00e9s iconographique et scientifique.<br \/>\nLa difficult\u00e9 principale a \u00e9t\u00e9 l\u2019<a href=\"https:\/\/editions.grandpalaisrmn.fr\/fr\/editions\/savoir-faire-de-fabrication\">harmonisation des reproductions des photographies<\/a>, qui provenaient de sources et de supports diff\u00e9rents, si bien que les qualit\u00e9s et tonalit\u00e9s de noir et de blanc \u00e9taient vraiment h\u00e9t\u00e9rog\u00e8nes. Le travail a \u00e9t\u00e9 exceptionnel avec Isabelle Loric, responsable de fabrication \u00e0 GrandPalaisRmn\u00c9ditions. Ensemble, nous avons compar\u00e9 et v\u00e9rifi\u00e9 tous les scans avec les tirages originaux et, quand cela a \u00e9t\u00e9 n\u00e9cessaire, nous en avons g\u00e9n\u00e9r\u00e9 de nouveaux. <a href=\"http:\/\/lesartisansduregard.com\/\">Les Artisans du Regard<\/a> nous ont accompagn\u00e9es en r\u00e9alisant un formidable travail de retouche et de traitement des images. Nous avons imprim\u00e9 le livre en cinq couleurs\u00a0: un ton pantone direct a \u00e9t\u00e9 ajout\u00e9 aux quatre couleurs de quadrichromie, ce qui donne une profondeur et une luminosit\u00e9 particuli\u00e8res aux \u0153uvres. De l\u2019avis m\u00eame de Nadia Blumenfeld-Charbit, co-commissaire de l\u2019exposition, le rendu est vraiment magnifique, d\u2019autant que l\u2019artiste avait pratiqu\u00e9 beaucoup d\u2019exp\u00e9rimentations\u00a0!\u00a0\u00bb \u00c0 l\u2019instar de Man Ray, le photographe aimait travailler ses photographies dans son laboratoire, v\u00e9ritable champ d\u2019exploration gr\u00e2ce \u00e0 \u00ab\u00a0la d\u00e9couverte du pouvoir magique de la chimie\u00a0\u00bb (extrait de <em>Jadis et Daguerre<\/em>).<\/p>\n<p><img loading=\"lazy\" decoding=\"async\" class=\"wp-image-561 aligncenter\" src=\"https:\/\/editions.grandpalaisrmn.fr\/blog\/wp-content\/uploads\/2022\/11\/Catalogue_Blumenfeld_02.jpg\" alt=\"\" width=\"900\" height=\"666\" srcset=\"https:\/\/editions.grandpalaisrmn.fr\/blog\/wp-content\/uploads\/2022\/11\/Catalogue_Blumenfeld_02.jpg 1781w, https:\/\/editions.grandpalaisrmn.fr\/blog\/wp-content\/uploads\/2022\/11\/Catalogue_Blumenfeld_02-300x222.jpg 300w, https:\/\/editions.grandpalaisrmn.fr\/blog\/wp-content\/uploads\/2022\/11\/Catalogue_Blumenfeld_02-1024x757.jpg 1024w, https:\/\/editions.grandpalaisrmn.fr\/blog\/wp-content\/uploads\/2022\/11\/Catalogue_Blumenfeld_02-768x568.jpg 768w, https:\/\/editions.grandpalaisrmn.fr\/blog\/wp-content\/uploads\/2022\/11\/Catalogue_Blumenfeld_02-1536x1136.jpg 1536w\" sizes=\"(max-width: 900px) 100vw, 900px\" \/><\/p>\n<p>Juliette Braillon ajoute\u00a0: \u00ab\u00a0Erwin Blumenfeld utilisait divers \u00e9l\u00e9ments perturbateurs dans l\u2019image, comme une fen\u00eatre au verre ondul\u00e9, un miroir d\u00e9formant ou bris\u00e9, un voile mouill\u00e9, etc. Ou encore il op\u00e9rait sur le n\u00e9gatif un brusque changement de temp\u00e9rature qui fait appara\u00eetre un grain et, sur cette photographie new-yorkaise, il cr\u00e9e un motif sur des bas. Sa petite-fille nous a d\u2019ailleurs confi\u00e9 que les techniques et les proc\u00e9d\u00e9s employ\u00e9s par le photographe sont encore parfois myst\u00e9rieux.\u00a0\u00bb<\/p>\n<p><strong><em>\u00ab\u00a0Une exposition n\u2019est pas un livre sur les murs\u00a0!<\/em><\/strong><em>\u00a0\u00bb<\/em><strong>, Juliette Braillon<br \/>\n<\/strong>L\u2019ambition constante qui guide la responsable d\u2019\u00e9dition du mahJ est d\u2019offrir au visiteur bien plus que la reproduction parfaite des images qu\u2019il a d\u00e9couvertes sur les cimaises. \u00ab\u00a0Une exposition n\u2019est pas un livre sur les murs\u00a0! Les deux m\u00e9dias se r\u00e9pondent et s\u2019enrichissent.\u00a0\u00bb V\u00e9ritable ouvrage de r\u00e9f\u00e9rence, la publication comprend des essais compl\u00e9mentaires de sp\u00e9cialistes, des textes de Blumenfeld et de nouvelles confrontations d\u2019\u0153uvres.<\/p>\n<p><img loading=\"lazy\" decoding=\"async\" class=\"wp-image-568 aligncenter\" src=\"https:\/\/editions.grandpalaisrmn.fr\/blog\/wp-content\/uploads\/2022\/11\/Catalogue_Blumenfeld_03b.jpg\" alt=\"\" width=\"900\" height=\"678\" srcset=\"https:\/\/editions.grandpalaisrmn.fr\/blog\/wp-content\/uploads\/2022\/11\/Catalogue_Blumenfeld_03b.jpg 1758w, https:\/\/editions.grandpalaisrmn.fr\/blog\/wp-content\/uploads\/2022\/11\/Catalogue_Blumenfeld_03b-300x226.jpg 300w, https:\/\/editions.grandpalaisrmn.fr\/blog\/wp-content\/uploads\/2022\/11\/Catalogue_Blumenfeld_03b-1024x771.jpg 1024w, https:\/\/editions.grandpalaisrmn.fr\/blog\/wp-content\/uploads\/2022\/11\/Catalogue_Blumenfeld_03b-768x578.jpg 768w, https:\/\/editions.grandpalaisrmn.fr\/blog\/wp-content\/uploads\/2022\/11\/Catalogue_Blumenfeld_03b-1536x1157.jpg 1536w\" sizes=\"(max-width: 900px) 100vw, 900px\" \/><\/p>\n<p>Une des s\u00e9ries in\u00e9dites de l\u2019exposition est un reportage de\u00a01947 sur les danses c\u00e9r\u00e9monielles du pueblo San Ildefonso au Nouveau-Mexique, que le catalogue d\u00e9crit, d\u00e9crypte et contextualise. Juliette Braillon a confi\u00e9 cette s\u00e9rie \u00e0 Bruce Bernstein, anthropologue proche de cette communaut\u00e9, qui a transmis les images \u00e0 ses membres. \u00ab\u00a0Il \u00e9tait imp\u00e9rieux pour nous que les habitants du pueblo valident la s\u00e9lection des images expos\u00e9es et reproduites dans l\u2019ouvrage, afin de prot\u00e9ger le sens de leurs c\u00e9r\u00e9monies. Ils ont regard\u00e9 en d\u00e9tail les photographies, qu\u2019ils d\u00e9couvraient, et les ont comment\u00e9es. Cet \u00e9change s\u2019est fait dans le respect de leur patrimoine et de leur vie priv\u00e9e et offre au lecteur un texte d\u2019une grande richesse.\u00a0\u00bb<\/p>\n<p>Le catalogue \u00e9claire, en l\u2019enrichissant, une autre th\u00e9matique de l\u2019exposition\u00a0: les camps d\u2019internement en France et au Maroc durant la Seconde Guerre mondiale, \u00e0 travers l\u2019essai de l\u2019historienne Anne Grynberg, illustr\u00e9 notamment par des images du camp du Vernet trouv\u00e9es dans les archives de l\u2019Ari\u00e8ge. Alors qu\u2019en\u00a01939, Erwin Blumenfeld rentre de New York, couronn\u00e9 du succ\u00e8s de son engagement au magazine de mode <em>Harper\u2019s Bazaar<\/em>, la guerre \u00e9clate. Lui et sa famille sont intern\u00e9s dans des camps en France et au Maroc. En\u00a01941, gr\u00e2ce \u00e0 un organisation d\u2019aide aux immigrants juifs, ils parviennent \u00e0 embarquer pour les \u00c9tats-Unis. \u00ab\u00a0Le r\u00e9seau d\u2019internement que la France a mis en place, d\u00e8s janvier\u00a01939, en France et au Maroc est tout \u00e0 fait m\u00e9connu. Blumenfeld est pass\u00e9 par cinq camps\u00a0!\u00a0\u00bb pr\u00e9cise Juliette Braillon.<\/p>\n<p>Enfin, la derni\u00e8re salle de l\u2019exposition pr\u00e9sente des photographies d\u2019une grande modernit\u00e9, comme des clins d\u2019\u0153il aux grands ma\u00eetres pour qui sait les deviner. \u00ab\u00a0L\u2019\u00e9clairage du catalogue est ici tr\u00e8s pr\u00e9cieux. Il pr\u00e9sente les photographies en regard des \u0153uvres dont elles s\u2019inspirent. L\u2019essai de Nicolas Feuillie, co-commissaire de l\u2019exposition, renseigne sur la grande culture de Blumenfeld. Son \u0153uvre photographique est impr\u00e9gn\u00e9e et nourrie de nombreuses r\u00e9f\u00e9rences \u00e0 l\u2019histoire de l\u2019art. Le photographe d\u00e9clarait\u00a0: \u201cJe me consid\u00e9rais comme moderne, mais me r\u00e9v\u00e9lai classique.\u201d \u00bb.<\/p>\n<p>Le catalogue <em>Les Tribulations d\u2019Erwin Blumenfeld,\u00a01930-1950<\/em> joue bien un r\u00f4le compl\u00e9mentaire et essentiel \u00e0 l\u2019exposition qu\u2019il accompagne\u00a0: s\u2019il lui fait \u00e9cho, il n\u2019emprunte pas le m\u00eame visuel de communication. Sa couverture, distincte de l\u2019affiche de l\u2019exposition, confirme sa nature particuli\u00e8re et autonome.<\/p>\n<div class=\"CallToAction\">\n<p><a href=\"https:\/\/editions.grandpalaisrmn.fr\/fr\/editions\/EK397880\">D\u00e9couvrez le catalogue d&rsquo;exposition <\/a><\/p>\n<p><a href=\"https:\/\/editions.grandpalaisrmn.fr\/fr\/editions\/par-musee\/paris_mahj-musee-dart-et-dhistoire-du-judaisme\">Nos parutions pour le mahJ <\/a><\/p>\n<p><a href=\"https:\/\/editions.grandpalaisrmn.fr\/fr\/editions\/par-domaine\/photographie\">Retrouvez toutes nos publications autour de la photographie <\/a><\/p>\n<p><a href=\"https:\/\/mahj.org\/fr\/programme\/les-tribulations-derwin-blumenfeld-1930-1950-29943\">D\u00e9couvrez l&rsquo;exposition au mahJ<\/a><\/p>\n<\/div>\n","protected":false},"excerpt":{"rendered":"<p>Erwin Blumenfeld, figure embl\u00e9matique de la photographie de mode, est \u00e0 l\u2019honneur au mus\u00e9e d&rsquo;art et d&rsquo;histoire du Juda\u00efsme (mahJ), avec une exposition saisissante\u00a0: \u00ab\u00a0Les Tribulations d\u2019Erwin Blumenfeld,\u00a01930-1950\u00a0\u00bb. Accompagn\u00e9e par l\u2019\u00e9quipe de GrandPalaisRmn\u00c9ditions, Juliette Braillon, responsable des \u00e9ditions du mus\u00e9e, offre un catalogue d\u2019exposition exigeant et prot\u00e9iforme, qui d\u00e9ploie les \u0153uvres expos\u00e9es, les valorise \u00e0&#8230;<\/p>\n","protected":false},"author":1,"featured_media":0,"comment_status":"open","ping_status":"closed","sticky":false,"template":"","format":"standard","meta":{"footnotes":""},"categories":[3,2],"tags":[],"class_list":["post-522","post","type-post","status-publish","format-standard","hentry","category-edition","category-fabrication"],"yoast_head":"<!-- This site is optimized with the Yoast SEO plugin v22.7 - https:\/\/yoast.com\/wordpress\/plugins\/seo\/ -->\n<title>Editer un catalogue d\u2019exposition photo : Les Tribulations d\u2019Erwin Blumenfeld<\/title>\n<meta name=\"description\" content=\"Juliette Braillon, responsable des \u00e9ditions au mahJ, offre un catalogue d\u2019exposition exigeant et prot\u00e9iforme, qui d\u00e9ploie les \u0153uvres expos\u00e9es, les valorise \u00e0 travers des reproductions d\u2019une extr\u00eame qualit\u00e9 et les enrichit par des recherches et essais scientifiques.\" \/>\n<meta name=\"robots\" content=\"index, follow, max-snippet:-1, max-image-preview:large, max-video-preview:-1\" \/>\n<link rel=\"canonical\" href=\"https:\/\/editions.grandpalaisrmn.fr\/blog\/le-catalogue-de-lexposition-photographique-les-tribulations-derwin-blumenfeld-1930-1950-coedite-avec-les-editions-de-la-rmn-gp\/\" \/>\n<meta property=\"og:locale\" content=\"fr_FR\" \/>\n<meta property=\"og:type\" content=\"article\" \/>\n<meta property=\"og:title\" content=\"Editer un catalogue d\u2019exposition photo : Les Tribulations d\u2019Erwin Blumenfeld\" \/>\n<meta property=\"og:description\" content=\"Juliette Braillon, responsable des \u00e9ditions au mahJ, offre un catalogue d\u2019exposition exigeant et prot\u00e9iforme, qui d\u00e9ploie les \u0153uvres expos\u00e9es, les valorise \u00e0 travers des reproductions d\u2019une extr\u00eame qualit\u00e9 et les enrichit par des recherches et essais scientifiques.\" \/>\n<meta property=\"og:url\" content=\"https:\/\/editions.grandpalaisrmn.fr\/blog\/le-catalogue-de-lexposition-photographique-les-tribulations-derwin-blumenfeld-1930-1950-coedite-avec-les-editions-de-la-rmn-gp\/\" \/>\n<meta property=\"og:site_name\" content=\"Actualit\u00e9s de GrandPalaisRmn\u00c9ditions\" \/>\n<meta property=\"article:publisher\" content=\"https:\/\/www.facebook.com\/EditionsRmnGP\/\" \/>\n<meta property=\"article:published_time\" content=\"2022-11-04T09:33:52+00:00\" \/>\n<meta property=\"article:modified_time\" content=\"2024-04-16T07:51:55+00:00\" \/>\n<meta property=\"og:image\" content=\"https:\/\/editions.grandpalaisrmn.fr\/blog\/wp-content\/uploads\/2022\/11\/JB-Choix.jpg\" \/>\n<meta name=\"author\" content=\"admin\" \/>\n<meta name=\"twitter:card\" content=\"summary_large_image\" \/>\n<meta name=\"twitter:label1\" content=\"\u00c9crit par\" \/>\n\t<meta name=\"twitter:data1\" content=\"admin\" \/>\n\t<meta name=\"twitter:label2\" content=\"Dur\u00e9e de lecture estim\u00e9e\" \/>\n\t<meta name=\"twitter:data2\" content=\"6 minutes\" \/>\n<script type=\"application\/ld+json\" class=\"yoast-schema-graph\">{\"@context\":\"https:\/\/schema.org\",\"@graph\":[{\"@type\":\"Article\",\"@id\":\"https:\/\/editions.grandpalaisrmn.fr\/blog\/le-catalogue-de-lexposition-photographique-les-tribulations-derwin-blumenfeld-1930-1950-coedite-avec-les-editions-de-la-rmn-gp\/#article\",\"isPartOf\":{\"@id\":\"https:\/\/editions.grandpalaisrmn.fr\/blog\/le-catalogue-de-lexposition-photographique-les-tribulations-derwin-blumenfeld-1930-1950-coedite-avec-les-editions-de-la-rmn-gp\/\"},\"author\":{\"name\":\"admin\",\"@id\":\"https:\/\/editions.grandpalaisrmn.fr\/blog\/#\/schema\/person\/df4f655e9df6cfe1d48590c891fe6b82\"},\"headline\":\"Le catalogue de l\u2019exposition \u00ab Les Tribulations d\u2019Erwin Blumenfeld, 1930-1950 \u00bb : entre beau livre et ouvrage de r\u00e9f\u00e9rence\",\"datePublished\":\"2022-11-04T09:33:52+00:00\",\"dateModified\":\"2024-04-16T07:51:55+00:00\",\"mainEntityOfPage\":{\"@id\":\"https:\/\/editions.grandpalaisrmn.fr\/blog\/le-catalogue-de-lexposition-photographique-les-tribulations-derwin-blumenfeld-1930-1950-coedite-avec-les-editions-de-la-rmn-gp\/\"},\"wordCount\":1207,\"commentCount\":0,\"publisher\":{\"@id\":\"https:\/\/editions.grandpalaisrmn.fr\/blog\/#organization\"},\"image\":{\"@id\":\"https:\/\/editions.grandpalaisrmn.fr\/blog\/le-catalogue-de-lexposition-photographique-les-tribulations-derwin-blumenfeld-1930-1950-coedite-avec-les-editions-de-la-rmn-gp\/#primaryimage\"},\"thumbnailUrl\":\"https:\/\/editions.grandpalaisrmn.fr\/blog\/wp-content\/uploads\/2022\/11\/JB-Choix.jpg\",\"articleSection\":[\"\u00c9dition\",\"Fabrication\"],\"inLanguage\":\"fr-FR\",\"potentialAction\":[{\"@type\":\"CommentAction\",\"name\":\"Comment\",\"target\":[\"https:\/\/editions.grandpalaisrmn.fr\/blog\/le-catalogue-de-lexposition-photographique-les-tribulations-derwin-blumenfeld-1930-1950-coedite-avec-les-editions-de-la-rmn-gp\/#respond\"]}]},{\"@type\":\"WebPage\",\"@id\":\"https:\/\/editions.grandpalaisrmn.fr\/blog\/le-catalogue-de-lexposition-photographique-les-tribulations-derwin-blumenfeld-1930-1950-coedite-avec-les-editions-de-la-rmn-gp\/\",\"url\":\"https:\/\/editions.grandpalaisrmn.fr\/blog\/le-catalogue-de-lexposition-photographique-les-tribulations-derwin-blumenfeld-1930-1950-coedite-avec-les-editions-de-la-rmn-gp\/\",\"name\":\"Editer un catalogue d\u2019exposition photo : Les Tribulations d\u2019Erwin Blumenfeld\",\"isPartOf\":{\"@id\":\"https:\/\/editions.grandpalaisrmn.fr\/blog\/#website\"},\"primaryImageOfPage\":{\"@id\":\"https:\/\/editions.grandpalaisrmn.fr\/blog\/le-catalogue-de-lexposition-photographique-les-tribulations-derwin-blumenfeld-1930-1950-coedite-avec-les-editions-de-la-rmn-gp\/#primaryimage\"},\"image\":{\"@id\":\"https:\/\/editions.grandpalaisrmn.fr\/blog\/le-catalogue-de-lexposition-photographique-les-tribulations-derwin-blumenfeld-1930-1950-coedite-avec-les-editions-de-la-rmn-gp\/#primaryimage\"},\"thumbnailUrl\":\"https:\/\/editions.grandpalaisrmn.fr\/blog\/wp-content\/uploads\/2022\/11\/JB-Choix.jpg\",\"datePublished\":\"2022-11-04T09:33:52+00:00\",\"dateModified\":\"2024-04-16T07:51:55+00:00\",\"description\":\"Juliette Braillon, responsable des \u00e9ditions au mahJ, offre un catalogue d\u2019exposition exigeant et prot\u00e9iforme, qui d\u00e9ploie les \u0153uvres expos\u00e9es, les valorise \u00e0 travers des reproductions d\u2019une extr\u00eame qualit\u00e9 et les enrichit par des recherches et essais scientifiques.\",\"breadcrumb\":{\"@id\":\"https:\/\/editions.grandpalaisrmn.fr\/blog\/le-catalogue-de-lexposition-photographique-les-tribulations-derwin-blumenfeld-1930-1950-coedite-avec-les-editions-de-la-rmn-gp\/#breadcrumb\"},\"inLanguage\":\"fr-FR\",\"potentialAction\":[{\"@type\":\"ReadAction\",\"target\":[\"https:\/\/editions.grandpalaisrmn.fr\/blog\/le-catalogue-de-lexposition-photographique-les-tribulations-derwin-blumenfeld-1930-1950-coedite-avec-les-editions-de-la-rmn-gp\/\"]}]},{\"@type\":\"ImageObject\",\"inLanguage\":\"fr-FR\",\"@id\":\"https:\/\/editions.grandpalaisrmn.fr\/blog\/le-catalogue-de-lexposition-photographique-les-tribulations-derwin-blumenfeld-1930-1950-coedite-avec-les-editions-de-la-rmn-gp\/#primaryimage\",\"url\":\"https:\/\/editions.grandpalaisrmn.fr\/blog\/wp-content\/uploads\/2022\/11\/JB-Choix.jpg\",\"contentUrl\":\"https:\/\/editions.grandpalaisrmn.fr\/blog\/wp-content\/uploads\/2022\/11\/JB-Choix.jpg\",\"width\":2303,\"height\":1690,\"caption\":\"Juliette Braillon, responsable des \u00e9ditions du mahJ @ Editions Rmn-Gp 2022\"},{\"@type\":\"BreadcrumbList\",\"@id\":\"https:\/\/editions.grandpalaisrmn.fr\/blog\/le-catalogue-de-lexposition-photographique-les-tribulations-derwin-blumenfeld-1930-1950-coedite-avec-les-editions-de-la-rmn-gp\/#breadcrumb\",\"itemListElement\":[{\"@type\":\"ListItem\",\"position\":1,\"name\":\"Accueil\",\"item\":\"https:\/\/editions.grandpalaisrmn.fr\/blog\/\"},{\"@type\":\"ListItem\",\"position\":2,\"name\":\"Le catalogue de l\u2019exposition \u00ab Les Tribulations d\u2019Erwin Blumenfeld, 1930-1950 \u00bb : entre beau livre et ouvrage de r\u00e9f\u00e9rence\"}]},{\"@type\":\"WebSite\",\"@id\":\"https:\/\/editions.grandpalaisrmn.fr\/blog\/#website\",\"url\":\"https:\/\/editions.grandpalaisrmn.fr\/blog\/\",\"name\":\"Actualit\u00e9s de GrandPalaisRmn\u00c9ditions\",\"description\":\"\",\"publisher\":{\"@id\":\"https:\/\/editions.grandpalaisrmn.fr\/blog\/#organization\"},\"potentialAction\":[{\"@type\":\"SearchAction\",\"target\":{\"@type\":\"EntryPoint\",\"urlTemplate\":\"https:\/\/editions.grandpalaisrmn.fr\/blog\/?s={search_term_string}\"},\"query-input\":\"required name=search_term_string\"}],\"inLanguage\":\"fr-FR\"},{\"@type\":\"Organization\",\"@id\":\"https:\/\/editions.grandpalaisrmn.fr\/blog\/#organization\",\"name\":\"Les \u00e9ditions de la Rmn-GP\",\"url\":\"https:\/\/editions.grandpalaisrmn.fr\/blog\/\",\"logo\":{\"@type\":\"ImageObject\",\"inLanguage\":\"fr-FR\",\"@id\":\"https:\/\/editions.grandpalaisrmn.fr\/blog\/#\/schema\/logo\/image\/\",\"url\":\"https:\/\/editions.grandpalaisrmn.fr\/blog\/wp-content\/uploads\/2022\/06\/RMN-GP_logoNoir.png\",\"contentUrl\":\"https:\/\/editions.grandpalaisrmn.fr\/blog\/wp-content\/uploads\/2022\/06\/RMN-GP_logoNoir.png\",\"width\":787,\"height\":788,\"caption\":\"Les \u00e9ditions de la Rmn-GP\"},\"image\":{\"@id\":\"https:\/\/editions.grandpalaisrmn.fr\/blog\/#\/schema\/logo\/image\/\"},\"sameAs\":[\"https:\/\/www.facebook.com\/EditionsRmnGP\/\",\"https:\/\/www.pinterest.fr\/editionsRmnGP\",\"https:\/\/www.instagram.com\/les_editions_de_la_rmngp\/\"]},{\"@type\":\"Person\",\"@id\":\"https:\/\/editions.grandpalaisrmn.fr\/blog\/#\/schema\/person\/df4f655e9df6cfe1d48590c891fe6b82\",\"name\":\"admin\",\"image\":{\"@type\":\"ImageObject\",\"inLanguage\":\"fr-FR\",\"@id\":\"https:\/\/editions.grandpalaisrmn.fr\/blog\/#\/schema\/person\/image\/\",\"url\":\"https:\/\/secure.gravatar.com\/avatar\/2beb26b736c247331cd5f9cb1f595938?s=96&d=mm&r=g\",\"contentUrl\":\"https:\/\/secure.gravatar.com\/avatar\/2beb26b736c247331cd5f9cb1f595938?s=96&d=mm&r=g\",\"caption\":\"admin\"},\"sameAs\":[\"https:\/\/ppeditions.labrmngp.fr\/blog\"],\"url\":\"https:\/\/editions.grandpalaisrmn.fr\/blog\/author\/blog-admin_editions\/\"}]}<\/script>\n<!-- \/ Yoast SEO plugin. -->","yoast_head_json":{"title":"Editer un catalogue d\u2019exposition photo : Les Tribulations d\u2019Erwin Blumenfeld","description":"Juliette Braillon, responsable des \u00e9ditions au mahJ, offre un catalogue d\u2019exposition exigeant et prot\u00e9iforme, qui d\u00e9ploie les \u0153uvres expos\u00e9es, les valorise \u00e0 travers des reproductions d\u2019une extr\u00eame qualit\u00e9 et les enrichit par des recherches et essais scientifiques.","robots":{"index":"index","follow":"follow","max-snippet":"max-snippet:-1","max-image-preview":"max-image-preview:large","max-video-preview":"max-video-preview:-1"},"canonical":"https:\/\/editions.grandpalaisrmn.fr\/blog\/le-catalogue-de-lexposition-photographique-les-tribulations-derwin-blumenfeld-1930-1950-coedite-avec-les-editions-de-la-rmn-gp\/","og_locale":"fr_FR","og_type":"article","og_title":"Editer un catalogue d\u2019exposition photo : Les Tribulations d\u2019Erwin Blumenfeld","og_description":"Juliette Braillon, responsable des \u00e9ditions au mahJ, offre un catalogue d\u2019exposition exigeant et prot\u00e9iforme, qui d\u00e9ploie les \u0153uvres expos\u00e9es, les valorise \u00e0 travers des reproductions d\u2019une extr\u00eame qualit\u00e9 et les enrichit par des recherches et essais scientifiques.","og_url":"https:\/\/editions.grandpalaisrmn.fr\/blog\/le-catalogue-de-lexposition-photographique-les-tribulations-derwin-blumenfeld-1930-1950-coedite-avec-les-editions-de-la-rmn-gp\/","og_site_name":"Actualit\u00e9s de GrandPalaisRmn\u00c9ditions","article_publisher":"https:\/\/www.facebook.com\/EditionsRmnGP\/","article_published_time":"2022-11-04T09:33:52+00:00","article_modified_time":"2024-04-16T07:51:55+00:00","og_image":[{"url":"https:\/\/editions.grandpalaisrmn.fr\/blog\/wp-content\/uploads\/2022\/11\/JB-Choix.jpg"}],"author":"admin","twitter_card":"summary_large_image","twitter_misc":{"\u00c9crit par":"admin","Dur\u00e9e de lecture estim\u00e9e":"6 minutes"},"schema":{"@context":"https:\/\/schema.org","@graph":[{"@type":"Article","@id":"https:\/\/editions.grandpalaisrmn.fr\/blog\/le-catalogue-de-lexposition-photographique-les-tribulations-derwin-blumenfeld-1930-1950-coedite-avec-les-editions-de-la-rmn-gp\/#article","isPartOf":{"@id":"https:\/\/editions.grandpalaisrmn.fr\/blog\/le-catalogue-de-lexposition-photographique-les-tribulations-derwin-blumenfeld-1930-1950-coedite-avec-les-editions-de-la-rmn-gp\/"},"author":{"name":"admin","@id":"https:\/\/editions.grandpalaisrmn.fr\/blog\/#\/schema\/person\/df4f655e9df6cfe1d48590c891fe6b82"},"headline":"Le catalogue de l\u2019exposition \u00ab Les Tribulations d\u2019Erwin Blumenfeld, 1930-1950 \u00bb : entre beau livre et ouvrage de r\u00e9f\u00e9rence","datePublished":"2022-11-04T09:33:52+00:00","dateModified":"2024-04-16T07:51:55+00:00","mainEntityOfPage":{"@id":"https:\/\/editions.grandpalaisrmn.fr\/blog\/le-catalogue-de-lexposition-photographique-les-tribulations-derwin-blumenfeld-1930-1950-coedite-avec-les-editions-de-la-rmn-gp\/"},"wordCount":1207,"commentCount":0,"publisher":{"@id":"https:\/\/editions.grandpalaisrmn.fr\/blog\/#organization"},"image":{"@id":"https:\/\/editions.grandpalaisrmn.fr\/blog\/le-catalogue-de-lexposition-photographique-les-tribulations-derwin-blumenfeld-1930-1950-coedite-avec-les-editions-de-la-rmn-gp\/#primaryimage"},"thumbnailUrl":"https:\/\/editions.grandpalaisrmn.fr\/blog\/wp-content\/uploads\/2022\/11\/JB-Choix.jpg","articleSection":["\u00c9dition","Fabrication"],"inLanguage":"fr-FR","potentialAction":[{"@type":"CommentAction","name":"Comment","target":["https:\/\/editions.grandpalaisrmn.fr\/blog\/le-catalogue-de-lexposition-photographique-les-tribulations-derwin-blumenfeld-1930-1950-coedite-avec-les-editions-de-la-rmn-gp\/#respond"]}]},{"@type":"WebPage","@id":"https:\/\/editions.grandpalaisrmn.fr\/blog\/le-catalogue-de-lexposition-photographique-les-tribulations-derwin-blumenfeld-1930-1950-coedite-avec-les-editions-de-la-rmn-gp\/","url":"https:\/\/editions.grandpalaisrmn.fr\/blog\/le-catalogue-de-lexposition-photographique-les-tribulations-derwin-blumenfeld-1930-1950-coedite-avec-les-editions-de-la-rmn-gp\/","name":"Editer un catalogue d\u2019exposition photo : Les Tribulations d\u2019Erwin Blumenfeld","isPartOf":{"@id":"https:\/\/editions.grandpalaisrmn.fr\/blog\/#website"},"primaryImageOfPage":{"@id":"https:\/\/editions.grandpalaisrmn.fr\/blog\/le-catalogue-de-lexposition-photographique-les-tribulations-derwin-blumenfeld-1930-1950-coedite-avec-les-editions-de-la-rmn-gp\/#primaryimage"},"image":{"@id":"https:\/\/editions.grandpalaisrmn.fr\/blog\/le-catalogue-de-lexposition-photographique-les-tribulations-derwin-blumenfeld-1930-1950-coedite-avec-les-editions-de-la-rmn-gp\/#primaryimage"},"thumbnailUrl":"https:\/\/editions.grandpalaisrmn.fr\/blog\/wp-content\/uploads\/2022\/11\/JB-Choix.jpg","datePublished":"2022-11-04T09:33:52+00:00","dateModified":"2024-04-16T07:51:55+00:00","description":"Juliette Braillon, responsable des \u00e9ditions au mahJ, offre un catalogue d\u2019exposition exigeant et prot\u00e9iforme, qui d\u00e9ploie les \u0153uvres expos\u00e9es, les valorise \u00e0 travers des reproductions d\u2019une extr\u00eame qualit\u00e9 et les enrichit par des recherches et essais scientifiques.","breadcrumb":{"@id":"https:\/\/editions.grandpalaisrmn.fr\/blog\/le-catalogue-de-lexposition-photographique-les-tribulations-derwin-blumenfeld-1930-1950-coedite-avec-les-editions-de-la-rmn-gp\/#breadcrumb"},"inLanguage":"fr-FR","potentialAction":[{"@type":"ReadAction","target":["https:\/\/editions.grandpalaisrmn.fr\/blog\/le-catalogue-de-lexposition-photographique-les-tribulations-derwin-blumenfeld-1930-1950-coedite-avec-les-editions-de-la-rmn-gp\/"]}]},{"@type":"ImageObject","inLanguage":"fr-FR","@id":"https:\/\/editions.grandpalaisrmn.fr\/blog\/le-catalogue-de-lexposition-photographique-les-tribulations-derwin-blumenfeld-1930-1950-coedite-avec-les-editions-de-la-rmn-gp\/#primaryimage","url":"https:\/\/editions.grandpalaisrmn.fr\/blog\/wp-content\/uploads\/2022\/11\/JB-Choix.jpg","contentUrl":"https:\/\/editions.grandpalaisrmn.fr\/blog\/wp-content\/uploads\/2022\/11\/JB-Choix.jpg","width":2303,"height":1690,"caption":"Juliette Braillon, responsable des \u00e9ditions du mahJ @ Editions Rmn-Gp 2022"},{"@type":"BreadcrumbList","@id":"https:\/\/editions.grandpalaisrmn.fr\/blog\/le-catalogue-de-lexposition-photographique-les-tribulations-derwin-blumenfeld-1930-1950-coedite-avec-les-editions-de-la-rmn-gp\/#breadcrumb","itemListElement":[{"@type":"ListItem","position":1,"name":"Accueil","item":"https:\/\/editions.grandpalaisrmn.fr\/blog\/"},{"@type":"ListItem","position":2,"name":"Le catalogue de l\u2019exposition \u00ab Les Tribulations d\u2019Erwin Blumenfeld, 1930-1950 \u00bb : entre beau livre et ouvrage de r\u00e9f\u00e9rence"}]},{"@type":"WebSite","@id":"https:\/\/editions.grandpalaisrmn.fr\/blog\/#website","url":"https:\/\/editions.grandpalaisrmn.fr\/blog\/","name":"Actualit\u00e9s de GrandPalaisRmn\u00c9ditions","description":"","publisher":{"@id":"https:\/\/editions.grandpalaisrmn.fr\/blog\/#organization"},"potentialAction":[{"@type":"SearchAction","target":{"@type":"EntryPoint","urlTemplate":"https:\/\/editions.grandpalaisrmn.fr\/blog\/?s={search_term_string}"},"query-input":"required name=search_term_string"}],"inLanguage":"fr-FR"},{"@type":"Organization","@id":"https:\/\/editions.grandpalaisrmn.fr\/blog\/#organization","name":"Les \u00e9ditions de la Rmn-GP","url":"https:\/\/editions.grandpalaisrmn.fr\/blog\/","logo":{"@type":"ImageObject","inLanguage":"fr-FR","@id":"https:\/\/editions.grandpalaisrmn.fr\/blog\/#\/schema\/logo\/image\/","url":"https:\/\/editions.grandpalaisrmn.fr\/blog\/wp-content\/uploads\/2022\/06\/RMN-GP_logoNoir.png","contentUrl":"https:\/\/editions.grandpalaisrmn.fr\/blog\/wp-content\/uploads\/2022\/06\/RMN-GP_logoNoir.png","width":787,"height":788,"caption":"Les \u00e9ditions de la Rmn-GP"},"image":{"@id":"https:\/\/editions.grandpalaisrmn.fr\/blog\/#\/schema\/logo\/image\/"},"sameAs":["https:\/\/www.facebook.com\/EditionsRmnGP\/","https:\/\/www.pinterest.fr\/editionsRmnGP","https:\/\/www.instagram.com\/les_editions_de_la_rmngp\/"]},{"@type":"Person","@id":"https:\/\/editions.grandpalaisrmn.fr\/blog\/#\/schema\/person\/df4f655e9df6cfe1d48590c891fe6b82","name":"admin","image":{"@type":"ImageObject","inLanguage":"fr-FR","@id":"https:\/\/editions.grandpalaisrmn.fr\/blog\/#\/schema\/person\/image\/","url":"https:\/\/secure.gravatar.com\/avatar\/2beb26b736c247331cd5f9cb1f595938?s=96&d=mm&r=g","contentUrl":"https:\/\/secure.gravatar.com\/avatar\/2beb26b736c247331cd5f9cb1f595938?s=96&d=mm&r=g","caption":"admin"},"sameAs":["https:\/\/ppeditions.labrmngp.fr\/blog"],"url":"https:\/\/editions.grandpalaisrmn.fr\/blog\/author\/blog-admin_editions\/"}]}},"_links":{"self":[{"href":"https:\/\/editions.grandpalaisrmn.fr\/blog\/wp-json\/wp\/v2\/posts\/522"}],"collection":[{"href":"https:\/\/editions.grandpalaisrmn.fr\/blog\/wp-json\/wp\/v2\/posts"}],"about":[{"href":"https:\/\/editions.grandpalaisrmn.fr\/blog\/wp-json\/wp\/v2\/types\/post"}],"author":[{"embeddable":true,"href":"https:\/\/editions.grandpalaisrmn.fr\/blog\/wp-json\/wp\/v2\/users\/1"}],"replies":[{"embeddable":true,"href":"https:\/\/editions.grandpalaisrmn.fr\/blog\/wp-json\/wp\/v2\/comments?post=522"}],"version-history":[{"count":35,"href":"https:\/\/editions.grandpalaisrmn.fr\/blog\/wp-json\/wp\/v2\/posts\/522\/revisions"}],"predecessor-version":[{"id":1561,"href":"https:\/\/editions.grandpalaisrmn.fr\/blog\/wp-json\/wp\/v2\/posts\/522\/revisions\/1561"}],"wp:attachment":[{"href":"https:\/\/editions.grandpalaisrmn.fr\/blog\/wp-json\/wp\/v2\/media?parent=522"}],"wp:term":[{"taxonomy":"category","embeddable":true,"href":"https:\/\/editions.grandpalaisrmn.fr\/blog\/wp-json\/wp\/v2\/categories?post=522"},{"taxonomy":"post_tag","embeddable":true,"href":"https:\/\/editions.grandpalaisrmn.fr\/blog\/wp-json\/wp\/v2\/tags?post=522"}],"curies":[{"name":"wp","href":"https:\/\/api.w.org\/{rel}","templated":true}]}}