{"id":693,"date":"2023-02-14T17:16:56","date_gmt":"2023-02-14T17:16:56","guid":{"rendered":"https:\/\/editions.grandpalaisrmn.fr\/blog\/?p=693"},"modified":"2024-04-16T07:47:26","modified_gmt":"2024-04-16T07:47:26","slug":"catalogue-faith-ringgold-avec-tania-de-montaigne","status":"publish","type":"post","link":"https:\/\/editions.grandpalaisrmn.fr\/blog\/catalogue-faith-ringgold-avec-tania-de-montaigne\/","title":{"rendered":"Le catalogue de l\u2019exposition \u00ab&nbsp;Faith Ringgold&nbsp;\u00bb au mus\u00e9e Picasso-Paris  \u00ab&nbsp;r\u00e9ussit \u00e0 la raconter en entier, dans sa pluralit\u00e9&nbsp;\u00bb, selon l\u2019\u00e9crivaine Tania de Montaigne"},"content":{"rendered":"<p><strong>M\u00e9connue en France, Faith Ringgold, figure d\u2019un art engag\u00e9 contre le racisme et le sexisme, est une ic\u00f4ne am\u00e9ricaine. Ses \u0153uvres ont \u00e9t\u00e9 r\u00e9compens\u00e9es par pr\u00e8s de quatre-vingts prix et sont expos\u00e9es dans les plus grands mus\u00e9es am\u00e9ricains. Le mus\u00e9e national Picasso-Paris lui rend hommage en r\u00e9v\u00e9lant, pour la toute premi\u00e8re fois en France, un ensemble d\u2019\u0153uvres majeures. Il a confi\u00e9 \u00e0 nos \u00e9ditions le soin de r\u00e9aliser le catalogue de l\u2019exposition.<\/strong><\/p>\n<figure id=\"attachment_718\" aria-describedby=\"caption-attachment-718\" style=\"width: 1024px\" class=\"wp-caption aligncenter\"><img loading=\"lazy\" decoding=\"async\" class=\"size-full wp-image-718\" src=\"https:\/\/editions.grandpalaisrmn.fr\/blog\/wp-content\/uploads\/2023\/02\/tania.jpg\" alt=\"\" width=\"1024\" height=\"1024\" srcset=\"https:\/\/editions.grandpalaisrmn.fr\/blog\/wp-content\/uploads\/2023\/02\/tania.jpg 1024w, https:\/\/editions.grandpalaisrmn.fr\/blog\/wp-content\/uploads\/2023\/02\/tania-300x300.jpg 300w, https:\/\/editions.grandpalaisrmn.fr\/blog\/wp-content\/uploads\/2023\/02\/tania-150x150.jpg 150w, https:\/\/editions.grandpalaisrmn.fr\/blog\/wp-content\/uploads\/2023\/02\/tania-768x768.jpg 768w\" sizes=\"(max-width: 1024px) 100vw, 1024px\" \/><figcaption id=\"caption-attachment-718\" class=\"wp-caption-text\">Tania de Montaigne \u00a9 GrandPalaisRmn\u00c9ditions, 2022<\/figcaption><\/figure>\n<p>\u00c0 l\u2019occasion du vernissage, Annie Dufour, qui pilote cette \u00e9dition, et Isabelle Loric, responsable de fabrication, ont \u00e9chang\u00e9 autour de la publication avec Tania de Montaigne, journaliste, \u00e9crivaine et musicienne. L\u2019autrice a notamment publi\u00e9 <em>Noire, la vie m\u00e9connue de Claudette Colvin,<\/em> r\u00e9cit consacr\u00e9 \u00e0 cette jeune fille qui a refus\u00e9 de c\u00e9der sa place \u00e0 une femme blanche dans un bus, neuf mois avant Rosa Parks. Faith Ringgold et Tania de\u00a0Montaigne, toutes deux engag\u00e9es contre le racisme et le sexisme, ont en commun l\u2019exercice d\u2019un art qui exprime un regard personnel sur une r\u00e9alit\u00e9, en la rendant visible et marquante.<br \/>\nUne question centrale s\u2019est d\u00e9gag\u00e9e de cet \u00e9change\u00a0: comment, dans un temps court, restituer, \u00e0 travers une publication, l\u2019engagement et les valeurs d\u2019une femme contemporaine, artiste multi support, alors m\u00eame que son travail n\u2019est pas document\u00e9 en France et qu\u2019on ne peut voir aucune de ses \u0153uvres \u2013\u00a0peintures, sculptures, patchworks et tankas\u00a0\u2013, qui b\u00e9n\u00e9ficient, en revanche, d\u2019une large exposition aux \u00c9tats-Unis, depuis le Moma jusqu\u2019\u00e0 l\u2019Art Institute of Chicago\u00a0?<\/p>\n<p><strong>Tania de Montaigne. <\/strong>D\u00e9j\u00e0, le simple fait que l\u2019\u00e9diteur de cet ouvrage se soit pos\u00e9 les questions \u00ab\u00a0Qui est cette artiste\u00a0?\u00a0\u00bb et \u00ab\u00a0Comment, moi, je vais la raconter\u00a0?\u00a0<em>\u00bb<\/em> est essentiel pour moi. Trop souvent, ceux qui font les livres sont obs\u00e9d\u00e9s par l\u2019id\u00e9e de reproduire des \u0153uvres expos\u00e9es sans les contextualiser. Ils pensent que, s\u2019ils ont les images, \u00e7a suffit\u00a0! Alors que, en r\u00e9alit\u00e9, l\u2019image, c\u2019est la moiti\u00e9 du chemin vers l\u2019artiste. Ce catalogue est r\u00e9ussi parce qu\u2019il est un livre \u00e0 part enti\u00e8re. Il est le support id\u00e9al pour Faith Ringgold parce qu\u2019elle utilise \u00e0 la fois le mot, l\u2019image et le r\u00e9el. Le livre permet que tout son imaginaire soit repr\u00e9sent\u00e9. Il r\u00e9ussit \u00e0 la raconter en entier, dans sa pluralit\u00e9. J\u2019adore que le catalogue soit aussi multidimensionnel<\/p>\n<p><strong>Annie Dufour, l\u2019\u00e9ditrice du catalogue. <\/strong>Nous avons en effet centr\u00e9 cette premi\u00e8re publication en fran\u00e7ais sur la parole de Faith Ringgold elle-m\u00eame. \u00c0 c\u00f4t\u00e9 de textes d\u2019historiens de l\u2019art permettant de contextualiser le travail de l\u2019artiste et d\u2019en montrer toute la singularit\u00e9, nous avons choisi de publier trois de ses textes majeurs. Tout au long de sa vie, Faith Ringgold a \u00e9crit une quinzaine de livres pour enfants, ses m\u00e9moires, les textes inscrits sur ses c\u00e9l\u00e8bres patchworks, et les <em>story quilts<\/em>, qui racontent aussi des histoires. Le sommaire est enrichi par deux entretiens, dont un in\u00e9dit avec sa fille, Michele Wallace. La traduction n\u2019a pas \u00e9t\u00e9 facile, car Faith Ringgold a une \u00e9criture particuli\u00e8re, tr\u00e8s forte. Souvenons-nous qu\u2019elle a grandi dans l\u2019atmosph\u00e8re du mouvement Harlem Renaissance \u2013 ph\u00e9nom\u00e8ne culturel africain-am\u00e9ricain de l\u2019entre-deux-guerres \u2013, qu\u2019elle a travers\u00e9 toutes les luttes pour les droits civiques et que sa langue est impr\u00e9gn\u00e9e du langage vernaculaire propre \u00e0 cette \u00e9poque.<\/p>\n<figure id=\"attachment_719\" aria-describedby=\"caption-attachment-719\" style=\"width: 900px\" class=\"wp-caption aligncenter\"><img loading=\"lazy\" decoding=\"async\" class=\"size-full wp-image-719\" src=\"https:\/\/editions.grandpalaisrmn.fr\/blog\/wp-content\/uploads\/2023\/02\/FaithR_Louvre_900px.jpg\" alt=\"\" width=\"900\" height=\"772\" srcset=\"https:\/\/editions.grandpalaisrmn.fr\/blog\/wp-content\/uploads\/2023\/02\/FaithR_Louvre_900px.jpg 900w, https:\/\/editions.grandpalaisrmn.fr\/blog\/wp-content\/uploads\/2023\/02\/FaithR_Louvre_900px-300x257.jpg 300w, https:\/\/editions.grandpalaisrmn.fr\/blog\/wp-content\/uploads\/2023\/02\/FaithR_Louvre_900px-768x659.jpg 768w\" sizes=\"(max-width: 900px) 100vw, 900px\" \/><figcaption id=\"caption-attachment-719\" class=\"wp-caption-text\">Catalogue de l\u2019exposition Faith Ringgold \u00a9 co\u00e9ditions GrandPalaisRmn\u00c9ditions et Mus\u00e9e Picasso-Paris<\/figcaption><\/figure>\n<p><strong>Tania de Montaigne. <\/strong>Et son art aussi est vernaculaire\u00a0! Faith Ringgold dialogue avec le pass\u00e9 et le pr\u00e9sent, embarque sa culture et parle de la vie urbaine, d\u2019esclavage et de r\u00e9sistance. Les arts, les techniques, les mati\u00e8res, les textures qu\u2019elle utilise sont autant de strates qui se rencontrent et se superposent. Cela m\u2019\u00e9voque la question du m\u00e9tissage chez elle\u00a0: elle tisse et entrecroise des univers diff\u00e9rents. Il est rare qu\u2019un \u00e9diteur prenne la peine de publier le r\u00e9cit d\u2019un artiste ancr\u00e9 dans sa r\u00e9alit\u00e9, et je trouve \u00e7a formidable. Par exemple, Le texte <em>Dancing at the Louvre<\/em> \u00e9crit par Faith Ringgold est le r\u00e9cit de sa rencontre avec <em>La Joconde<\/em> \u00e0 travers le personnage de Willia Marie, une artiste \u00e0 Paris. C\u2019est sa propre exp\u00e9rience, publi\u00e9e en deux couleurs qui se r\u00e9pondent. C\u2019est habile, car ce n\u2019est que \u00e7a, l\u2019Art\u00a0: c\u2019est un artiste qui dialogue \u00e0 travers les m\u00e9dias que sont la photographie, la peinture, la litt\u00e9rature, etc., et qui livre une \u00e9motion, une histoire, sa r\u00e9alit\u00e9. L\u2019outil qu\u2019est ce catalogue arrive tr\u00e8s bien \u00e0 rendre compte de ce dialogue et \u00e0 comprendre aussi son origine. L\u2019art, c\u2019est la transmission. Et ce n\u2019est pas un truc qui commence avec l\u2019artiste, \u00e7a se poursuit avec lui.<\/p>\n<p><strong>Isabelle Loric, <\/strong>responsable de fabrication. Le choix du papier participe \u00e0 cette id\u00e9e de transmission. Les graphistes, Wijntje van Rooijen et Pierre P\u00e9ronnet, ont choisi <strong>u<\/strong>n papier de type papier journal, tr\u00e8s bouffant qui, \u00e0 la base, n\u2019est pas fait pour les livres. Cela a permis, d\u2019abord, de proposer l\u2019ouvrage \u00e0 un prix raisonnable, malgr\u00e9 les hausses de co\u00fbt support\u00e9es par le papier. Cela nous a permis aussi de reproduire en quadrichromie les \u0153uvres, souvent denses, que nous n\u2019avons pas pu voir en France et dont nous n\u2019avons pas pu v\u00e9rifier la colorim\u00e9trie, comme nous nous y attachons d\u2019habitude. Enfin, ce type de papier donne un aspect brut, un peu <em>handcraft<\/em> \u00e0 cette artiste qui travaille tous types de mat\u00e9riaux, y compris les plus simples.<\/p>\n<p><strong>Tania de Montaigne. <\/strong>Oui, c\u2019est un papier qui n\u2019est pas impressionnant, loin du papier glac\u00e9 des <em>coffee table books<\/em>\u00a0! Le catalogue est l\u00e9ger\u00a0; il devient un livre souple qu\u2019on prend sous le bras, qui partage notre intimit\u00e9 et qui restitue, \u00e0 travers les photos d\u2019\u00e9poque et les dialogues, l\u2019artiste dans sa globalit\u00e9, puisqu\u2019elle est une femme qui raconte un moment de sa vie \u00e0 travers son art. Je trouve que l\u2019objet lui va tr\u00e8s bien\u00a0!<\/p>\n<figure id=\"attachment_721\" aria-describedby=\"caption-attachment-721\" style=\"width: 900px\" class=\"wp-caption aligncenter\"><img loading=\"lazy\" decoding=\"async\" class=\"size-full wp-image-721\" src=\"https:\/\/editions.grandpalaisrmn.fr\/blog\/wp-content\/uploads\/2023\/02\/image-des-catalogues_900px.jpg\" alt=\"\" width=\"900\" height=\"753\" srcset=\"https:\/\/editions.grandpalaisrmn.fr\/blog\/wp-content\/uploads\/2023\/02\/image-des-catalogues_900px.jpg 900w, https:\/\/editions.grandpalaisrmn.fr\/blog\/wp-content\/uploads\/2023\/02\/image-des-catalogues_900px-300x251.jpg 300w, https:\/\/editions.grandpalaisrmn.fr\/blog\/wp-content\/uploads\/2023\/02\/image-des-catalogues_900px-768x643.jpg 768w\" sizes=\"(max-width: 900px) 100vw, 900px\" \/><figcaption id=\"caption-attachment-721\" class=\"wp-caption-text\">Catalogue Faith Ringgold \u00a9 co\u00e9dition GrandPalaisRmn\u00c9ditions et le mus\u00e9e Picasso-Paris<\/figcaption><\/figure>\n<p><strong>Annie Dufour<\/strong>\u00a0: Apr\u00e8s de nombreux \u00e9changes avec C\u00e9cile Debray, pr\u00e9sidente du mus\u00e9e Picasso-Paris et commissaire de l\u2019exposition, nous souhaitions, Sophie Laporte, Claire Bonnevie et moi-m\u00eame, publier un livre accessible, tant par sa forme que par son prix, et qui soit, lui aussi, engag\u00e9\u00a0! Faith Ringgold est une artiste militante dont le discours est de dire\u00a0: \u00ab\u00a0On a effac\u00e9 les Noirs de l\u2019histoire, mais mon art va reraconter l\u2019histoire\u00a0; mon art est ma voix.\u00a0\u00bb Elle a document\u00e9 sa vie\u00a0! Nous avons donc tent\u00e9 de faire correspondre la forme et le fond dans un catalogue qui s\u2019inscrit dans la narration populaire de Faith Ringgold. Le choix de la couverture apporte ainsi toute l\u2019\u00e9nergie de la pop des ann\u00e9es\u00a01960\u00a0!<\/p>\n<p><strong>\u00a0<\/strong>Ce catalogue exhaustif va au-del\u00e0 de l\u2019exposition en proposant bien plus d\u2019\u0153uvres et de textes, un sommaire diff\u00e9rent du parcours et, en guise de bouquet final, une chronologie compl\u00e8te qui retrace toute la vie de l\u2019artiste. Plus qu\u2019un catalogue, il est la premi\u00e8re monographie fran\u00e7aise sur Faith Ringgold. Et c\u2019est justement ce qu\u2019appr\u00e9cie Tania de\u00a0Montaigne\u00a0: \u00ab\u00a0Ce qui me plait aussi dans ce catalogue, c&rsquo;est qu&rsquo;il propose un nouveau parcours, une autre exposition o\u00f9 les mots percutent les images et o\u00f9 le lecteur a toute sa place. Le livre perp\u00e9tue les \u0153uvres\u00a0de l&rsquo;artiste et, en m\u00eame temps, il en cr\u00e9e une nouvelle\u00a0\u00bb.<\/p>\n<div class=\"CallToAction\">\n<p><a href=\"https:\/\/editions.grandpalaisrmn.fr\/fr\/editions\/EK197955\">D\u00e9couvrez le catalogue<\/a><\/p>\n<p><a href=\"https:\/\/editions.grandpalaisrmn.fr\/fr\/editions\/par-musee\/paris_musee-national-picasso-paris\">Consultez toutes les publications pour le mus\u00e9e Picasso-Paris<\/a><\/p>\n<p><a href=\"https:\/\/www.museepicassoparis.fr\/fr\/faith-ringgold\">Retrouvez l&rsquo;exposition au mus\u00e9e Picasso-Paris<\/a><\/p>\n<\/div>\n","protected":false},"excerpt":{"rendered":"<p>M\u00e9connue en France, Faith Ringgold, figure d\u2019un art engag\u00e9 contre le racisme et le sexisme, est une ic\u00f4ne am\u00e9ricaine. Ses \u0153uvres ont \u00e9t\u00e9 r\u00e9compens\u00e9es par pr\u00e8s de quatre-vingts prix et sont expos\u00e9es dans les plus grands mus\u00e9es am\u00e9ricains. Le mus\u00e9e national Picasso-Paris lui rend hommage en r\u00e9v\u00e9lant, pour la toute premi\u00e8re fois en France, un&#8230;<\/p>\n","protected":false},"author":1,"featured_media":0,"comment_status":"open","ping_status":"closed","sticky":false,"template":"","format":"standard","meta":{"footnotes":""},"categories":[3,2],"tags":[],"class_list":["post-693","post","type-post","status-publish","format-standard","hentry","category-edition","category-fabrication"],"yoast_head":"<!-- This site is optimized with the Yoast SEO plugin v22.7 - https:\/\/yoast.com\/wordpress\/plugins\/seo\/ -->\n<title>Echanges avec Tania de Montaigne \u00e0 propos du catalogue Faith Ringgold<\/title>\n<meta name=\"description\" content=\"Annie Dufour, qui pilote cette \u00e9dition, et Isabelle Loric, responsable de fabrication, ont \u00e9chang\u00e9 autour de la publication avec Tania de Montaigne\" \/>\n<meta name=\"robots\" content=\"index, follow, max-snippet:-1, max-image-preview:large, max-video-preview:-1\" \/>\n<link rel=\"canonical\" href=\"https:\/\/editions.grandpalaisrmn.fr\/blog\/catalogue-faith-ringgold-avec-tania-de-montaigne\/\" \/>\n<meta property=\"og:locale\" content=\"fr_FR\" \/>\n<meta property=\"og:type\" content=\"article\" \/>\n<meta property=\"og:title\" content=\"Echanges avec Tania de Montaigne \u00e0 propos du catalogue Faith Ringgold\" \/>\n<meta property=\"og:description\" content=\"Annie Dufour, qui pilote cette \u00e9dition, et Isabelle Loric, responsable de fabrication, ont \u00e9chang\u00e9 autour de la publication avec Tania de Montaigne\" \/>\n<meta property=\"og:url\" content=\"https:\/\/editions.grandpalaisrmn.fr\/blog\/catalogue-faith-ringgold-avec-tania-de-montaigne\/\" \/>\n<meta property=\"og:site_name\" content=\"Actualit\u00e9s de GrandPalaisRmn\u00c9ditions\" \/>\n<meta property=\"article:publisher\" content=\"https:\/\/www.facebook.com\/EditionsRmnGP\/\" \/>\n<meta property=\"article:published_time\" content=\"2023-02-14T17:16:56+00:00\" \/>\n<meta property=\"article:modified_time\" content=\"2024-04-16T07:47:26+00:00\" \/>\n<meta property=\"og:image\" content=\"https:\/\/editions.grandpalaisrmn.fr\/blog\/wp-content\/uploads\/2023\/02\/tania.jpg\" \/>\n<meta name=\"author\" content=\"admin\" \/>\n<meta name=\"twitter:card\" content=\"summary_large_image\" \/>\n<meta name=\"twitter:label1\" content=\"\u00c9crit par\" \/>\n\t<meta name=\"twitter:data1\" content=\"admin\" \/>\n\t<meta name=\"twitter:label2\" content=\"Dur\u00e9e de lecture estim\u00e9e\" \/>\n\t<meta name=\"twitter:data2\" content=\"7 minutes\" \/>\n<script type=\"application\/ld+json\" class=\"yoast-schema-graph\">{\"@context\":\"https:\/\/schema.org\",\"@graph\":[{\"@type\":\"Article\",\"@id\":\"https:\/\/editions.grandpalaisrmn.fr\/blog\/catalogue-faith-ringgold-avec-tania-de-montaigne\/#article\",\"isPartOf\":{\"@id\":\"https:\/\/editions.grandpalaisrmn.fr\/blog\/catalogue-faith-ringgold-avec-tania-de-montaigne\/\"},\"author\":{\"name\":\"admin\",\"@id\":\"https:\/\/editions.grandpalaisrmn.fr\/blog\/#\/schema\/person\/df4f655e9df6cfe1d48590c891fe6b82\"},\"headline\":\"Le catalogue de l\u2019exposition \u00ab&nbsp;Faith Ringgold&nbsp;\u00bb au mus\u00e9e Picasso-Paris \u00ab&nbsp;r\u00e9ussit \u00e0 la raconter en entier, dans sa pluralit\u00e9&nbsp;\u00bb, selon l\u2019\u00e9crivaine Tania de Montaigne\",\"datePublished\":\"2023-02-14T17:16:56+00:00\",\"dateModified\":\"2024-04-16T07:47:26+00:00\",\"mainEntityOfPage\":{\"@id\":\"https:\/\/editions.grandpalaisrmn.fr\/blog\/catalogue-faith-ringgold-avec-tania-de-montaigne\/\"},\"wordCount\":1399,\"commentCount\":0,\"publisher\":{\"@id\":\"https:\/\/editions.grandpalaisrmn.fr\/blog\/#organization\"},\"image\":{\"@id\":\"https:\/\/editions.grandpalaisrmn.fr\/blog\/catalogue-faith-ringgold-avec-tania-de-montaigne\/#primaryimage\"},\"thumbnailUrl\":\"https:\/\/editions.grandpalaisrmn.fr\/blog\/wp-content\/uploads\/2023\/02\/tania.jpg\",\"articleSection\":[\"\u00c9dition\",\"Fabrication\"],\"inLanguage\":\"fr-FR\",\"potentialAction\":[{\"@type\":\"CommentAction\",\"name\":\"Comment\",\"target\":[\"https:\/\/editions.grandpalaisrmn.fr\/blog\/catalogue-faith-ringgold-avec-tania-de-montaigne\/#respond\"]}]},{\"@type\":\"WebPage\",\"@id\":\"https:\/\/editions.grandpalaisrmn.fr\/blog\/catalogue-faith-ringgold-avec-tania-de-montaigne\/\",\"url\":\"https:\/\/editions.grandpalaisrmn.fr\/blog\/catalogue-faith-ringgold-avec-tania-de-montaigne\/\",\"name\":\"Echanges avec Tania de Montaigne \u00e0 propos du catalogue Faith Ringgold\",\"isPartOf\":{\"@id\":\"https:\/\/editions.grandpalaisrmn.fr\/blog\/#website\"},\"primaryImageOfPage\":{\"@id\":\"https:\/\/editions.grandpalaisrmn.fr\/blog\/catalogue-faith-ringgold-avec-tania-de-montaigne\/#primaryimage\"},\"image\":{\"@id\":\"https:\/\/editions.grandpalaisrmn.fr\/blog\/catalogue-faith-ringgold-avec-tania-de-montaigne\/#primaryimage\"},\"thumbnailUrl\":\"https:\/\/editions.grandpalaisrmn.fr\/blog\/wp-content\/uploads\/2023\/02\/tania.jpg\",\"datePublished\":\"2023-02-14T17:16:56+00:00\",\"dateModified\":\"2024-04-16T07:47:26+00:00\",\"description\":\"Annie Dufour, qui pilote cette \u00e9dition, et Isabelle Loric, responsable de fabrication, ont \u00e9chang\u00e9 autour de la publication avec Tania de Montaigne\",\"breadcrumb\":{\"@id\":\"https:\/\/editions.grandpalaisrmn.fr\/blog\/catalogue-faith-ringgold-avec-tania-de-montaigne\/#breadcrumb\"},\"inLanguage\":\"fr-FR\",\"potentialAction\":[{\"@type\":\"ReadAction\",\"target\":[\"https:\/\/editions.grandpalaisrmn.fr\/blog\/catalogue-faith-ringgold-avec-tania-de-montaigne\/\"]}]},{\"@type\":\"ImageObject\",\"inLanguage\":\"fr-FR\",\"@id\":\"https:\/\/editions.grandpalaisrmn.fr\/blog\/catalogue-faith-ringgold-avec-tania-de-montaigne\/#primaryimage\",\"url\":\"https:\/\/editions.grandpalaisrmn.fr\/blog\/wp-content\/uploads\/2023\/02\/tania.jpg\",\"contentUrl\":\"https:\/\/editions.grandpalaisrmn.fr\/blog\/wp-content\/uploads\/2023\/02\/tania.jpg\",\"width\":1024,\"height\":1024,\"caption\":\"Tania de Montaigne \u00a9 les \u00e9ditions de la Rmn-GP, 2022\"},{\"@type\":\"BreadcrumbList\",\"@id\":\"https:\/\/editions.grandpalaisrmn.fr\/blog\/catalogue-faith-ringgold-avec-tania-de-montaigne\/#breadcrumb\",\"itemListElement\":[{\"@type\":\"ListItem\",\"position\":1,\"name\":\"Accueil\",\"item\":\"https:\/\/editions.grandpalaisrmn.fr\/blog\/\"},{\"@type\":\"ListItem\",\"position\":2,\"name\":\"Le catalogue de l\u2019exposition \u00ab&nbsp;Faith Ringgold&nbsp;\u00bb au mus\u00e9e Picasso-Paris \u00ab&nbsp;r\u00e9ussit \u00e0 la raconter en entier, dans sa pluralit\u00e9&nbsp;\u00bb, selon l\u2019\u00e9crivaine Tania de Montaigne\"}]},{\"@type\":\"WebSite\",\"@id\":\"https:\/\/editions.grandpalaisrmn.fr\/blog\/#website\",\"url\":\"https:\/\/editions.grandpalaisrmn.fr\/blog\/\",\"name\":\"Actualit\u00e9s de GrandPalaisRmn\u00c9ditions\",\"description\":\"\",\"publisher\":{\"@id\":\"https:\/\/editions.grandpalaisrmn.fr\/blog\/#organization\"},\"potentialAction\":[{\"@type\":\"SearchAction\",\"target\":{\"@type\":\"EntryPoint\",\"urlTemplate\":\"https:\/\/editions.grandpalaisrmn.fr\/blog\/?s={search_term_string}\"},\"query-input\":\"required name=search_term_string\"}],\"inLanguage\":\"fr-FR\"},{\"@type\":\"Organization\",\"@id\":\"https:\/\/editions.grandpalaisrmn.fr\/blog\/#organization\",\"name\":\"Les \u00e9ditions de la Rmn-GP\",\"url\":\"https:\/\/editions.grandpalaisrmn.fr\/blog\/\",\"logo\":{\"@type\":\"ImageObject\",\"inLanguage\":\"fr-FR\",\"@id\":\"https:\/\/editions.grandpalaisrmn.fr\/blog\/#\/schema\/logo\/image\/\",\"url\":\"https:\/\/editions.grandpalaisrmn.fr\/blog\/wp-content\/uploads\/2022\/06\/RMN-GP_logoNoir.png\",\"contentUrl\":\"https:\/\/editions.grandpalaisrmn.fr\/blog\/wp-content\/uploads\/2022\/06\/RMN-GP_logoNoir.png\",\"width\":787,\"height\":788,\"caption\":\"Les \u00e9ditions de la Rmn-GP\"},\"image\":{\"@id\":\"https:\/\/editions.grandpalaisrmn.fr\/blog\/#\/schema\/logo\/image\/\"},\"sameAs\":[\"https:\/\/www.facebook.com\/EditionsRmnGP\/\",\"https:\/\/www.pinterest.fr\/editionsRmnGP\",\"https:\/\/www.instagram.com\/les_editions_de_la_rmngp\/\"]},{\"@type\":\"Person\",\"@id\":\"https:\/\/editions.grandpalaisrmn.fr\/blog\/#\/schema\/person\/df4f655e9df6cfe1d48590c891fe6b82\",\"name\":\"admin\",\"image\":{\"@type\":\"ImageObject\",\"inLanguage\":\"fr-FR\",\"@id\":\"https:\/\/editions.grandpalaisrmn.fr\/blog\/#\/schema\/person\/image\/\",\"url\":\"https:\/\/secure.gravatar.com\/avatar\/2beb26b736c247331cd5f9cb1f595938?s=96&d=mm&r=g\",\"contentUrl\":\"https:\/\/secure.gravatar.com\/avatar\/2beb26b736c247331cd5f9cb1f595938?s=96&d=mm&r=g\",\"caption\":\"admin\"},\"sameAs\":[\"https:\/\/ppeditions.labrmngp.fr\/blog\"],\"url\":\"https:\/\/editions.grandpalaisrmn.fr\/blog\/author\/blog-admin_editions\/\"}]}<\/script>\n<!-- \/ Yoast SEO plugin. -->","yoast_head_json":{"title":"Echanges avec Tania de Montaigne \u00e0 propos du catalogue Faith Ringgold","description":"Annie Dufour, qui pilote cette \u00e9dition, et Isabelle Loric, responsable de fabrication, ont \u00e9chang\u00e9 autour de la publication avec Tania de Montaigne","robots":{"index":"index","follow":"follow","max-snippet":"max-snippet:-1","max-image-preview":"max-image-preview:large","max-video-preview":"max-video-preview:-1"},"canonical":"https:\/\/editions.grandpalaisrmn.fr\/blog\/catalogue-faith-ringgold-avec-tania-de-montaigne\/","og_locale":"fr_FR","og_type":"article","og_title":"Echanges avec Tania de Montaigne \u00e0 propos du catalogue Faith Ringgold","og_description":"Annie Dufour, qui pilote cette \u00e9dition, et Isabelle Loric, responsable de fabrication, ont \u00e9chang\u00e9 autour de la publication avec Tania de Montaigne","og_url":"https:\/\/editions.grandpalaisrmn.fr\/blog\/catalogue-faith-ringgold-avec-tania-de-montaigne\/","og_site_name":"Actualit\u00e9s de GrandPalaisRmn\u00c9ditions","article_publisher":"https:\/\/www.facebook.com\/EditionsRmnGP\/","article_published_time":"2023-02-14T17:16:56+00:00","article_modified_time":"2024-04-16T07:47:26+00:00","og_image":[{"url":"https:\/\/editions.grandpalaisrmn.fr\/blog\/wp-content\/uploads\/2023\/02\/tania.jpg"}],"author":"admin","twitter_card":"summary_large_image","twitter_misc":{"\u00c9crit par":"admin","Dur\u00e9e de lecture estim\u00e9e":"7 minutes"},"schema":{"@context":"https:\/\/schema.org","@graph":[{"@type":"Article","@id":"https:\/\/editions.grandpalaisrmn.fr\/blog\/catalogue-faith-ringgold-avec-tania-de-montaigne\/#article","isPartOf":{"@id":"https:\/\/editions.grandpalaisrmn.fr\/blog\/catalogue-faith-ringgold-avec-tania-de-montaigne\/"},"author":{"name":"admin","@id":"https:\/\/editions.grandpalaisrmn.fr\/blog\/#\/schema\/person\/df4f655e9df6cfe1d48590c891fe6b82"},"headline":"Le catalogue de l\u2019exposition \u00ab&nbsp;Faith Ringgold&nbsp;\u00bb au mus\u00e9e Picasso-Paris \u00ab&nbsp;r\u00e9ussit \u00e0 la raconter en entier, dans sa pluralit\u00e9&nbsp;\u00bb, selon l\u2019\u00e9crivaine Tania de Montaigne","datePublished":"2023-02-14T17:16:56+00:00","dateModified":"2024-04-16T07:47:26+00:00","mainEntityOfPage":{"@id":"https:\/\/editions.grandpalaisrmn.fr\/blog\/catalogue-faith-ringgold-avec-tania-de-montaigne\/"},"wordCount":1399,"commentCount":0,"publisher":{"@id":"https:\/\/editions.grandpalaisrmn.fr\/blog\/#organization"},"image":{"@id":"https:\/\/editions.grandpalaisrmn.fr\/blog\/catalogue-faith-ringgold-avec-tania-de-montaigne\/#primaryimage"},"thumbnailUrl":"https:\/\/editions.grandpalaisrmn.fr\/blog\/wp-content\/uploads\/2023\/02\/tania.jpg","articleSection":["\u00c9dition","Fabrication"],"inLanguage":"fr-FR","potentialAction":[{"@type":"CommentAction","name":"Comment","target":["https:\/\/editions.grandpalaisrmn.fr\/blog\/catalogue-faith-ringgold-avec-tania-de-montaigne\/#respond"]}]},{"@type":"WebPage","@id":"https:\/\/editions.grandpalaisrmn.fr\/blog\/catalogue-faith-ringgold-avec-tania-de-montaigne\/","url":"https:\/\/editions.grandpalaisrmn.fr\/blog\/catalogue-faith-ringgold-avec-tania-de-montaigne\/","name":"Echanges avec Tania de Montaigne \u00e0 propos du catalogue Faith Ringgold","isPartOf":{"@id":"https:\/\/editions.grandpalaisrmn.fr\/blog\/#website"},"primaryImageOfPage":{"@id":"https:\/\/editions.grandpalaisrmn.fr\/blog\/catalogue-faith-ringgold-avec-tania-de-montaigne\/#primaryimage"},"image":{"@id":"https:\/\/editions.grandpalaisrmn.fr\/blog\/catalogue-faith-ringgold-avec-tania-de-montaigne\/#primaryimage"},"thumbnailUrl":"https:\/\/editions.grandpalaisrmn.fr\/blog\/wp-content\/uploads\/2023\/02\/tania.jpg","datePublished":"2023-02-14T17:16:56+00:00","dateModified":"2024-04-16T07:47:26+00:00","description":"Annie Dufour, qui pilote cette \u00e9dition, et Isabelle Loric, responsable de fabrication, ont \u00e9chang\u00e9 autour de la publication avec Tania de Montaigne","breadcrumb":{"@id":"https:\/\/editions.grandpalaisrmn.fr\/blog\/catalogue-faith-ringgold-avec-tania-de-montaigne\/#breadcrumb"},"inLanguage":"fr-FR","potentialAction":[{"@type":"ReadAction","target":["https:\/\/editions.grandpalaisrmn.fr\/blog\/catalogue-faith-ringgold-avec-tania-de-montaigne\/"]}]},{"@type":"ImageObject","inLanguage":"fr-FR","@id":"https:\/\/editions.grandpalaisrmn.fr\/blog\/catalogue-faith-ringgold-avec-tania-de-montaigne\/#primaryimage","url":"https:\/\/editions.grandpalaisrmn.fr\/blog\/wp-content\/uploads\/2023\/02\/tania.jpg","contentUrl":"https:\/\/editions.grandpalaisrmn.fr\/blog\/wp-content\/uploads\/2023\/02\/tania.jpg","width":1024,"height":1024,"caption":"Tania de Montaigne \u00a9 les \u00e9ditions de la Rmn-GP, 2022"},{"@type":"BreadcrumbList","@id":"https:\/\/editions.grandpalaisrmn.fr\/blog\/catalogue-faith-ringgold-avec-tania-de-montaigne\/#breadcrumb","itemListElement":[{"@type":"ListItem","position":1,"name":"Accueil","item":"https:\/\/editions.grandpalaisrmn.fr\/blog\/"},{"@type":"ListItem","position":2,"name":"Le catalogue de l\u2019exposition \u00ab&nbsp;Faith Ringgold&nbsp;\u00bb au mus\u00e9e Picasso-Paris \u00ab&nbsp;r\u00e9ussit \u00e0 la raconter en entier, dans sa pluralit\u00e9&nbsp;\u00bb, selon l\u2019\u00e9crivaine Tania de Montaigne"}]},{"@type":"WebSite","@id":"https:\/\/editions.grandpalaisrmn.fr\/blog\/#website","url":"https:\/\/editions.grandpalaisrmn.fr\/blog\/","name":"Actualit\u00e9s de GrandPalaisRmn\u00c9ditions","description":"","publisher":{"@id":"https:\/\/editions.grandpalaisrmn.fr\/blog\/#organization"},"potentialAction":[{"@type":"SearchAction","target":{"@type":"EntryPoint","urlTemplate":"https:\/\/editions.grandpalaisrmn.fr\/blog\/?s={search_term_string}"},"query-input":"required name=search_term_string"}],"inLanguage":"fr-FR"},{"@type":"Organization","@id":"https:\/\/editions.grandpalaisrmn.fr\/blog\/#organization","name":"Les \u00e9ditions de la Rmn-GP","url":"https:\/\/editions.grandpalaisrmn.fr\/blog\/","logo":{"@type":"ImageObject","inLanguage":"fr-FR","@id":"https:\/\/editions.grandpalaisrmn.fr\/blog\/#\/schema\/logo\/image\/","url":"https:\/\/editions.grandpalaisrmn.fr\/blog\/wp-content\/uploads\/2022\/06\/RMN-GP_logoNoir.png","contentUrl":"https:\/\/editions.grandpalaisrmn.fr\/blog\/wp-content\/uploads\/2022\/06\/RMN-GP_logoNoir.png","width":787,"height":788,"caption":"Les \u00e9ditions de la Rmn-GP"},"image":{"@id":"https:\/\/editions.grandpalaisrmn.fr\/blog\/#\/schema\/logo\/image\/"},"sameAs":["https:\/\/www.facebook.com\/EditionsRmnGP\/","https:\/\/www.pinterest.fr\/editionsRmnGP","https:\/\/www.instagram.com\/les_editions_de_la_rmngp\/"]},{"@type":"Person","@id":"https:\/\/editions.grandpalaisrmn.fr\/blog\/#\/schema\/person\/df4f655e9df6cfe1d48590c891fe6b82","name":"admin","image":{"@type":"ImageObject","inLanguage":"fr-FR","@id":"https:\/\/editions.grandpalaisrmn.fr\/blog\/#\/schema\/person\/image\/","url":"https:\/\/secure.gravatar.com\/avatar\/2beb26b736c247331cd5f9cb1f595938?s=96&d=mm&r=g","contentUrl":"https:\/\/secure.gravatar.com\/avatar\/2beb26b736c247331cd5f9cb1f595938?s=96&d=mm&r=g","caption":"admin"},"sameAs":["https:\/\/ppeditions.labrmngp.fr\/blog"],"url":"https:\/\/editions.grandpalaisrmn.fr\/blog\/author\/blog-admin_editions\/"}]}},"_links":{"self":[{"href":"https:\/\/editions.grandpalaisrmn.fr\/blog\/wp-json\/wp\/v2\/posts\/693"}],"collection":[{"href":"https:\/\/editions.grandpalaisrmn.fr\/blog\/wp-json\/wp\/v2\/posts"}],"about":[{"href":"https:\/\/editions.grandpalaisrmn.fr\/blog\/wp-json\/wp\/v2\/types\/post"}],"author":[{"embeddable":true,"href":"https:\/\/editions.grandpalaisrmn.fr\/blog\/wp-json\/wp\/v2\/users\/1"}],"replies":[{"embeddable":true,"href":"https:\/\/editions.grandpalaisrmn.fr\/blog\/wp-json\/wp\/v2\/comments?post=693"}],"version-history":[{"count":27,"href":"https:\/\/editions.grandpalaisrmn.fr\/blog\/wp-json\/wp\/v2\/posts\/693\/revisions"}],"predecessor-version":[{"id":1557,"href":"https:\/\/editions.grandpalaisrmn.fr\/blog\/wp-json\/wp\/v2\/posts\/693\/revisions\/1557"}],"wp:attachment":[{"href":"https:\/\/editions.grandpalaisrmn.fr\/blog\/wp-json\/wp\/v2\/media?parent=693"}],"wp:term":[{"taxonomy":"category","embeddable":true,"href":"https:\/\/editions.grandpalaisrmn.fr\/blog\/wp-json\/wp\/v2\/categories?post=693"},{"taxonomy":"post_tag","embeddable":true,"href":"https:\/\/editions.grandpalaisrmn.fr\/blog\/wp-json\/wp\/v2\/tags?post=693"}],"curies":[{"name":"wp","href":"https:\/\/api.w.org\/{rel}","templated":true}]}}