{"id":784,"date":"2023-03-22T13:07:44","date_gmt":"2023-03-22T13:07:44","guid":{"rendered":"https:\/\/editions.grandpalaisrmn.fr\/blog\/?p=784"},"modified":"2024-04-16T07:44:03","modified_gmt":"2024-04-16T07:44:03","slug":"la-villa-du-temps-francoise-fabian","status":"publish","type":"post","link":"https:\/\/editions.grandpalaisrmn.fr\/blog\/la-villa-du-temps-francoise-fabian\/","title":{"rendered":"<em>La Villa du Temps retrouv\u00e9<\/em> invite Fran\u00e7oise Fabian dans l\u2019univers proustien"},"content":{"rendered":"<p><strong>Passionn\u00e9e de lecture et grande admiratrice de Marcel Proust, Fran\u00e7oise Fabian interpr\u00e8te la pi\u00e8ce <em>Marcel<\/em> au th\u00e9\u00e2tre 13<sup>e<\/sup> art. Les \u00e9ditions ont rencontr\u00e9 l\u2019ic\u00f4ne du cin\u00e9ma pour \u00e9changer avec elle au sujet du c\u00e9l\u00e8bre auteur et de la publication <em>La Villa du Temps retrouv\u00e9<\/em>. <\/strong><\/p>\n<figure id=\"attachment_813\" aria-describedby=\"caption-attachment-813\" style=\"width: 1024px\" class=\"wp-caption aligncenter\"><img loading=\"lazy\" decoding=\"async\" class=\"size-full wp-image-813\" src=\"https:\/\/editions.grandpalaisrmn.fr\/blog\/wp-content\/uploads\/2023\/03\/proust1.jpg\" alt=\"Fran\u00e7oise Fabian et la publication La Villa du Temps retrouv\u00e9 (\u00e9ditions de la Rmn-GP)\" width=\"1024\" height=\"1024\" srcset=\"https:\/\/editions.grandpalaisrmn.fr\/blog\/wp-content\/uploads\/2023\/03\/proust1.jpg 1024w, https:\/\/editions.grandpalaisrmn.fr\/blog\/wp-content\/uploads\/2023\/03\/proust1-300x300.jpg 300w, https:\/\/editions.grandpalaisrmn.fr\/blog\/wp-content\/uploads\/2023\/03\/proust1-150x150.jpg 150w, https:\/\/editions.grandpalaisrmn.fr\/blog\/wp-content\/uploads\/2023\/03\/proust1-768x768.jpg 768w\" sizes=\"(max-width: 1024px) 100vw, 1024px\" \/><figcaption id=\"caption-attachment-813\" class=\"wp-caption-text\">Fran\u00e7oise Fabian et la publication La Villa du Temps retrouv\u00e9 (GrandPalaisRmn\u00c9ditions)<\/figcaption><\/figure>\n<p>Le centenaire de la mort de Marcel Proust en 2022 a \u00e9t\u00e9 marqu\u00e9 par de nombreuses expositions, des pi\u00e8ces de th\u00e9\u00e2tre ou encore de nouvelles publications. Profond\u00e9ment attach\u00e9 \u00e0 la ville de Cabourg, o\u00f9 il s\u00e9journa de nombreux \u00e9t\u00e9s, l\u2019auteur y puisa son inspiration. La station baln\u00e9aire lui a rendu hommage en 2021 en inaugurant la Villa du Temps retrouv\u00e9, un mus\u00e9e qui offre une immersion dans l\u2019univers proustien, et en confiant la r\u00e9alisation de son guide \u00e0 GrandPalaisRmn\u00c9ditions.<\/p>\n<figure id=\"attachment_812\" aria-describedby=\"caption-attachment-812\" style=\"width: 900px\" class=\"wp-caption aligncenter\"><img loading=\"lazy\" decoding=\"async\" class=\"size-full wp-image-812\" src=\"https:\/\/editions.grandpalaisrmn.fr\/blog\/wp-content\/uploads\/2023\/03\/proust.jpg\" alt=\"Le portrait de Marcel Proust chez Fran\u00e7oise Fabian\" width=\"900\" height=\"643\" srcset=\"https:\/\/editions.grandpalaisrmn.fr\/blog\/wp-content\/uploads\/2023\/03\/proust.jpg 900w, https:\/\/editions.grandpalaisrmn.fr\/blog\/wp-content\/uploads\/2023\/03\/proust-300x214.jpg 300w, https:\/\/editions.grandpalaisrmn.fr\/blog\/wp-content\/uploads\/2023\/03\/proust-768x549.jpg 768w\" sizes=\"(max-width: 900px) 100vw, 900px\" \/><figcaption id=\"caption-attachment-812\" class=\"wp-caption-text\">Le portrait de Marcel Proust chez Fran\u00e7oise Fabian \u00a9 GrandPalaisRmn\u00c9ditions, 2023<\/figcaption><\/figure>\n<p><strong>\u00ab\u00a0Il est de la famille de mon \u00e2me \u00bb <\/strong><br \/>\nFran\u00e7oise Fabian a lu huit fois <em>\u00c0 la recherche du temps perdu<\/em>. Elle nous confie\u00a0: \u00ab\u00a0Je connais les personnages comme si je les avais rencontr\u00e9s. Ils existent. Je sais exactement comment ils sont habill\u00e9s et je connais la fa\u00e7on dont ils parlent.\u00a0\u00bb Marcel Proust lui est si intime qu\u2019elle a plac\u00e9 dans son salon la photographie de l\u2019auteur, tout pr\u00e8s des portraits de famille. \u00ab\u00a0Il est de la famille de mon \u00e2me et de mon c\u0153ur.\u00a0\u00bb Elle aime infiniment son \u0153uvre et \u00ab\u00a0le gar\u00e7on qu\u2019il devait \u00eatre, avec sa grande sensibilit\u00e9, son imagination et son culot, qui faisait sa force\u00a0\u00bb.<\/p>\n<p><em>\u00ab\u00a0<\/em>Dans ma biblioth\u00e8que, explique-t-elle, j\u2019ai quasiment tous les livres se rapportant \u00e0 Marcel Proust. Je n\u2019avais pas encore<em> La Villa du Temps retrouv\u00e9,<\/em> et je suis ravie de le recevoir. C\u2019est un tr\u00e8s beau livre et un tr\u00e8s bel objet, qui \u00e9voque parfaitement l\u2019\u00e9poque de Proust, les villas de Cabourg \u00e0 l\u2019\u00e2ge d\u2019or de la C\u00f4te fleurie, qui \u00e9tait sa destination favorite. L\u2019atmosph\u00e8re donn\u00e9e par les photographies et par les couleurs me plonge dans un pass\u00e9 litt\u00e9raire. Les images \u00e9voquent les tissus et les papiers peints de l\u2019\u00e9poque.<\/p>\n<p>Je me suis rendue justement \u00e0 Cabourg en\u00a02022 pour recevoir un Swann d\u2019honneur au Festival du film romantique. J\u2019aurais pu alors visiter la Villa du Temps retrouv\u00e9, mais je n\u2019ai pas encore pu me r\u00e9soudre \u00e0 le faire. Je suis bien trop \u00e9motive pour me plonger d\u00e9lib\u00e9r\u00e9ment dans cette atmosph\u00e8re proustienne.\u00a0\u00bb<\/p>\n<figure id=\"attachment_811\" aria-describedby=\"caption-attachment-811\" style=\"width: 1164px\" class=\"wp-caption aligncenter\"><img loading=\"lazy\" decoding=\"async\" class=\"size-full wp-image-811\" src=\"https:\/\/editions.grandpalaisrmn.fr\/blog\/wp-content\/uploads\/2023\/03\/proust2.jpg\" alt=\"La Villa du Temps retrouv\u00e9\" width=\"1164\" height=\"900\" srcset=\"https:\/\/editions.grandpalaisrmn.fr\/blog\/wp-content\/uploads\/2023\/03\/proust2.jpg 1164w, https:\/\/editions.grandpalaisrmn.fr\/blog\/wp-content\/uploads\/2023\/03\/proust2-300x232.jpg 300w, https:\/\/editions.grandpalaisrmn.fr\/blog\/wp-content\/uploads\/2023\/03\/proust2-1024x792.jpg 1024w, https:\/\/editions.grandpalaisrmn.fr\/blog\/wp-content\/uploads\/2023\/03\/proust2-768x594.jpg 768w\" sizes=\"(max-width: 1164px) 100vw, 1164px\" \/><figcaption id=\"caption-attachment-811\" class=\"wp-caption-text\">La Villa du Temps retrouv\u00e9 \u00a9 GrandPalaisRmn\u00c9ditions<\/figcaption><\/figure>\n<p>Fran\u00e7oise Fabian s\u2019empare avec attention de la publication et s\u2019arr\u00eate, d\u00e8s la premi\u00e8re page, sur le portrait de Marcel Proust r\u00e9alis\u00e9 par Jacques-\u00c9mile Blanche\u00a0: \u00ab\u00a0Oxmo Puccino et moi portions, pour la pi\u00e8ce Marcel, un costume de soir\u00e9e avec une fleur \u00e0 la boutonni\u00e8re, qui est la r\u00e9plique du costume port\u00e9 par Proust sur ce portrait. Le peintre Jacques-\u00c9mile Blanche \u00e9tait son ami. J\u2019aime le fond sombre et intime de la peinture, qui met en relief la p\u00e2leur du visage. C\u2019est un portrait que l\u2019\u00e9crivain aurait, dit-on, conserv\u00e9 jusqu\u2019\u00e0 sa mort.\u00a0\u00bb<\/p>\n<figure id=\"attachment_810\" aria-describedby=\"caption-attachment-810\" style=\"width: 900px\" class=\"wp-caption aligncenter\"><img loading=\"lazy\" decoding=\"async\" class=\"size-full wp-image-810\" src=\"https:\/\/editions.grandpalaisrmn.fr\/blog\/wp-content\/uploads\/2023\/03\/proust3.jpg\" alt=\"La Villa du Temps retrouv\u00e9\" width=\"900\" height=\"551\" srcset=\"https:\/\/editions.grandpalaisrmn.fr\/blog\/wp-content\/uploads\/2023\/03\/proust3.jpg 900w, https:\/\/editions.grandpalaisrmn.fr\/blog\/wp-content\/uploads\/2023\/03\/proust3-300x184.jpg 300w, https:\/\/editions.grandpalaisrmn.fr\/blog\/wp-content\/uploads\/2023\/03\/proust3-768x470.jpg 768w\" sizes=\"(max-width: 900px) 100vw, 900px\" \/><figcaption id=\"caption-attachment-810\" class=\"wp-caption-text\">La Villa du Temps retrouv\u00e9 \u00a9 GrandPalaisRmn\u00c9ditions<\/figcaption><\/figure>\n<p><strong>\u00ab Il en est des plaisirs comme des photographies.\u00a0\u00bb (extrait de <em>\u00c0 l\u2019ombre des jeunes filles en fleurs<\/em>)<\/strong><br \/>\nOutre des photographies et des reproductions d\u2019\u0153uvres, l\u2019ouvrage propose de nombreuses citations de Marcel Proust. Fran\u00e7oise Fabian s\u2019attarde sur un extrait du roman <em>\u00c0 l\u2019ombre des jeunes filles en fleur<\/em>s. Elle le lit pour nous \u00e0 haute voix\u00a0: <em>\u00ab\u00a0<\/em><em>Il en est des plaisirs comme des photographies\u2026\u00a0\u00bb <\/em>et commente\u00a0: \u00ab\u00a0Proust qui \u00e9voque la m\u00e9moire involontaire, c\u2019est toute l\u2019histoire de ma vie. Mon p\u00e8re portait le pr\u00e9nom de Marcel, mon mari aussi\u2026 Tout comme cet auteur dont je me sens proche et avec lequel je partage la notion de l\u2019enfance comme un paradis perdu. J\u2019ai grandi \u00e0 Tipaza en Alg\u00e9rie. J\u2019y \u00e9tais si heureuse, mais je n\u2019ai jamais souhait\u00e9 y retourner, par peur d\u2019une trop grande \u00e9motion.<strong> \u201cLes vrais paradis sont les paradis qu\u2019on a perdus\u201d, n\u2019est-ce pas\u00a0?\u00a0\u00bb<\/strong><\/p>\n<p>De m\u00eame que le travail d\u2019\u00e9criture mettait Marcel Proust en contact avec sa plus profonde r\u00e9alit\u00e9 psychique, le guide <em>La Villa du Temps retrouv\u00e9<\/em> a transport\u00e9 notre invit\u00e9e, le temps d\u2019une lecture, dans le Cabourg de la Belle \u00c9poque, tout pr\u00e8s de son auteur pr\u00e9f\u00e9r\u00e9. Une exp\u00e9rience du temps que semble pratiquer souvent Fran\u00e7oise Fabian. Le titre qu\u2019elle a choisi pour ses m\u00e9moires, <em>Le Temps et rien d\u2019autre<\/em>, n\u2019est sans doute pas fortuit.<\/p>\n<div class=\"CallToAction\">\n<p><a href=\"https:\/\/editions.grandpalaisrmn.fr\/fr\/editions\/EK397881\">D\u00e9couvrez le guide<\/a><\/p>\n<p><a href=\"https:\/\/editions.grandpalaisrmn.fr\/fr\/editions\/par-categorie\/guides\">Consultez nos guides et albums de mus\u00e9es<\/a><\/p>\n<p><a href=\"https:\/\/villadutempsretrouve.com\/\">Visitez le site de La Villa du Temps retrouv\u00e9<\/a><\/p>\n<\/div>\n","protected":false},"excerpt":{"rendered":"<p>Passionn\u00e9e de lecture et grande admiratrice de Marcel Proust, Fran\u00e7oise Fabian interpr\u00e8te la pi\u00e8ce Marcel au th\u00e9\u00e2tre 13e art. Les \u00e9ditions ont rencontr\u00e9 l\u2019ic\u00f4ne du cin\u00e9ma pour \u00e9changer avec elle au sujet du c\u00e9l\u00e8bre auteur et de la publication La Villa du Temps retrouv\u00e9. Le centenaire de la mort de Marcel Proust en 2022 a&#8230;<\/p>\n","protected":false},"author":1,"featured_media":0,"comment_status":"open","ping_status":"closed","sticky":false,"template":"","format":"standard","meta":{"footnotes":""},"categories":[3],"tags":[],"class_list":["post-784","post","type-post","status-publish","format-standard","hentry","category-edition"],"yoast_head":"<!-- This site is optimized with the Yoast SEO plugin v22.7 - https:\/\/yoast.com\/wordpress\/plugins\/seo\/ -->\n<title>Fran\u00e7oise Fabian et Proust autour de La Villa du Temps retrouv\u00e9<\/title>\n<meta name=\"description\" content=\"Les \u00e9ditions ont rencontr\u00e9 l\u2019ic\u00f4ne du cin\u00e9ma pour \u00e9changer avec elle au sujet de Marcel Proust et de la publication La Villa du Temps retrouv\u00e9.\" \/>\n<meta name=\"robots\" content=\"index, follow, max-snippet:-1, max-image-preview:large, max-video-preview:-1\" \/>\n<link rel=\"canonical\" href=\"https:\/\/editions.grandpalaisrmn.fr\/blog\/la-villa-du-temps-francoise-fabian\/\" \/>\n<meta property=\"og:locale\" content=\"fr_FR\" \/>\n<meta property=\"og:type\" content=\"article\" \/>\n<meta property=\"og:title\" content=\"La Villa du Temps retrouv\u00e9 invite Fran\u00e7oise Fabian dans l\u2019univers proustien\" \/>\n<meta property=\"og:description\" content=\"Les \u00e9ditions ont rencontr\u00e9 l\u2019ic\u00f4ne du cin\u00e9ma pour \u00e9changer avec elle au sujet de Marcel Proust et de la publication La Villa du Temps retrouv\u00e9.\" \/>\n<meta property=\"og:url\" content=\"https:\/\/editions.grandpalaisrmn.fr\/blog\/la-villa-du-temps-francoise-fabian\/\" \/>\n<meta property=\"og:site_name\" content=\"Actualit\u00e9s de GrandPalaisRmn\u00c9ditions\" \/>\n<meta property=\"article:publisher\" content=\"https:\/\/www.facebook.com\/EditionsRmnGP\/\" \/>\n<meta property=\"article:published_time\" content=\"2023-03-22T13:07:44+00:00\" \/>\n<meta property=\"article:modified_time\" content=\"2024-04-16T07:44:03+00:00\" \/>\n<meta property=\"og:image\" content=\"https:\/\/editions.grandpalaisrmn.fr\/blog\/wp-content\/uploads\/2023\/03\/proust1.jpg\" \/>\n<meta name=\"author\" content=\"admin\" \/>\n<meta name=\"twitter:card\" content=\"summary_large_image\" \/>\n<meta name=\"twitter:label1\" content=\"\u00c9crit par\" \/>\n\t<meta name=\"twitter:data1\" content=\"admin\" \/>\n\t<meta name=\"twitter:label2\" content=\"Dur\u00e9e de lecture estim\u00e9e\" \/>\n\t<meta name=\"twitter:data2\" content=\"5 minutes\" \/>\n<script type=\"application\/ld+json\" class=\"yoast-schema-graph\">{\"@context\":\"https:\/\/schema.org\",\"@graph\":[{\"@type\":\"Article\",\"@id\":\"https:\/\/editions.grandpalaisrmn.fr\/blog\/la-villa-du-temps-francoise-fabian\/#article\",\"isPartOf\":{\"@id\":\"https:\/\/editions.grandpalaisrmn.fr\/blog\/la-villa-du-temps-francoise-fabian\/\"},\"author\":{\"name\":\"admin\",\"@id\":\"https:\/\/editions.grandpalaisrmn.fr\/blog\/#\/schema\/person\/df4f655e9df6cfe1d48590c891fe6b82\"},\"headline\":\"La Villa du Temps retrouv\u00e9 invite Fran\u00e7oise Fabian dans l\u2019univers proustien\",\"datePublished\":\"2023-03-22T13:07:44+00:00\",\"dateModified\":\"2024-04-16T07:44:03+00:00\",\"mainEntityOfPage\":{\"@id\":\"https:\/\/editions.grandpalaisrmn.fr\/blog\/la-villa-du-temps-francoise-fabian\/\"},\"wordCount\":866,\"commentCount\":0,\"publisher\":{\"@id\":\"https:\/\/editions.grandpalaisrmn.fr\/blog\/#organization\"},\"image\":{\"@id\":\"https:\/\/editions.grandpalaisrmn.fr\/blog\/la-villa-du-temps-francoise-fabian\/#primaryimage\"},\"thumbnailUrl\":\"https:\/\/editions.grandpalaisrmn.fr\/blog\/wp-content\/uploads\/2023\/03\/proust1.jpg\",\"articleSection\":[\"\u00c9dition\"],\"inLanguage\":\"fr-FR\",\"potentialAction\":[{\"@type\":\"CommentAction\",\"name\":\"Comment\",\"target\":[\"https:\/\/editions.grandpalaisrmn.fr\/blog\/la-villa-du-temps-francoise-fabian\/#respond\"]}]},{\"@type\":\"WebPage\",\"@id\":\"https:\/\/editions.grandpalaisrmn.fr\/blog\/la-villa-du-temps-francoise-fabian\/\",\"url\":\"https:\/\/editions.grandpalaisrmn.fr\/blog\/la-villa-du-temps-francoise-fabian\/\",\"name\":\"Fran\u00e7oise Fabian et Proust autour de La Villa du Temps retrouv\u00e9\",\"isPartOf\":{\"@id\":\"https:\/\/editions.grandpalaisrmn.fr\/blog\/#website\"},\"primaryImageOfPage\":{\"@id\":\"https:\/\/editions.grandpalaisrmn.fr\/blog\/la-villa-du-temps-francoise-fabian\/#primaryimage\"},\"image\":{\"@id\":\"https:\/\/editions.grandpalaisrmn.fr\/blog\/la-villa-du-temps-francoise-fabian\/#primaryimage\"},\"thumbnailUrl\":\"https:\/\/editions.grandpalaisrmn.fr\/blog\/wp-content\/uploads\/2023\/03\/proust1.jpg\",\"datePublished\":\"2023-03-22T13:07:44+00:00\",\"dateModified\":\"2024-04-16T07:44:03+00:00\",\"description\":\"Les \u00e9ditions ont rencontr\u00e9 l\u2019ic\u00f4ne du cin\u00e9ma pour \u00e9changer avec elle au sujet de Marcel Proust et de la publication La Villa du Temps retrouv\u00e9.\",\"breadcrumb\":{\"@id\":\"https:\/\/editions.grandpalaisrmn.fr\/blog\/la-villa-du-temps-francoise-fabian\/#breadcrumb\"},\"inLanguage\":\"fr-FR\",\"potentialAction\":[{\"@type\":\"ReadAction\",\"target\":[\"https:\/\/editions.grandpalaisrmn.fr\/blog\/la-villa-du-temps-francoise-fabian\/\"]}]},{\"@type\":\"ImageObject\",\"inLanguage\":\"fr-FR\",\"@id\":\"https:\/\/editions.grandpalaisrmn.fr\/blog\/la-villa-du-temps-francoise-fabian\/#primaryimage\",\"url\":\"https:\/\/editions.grandpalaisrmn.fr\/blog\/wp-content\/uploads\/2023\/03\/proust1.jpg\",\"contentUrl\":\"https:\/\/editions.grandpalaisrmn.fr\/blog\/wp-content\/uploads\/2023\/03\/proust1.jpg\",\"width\":1024,\"height\":1024,\"caption\":\"Fran\u00e7oise Fabian et la publication La Villa du Temps retrouv\u00e9 (\u00e9ditions de la Rmn-GP)\"},{\"@type\":\"BreadcrumbList\",\"@id\":\"https:\/\/editions.grandpalaisrmn.fr\/blog\/la-villa-du-temps-francoise-fabian\/#breadcrumb\",\"itemListElement\":[{\"@type\":\"ListItem\",\"position\":1,\"name\":\"Accueil\",\"item\":\"https:\/\/editions.grandpalaisrmn.fr\/blog\/\"},{\"@type\":\"ListItem\",\"position\":2,\"name\":\"La Villa du Temps retrouv\u00e9 invite Fran\u00e7oise Fabian dans l\u2019univers proustien\"}]},{\"@type\":\"WebSite\",\"@id\":\"https:\/\/editions.grandpalaisrmn.fr\/blog\/#website\",\"url\":\"https:\/\/editions.grandpalaisrmn.fr\/blog\/\",\"name\":\"Actualit\u00e9s de GrandPalaisRmn\u00c9ditions\",\"description\":\"\",\"publisher\":{\"@id\":\"https:\/\/editions.grandpalaisrmn.fr\/blog\/#organization\"},\"potentialAction\":[{\"@type\":\"SearchAction\",\"target\":{\"@type\":\"EntryPoint\",\"urlTemplate\":\"https:\/\/editions.grandpalaisrmn.fr\/blog\/?s={search_term_string}\"},\"query-input\":\"required name=search_term_string\"}],\"inLanguage\":\"fr-FR\"},{\"@type\":\"Organization\",\"@id\":\"https:\/\/editions.grandpalaisrmn.fr\/blog\/#organization\",\"name\":\"Les \u00e9ditions de la Rmn-GP\",\"url\":\"https:\/\/editions.grandpalaisrmn.fr\/blog\/\",\"logo\":{\"@type\":\"ImageObject\",\"inLanguage\":\"fr-FR\",\"@id\":\"https:\/\/editions.grandpalaisrmn.fr\/blog\/#\/schema\/logo\/image\/\",\"url\":\"https:\/\/editions.grandpalaisrmn.fr\/blog\/wp-content\/uploads\/2022\/06\/RMN-GP_logoNoir.png\",\"contentUrl\":\"https:\/\/editions.grandpalaisrmn.fr\/blog\/wp-content\/uploads\/2022\/06\/RMN-GP_logoNoir.png\",\"width\":787,\"height\":788,\"caption\":\"Les \u00e9ditions de la Rmn-GP\"},\"image\":{\"@id\":\"https:\/\/editions.grandpalaisrmn.fr\/blog\/#\/schema\/logo\/image\/\"},\"sameAs\":[\"https:\/\/www.facebook.com\/EditionsRmnGP\/\",\"https:\/\/www.pinterest.fr\/editionsRmnGP\",\"https:\/\/www.instagram.com\/les_editions_de_la_rmngp\/\"]},{\"@type\":\"Person\",\"@id\":\"https:\/\/editions.grandpalaisrmn.fr\/blog\/#\/schema\/person\/df4f655e9df6cfe1d48590c891fe6b82\",\"name\":\"admin\",\"image\":{\"@type\":\"ImageObject\",\"inLanguage\":\"fr-FR\",\"@id\":\"https:\/\/editions.grandpalaisrmn.fr\/blog\/#\/schema\/person\/image\/\",\"url\":\"https:\/\/secure.gravatar.com\/avatar\/2beb26b736c247331cd5f9cb1f595938?s=96&d=mm&r=g\",\"contentUrl\":\"https:\/\/secure.gravatar.com\/avatar\/2beb26b736c247331cd5f9cb1f595938?s=96&d=mm&r=g\",\"caption\":\"admin\"},\"sameAs\":[\"https:\/\/ppeditions.labrmngp.fr\/blog\"],\"url\":\"https:\/\/editions.grandpalaisrmn.fr\/blog\/author\/blog-admin_editions\/\"}]}<\/script>\n<!-- \/ Yoast SEO plugin. -->","yoast_head_json":{"title":"Fran\u00e7oise Fabian et Proust autour de La Villa du Temps retrouv\u00e9","description":"Les \u00e9ditions ont rencontr\u00e9 l\u2019ic\u00f4ne du cin\u00e9ma pour \u00e9changer avec elle au sujet de Marcel Proust et de la publication La Villa du Temps retrouv\u00e9.","robots":{"index":"index","follow":"follow","max-snippet":"max-snippet:-1","max-image-preview":"max-image-preview:large","max-video-preview":"max-video-preview:-1"},"canonical":"https:\/\/editions.grandpalaisrmn.fr\/blog\/la-villa-du-temps-francoise-fabian\/","og_locale":"fr_FR","og_type":"article","og_title":"La Villa du Temps retrouv\u00e9 invite Fran\u00e7oise Fabian dans l\u2019univers proustien","og_description":"Les \u00e9ditions ont rencontr\u00e9 l\u2019ic\u00f4ne du cin\u00e9ma pour \u00e9changer avec elle au sujet de Marcel Proust et de la publication La Villa du Temps retrouv\u00e9.","og_url":"https:\/\/editions.grandpalaisrmn.fr\/blog\/la-villa-du-temps-francoise-fabian\/","og_site_name":"Actualit\u00e9s de GrandPalaisRmn\u00c9ditions","article_publisher":"https:\/\/www.facebook.com\/EditionsRmnGP\/","article_published_time":"2023-03-22T13:07:44+00:00","article_modified_time":"2024-04-16T07:44:03+00:00","og_image":[{"url":"https:\/\/editions.grandpalaisrmn.fr\/blog\/wp-content\/uploads\/2023\/03\/proust1.jpg"}],"author":"admin","twitter_card":"summary_large_image","twitter_misc":{"\u00c9crit par":"admin","Dur\u00e9e de lecture estim\u00e9e":"5 minutes"},"schema":{"@context":"https:\/\/schema.org","@graph":[{"@type":"Article","@id":"https:\/\/editions.grandpalaisrmn.fr\/blog\/la-villa-du-temps-francoise-fabian\/#article","isPartOf":{"@id":"https:\/\/editions.grandpalaisrmn.fr\/blog\/la-villa-du-temps-francoise-fabian\/"},"author":{"name":"admin","@id":"https:\/\/editions.grandpalaisrmn.fr\/blog\/#\/schema\/person\/df4f655e9df6cfe1d48590c891fe6b82"},"headline":"La Villa du Temps retrouv\u00e9 invite Fran\u00e7oise Fabian dans l\u2019univers proustien","datePublished":"2023-03-22T13:07:44+00:00","dateModified":"2024-04-16T07:44:03+00:00","mainEntityOfPage":{"@id":"https:\/\/editions.grandpalaisrmn.fr\/blog\/la-villa-du-temps-francoise-fabian\/"},"wordCount":866,"commentCount":0,"publisher":{"@id":"https:\/\/editions.grandpalaisrmn.fr\/blog\/#organization"},"image":{"@id":"https:\/\/editions.grandpalaisrmn.fr\/blog\/la-villa-du-temps-francoise-fabian\/#primaryimage"},"thumbnailUrl":"https:\/\/editions.grandpalaisrmn.fr\/blog\/wp-content\/uploads\/2023\/03\/proust1.jpg","articleSection":["\u00c9dition"],"inLanguage":"fr-FR","potentialAction":[{"@type":"CommentAction","name":"Comment","target":["https:\/\/editions.grandpalaisrmn.fr\/blog\/la-villa-du-temps-francoise-fabian\/#respond"]}]},{"@type":"WebPage","@id":"https:\/\/editions.grandpalaisrmn.fr\/blog\/la-villa-du-temps-francoise-fabian\/","url":"https:\/\/editions.grandpalaisrmn.fr\/blog\/la-villa-du-temps-francoise-fabian\/","name":"Fran\u00e7oise Fabian et Proust autour de La Villa du Temps retrouv\u00e9","isPartOf":{"@id":"https:\/\/editions.grandpalaisrmn.fr\/blog\/#website"},"primaryImageOfPage":{"@id":"https:\/\/editions.grandpalaisrmn.fr\/blog\/la-villa-du-temps-francoise-fabian\/#primaryimage"},"image":{"@id":"https:\/\/editions.grandpalaisrmn.fr\/blog\/la-villa-du-temps-francoise-fabian\/#primaryimage"},"thumbnailUrl":"https:\/\/editions.grandpalaisrmn.fr\/blog\/wp-content\/uploads\/2023\/03\/proust1.jpg","datePublished":"2023-03-22T13:07:44+00:00","dateModified":"2024-04-16T07:44:03+00:00","description":"Les \u00e9ditions ont rencontr\u00e9 l\u2019ic\u00f4ne du cin\u00e9ma pour \u00e9changer avec elle au sujet de Marcel Proust et de la publication La Villa du Temps retrouv\u00e9.","breadcrumb":{"@id":"https:\/\/editions.grandpalaisrmn.fr\/blog\/la-villa-du-temps-francoise-fabian\/#breadcrumb"},"inLanguage":"fr-FR","potentialAction":[{"@type":"ReadAction","target":["https:\/\/editions.grandpalaisrmn.fr\/blog\/la-villa-du-temps-francoise-fabian\/"]}]},{"@type":"ImageObject","inLanguage":"fr-FR","@id":"https:\/\/editions.grandpalaisrmn.fr\/blog\/la-villa-du-temps-francoise-fabian\/#primaryimage","url":"https:\/\/editions.grandpalaisrmn.fr\/blog\/wp-content\/uploads\/2023\/03\/proust1.jpg","contentUrl":"https:\/\/editions.grandpalaisrmn.fr\/blog\/wp-content\/uploads\/2023\/03\/proust1.jpg","width":1024,"height":1024,"caption":"Fran\u00e7oise Fabian et la publication La Villa du Temps retrouv\u00e9 (\u00e9ditions de la Rmn-GP)"},{"@type":"BreadcrumbList","@id":"https:\/\/editions.grandpalaisrmn.fr\/blog\/la-villa-du-temps-francoise-fabian\/#breadcrumb","itemListElement":[{"@type":"ListItem","position":1,"name":"Accueil","item":"https:\/\/editions.grandpalaisrmn.fr\/blog\/"},{"@type":"ListItem","position":2,"name":"La Villa du Temps retrouv\u00e9 invite Fran\u00e7oise Fabian dans l\u2019univers proustien"}]},{"@type":"WebSite","@id":"https:\/\/editions.grandpalaisrmn.fr\/blog\/#website","url":"https:\/\/editions.grandpalaisrmn.fr\/blog\/","name":"Actualit\u00e9s de GrandPalaisRmn\u00c9ditions","description":"","publisher":{"@id":"https:\/\/editions.grandpalaisrmn.fr\/blog\/#organization"},"potentialAction":[{"@type":"SearchAction","target":{"@type":"EntryPoint","urlTemplate":"https:\/\/editions.grandpalaisrmn.fr\/blog\/?s={search_term_string}"},"query-input":"required name=search_term_string"}],"inLanguage":"fr-FR"},{"@type":"Organization","@id":"https:\/\/editions.grandpalaisrmn.fr\/blog\/#organization","name":"Les \u00e9ditions de la Rmn-GP","url":"https:\/\/editions.grandpalaisrmn.fr\/blog\/","logo":{"@type":"ImageObject","inLanguage":"fr-FR","@id":"https:\/\/editions.grandpalaisrmn.fr\/blog\/#\/schema\/logo\/image\/","url":"https:\/\/editions.grandpalaisrmn.fr\/blog\/wp-content\/uploads\/2022\/06\/RMN-GP_logoNoir.png","contentUrl":"https:\/\/editions.grandpalaisrmn.fr\/blog\/wp-content\/uploads\/2022\/06\/RMN-GP_logoNoir.png","width":787,"height":788,"caption":"Les \u00e9ditions de la Rmn-GP"},"image":{"@id":"https:\/\/editions.grandpalaisrmn.fr\/blog\/#\/schema\/logo\/image\/"},"sameAs":["https:\/\/www.facebook.com\/EditionsRmnGP\/","https:\/\/www.pinterest.fr\/editionsRmnGP","https:\/\/www.instagram.com\/les_editions_de_la_rmngp\/"]},{"@type":"Person","@id":"https:\/\/editions.grandpalaisrmn.fr\/blog\/#\/schema\/person\/df4f655e9df6cfe1d48590c891fe6b82","name":"admin","image":{"@type":"ImageObject","inLanguage":"fr-FR","@id":"https:\/\/editions.grandpalaisrmn.fr\/blog\/#\/schema\/person\/image\/","url":"https:\/\/secure.gravatar.com\/avatar\/2beb26b736c247331cd5f9cb1f595938?s=96&d=mm&r=g","contentUrl":"https:\/\/secure.gravatar.com\/avatar\/2beb26b736c247331cd5f9cb1f595938?s=96&d=mm&r=g","caption":"admin"},"sameAs":["https:\/\/ppeditions.labrmngp.fr\/blog"],"url":"https:\/\/editions.grandpalaisrmn.fr\/blog\/author\/blog-admin_editions\/"}]}},"_links":{"self":[{"href":"https:\/\/editions.grandpalaisrmn.fr\/blog\/wp-json\/wp\/v2\/posts\/784"}],"collection":[{"href":"https:\/\/editions.grandpalaisrmn.fr\/blog\/wp-json\/wp\/v2\/posts"}],"about":[{"href":"https:\/\/editions.grandpalaisrmn.fr\/blog\/wp-json\/wp\/v2\/types\/post"}],"author":[{"embeddable":true,"href":"https:\/\/editions.grandpalaisrmn.fr\/blog\/wp-json\/wp\/v2\/users\/1"}],"replies":[{"embeddable":true,"href":"https:\/\/editions.grandpalaisrmn.fr\/blog\/wp-json\/wp\/v2\/comments?post=784"}],"version-history":[{"count":21,"href":"https:\/\/editions.grandpalaisrmn.fr\/blog\/wp-json\/wp\/v2\/posts\/784\/revisions"}],"predecessor-version":[{"id":1554,"href":"https:\/\/editions.grandpalaisrmn.fr\/blog\/wp-json\/wp\/v2\/posts\/784\/revisions\/1554"}],"wp:attachment":[{"href":"https:\/\/editions.grandpalaisrmn.fr\/blog\/wp-json\/wp\/v2\/media?parent=784"}],"wp:term":[{"taxonomy":"category","embeddable":true,"href":"https:\/\/editions.grandpalaisrmn.fr\/blog\/wp-json\/wp\/v2\/categories?post=784"},{"taxonomy":"post_tag","embeddable":true,"href":"https:\/\/editions.grandpalaisrmn.fr\/blog\/wp-json\/wp\/v2\/tags?post=784"}],"curies":[{"name":"wp","href":"https:\/\/api.w.org\/{rel}","templated":true}]}}