{"id":818,"date":"2023-03-31T09:36:08","date_gmt":"2023-03-31T09:36:08","guid":{"rendered":"https:\/\/editions.grandpalaisrmn.fr\/blog\/?p=818"},"modified":"2024-04-16T07:42:50","modified_gmt":"2024-04-16T07:42:50","slug":"photogravure-catalogue-leon-monet","status":"publish","type":"post","link":"https:\/\/editions.grandpalaisrmn.fr\/blog\/photogravure-catalogue-leon-monet\/","title":{"rendered":"Nos \u00e9ditions hissent les couleurs de l\u2019exposition \u00ab&nbsp;L\u00e9on Monet \u00bb pour le mus\u00e9e du Luxembourg"},"content":{"rendered":"<p class=\"Chapeau_Article\">Tandis que Claude Monet composait des paysages et des portraits en juxtaposant les couleurs, son fr\u00e8re, collectionneur et chimiste, les fabriquait et commercialisait des teintures synth\u00e9tiques. Le mus\u00e9e du Luxembourg consacre une exposition in\u00e9dite \u00e0 \u00ab\u00a0L\u00e9on Monet, fr\u00e8re de l\u2019artiste et collectionneur\u00a0\u00bb, dont le c\u0153ur est le th\u00e8me de la couleur, sujet cher \u00e0 notre maison d\u2019\u00e9dition, qui s\u2019est vu confier la r\u00e9alisation du <a href=\"https:\/\/editions.grandpalaisrmn.fr\/fr\/editions\/EC407965\">catalogue<\/a>, du carnet et du <a href=\"https:\/\/editions.grandpalaisrmn.fr\/fr\/editions\/EA407960\">journal d\u2019exposition<\/a>.<br \/>\nL\u2019<a href=\"https:\/\/editions.grandpalaisrmn.fr\/fr\/editions\/savoir-faire-de-fabrication\">\u00e9quipe de fabrication<\/a> revient sur les coulisses du traitement des images et de la chromie appliqu\u00e9 au catalogue.<\/p>\n<figure id=\"attachment_848\" aria-describedby=\"caption-attachment-848\" style=\"width: 1024px\" class=\"wp-caption aligncenter\"><img loading=\"lazy\" decoding=\"async\" class=\"size-full wp-image-848\" src=\"https:\/\/editions.grandpalaisrmn.fr\/blog\/wp-content\/uploads\/2023\/03\/Fotimprim.jpg\" alt=\"Gilles B\u00e2ton, Fotimprim. Traitement de l\u2019image de couverture du catalogue L\u00e9on Monet \u00a9 Les \u00e9ditions de la Rmn-GP\" width=\"1024\" height=\"819\" srcset=\"https:\/\/editions.grandpalaisrmn.fr\/blog\/wp-content\/uploads\/2023\/03\/Fotimprim.jpg 1024w, https:\/\/editions.grandpalaisrmn.fr\/blog\/wp-content\/uploads\/2023\/03\/Fotimprim-300x240.jpg 300w, https:\/\/editions.grandpalaisrmn.fr\/blog\/wp-content\/uploads\/2023\/03\/Fotimprim-768x614.jpg 768w\" sizes=\"(max-width: 1024px) 100vw, 1024px\" \/><figcaption id=\"caption-attachment-848\" class=\"wp-caption-text\">Gilles B\u00e2ton, Fotimprim. Traitement de l\u2019image de couverture du catalogue <i>L\u00e9on Monet<\/i> \u00a9 GrandPalaisRmn\u00c9ditions<\/figcaption><\/figure>\n<p><strong>Une image <em>\u00ab\u00a0vivante\u00a0\u00bb<\/em><\/strong><br \/>\nUn catalogue d\u2019exposition, \u00e0 la fois livre didactique et livre-objet, est \u00e0 la fronti\u00e8re de l\u2019objet d\u2019art graphique. Il est source d\u2019inspiration et d\u2019\u00e9motions. \u00ab\u00a0Mon attention \u00e0 la qualit\u00e9 chromatique et \u00e0 la conformit\u00e9 des couleurs dans les photos d\u2019\u0153uvres d\u2019art est constante. Les images sont travaill\u00e9es au pr\u00e9alable, sans bien s\u00fbr \u00eatre modifi\u00e9es, pour les rendre dynamiques et vivantes\u00a0\u00bb explique Hugues Charreyron, responsable de fabrication du catalogue <em>L\u00e9on Monet<\/em>. Il a confi\u00e9 la photogravure \u00e0 Gilles B\u00e2ton, de l\u2019<a href=\"http:\/\/www.fotimprim.com\">agence Fotimprim<\/a> qui pr\u00e9cise qu\u2019il \u00ab\u00a0n\u2019existe pas de banque d\u2019images o\u00f9 les images source seraient \u00e0 l\u2019identique des \u0153uvres. \u00c0 chaque tableau, il faut recommencer et corriger les fichiers selon les \u00e9clairages. Pour la publication <em>L\u00e9on Mone<\/em>t<em>,<\/em> les \u00e9preuves \u00e9taient soumises \u00e0 l\u2019expertise de la commissaire d\u2019exposition, G\u00e9raldine Lefebvre, docteure en histoire de l\u2019art et sp\u00e9cialiste du <span class=\"pcap\">xix<\/span><sup>e\u00a0<\/sup>si\u00e8cle. Normalement, le photographe professionnel restitue une image probante, mais il est difficile de faire un shooting optimis\u00e9 quand les conditions pour une bonne lumi\u00e8re ne sont pas r\u00e9unies. Je pars d\u2019un fichier source\u00a0RVB (rouge vert bleu) et le convertis en\u00a0CMJN (cyan magenta jaune noir) pour l\u2019impression. Notre mission est de corriger les images, d\u2019apporter du contraste, de d\u00e9boucher les noirs si besoin, d\u2019apposer ou de supprimer une dominante chaleureuse, d\u2019augmenter la nettet\u00e9, d\u2019homog\u00e9n\u00e9iser les images ou encore d\u2019harmoniser les fonds, tout cela en tenant compte de la qualit\u00e9 du papier choisi, qui absorbe plus ou moins les encres. Pour le catalogue, nous avons travaill\u00e9 en amont la photogravure sur quelques images pour les harmoniser et les dynamiser. Puis, une fois un r\u00e9sultat satisfaisant atteint, les corrections demand\u00e9es par Hugues et par la commissaire ont \u00e9t\u00e9 effectu\u00e9es, jusqu\u2019\u00e0 l\u2019envoi du PDF final chez l\u2019imprimeur.\u00a0\u00bb<\/p>\n<figure id=\"attachment_849\" aria-describedby=\"caption-attachment-849\" style=\"width: 900px\" class=\"wp-caption aligncenter\"><img loading=\"lazy\" decoding=\"async\" class=\"size-full wp-image-849\" src=\"https:\/\/editions.grandpalaisrmn.fr\/blog\/wp-content\/uploads\/2023\/03\/Traitement-de-l-image.jpg\" alt=\"Traitement de l\u2019image du catalogue L\u00e9on Monet dans les bureaux de Fotimprim\" width=\"900\" height=\"720\" srcset=\"https:\/\/editions.grandpalaisrmn.fr\/blog\/wp-content\/uploads\/2023\/03\/Traitement-de-l-image.jpg 900w, https:\/\/editions.grandpalaisrmn.fr\/blog\/wp-content\/uploads\/2023\/03\/Traitement-de-l-image-300x240.jpg 300w, https:\/\/editions.grandpalaisrmn.fr\/blog\/wp-content\/uploads\/2023\/03\/Traitement-de-l-image-768x614.jpg 768w\" sizes=\"(max-width: 900px) 100vw, 900px\" \/><figcaption id=\"caption-attachment-849\" class=\"wp-caption-text\">Traitement de l\u2019image du catalogue L\u00e9on Monet dans les bureaux de Fotimprim \u00a9 GrandPalaisRmn\u00c9ditions<br \/>(Berthe Morisot, Sur la plage des Petites-Dalles, F\u00e9camp, Richmond, Virginia Museum of Fine Arts)<\/figcaption><\/figure>\n<p><strong>\u00ab\u00a0La couleur que l\u2019on per\u00e7oit d\u00e9pend de la lumi\u00e8re, et de la mati\u00e8re sur laquelle elle joue\u00a0\u00bb<\/strong><br \/>\nPour certains tableaux, en particulier issus de collections priv\u00e9es, les fichiers num\u00e9riques manquaient ou n\u2019\u00e9taient pas suffisamment qualitatifs.<br \/>\n<a href=\"https:\/\/art-repro.simdif.com\/\">Fran\u00e7ois Doury<\/a>, photographe ind\u00e9pendant, collabore r\u00e9guli\u00e8rement avec nos \u00e9ditions. Il se souvient : \u00ab GrandPalaisRmn\u00c9ditions ont une cha\u00eene graphique tr\u00e8s qualitative. Il m\u2019a \u00e9t\u00e9 demand\u00e9, pour une \u0153uvre de la collection L\u00e9on Monet, de me rendre du c\u00f4t\u00e9 de Rouen chez un particulier dont je tairai le nom par d\u00e9ontologie. La prise de vue d\u2019\u0153uvres d\u2019art est une discipline tr\u00e8s rigoureuse de la photographie, car il faut reproduire les \u0153uvres fid\u00e8lement, avec leur valeur et leur rendu de mati\u00e8re. La couleur que l\u2019on per\u00e7oit d\u00e9pend, de fait, de la lumi\u00e8re et de la mati\u00e8re sur laquelle elle joue. J\u2019ai toujours une petite appr\u00e9hension en arrivant sur un lieu o\u00f9 je dois prendre une photo. Chez les particuliers, il n\u2019est pas toujours possible de d\u00e9crocher un cadre du mur et de le mettre \u00e0 l\u2019abri d\u2019une lumi\u00e8re du jour g\u00eanante. Les collectionneurs sont parfois \u00e9tonn\u00e9s quand je dirige une lumi\u00e8re neutre sur leur tableau. Ils d\u00e9couvrent des d\u00e9tails et les r\u00e9actions de certains pigments \u00e0 la lumi\u00e8re. C\u2019est en cela que mon travail est int\u00e9ressant : il demande de s\u2019adapter \u00e0 toutes sortes de difficult\u00e9s, sans compter l\u2019int\u00e9r\u00eat d\u2019avoir un acc\u00e8s privil\u00e9gi\u00e9 \u00e0 un bon nombres d\u2019\u0153uvres jusqu\u2019ici inconnues ou presque du public. \u00bb<\/p>\n<figure id=\"attachment_851\" aria-describedby=\"caption-attachment-851\" style=\"width: 900px\" class=\"wp-caption aligncenter\"><img loading=\"lazy\" decoding=\"async\" class=\"size-full wp-image-851\" src=\"https:\/\/editions.grandpalaisrmn.fr\/blog\/wp-content\/uploads\/2023\/03\/catalogue-Leon-Monet-page-interieur1.jpg\" alt=\"Page int\u00e9rieure du catalogue L\u00e9on Monet\" width=\"900\" height=\"725\" srcset=\"https:\/\/editions.grandpalaisrmn.fr\/blog\/wp-content\/uploads\/2023\/03\/catalogue-Leon-Monet-page-interieur1.jpg 900w, https:\/\/editions.grandpalaisrmn.fr\/blog\/wp-content\/uploads\/2023\/03\/catalogue-Leon-Monet-page-interieur1-300x242.jpg 300w, https:\/\/editions.grandpalaisrmn.fr\/blog\/wp-content\/uploads\/2023\/03\/catalogue-Leon-Monet-page-interieur1-768x619.jpg 768w\" sizes=\"(max-width: 900px) 100vw, 900px\" \/><figcaption id=\"caption-attachment-851\" class=\"wp-caption-text\">Page int\u00e9rieure du catalogue <i>L\u00e9on Monet<\/i><\/figcaption><\/figure>\n<p>Le fonds iconographique du catalogue est compos\u00e9 de photographies noir et blanc, d\u2019\u0153uvres impressionnistes, de fonds papier et aussi d\u2019estampes japonaises que les deux fr\u00e8res collectionnaient. Quand Claude Monet acqu\u00e9rait des estampes peintes avec des couleurs naturelles, L\u00e9on, lui, pr\u00e9f\u00e9rait celles compos\u00e9es avec des couleurs chimiques, qui avaient la particularit\u00e9 d\u2019\u00eatre plus intenses et plus vives. La variation de fonds et de couleurs dans la publication, induite par les diff\u00e9rentes sources d\u2019images, a n\u00e9cessit\u00e9 une attention particuli\u00e8re en photogravure pour harmoniser les tons, notamment les rouges des coupons de tissus japonais.<\/p>\n<figure id=\"attachment_852\" aria-describedby=\"caption-attachment-852\" style=\"width: 900px\" class=\"wp-caption aligncenter\"><img loading=\"lazy\" decoding=\"async\" class=\"size-full wp-image-852\" src=\"https:\/\/editions.grandpalaisrmn.fr\/blog\/wp-content\/uploads\/2023\/03\/catalogue-Leon-Monet-page-interieur2.jpg\" alt=\"Page int\u00e9rieure du catalogue L\u00e9on Monet\" width=\"900\" height=\"725\" srcset=\"https:\/\/editions.grandpalaisrmn.fr\/blog\/wp-content\/uploads\/2023\/03\/catalogue-Leon-Monet-page-interieur2.jpg 900w, https:\/\/editions.grandpalaisrmn.fr\/blog\/wp-content\/uploads\/2023\/03\/catalogue-Leon-Monet-page-interieur2-300x242.jpg 300w, https:\/\/editions.grandpalaisrmn.fr\/blog\/wp-content\/uploads\/2023\/03\/catalogue-Leon-Monet-page-interieur2-768x619.jpg 768w\" sizes=\"(max-width: 900px) 100vw, 900px\" \/><figcaption id=\"caption-attachment-852\" class=\"wp-caption-text\">Page int\u00e9rieure du catalogue <i>L\u00e9on Monet<\/i><\/figcaption><\/figure>\n<p><strong>Au fil des pages<\/strong><br \/>\nRenouant avec l\u2019essence originelle des catalogues de collections, la publication inclut le r\u00e9pertoire complet et in\u00e9dit de la collection L\u00e9on Monet. Elle apporte aussi un \u00e9clairage sur la r\u00e9volution des colorants synth\u00e9tiques, \u00e0 laquelle le chimiste a pris part en dirigeant l\u2019usine de production Geigy\u00a0&amp;\u00a0C<sup>ie<\/sup> \u00e0 Maromme, dans la r\u00e9gion de Rouen, pionni\u00e8re de l\u2019industrie textile.<br \/>\nHugues Charreyron pr\u00e9cise\u00a0: \u00ab\u00a0Pour pr\u00e9senter et vendre les couleurs qu\u2019il produisait, L\u00e9on Monet utilisait un nuancier compos\u00e9 d\u2019\u00e9chantillons de fils de coton teint\u00e9s. Il \u00e9tait important de reproduire cette bo\u00eete. Une premi\u00e8re prise de vue avait \u00e9t\u00e9 faite, mais elle avait mang\u00e9 les volumes dans un aplat de couleurs. On ne distinguait plus les fils. Pour recr\u00e9er les bobines alt\u00e9r\u00e9es, notre photograveur a reproduit des fils, les a invers\u00e9s, retouch\u00e9s, puis incrust\u00e9s dans la couleur en recr\u00e9ant de la mati\u00e8re.\u00a0\u00bb<\/p>\n<figure id=\"attachment_854\" aria-describedby=\"caption-attachment-854\" style=\"width: 567px\" class=\"wp-caption aligncenter\"><img loading=\"lazy\" decoding=\"async\" class=\"size-full wp-image-854\" src=\"https:\/\/editions.grandpalaisrmn.fr\/blog\/wp-content\/uploads\/2023\/03\/couverture-du-catalogue-Leon-Monet.jpg\" alt=\"Couverture du catalogue L\u00e9on Monet\" width=\"567\" height=\"725\" srcset=\"https:\/\/editions.grandpalaisrmn.fr\/blog\/wp-content\/uploads\/2023\/03\/couverture-du-catalogue-Leon-Monet.jpg 567w, https:\/\/editions.grandpalaisrmn.fr\/blog\/wp-content\/uploads\/2023\/03\/couverture-du-catalogue-Leon-Monet-235x300.jpg 235w\" sizes=\"(max-width: 567px) 100vw, 567px\" \/><figcaption id=\"caption-attachment-854\" class=\"wp-caption-text\">Couverture du catalogue <i>L\u00e9on Monet<\/i><\/figcaption><\/figure>\n<p>Au lecteur refermant le catalogue, la couverture offre, en guise d\u2019\u00e9pilogue, un magnifique feu d\u2019artifice de tons purs juxtapos\u00e9s. Elle illustre combien la couleur a, \u00e0 la fois, uni Claude et L\u00e9on Monet dans une complicit\u00e9 cr\u00e9ative et a \u00e9t\u00e9 la source de leur s\u00e9paration. Claude ne pardonnera pas \u00e0 son fr\u00e8re l\u2019\u00e9chec professionnel de son fils Jean, recrut\u00e9 en qualit\u00e9 d\u2019aide-chimiste \u00e0 l\u2019usine, ni son d\u00e9c\u00e8s \u00e0 la suite d\u2019une maladie respiratoire incurable qu\u2019il aurait contract\u00e9e au contact de produits chimiques.<br \/>\nLe peintre, affect\u00e9 par une cataracte dans ses derni\u00e8res ann\u00e9es, aurait-il plong\u00e9 dans les couleurs pour y noyer ses chagrins\u00a0?<\/p>\n<div class=\"CallToAction\">\n<p><a href=\"https:\/\/editions.grandpalaisrmn.fr\/fr\/editions\/par-exposition\/leon-monet-frere-de-lartiste-et-collectionneur \">D\u00e9couvrez les publications de l\u2019exposition<\/a><\/p>\n<p><a href=\"https:\/\/editions.grandpalaisrmn.fr\/fr\/editions\/par-artiste\/monetclaude\">Consultez tous nos beaux livres sur le th\u00e8me de Claude Monet <\/a><\/p>\n<\/div>\n","protected":false},"excerpt":{"rendered":"<p>Tandis que Claude Monet composait des paysages et des portraits en juxtaposant les couleurs, son fr\u00e8re, collectionneur et chimiste, les fabriquait et commercialisait des teintures synth\u00e9tiques. Le mus\u00e9e du Luxembourg consacre une exposition in\u00e9dite \u00e0 \u00ab\u00a0L\u00e9on Monet, fr\u00e8re de l\u2019artiste et collectionneur\u00a0\u00bb, dont le c\u0153ur est le th\u00e8me de la couleur, sujet cher \u00e0 notre&#8230;<\/p>\n","protected":false},"author":1,"featured_media":0,"comment_status":"open","ping_status":"closed","sticky":false,"template":"","format":"standard","meta":{"footnotes":""},"categories":[3,2],"tags":[],"class_list":["post-818","post","type-post","status-publish","format-standard","hentry","category-edition","category-fabrication"],"yoast_head":"<!-- This site is optimized with the Yoast SEO plugin v22.7 - https:\/\/yoast.com\/wordpress\/plugins\/seo\/ -->\n<title>Photogravure et traitement de l&#039;image du catalogue d&#039;exposition L\u00e9on Monet<\/title>\n<meta name=\"description\" content=\"L\u2019\u00e9quipe de fabrication des \u00e9ditions de la Rmn-GP \u00e9voque le traitement des images et de la chromie appliqu\u00e9 au catalogue d&#039;exposition L\u00e9on Monet\" \/>\n<meta name=\"robots\" content=\"index, follow, max-snippet:-1, max-image-preview:large, max-video-preview:-1\" \/>\n<link rel=\"canonical\" href=\"https:\/\/editions.grandpalaisrmn.fr\/blog\/photogravure-catalogue-leon-monet\/\" \/>\n<meta property=\"og:locale\" content=\"fr_FR\" \/>\n<meta property=\"og:type\" content=\"article\" \/>\n<meta property=\"og:title\" content=\"Nos \u00e9ditions hissent les couleurs de l\u2019exposition \u00ab\u00a0L\u00e9on Monet \u00bb pour le mus\u00e9e du Luxembourg\" \/>\n<meta property=\"og:description\" content=\"L\u2019\u00e9quipe de fabrication des \u00e9ditions de la Rmn-GP \u00e9voque le traitement des images et de la chromie appliqu\u00e9 au catalogue d&#039;exposition L\u00e9on Monet\" \/>\n<meta property=\"og:url\" content=\"https:\/\/editions.grandpalaisrmn.fr\/blog\/photogravure-catalogue-leon-monet\/\" \/>\n<meta property=\"og:site_name\" content=\"Actualit\u00e9s de GrandPalaisRmn\u00c9ditions\" \/>\n<meta property=\"article:publisher\" content=\"https:\/\/www.facebook.com\/EditionsRmnGP\/\" \/>\n<meta property=\"article:published_time\" content=\"2023-03-31T09:36:08+00:00\" \/>\n<meta property=\"article:modified_time\" content=\"2024-04-16T07:42:50+00:00\" \/>\n<meta property=\"og:image\" content=\"https:\/\/editions.grandpalaisrmn.fr\/blog\/wp-content\/uploads\/2023\/03\/Fotimprim.jpg\" \/>\n<meta name=\"author\" content=\"admin\" \/>\n<meta name=\"twitter:card\" content=\"summary_large_image\" \/>\n<meta name=\"twitter:title\" content=\"Nos \u00e9ditions hissent les couleurs de l\u2019exposition \u00ab\u00a0L\u00e9on Monet \u00bb pour le mus\u00e9e du Luxembourg\" \/>\n<meta name=\"twitter:label1\" content=\"\u00c9crit par\" \/>\n\t<meta name=\"twitter:data1\" content=\"admin\" \/>\n\t<meta name=\"twitter:label2\" content=\"Dur\u00e9e de lecture estim\u00e9e\" \/>\n\t<meta name=\"twitter:data2\" content=\"7 minutes\" \/>\n<script type=\"application\/ld+json\" class=\"yoast-schema-graph\">{\"@context\":\"https:\/\/schema.org\",\"@graph\":[{\"@type\":\"Article\",\"@id\":\"https:\/\/editions.grandpalaisrmn.fr\/blog\/photogravure-catalogue-leon-monet\/#article\",\"isPartOf\":{\"@id\":\"https:\/\/editions.grandpalaisrmn.fr\/blog\/photogravure-catalogue-leon-monet\/\"},\"author\":{\"name\":\"admin\",\"@id\":\"https:\/\/editions.grandpalaisrmn.fr\/blog\/#\/schema\/person\/df4f655e9df6cfe1d48590c891fe6b82\"},\"headline\":\"Nos \u00e9ditions hissent les couleurs de l\u2019exposition \u00ab&nbsp;L\u00e9on Monet \u00bb pour le mus\u00e9e du Luxembourg\",\"datePublished\":\"2023-03-31T09:36:08+00:00\",\"dateModified\":\"2024-04-16T07:42:50+00:00\",\"mainEntityOfPage\":{\"@id\":\"https:\/\/editions.grandpalaisrmn.fr\/blog\/photogravure-catalogue-leon-monet\/\"},\"wordCount\":1236,\"commentCount\":0,\"publisher\":{\"@id\":\"https:\/\/editions.grandpalaisrmn.fr\/blog\/#organization\"},\"image\":{\"@id\":\"https:\/\/editions.grandpalaisrmn.fr\/blog\/photogravure-catalogue-leon-monet\/#primaryimage\"},\"thumbnailUrl\":\"https:\/\/editions.grandpalaisrmn.fr\/blog\/wp-content\/uploads\/2023\/03\/Fotimprim.jpg\",\"articleSection\":[\"\u00c9dition\",\"Fabrication\"],\"inLanguage\":\"fr-FR\",\"potentialAction\":[{\"@type\":\"CommentAction\",\"name\":\"Comment\",\"target\":[\"https:\/\/editions.grandpalaisrmn.fr\/blog\/photogravure-catalogue-leon-monet\/#respond\"]}]},{\"@type\":\"WebPage\",\"@id\":\"https:\/\/editions.grandpalaisrmn.fr\/blog\/photogravure-catalogue-leon-monet\/\",\"url\":\"https:\/\/editions.grandpalaisrmn.fr\/blog\/photogravure-catalogue-leon-monet\/\",\"name\":\"Photogravure et traitement de l'image du catalogue d'exposition L\u00e9on Monet\",\"isPartOf\":{\"@id\":\"https:\/\/editions.grandpalaisrmn.fr\/blog\/#website\"},\"primaryImageOfPage\":{\"@id\":\"https:\/\/editions.grandpalaisrmn.fr\/blog\/photogravure-catalogue-leon-monet\/#primaryimage\"},\"image\":{\"@id\":\"https:\/\/editions.grandpalaisrmn.fr\/blog\/photogravure-catalogue-leon-monet\/#primaryimage\"},\"thumbnailUrl\":\"https:\/\/editions.grandpalaisrmn.fr\/blog\/wp-content\/uploads\/2023\/03\/Fotimprim.jpg\",\"datePublished\":\"2023-03-31T09:36:08+00:00\",\"dateModified\":\"2024-04-16T07:42:50+00:00\",\"description\":\"L\u2019\u00e9quipe de fabrication des \u00e9ditions de la Rmn-GP \u00e9voque le traitement des images et de la chromie appliqu\u00e9 au catalogue d'exposition L\u00e9on Monet\",\"breadcrumb\":{\"@id\":\"https:\/\/editions.grandpalaisrmn.fr\/blog\/photogravure-catalogue-leon-monet\/#breadcrumb\"},\"inLanguage\":\"fr-FR\",\"potentialAction\":[{\"@type\":\"ReadAction\",\"target\":[\"https:\/\/editions.grandpalaisrmn.fr\/blog\/photogravure-catalogue-leon-monet\/\"]}]},{\"@type\":\"ImageObject\",\"inLanguage\":\"fr-FR\",\"@id\":\"https:\/\/editions.grandpalaisrmn.fr\/blog\/photogravure-catalogue-leon-monet\/#primaryimage\",\"url\":\"https:\/\/editions.grandpalaisrmn.fr\/blog\/wp-content\/uploads\/2023\/03\/Fotimprim.jpg\",\"contentUrl\":\"https:\/\/editions.grandpalaisrmn.fr\/blog\/wp-content\/uploads\/2023\/03\/Fotimprim.jpg\",\"width\":1024,\"height\":819,\"caption\":\"Gilles B\u00e2ton, Fotimprim. Traitement de l\u2019image de couverture du catalogue L\u00e9on Monet \u00a9 Les \u00e9ditions de la Rmn-GP\"},{\"@type\":\"BreadcrumbList\",\"@id\":\"https:\/\/editions.grandpalaisrmn.fr\/blog\/photogravure-catalogue-leon-monet\/#breadcrumb\",\"itemListElement\":[{\"@type\":\"ListItem\",\"position\":1,\"name\":\"Accueil\",\"item\":\"https:\/\/editions.grandpalaisrmn.fr\/blog\/\"},{\"@type\":\"ListItem\",\"position\":2,\"name\":\"Nos \u00e9ditions hissent les couleurs de l\u2019exposition \u00ab&nbsp;L\u00e9on Monet \u00bb pour le mus\u00e9e du Luxembourg\"}]},{\"@type\":\"WebSite\",\"@id\":\"https:\/\/editions.grandpalaisrmn.fr\/blog\/#website\",\"url\":\"https:\/\/editions.grandpalaisrmn.fr\/blog\/\",\"name\":\"Actualit\u00e9s de GrandPalaisRmn\u00c9ditions\",\"description\":\"\",\"publisher\":{\"@id\":\"https:\/\/editions.grandpalaisrmn.fr\/blog\/#organization\"},\"potentialAction\":[{\"@type\":\"SearchAction\",\"target\":{\"@type\":\"EntryPoint\",\"urlTemplate\":\"https:\/\/editions.grandpalaisrmn.fr\/blog\/?s={search_term_string}\"},\"query-input\":\"required name=search_term_string\"}],\"inLanguage\":\"fr-FR\"},{\"@type\":\"Organization\",\"@id\":\"https:\/\/editions.grandpalaisrmn.fr\/blog\/#organization\",\"name\":\"Les \u00e9ditions de la Rmn-GP\",\"url\":\"https:\/\/editions.grandpalaisrmn.fr\/blog\/\",\"logo\":{\"@type\":\"ImageObject\",\"inLanguage\":\"fr-FR\",\"@id\":\"https:\/\/editions.grandpalaisrmn.fr\/blog\/#\/schema\/logo\/image\/\",\"url\":\"https:\/\/editions.grandpalaisrmn.fr\/blog\/wp-content\/uploads\/2022\/06\/RMN-GP_logoNoir.png\",\"contentUrl\":\"https:\/\/editions.grandpalaisrmn.fr\/blog\/wp-content\/uploads\/2022\/06\/RMN-GP_logoNoir.png\",\"width\":787,\"height\":788,\"caption\":\"Les \u00e9ditions de la Rmn-GP\"},\"image\":{\"@id\":\"https:\/\/editions.grandpalaisrmn.fr\/blog\/#\/schema\/logo\/image\/\"},\"sameAs\":[\"https:\/\/www.facebook.com\/EditionsRmnGP\/\",\"https:\/\/www.pinterest.fr\/editionsRmnGP\",\"https:\/\/www.instagram.com\/les_editions_de_la_rmngp\/\"]},{\"@type\":\"Person\",\"@id\":\"https:\/\/editions.grandpalaisrmn.fr\/blog\/#\/schema\/person\/df4f655e9df6cfe1d48590c891fe6b82\",\"name\":\"admin\",\"image\":{\"@type\":\"ImageObject\",\"inLanguage\":\"fr-FR\",\"@id\":\"https:\/\/editions.grandpalaisrmn.fr\/blog\/#\/schema\/person\/image\/\",\"url\":\"https:\/\/secure.gravatar.com\/avatar\/2beb26b736c247331cd5f9cb1f595938?s=96&d=mm&r=g\",\"contentUrl\":\"https:\/\/secure.gravatar.com\/avatar\/2beb26b736c247331cd5f9cb1f595938?s=96&d=mm&r=g\",\"caption\":\"admin\"},\"sameAs\":[\"https:\/\/ppeditions.labrmngp.fr\/blog\"],\"url\":\"https:\/\/editions.grandpalaisrmn.fr\/blog\/author\/blog-admin_editions\/\"}]}<\/script>\n<!-- \/ Yoast SEO plugin. -->","yoast_head_json":{"title":"Photogravure et traitement de l'image du catalogue d'exposition L\u00e9on Monet","description":"L\u2019\u00e9quipe de fabrication des \u00e9ditions de la Rmn-GP \u00e9voque le traitement des images et de la chromie appliqu\u00e9 au catalogue d'exposition L\u00e9on Monet","robots":{"index":"index","follow":"follow","max-snippet":"max-snippet:-1","max-image-preview":"max-image-preview:large","max-video-preview":"max-video-preview:-1"},"canonical":"https:\/\/editions.grandpalaisrmn.fr\/blog\/photogravure-catalogue-leon-monet\/","og_locale":"fr_FR","og_type":"article","og_title":"Nos \u00e9ditions hissent les couleurs de l\u2019exposition \u00ab\u00a0L\u00e9on Monet \u00bb pour le mus\u00e9e du Luxembourg","og_description":"L\u2019\u00e9quipe de fabrication des \u00e9ditions de la Rmn-GP \u00e9voque le traitement des images et de la chromie appliqu\u00e9 au catalogue d'exposition L\u00e9on Monet","og_url":"https:\/\/editions.grandpalaisrmn.fr\/blog\/photogravure-catalogue-leon-monet\/","og_site_name":"Actualit\u00e9s de GrandPalaisRmn\u00c9ditions","article_publisher":"https:\/\/www.facebook.com\/EditionsRmnGP\/","article_published_time":"2023-03-31T09:36:08+00:00","article_modified_time":"2024-04-16T07:42:50+00:00","og_image":[{"url":"https:\/\/editions.grandpalaisrmn.fr\/blog\/wp-content\/uploads\/2023\/03\/Fotimprim.jpg"}],"author":"admin","twitter_card":"summary_large_image","twitter_title":"Nos \u00e9ditions hissent les couleurs de l\u2019exposition \u00ab\u00a0L\u00e9on Monet \u00bb pour le mus\u00e9e du Luxembourg","twitter_misc":{"\u00c9crit par":"admin","Dur\u00e9e de lecture estim\u00e9e":"7 minutes"},"schema":{"@context":"https:\/\/schema.org","@graph":[{"@type":"Article","@id":"https:\/\/editions.grandpalaisrmn.fr\/blog\/photogravure-catalogue-leon-monet\/#article","isPartOf":{"@id":"https:\/\/editions.grandpalaisrmn.fr\/blog\/photogravure-catalogue-leon-monet\/"},"author":{"name":"admin","@id":"https:\/\/editions.grandpalaisrmn.fr\/blog\/#\/schema\/person\/df4f655e9df6cfe1d48590c891fe6b82"},"headline":"Nos \u00e9ditions hissent les couleurs de l\u2019exposition \u00ab&nbsp;L\u00e9on Monet \u00bb pour le mus\u00e9e du Luxembourg","datePublished":"2023-03-31T09:36:08+00:00","dateModified":"2024-04-16T07:42:50+00:00","mainEntityOfPage":{"@id":"https:\/\/editions.grandpalaisrmn.fr\/blog\/photogravure-catalogue-leon-monet\/"},"wordCount":1236,"commentCount":0,"publisher":{"@id":"https:\/\/editions.grandpalaisrmn.fr\/blog\/#organization"},"image":{"@id":"https:\/\/editions.grandpalaisrmn.fr\/blog\/photogravure-catalogue-leon-monet\/#primaryimage"},"thumbnailUrl":"https:\/\/editions.grandpalaisrmn.fr\/blog\/wp-content\/uploads\/2023\/03\/Fotimprim.jpg","articleSection":["\u00c9dition","Fabrication"],"inLanguage":"fr-FR","potentialAction":[{"@type":"CommentAction","name":"Comment","target":["https:\/\/editions.grandpalaisrmn.fr\/blog\/photogravure-catalogue-leon-monet\/#respond"]}]},{"@type":"WebPage","@id":"https:\/\/editions.grandpalaisrmn.fr\/blog\/photogravure-catalogue-leon-monet\/","url":"https:\/\/editions.grandpalaisrmn.fr\/blog\/photogravure-catalogue-leon-monet\/","name":"Photogravure et traitement de l'image du catalogue d'exposition L\u00e9on Monet","isPartOf":{"@id":"https:\/\/editions.grandpalaisrmn.fr\/blog\/#website"},"primaryImageOfPage":{"@id":"https:\/\/editions.grandpalaisrmn.fr\/blog\/photogravure-catalogue-leon-monet\/#primaryimage"},"image":{"@id":"https:\/\/editions.grandpalaisrmn.fr\/blog\/photogravure-catalogue-leon-monet\/#primaryimage"},"thumbnailUrl":"https:\/\/editions.grandpalaisrmn.fr\/blog\/wp-content\/uploads\/2023\/03\/Fotimprim.jpg","datePublished":"2023-03-31T09:36:08+00:00","dateModified":"2024-04-16T07:42:50+00:00","description":"L\u2019\u00e9quipe de fabrication des \u00e9ditions de la Rmn-GP \u00e9voque le traitement des images et de la chromie appliqu\u00e9 au catalogue d'exposition L\u00e9on Monet","breadcrumb":{"@id":"https:\/\/editions.grandpalaisrmn.fr\/blog\/photogravure-catalogue-leon-monet\/#breadcrumb"},"inLanguage":"fr-FR","potentialAction":[{"@type":"ReadAction","target":["https:\/\/editions.grandpalaisrmn.fr\/blog\/photogravure-catalogue-leon-monet\/"]}]},{"@type":"ImageObject","inLanguage":"fr-FR","@id":"https:\/\/editions.grandpalaisrmn.fr\/blog\/photogravure-catalogue-leon-monet\/#primaryimage","url":"https:\/\/editions.grandpalaisrmn.fr\/blog\/wp-content\/uploads\/2023\/03\/Fotimprim.jpg","contentUrl":"https:\/\/editions.grandpalaisrmn.fr\/blog\/wp-content\/uploads\/2023\/03\/Fotimprim.jpg","width":1024,"height":819,"caption":"Gilles B\u00e2ton, Fotimprim. Traitement de l\u2019image de couverture du catalogue L\u00e9on Monet \u00a9 Les \u00e9ditions de la Rmn-GP"},{"@type":"BreadcrumbList","@id":"https:\/\/editions.grandpalaisrmn.fr\/blog\/photogravure-catalogue-leon-monet\/#breadcrumb","itemListElement":[{"@type":"ListItem","position":1,"name":"Accueil","item":"https:\/\/editions.grandpalaisrmn.fr\/blog\/"},{"@type":"ListItem","position":2,"name":"Nos \u00e9ditions hissent les couleurs de l\u2019exposition \u00ab&nbsp;L\u00e9on Monet \u00bb pour le mus\u00e9e du Luxembourg"}]},{"@type":"WebSite","@id":"https:\/\/editions.grandpalaisrmn.fr\/blog\/#website","url":"https:\/\/editions.grandpalaisrmn.fr\/blog\/","name":"Actualit\u00e9s de GrandPalaisRmn\u00c9ditions","description":"","publisher":{"@id":"https:\/\/editions.grandpalaisrmn.fr\/blog\/#organization"},"potentialAction":[{"@type":"SearchAction","target":{"@type":"EntryPoint","urlTemplate":"https:\/\/editions.grandpalaisrmn.fr\/blog\/?s={search_term_string}"},"query-input":"required name=search_term_string"}],"inLanguage":"fr-FR"},{"@type":"Organization","@id":"https:\/\/editions.grandpalaisrmn.fr\/blog\/#organization","name":"Les \u00e9ditions de la Rmn-GP","url":"https:\/\/editions.grandpalaisrmn.fr\/blog\/","logo":{"@type":"ImageObject","inLanguage":"fr-FR","@id":"https:\/\/editions.grandpalaisrmn.fr\/blog\/#\/schema\/logo\/image\/","url":"https:\/\/editions.grandpalaisrmn.fr\/blog\/wp-content\/uploads\/2022\/06\/RMN-GP_logoNoir.png","contentUrl":"https:\/\/editions.grandpalaisrmn.fr\/blog\/wp-content\/uploads\/2022\/06\/RMN-GP_logoNoir.png","width":787,"height":788,"caption":"Les \u00e9ditions de la Rmn-GP"},"image":{"@id":"https:\/\/editions.grandpalaisrmn.fr\/blog\/#\/schema\/logo\/image\/"},"sameAs":["https:\/\/www.facebook.com\/EditionsRmnGP\/","https:\/\/www.pinterest.fr\/editionsRmnGP","https:\/\/www.instagram.com\/les_editions_de_la_rmngp\/"]},{"@type":"Person","@id":"https:\/\/editions.grandpalaisrmn.fr\/blog\/#\/schema\/person\/df4f655e9df6cfe1d48590c891fe6b82","name":"admin","image":{"@type":"ImageObject","inLanguage":"fr-FR","@id":"https:\/\/editions.grandpalaisrmn.fr\/blog\/#\/schema\/person\/image\/","url":"https:\/\/secure.gravatar.com\/avatar\/2beb26b736c247331cd5f9cb1f595938?s=96&d=mm&r=g","contentUrl":"https:\/\/secure.gravatar.com\/avatar\/2beb26b736c247331cd5f9cb1f595938?s=96&d=mm&r=g","caption":"admin"},"sameAs":["https:\/\/ppeditions.labrmngp.fr\/blog"],"url":"https:\/\/editions.grandpalaisrmn.fr\/blog\/author\/blog-admin_editions\/"}]}},"_links":{"self":[{"href":"https:\/\/editions.grandpalaisrmn.fr\/blog\/wp-json\/wp\/v2\/posts\/818"}],"collection":[{"href":"https:\/\/editions.grandpalaisrmn.fr\/blog\/wp-json\/wp\/v2\/posts"}],"about":[{"href":"https:\/\/editions.grandpalaisrmn.fr\/blog\/wp-json\/wp\/v2\/types\/post"}],"author":[{"embeddable":true,"href":"https:\/\/editions.grandpalaisrmn.fr\/blog\/wp-json\/wp\/v2\/users\/1"}],"replies":[{"embeddable":true,"href":"https:\/\/editions.grandpalaisrmn.fr\/blog\/wp-json\/wp\/v2\/comments?post=818"}],"version-history":[{"count":32,"href":"https:\/\/editions.grandpalaisrmn.fr\/blog\/wp-json\/wp\/v2\/posts\/818\/revisions"}],"predecessor-version":[{"id":1553,"href":"https:\/\/editions.grandpalaisrmn.fr\/blog\/wp-json\/wp\/v2\/posts\/818\/revisions\/1553"}],"wp:attachment":[{"href":"https:\/\/editions.grandpalaisrmn.fr\/blog\/wp-json\/wp\/v2\/media?parent=818"}],"wp:term":[{"taxonomy":"category","embeddable":true,"href":"https:\/\/editions.grandpalaisrmn.fr\/blog\/wp-json\/wp\/v2\/categories?post=818"},{"taxonomy":"post_tag","embeddable":true,"href":"https:\/\/editions.grandpalaisrmn.fr\/blog\/wp-json\/wp\/v2\/tags?post=818"}],"curies":[{"name":"wp","href":"https:\/\/api.w.org\/{rel}","templated":true}]}}